{"id":3976,"date":"2022-07-21T15:42:00","date_gmt":"2022-07-21T20:42:00","guid":{"rendered":"https:\/\/21panorama.com\/?p=3976"},"modified":"2022-08-01T15:55:28","modified_gmt":"2022-08-01T20:55:28","slug":"felipe-sanchez-davila-dio-inicio-a-tres-obras-importantes-para-jiquilpenses","status":"publish","type":"post","link":"https:\/\/21panorama.com\/index.php\/2022\/07\/21\/felipe-sanchez-davila-dio-inicio-a-tres-obras-importantes-para-jiquilpenses\/","title":{"rendered":"FELIPE S\u00c1NCHEZ D\u00c1VILA DIO INICIO A TRES OBRAS IMPORTANTES PARA JIQUILPENSES"},"content":{"rendered":"\n<p><\/p>\n\n\n\n<p>El Presidente Municipal, Felipe S\u00e1nchez D\u00e1vila, dio inicio a tres obras que ser\u00e1n de gran beneficio para estas comunidades jiquilpenses. Resalt\u00f3 la importancia de trabajar en equipo tanto las autoridades como la ciudadan\u00eda, esta es la mejor manera de lograr que Jiquipilco logre avanzar. De igual manera, la comunicaci\u00f3n, es imprescindible para poder ver plasmadas, las peticiones de los habitantes de este municipio.<\/p>\n\n\n\n<p>En el primer punto, se dio banderazo a la construcci\u00f3n de pavimento con concreto hidr\u00e1ulico en caminos que conducen al Centro de Atenci\u00f3n M\u00faltiple (CAM) n\u00famero 63, en Loma del Sitio. Esta obra beneficiar\u00e1 a 210 habitantes y que constar\u00e1 de 324 metros lineales por 6 metros de ancho de calzada, dando un total de 1944 metros cuadrados, as\u00ed como 140 metros lineales de tubo de concreto de 30 cms para drenaje. Tiene un tiempo de ejecuci\u00f3n estimado de dos meses.<\/p>\n\n\n\n<p>La Mtra. Jocelyn Vieyra Mat\u00edas, directora del CAM 63, expres\u00f3 su agradecimiento al Presidente Municipal; Felipe S\u00e1nchez D\u00e1vila, por atender las necesidades de esta comunidad. Esta construcci\u00f3n ser\u00e1 de gran utilidad para todos aquellos transe\u00fantes de esta v\u00eda; sin embargo, ser\u00e1n los alumnos con discapacidad y sus familias, los que ser\u00e1n los m\u00e1s beneficiados, ya que esto facilitar\u00e1 su traslado.<\/p>\n\n\n\n<p>En el segundo punto, se dio el arranque de Obra, Ampliaci\u00f3n de Red El\u00e9ctrica en Loma del Astillero. Esta red contar\u00e1 con el servicio de electrificaci\u00f3n consistente en la realizaci\u00f3n de una instalaci\u00f3n tipo a\u00e9rea en esta localidad. Se implementar\u00e1n las acciones necesarias con las estructuras, cumpliendo con las normas de CFE.<\/p>\n\n\n\n<p>En el tercer punto, tambi\u00e9n se dio inicio de obra, Electrificaci\u00f3n en la Pur\u00edsima. Esta obra beneficiar\u00e1 a aproximadamente 150 habitantes, incluir\u00e1 7 postes de concreto, una torre met\u00e1lica de 13 mts de altura, un transformador de 25 kba, un tiempo de ejecuci\u00f3n de 30 d\u00edas y un tiempo de conexi\u00f3n de dos meses.<\/p>\n","protected":false},"excerpt":{"rendered":"<p>El Presidente Municipal, Felipe S\u00e1nchez D\u00e1vila, dio inicio a tres obras que ser\u00e1n de gran beneficio para estas comunidades jiquilpenses. Resalt\u00f3 la importancia de trabajar en equipo tanto las autoridades como la ciudadan\u00eda, esta es la mejor manera de lograr que Jiquipilco logre avanzar. <\/p>\n","protected":false},"author":1,"featured_media":3977,"comment_status":"open","ping_status":"open","sticky":false,"template":"","format":"standard","meta":{"footnotes":""},"categories":[12,1],"tags":[327,257],"class_list":["post-3976","post","type-post","status-publish","format-standard","has-post-thumbnail","hentry","category-politica","category-sociedad","tag-felipe-sanchez-davila","tag-jiquipilco"],"yoast_head":"<!-- This site is optimized with the Yoast SEO plugin v24.9 - https:\/\/yoast.com\/wordpress\/plugins\/seo\/ -->\n<title>FELIPE S\u00c1NCHEZ D\u00c1VILA DIO INICIO A TRES OBRAS IMPORTANTES PARA JIQUILPENSES - 21 Panorama<\/title>\n<meta name=\"robots\" content=\"index, follow, max-snippet:-1, max-image-preview:large, max-video-preview:-1\" \/>\n<link rel=\"canonical\" href=\"https:\/\/21panorama.com\/index.php\/2022\/07\/21\/felipe-sanchez-davila-dio-inicio-a-tres-obras-importantes-para-jiquilpenses\/\" \/>\n<meta property=\"og:locale\" content=\"es_MX\" \/>\n<meta property=\"og:type\" content=\"article\" \/>\n<meta property=\"og:title\" content=\"FELIPE S\u00c1NCHEZ D\u00c1VILA DIO INICIO A TRES OBRAS IMPORTANTES PARA JIQUILPENSES - 21 Panorama\" \/>\n<meta property=\"og:description\" content=\"El Presidente Municipal, Felipe S\u00e1nchez D\u00e1vila, dio inicio a tres obras que ser\u00e1n de gran beneficio para estas comunidades jiquilpenses. Resalt\u00f3 la importancia de trabajar en equipo tanto las autoridades como la ciudadan\u00eda, esta es la mejor manera de lograr que Jiquipilco logre avanzar.\" \/>\n<meta property=\"og:url\" content=\"https:\/\/21panorama.com\/index.php\/2022\/07\/21\/felipe-sanchez-davila-dio-inicio-a-tres-obras-importantes-para-jiquilpenses\/\" \/>\n<meta property=\"og:site_name\" content=\"21 Panorama\" \/>\n<meta property=\"article:published_time\" content=\"2022-07-21T20:42:00+00:00\" \/>\n<meta property=\"article:modified_time\" content=\"2022-08-01T20:55:28+00:00\" \/>\n<meta property=\"og:image\" content=\"https:\/\/21panorama.com\/wp-content\/uploads\/2022\/08\/Jiquipilco-Gira-210722-3.jpg\" \/>\n\t<meta property=\"og:image:width\" content=\"899\" \/>\n\t<meta property=\"og:image:height\" content=\"1599\" \/>\n\t<meta property=\"og:image:type\" content=\"image\/jpeg\" \/>\n<meta name=\"author\" content=\"admin\" \/>\n<meta name=\"twitter:card\" content=\"summary_large_image\" \/>\n<meta name=\"twitter:label1\" content=\"Escrito por\" \/>\n\t<meta name=\"twitter:data1\" content=\"admin\" \/>\n\t<meta name=\"twitter:label2\" content=\"Tiempo de lectura\" \/>\n\t<meta name=\"twitter:data2\" content=\"2 minutos\" \/>\n<script type=\"application\/ld+json\" class=\"yoast-schema-graph\">{\"@context\":\"https:\/\/schema.org\",\"@graph\":[{\"@type\":\"Article\",\"@id\":\"https:\/\/21panorama.com\/index.php\/2022\/07\/21\/felipe-sanchez-davila-dio-inicio-a-tres-obras-importantes-para-jiquilpenses\/#article\",\"isPartOf\":{\"@id\":\"https:\/\/21panorama.com\/index.php\/2022\/07\/21\/felipe-sanchez-davila-dio-inicio-a-tres-obras-importantes-para-jiquilpenses\/\"},\"author\":{\"name\":\"admin\",\"@id\":\"https:\/\/21panorama.com\/#\/schema\/person\/1afc291b96d5792a158768324287319f\"},\"headline\":\"FELIPE S\u00c1NCHEZ D\u00c1VILA DIO INICIO A TRES OBRAS IMPORTANTES PARA JIQUILPENSES\",\"datePublished\":\"2022-07-21T20:42:00+00:00\",\"dateModified\":\"2022-08-01T20:55:28+00:00\",\"mainEntityOfPage\":{\"@id\":\"https:\/\/21panorama.com\/index.php\/2022\/07\/21\/felipe-sanchez-davila-dio-inicio-a-tres-obras-importantes-para-jiquilpenses\/\"},\"wordCount\":344,\"commentCount\":0,\"publisher\":{\"@id\":\"https:\/\/21panorama.com\/#organization\"},\"image\":{\"@id\":\"https:\/\/21panorama.com\/index.php\/2022\/07\/21\/felipe-sanchez-davila-dio-inicio-a-tres-obras-importantes-para-jiquilpenses\/#primaryimage\"},\"thumbnailUrl\":\"https:\/\/21panorama.com\/wp-content\/uploads\/2022\/08\/Jiquipilco-Gira-210722-3.jpg\",\"keywords\":[\"Felipe S\u00e1nchez D\u00e1vila\",\"Jiquipilco\"],\"articleSection\":[\"Politica\",\"Sociedad\"],\"inLanguage\":\"es\",\"potentialAction\":[{\"@type\":\"CommentAction\",\"name\":\"Comment\",\"target\":[\"https:\/\/21panorama.com\/index.php\/2022\/07\/21\/felipe-sanchez-davila-dio-inicio-a-tres-obras-importantes-para-jiquilpenses\/#respond\"]}]},{\"@type\":\"WebPage\",\"@id\":\"https:\/\/21panorama.com\/index.php\/2022\/07\/21\/felipe-sanchez-davila-dio-inicio-a-tres-obras-importantes-para-jiquilpenses\/\",\"url\":\"https:\/\/21panorama.com\/index.php\/2022\/07\/21\/felipe-sanchez-davila-dio-inicio-a-tres-obras-importantes-para-jiquilpenses\/\",\"name\":\"FELIPE S\u00c1NCHEZ D\u00c1VILA DIO INICIO A TRES OBRAS IMPORTANTES PARA JIQUILPENSES - 21 Panorama\",\"isPartOf\":{\"@id\":\"https:\/\/21panorama.com\/#website\"},\"primaryImageOfPage\":{\"@id\":\"https:\/\/21panorama.com\/index.php\/2022\/07\/21\/felipe-sanchez-davila-dio-inicio-a-tres-obras-importantes-para-jiquilpenses\/#primaryimage\"},\"image\":{\"@id\":\"https:\/\/21panorama.com\/index.php\/2022\/07\/21\/felipe-sanchez-davila-dio-inicio-a-tres-obras-importantes-para-jiquilpenses\/#primaryimage\"},\"thumbnailUrl\":\"https:\/\/21panorama.com\/wp-content\/uploads\/2022\/08\/Jiquipilco-Gira-210722-3.jpg\",\"datePublished\":\"2022-07-21T20:42:00+00:00\",\"dateModified\":\"2022-08-01T20:55:28+00:00\",\"breadcrumb\":{\"@id\":\"https:\/\/21panorama.com\/index.php\/2022\/07\/21\/felipe-sanchez-davila-dio-inicio-a-tres-obras-importantes-para-jiquilpenses\/#breadcrumb\"},\"inLanguage\":\"es\",\"potentialAction\":[{\"@type\":\"ReadAction\",\"target\":[\"https:\/\/21panorama.com\/index.php\/2022\/07\/21\/felipe-sanchez-davila-dio-inicio-a-tres-obras-importantes-para-jiquilpenses\/\"]}]},{\"@type\":\"ImageObject\",\"inLanguage\":\"es\",\"@id\":\"https:\/\/21panorama.com\/index.php\/2022\/07\/21\/felipe-sanchez-davila-dio-inicio-a-tres-obras-importantes-para-jiquilpenses\/#primaryimage\",\"url\":\"https:\/\/21panorama.com\/wp-content\/uploads\/2022\/08\/Jiquipilco-Gira-210722-3.jpg\",\"contentUrl\":\"https:\/\/21panorama.com\/wp-content\/uploads\/2022\/08\/Jiquipilco-Gira-210722-3.jpg\",\"width\":899,\"height\":1599},{\"@type\":\"BreadcrumbList\",\"@id\":\"https:\/\/21panorama.com\/index.php\/2022\/07\/21\/felipe-sanchez-davila-dio-inicio-a-tres-obras-importantes-para-jiquilpenses\/#breadcrumb\",\"itemListElement\":[{\"@type\":\"ListItem\",\"position\":1,\"name\":\"Inicio\",\"item\":\"https:\/\/21panorama.com\/\"},{\"@type\":\"ListItem\",\"position\":2,\"name\":\"FELIPE S\u00c1NCHEZ D\u00c1VILA DIO INICIO A TRES OBRAS IMPORTANTES PARA JIQUILPENSES\"}]},{\"@type\":\"WebSite\",\"@id\":\"https:\/\/21panorama.com\/#website\",\"url\":\"https:\/\/21panorama.com\/\",\"name\":\"21 Panorama\",\"description\":\"La construcci\u00f3n de la opini\u00f3n p\u00fablica merece un mejor Panorama en este siglo 21 para alcanzar una sociedad con mayor transparencia y sin corrupci\u00f3n.\",\"publisher\":{\"@id\":\"https:\/\/21panorama.com\/#organization\"},\"potentialAction\":[{\"@type\":\"SearchAction\",\"target\":{\"@type\":\"EntryPoint\",\"urlTemplate\":\"https:\/\/21panorama.com\/?s={search_term_string}\"},\"query-input\":{\"@type\":\"PropertyValueSpecification\",\"valueRequired\":true,\"valueName\":\"search_term_string\"}}],\"inLanguage\":\"es\"},{\"@type\":\"Organization\",\"@id\":\"https:\/\/21panorama.com\/#organization\",\"name\":\"21 Panorama\",\"url\":\"https:\/\/21panorama.com\/\",\"logo\":{\"@type\":\"ImageObject\",\"inLanguage\":\"es\",\"@id\":\"https:\/\/21panorama.com\/#\/schema\/logo\/image\/\",\"url\":\"https:\/\/21panorama.com\/wp-content\/uploads\/2019\/07\/cropped-Logo-Panorama-01.jpeg\",\"contentUrl\":\"https:\/\/21panorama.com\/wp-content\/uploads\/2019\/07\/cropped-Logo-Panorama-01.jpeg\",\"width\":290,\"height\":70,\"caption\":\"21 Panorama\"},\"image\":{\"@id\":\"https:\/\/21panorama.com\/#\/schema\/logo\/image\/\"}},{\"@type\":\"Person\",\"@id\":\"https:\/\/21panorama.com\/#\/schema\/person\/1afc291b96d5792a158768324287319f\",\"name\":\"admin\",\"image\":{\"@type\":\"ImageObject\",\"inLanguage\":\"es\",\"@id\":\"https:\/\/21panorama.com\/#\/schema\/person\/image\/\",\"url\":\"https:\/\/secure.gravatar.com\/avatar\/ad365d9d9f46719215b0d042cc3df92a5a8683e09ef13d102233e5491985f0f0?s=96&d=mm&r=g\",\"contentUrl\":\"https:\/\/secure.gravatar.com\/avatar\/ad365d9d9f46719215b0d042cc3df92a5a8683e09ef13d102233e5491985f0f0?s=96&d=mm&r=g\",\"caption\":\"admin\"},\"url\":\"https:\/\/21panorama.com\/index.php\/author\/admin\/\"}]}<\/script>\n<!-- \/ Yoast SEO plugin. -->","yoast_head_json":{"title":"FELIPE S\u00c1NCHEZ D\u00c1VILA DIO INICIO A TRES OBRAS IMPORTANTES PARA JIQUILPENSES - 21 Panorama","robots":{"index":"index","follow":"follow","max-snippet":"max-snippet:-1","max-image-preview":"max-image-preview:large","max-video-preview":"max-video-preview:-1"},"canonical":"https:\/\/21panorama.com\/index.php\/2022\/07\/21\/felipe-sanchez-davila-dio-inicio-a-tres-obras-importantes-para-jiquilpenses\/","og_locale":"es_MX","og_type":"article","og_title":"FELIPE S\u00c1NCHEZ D\u00c1VILA DIO INICIO A TRES OBRAS IMPORTANTES PARA JIQUILPENSES - 21 Panorama","og_description":"El Presidente Municipal, Felipe S\u00e1nchez D\u00e1vila, dio inicio a tres obras que ser\u00e1n de gran beneficio para estas comunidades jiquilpenses. Resalt\u00f3 la importancia de trabajar en equipo tanto las autoridades como la ciudadan\u00eda, esta es la mejor manera de lograr que Jiquipilco logre avanzar.","og_url":"https:\/\/21panorama.com\/index.php\/2022\/07\/21\/felipe-sanchez-davila-dio-inicio-a-tres-obras-importantes-para-jiquilpenses\/","og_site_name":"21 Panorama","article_published_time":"2022-07-21T20:42:00+00:00","article_modified_time":"2022-08-01T20:55:28+00:00","og_image":[{"width":899,"height":1599,"url":"https:\/\/21panorama.com\/wp-content\/uploads\/2022\/08\/Jiquipilco-Gira-210722-3.jpg","type":"image\/jpeg"}],"author":"admin","twitter_card":"summary_large_image","twitter_misc":{"Escrito por":"admin","Tiempo de lectura":"2 minutos"},"schema":{"@context":"https:\/\/schema.org","@graph":[{"@type":"Article","@id":"https:\/\/21panorama.com\/index.php\/2022\/07\/21\/felipe-sanchez-davila-dio-inicio-a-tres-obras-importantes-para-jiquilpenses\/#article","isPartOf":{"@id":"https:\/\/21panorama.com\/index.php\/2022\/07\/21\/felipe-sanchez-davila-dio-inicio-a-tres-obras-importantes-para-jiquilpenses\/"},"author":{"name":"admin","@id":"https:\/\/21panorama.com\/#\/schema\/person\/1afc291b96d5792a158768324287319f"},"headline":"FELIPE S\u00c1NCHEZ D\u00c1VILA DIO INICIO A TRES OBRAS IMPORTANTES PARA JIQUILPENSES","datePublished":"2022-07-21T20:42:00+00:00","dateModified":"2022-08-01T20:55:28+00:00","mainEntityOfPage":{"@id":"https:\/\/21panorama.com\/index.php\/2022\/07\/21\/felipe-sanchez-davila-dio-inicio-a-tres-obras-importantes-para-jiquilpenses\/"},"wordCount":344,"commentCount":0,"publisher":{"@id":"https:\/\/21panorama.com\/#organization"},"image":{"@id":"https:\/\/21panorama.com\/index.php\/2022\/07\/21\/felipe-sanchez-davila-dio-inicio-a-tres-obras-importantes-para-jiquilpenses\/#primaryimage"},"thumbnailUrl":"https:\/\/21panorama.com\/wp-content\/uploads\/2022\/08\/Jiquipilco-Gira-210722-3.jpg","keywords":["Felipe S\u00e1nchez D\u00e1vila","Jiquipilco"],"articleSection":["Politica","Sociedad"],"inLanguage":"es","potentialAction":[{"@type":"CommentAction","name":"Comment","target":["https:\/\/21panorama.com\/index.php\/2022\/07\/21\/felipe-sanchez-davila-dio-inicio-a-tres-obras-importantes-para-jiquilpenses\/#respond"]}]},{"@type":"WebPage","@id":"https:\/\/21panorama.com\/index.php\/2022\/07\/21\/felipe-sanchez-davila-dio-inicio-a-tres-obras-importantes-para-jiquilpenses\/","url":"https:\/\/21panorama.com\/index.php\/2022\/07\/21\/felipe-sanchez-davila-dio-inicio-a-tres-obras-importantes-para-jiquilpenses\/","name":"FELIPE S\u00c1NCHEZ D\u00c1VILA DIO INICIO A TRES OBRAS IMPORTANTES PARA JIQUILPENSES - 21 Panorama","isPartOf":{"@id":"https:\/\/21panorama.com\/#website"},"primaryImageOfPage":{"@id":"https:\/\/21panorama.com\/index.php\/2022\/07\/21\/felipe-sanchez-davila-dio-inicio-a-tres-obras-importantes-para-jiquilpenses\/#primaryimage"},"image":{"@id":"https:\/\/21panorama.com\/index.php\/2022\/07\/21\/felipe-sanchez-davila-dio-inicio-a-tres-obras-importantes-para-jiquilpenses\/#primaryimage"},"thumbnailUrl":"https:\/\/21panorama.com\/wp-content\/uploads\/2022\/08\/Jiquipilco-Gira-210722-3.jpg","datePublished":"2022-07-21T20:42:00+00:00","dateModified":"2022-08-01T20:55:28+00:00","breadcrumb":{"@id":"https:\/\/21panorama.com\/index.php\/2022\/07\/21\/felipe-sanchez-davila-dio-inicio-a-tres-obras-importantes-para-jiquilpenses\/#breadcrumb"},"inLanguage":"es","potentialAction":[{"@type":"ReadAction","target":["https:\/\/21panorama.com\/index.php\/2022\/07\/21\/felipe-sanchez-davila-dio-inicio-a-tres-obras-importantes-para-jiquilpenses\/"]}]},{"@type":"ImageObject","inLanguage":"es","@id":"https:\/\/21panorama.com\/index.php\/2022\/07\/21\/felipe-sanchez-davila-dio-inicio-a-tres-obras-importantes-para-jiquilpenses\/#primaryimage","url":"https:\/\/21panorama.com\/wp-content\/uploads\/2022\/08\/Jiquipilco-Gira-210722-3.jpg","contentUrl":"https:\/\/21panorama.com\/wp-content\/uploads\/2022\/08\/Jiquipilco-Gira-210722-3.jpg","width":899,"height":1599},{"@type":"BreadcrumbList","@id":"https:\/\/21panorama.com\/index.php\/2022\/07\/21\/felipe-sanchez-davila-dio-inicio-a-tres-obras-importantes-para-jiquilpenses\/#breadcrumb","itemListElement":[{"@type":"ListItem","position":1,"name":"Inicio","item":"https:\/\/21panorama.com\/"},{"@type":"ListItem","position":2,"name":"FELIPE S\u00c1NCHEZ D\u00c1VILA DIO INICIO A TRES OBRAS IMPORTANTES PARA JIQUILPENSES"}]},{"@type":"WebSite","@id":"https:\/\/21panorama.com\/#website","url":"https:\/\/21panorama.com\/","name":"21 Panorama","description":"La construcci\u00f3n de la opini\u00f3n p\u00fablica merece un mejor Panorama en este siglo 21 para alcanzar una sociedad con mayor transparencia y sin corrupci\u00f3n.","publisher":{"@id":"https:\/\/21panorama.com\/#organization"},"potentialAction":[{"@type":"SearchAction","target":{"@type":"EntryPoint","urlTemplate":"https:\/\/21panorama.com\/?s={search_term_string}"},"query-input":{"@type":"PropertyValueSpecification","valueRequired":true,"valueName":"search_term_string"}}],"inLanguage":"es"},{"@type":"Organization","@id":"https:\/\/21panorama.com\/#organization","name":"21 Panorama","url":"https:\/\/21panorama.com\/","logo":{"@type":"ImageObject","inLanguage":"es","@id":"https:\/\/21panorama.com\/#\/schema\/logo\/image\/","url":"https:\/\/21panorama.com\/wp-content\/uploads\/2019\/07\/cropped-Logo-Panorama-01.jpeg","contentUrl":"https:\/\/21panorama.com\/wp-content\/uploads\/2019\/07\/cropped-Logo-Panorama-01.jpeg","width":290,"height":70,"caption":"21 Panorama"},"image":{"@id":"https:\/\/21panorama.com\/#\/schema\/logo\/image\/"}},{"@type":"Person","@id":"https:\/\/21panorama.com\/#\/schema\/person\/1afc291b96d5792a158768324287319f","name":"admin","image":{"@type":"ImageObject","inLanguage":"es","@id":"https:\/\/21panorama.com\/#\/schema\/person\/image\/","url":"https:\/\/secure.gravatar.com\/avatar\/ad365d9d9f46719215b0d042cc3df92a5a8683e09ef13d102233e5491985f0f0?s=96&d=mm&r=g","contentUrl":"https:\/\/secure.gravatar.com\/avatar\/ad365d9d9f46719215b0d042cc3df92a5a8683e09ef13d102233e5491985f0f0?s=96&d=mm&r=g","caption":"admin"},"url":"https:\/\/21panorama.com\/index.php\/author\/admin\/"}]}},"_links":{"self":[{"href":"https:\/\/21panorama.com\/index.php\/wp-json\/wp\/v2\/posts\/3976","targetHints":{"allow":["GET"]}}],"collection":[{"href":"https:\/\/21panorama.com\/index.php\/wp-json\/wp\/v2\/posts"}],"about":[{"href":"https:\/\/21panorama.com\/index.php\/wp-json\/wp\/v2\/types\/post"}],"author":[{"embeddable":true,"href":"https:\/\/21panorama.com\/index.php\/wp-json\/wp\/v2\/users\/1"}],"replies":[{"embeddable":true,"href":"https:\/\/21panorama.com\/index.php\/wp-json\/wp\/v2\/comments?post=3976"}],"version-history":[{"count":1,"href":"https:\/\/21panorama.com\/index.php\/wp-json\/wp\/v2\/posts\/3976\/revisions"}],"predecessor-version":[{"id":3978,"href":"https:\/\/21panorama.com\/index.php\/wp-json\/wp\/v2\/posts\/3976\/revisions\/3978"}],"wp:featuredmedia":[{"embeddable":true,"href":"https:\/\/21panorama.com\/index.php\/wp-json\/wp\/v2\/media\/3977"}],"wp:attachment":[{"href":"https:\/\/21panorama.com\/index.php\/wp-json\/wp\/v2\/media?parent=3976"}],"wp:term":[{"taxonomy":"category","embeddable":true,"href":"https:\/\/21panorama.com\/index.php\/wp-json\/wp\/v2\/categories?post=3976"},{"taxonomy":"post_tag","embeddable":true,"href":"https:\/\/21panorama.com\/index.php\/wp-json\/wp\/v2\/tags?post=3976"}],"curies":[{"name":"wp","href":"https:\/\/api.w.org\/{rel}","templated":true}]}}