{"id":3973,"date":"2022-07-31T19:54:10","date_gmt":"2022-08-01T00:54:10","guid":{"rendered":"https:\/\/21panorama.com\/?p=3973"},"modified":"2022-07-31T19:54:15","modified_gmt":"2022-08-01T00:54:15","slug":"vamos-por-recuperar-la-dignidad-del-pais-eric-sevilla","status":"publish","type":"post","link":"https:\/\/21panorama.com\/index.php\/2022\/07\/31\/vamos-por-recuperar-la-dignidad-del-pais-eric-sevilla\/","title":{"rendered":"VAMOS POR RECUPERAR LA DIGNIDAD DEL PA\u00cdS: ERIC SEVILLA"},"content":{"rendered":"\n<p><\/p>\n\n\n\n<p>\u2022 Entraremos a una campa\u00f1a por la gubernatura y un proyecto de naci\u00f3n, sostuvo el dirigente estatal pri\u00edsta.\u00a0\u00a0<\/p>\n\n\n\n<p>El Partido Revolucionario Institucional (PRI) del Estado de M\u00e9xico se encuentra en un trabajo permanente para recuperar la dignidad del pa\u00eds y su militancia est\u00e1 lista para refrendar el triunfo en el 2023 con el fin de darle rumbo a la naci\u00f3n en el 2024, afirm\u00f3 su dirigente Eric Sevilla.&nbsp;<\/p>\n\n\n\n<p>Luego de reunirse con la organizaci\u00f3n Alianza por el Sur, el presidente del Comit\u00e9 Directivo Estatal (CDE) del PRI dej\u00f3 en claro que la campa\u00f1a del pr\u00f3ximo a\u00f1o no convoca, \u00fanicamente, a renovar al Ejecutivo Estatal sino de pelear en las urnas por un mejor destino de la patria.&nbsp;<\/p>\n\n\n\n<p>En Tejupilco dijo estar convencido del enorme potencial de la regi\u00f3n sur del Estado de M\u00e9xico y, asimismo, convoc\u00f3 a todos los actores pol\u00edticos a sumar esfuerzos porque \u201centraremos a terrenos dif\u00edciles y adversos que solo se superan con esfuerzo, compromiso y trabajo por el bien de todos\u201d.&nbsp;&nbsp;<\/p>\n\n\n\n<p>\u201cLa campa\u00f1a que vendr\u00e1 no trata solo de una gubernatura, sino que estaremos peleando por toda la naci\u00f3n y por el futuro de nuestras familias que no merecen un pa\u00eds que va camino a la dictadura; vamos a luchar contra el aparato nacional pero aun as\u00ed el PRI le pondr\u00e1 un alto a los de cuarta\u201d, dijo. &nbsp;<\/p>\n\n\n\n<p>\u201cEst\u00e1 ser\u00e1 una campa\u00f1a por recuperar la dignidad del pa\u00eds y construir un proyecto de naci\u00f3n\u201d, sentenci\u00f3 ante los expresidentes municipales de Tejupilco, Lino Garcia Gama y de Luvianos, Alfredo Jaimes Ben\u00edtez, as\u00ed como del alcalde de Tlatlaya, Cris\u00f3foro Hern\u00e1ndez Mena.&nbsp;<\/p>\n\n\n\n<p>El partido tiene enormes condiciones para competir y lo vamos a desplegar en cada rinc\u00f3n \u201cvisitando a la gente de cada municipio para ganar con trabajo y compromisos que, si se puedan sustentar\u201d, dijo.&nbsp;<\/p>\n\n\n\n<p>Eric Sevilla asegur\u00f3 que el PRI no permitir\u00e1 una operaci\u00f3n de Estado en el proceso electoral del 2023 \u201caqu\u00ed les vamos a poner un alto a la autocracia\u201d.<\/p>\n","protected":false},"excerpt":{"rendered":"<p>El Partido Revolucionario Institucional (PRI) del Estado de M\u00e9xico se encuentra en un trabajo permanente para recuperar la dignidad del pa\u00eds y su militancia est\u00e1 lista para refrendar el triunfo en el 2023 con el fin de darle rumbo a la naci\u00f3n en el 2024, afirm\u00f3 su dirigente Eric Sevilla.\u00a0<\/p>\n","protected":false},"author":1,"featured_media":3974,"comment_status":"open","ping_status":"open","sticky":false,"template":"","format":"standard","meta":{"footnotes":""},"categories":[12,1],"tags":[310,33,237],"class_list":["post-3973","post","type-post","status-publish","format-standard","has-post-thumbnail","hentry","category-politica","category-sociedad","tag-eric-sevilla","tag-pri","tag-tejupilco"],"yoast_head":"<!-- This site is optimized with the Yoast SEO plugin v24.9 - https:\/\/yoast.com\/wordpress\/plugins\/seo\/ -->\n<title>VAMOS POR RECUPERAR LA DIGNIDAD DEL PA\u00cdS: ERIC SEVILLA - 21 Panorama<\/title>\n<meta name=\"robots\" content=\"index, follow, max-snippet:-1, max-image-preview:large, max-video-preview:-1\" \/>\n<link rel=\"canonical\" href=\"https:\/\/21panorama.com\/index.php\/2022\/07\/31\/vamos-por-recuperar-la-dignidad-del-pais-eric-sevilla\/\" \/>\n<meta property=\"og:locale\" content=\"es_MX\" \/>\n<meta property=\"og:type\" content=\"article\" \/>\n<meta property=\"og:title\" content=\"VAMOS POR RECUPERAR LA DIGNIDAD DEL PA\u00cdS: ERIC SEVILLA - 21 Panorama\" \/>\n<meta property=\"og:description\" content=\"El Partido Revolucionario Institucional (PRI) del Estado de M\u00e9xico se encuentra en un trabajo permanente para recuperar la dignidad del pa\u00eds y su militancia est\u00e1 lista para refrendar el triunfo en el 2023 con el fin de darle rumbo a la naci\u00f3n en el 2024, afirm\u00f3 su dirigente Eric Sevilla.\u00a0\" \/>\n<meta property=\"og:url\" content=\"https:\/\/21panorama.com\/index.php\/2022\/07\/31\/vamos-por-recuperar-la-dignidad-del-pais-eric-sevilla\/\" \/>\n<meta property=\"og:site_name\" content=\"21 Panorama\" \/>\n<meta property=\"article:published_time\" content=\"2022-08-01T00:54:10+00:00\" \/>\n<meta property=\"article:modified_time\" content=\"2022-08-01T00:54:15+00:00\" \/>\n<meta property=\"og:image\" content=\"https:\/\/21panorama.com\/wp-content\/uploads\/2022\/07\/Eric-Sevilla-310722-3.jpg\" \/>\n\t<meta property=\"og:image:width\" content=\"1368\" \/>\n\t<meta property=\"og:image:height\" content=\"912\" \/>\n\t<meta property=\"og:image:type\" content=\"image\/jpeg\" \/>\n<meta name=\"author\" content=\"admin\" \/>\n<meta name=\"twitter:card\" content=\"summary_large_image\" \/>\n<meta name=\"twitter:label1\" content=\"Escrito por\" \/>\n\t<meta name=\"twitter:data1\" content=\"admin\" \/>\n\t<meta name=\"twitter:label2\" content=\"Tiempo de lectura\" \/>\n\t<meta name=\"twitter:data2\" content=\"2 minutos\" \/>\n<script type=\"application\/ld+json\" class=\"yoast-schema-graph\">{\"@context\":\"https:\/\/schema.org\",\"@graph\":[{\"@type\":\"Article\",\"@id\":\"https:\/\/21panorama.com\/index.php\/2022\/07\/31\/vamos-por-recuperar-la-dignidad-del-pais-eric-sevilla\/#article\",\"isPartOf\":{\"@id\":\"https:\/\/21panorama.com\/index.php\/2022\/07\/31\/vamos-por-recuperar-la-dignidad-del-pais-eric-sevilla\/\"},\"author\":{\"name\":\"admin\",\"@id\":\"https:\/\/21panorama.com\/#\/schema\/person\/1afc291b96d5792a158768324287319f\"},\"headline\":\"VAMOS POR RECUPERAR LA DIGNIDAD DEL PA\u00cdS: ERIC SEVILLA\",\"datePublished\":\"2022-08-01T00:54:10+00:00\",\"dateModified\":\"2022-08-01T00:54:15+00:00\",\"mainEntityOfPage\":{\"@id\":\"https:\/\/21panorama.com\/index.php\/2022\/07\/31\/vamos-por-recuperar-la-dignidad-del-pais-eric-sevilla\/\"},\"wordCount\":363,\"commentCount\":0,\"publisher\":{\"@id\":\"https:\/\/21panorama.com\/#organization\"},\"image\":{\"@id\":\"https:\/\/21panorama.com\/index.php\/2022\/07\/31\/vamos-por-recuperar-la-dignidad-del-pais-eric-sevilla\/#primaryimage\"},\"thumbnailUrl\":\"https:\/\/21panorama.com\/wp-content\/uploads\/2022\/07\/Eric-Sevilla-310722-3.jpg\",\"keywords\":[\"ERIC SEVILLA\",\"PRI\",\"TEJUPILCO\"],\"articleSection\":[\"Politica\",\"Sociedad\"],\"inLanguage\":\"es\",\"potentialAction\":[{\"@type\":\"CommentAction\",\"name\":\"Comment\",\"target\":[\"https:\/\/21panorama.com\/index.php\/2022\/07\/31\/vamos-por-recuperar-la-dignidad-del-pais-eric-sevilla\/#respond\"]}]},{\"@type\":\"WebPage\",\"@id\":\"https:\/\/21panorama.com\/index.php\/2022\/07\/31\/vamos-por-recuperar-la-dignidad-del-pais-eric-sevilla\/\",\"url\":\"https:\/\/21panorama.com\/index.php\/2022\/07\/31\/vamos-por-recuperar-la-dignidad-del-pais-eric-sevilla\/\",\"name\":\"VAMOS POR RECUPERAR LA DIGNIDAD DEL PA\u00cdS: ERIC SEVILLA - 21 Panorama\",\"isPartOf\":{\"@id\":\"https:\/\/21panorama.com\/#website\"},\"primaryImageOfPage\":{\"@id\":\"https:\/\/21panorama.com\/index.php\/2022\/07\/31\/vamos-por-recuperar-la-dignidad-del-pais-eric-sevilla\/#primaryimage\"},\"image\":{\"@id\":\"https:\/\/21panorama.com\/index.php\/2022\/07\/31\/vamos-por-recuperar-la-dignidad-del-pais-eric-sevilla\/#primaryimage\"},\"thumbnailUrl\":\"https:\/\/21panorama.com\/wp-content\/uploads\/2022\/07\/Eric-Sevilla-310722-3.jpg\",\"datePublished\":\"2022-08-01T00:54:10+00:00\",\"dateModified\":\"2022-08-01T00:54:15+00:00\",\"breadcrumb\":{\"@id\":\"https:\/\/21panorama.com\/index.php\/2022\/07\/31\/vamos-por-recuperar-la-dignidad-del-pais-eric-sevilla\/#breadcrumb\"},\"inLanguage\":\"es\",\"potentialAction\":[{\"@type\":\"ReadAction\",\"target\":[\"https:\/\/21panorama.com\/index.php\/2022\/07\/31\/vamos-por-recuperar-la-dignidad-del-pais-eric-sevilla\/\"]}]},{\"@type\":\"ImageObject\",\"inLanguage\":\"es\",\"@id\":\"https:\/\/21panorama.com\/index.php\/2022\/07\/31\/vamos-por-recuperar-la-dignidad-del-pais-eric-sevilla\/#primaryimage\",\"url\":\"https:\/\/21panorama.com\/wp-content\/uploads\/2022\/07\/Eric-Sevilla-310722-3.jpg\",\"contentUrl\":\"https:\/\/21panorama.com\/wp-content\/uploads\/2022\/07\/Eric-Sevilla-310722-3.jpg\",\"width\":1368,\"height\":912},{\"@type\":\"BreadcrumbList\",\"@id\":\"https:\/\/21panorama.com\/index.php\/2022\/07\/31\/vamos-por-recuperar-la-dignidad-del-pais-eric-sevilla\/#breadcrumb\",\"itemListElement\":[{\"@type\":\"ListItem\",\"position\":1,\"name\":\"Inicio\",\"item\":\"https:\/\/21panorama.com\/\"},{\"@type\":\"ListItem\",\"position\":2,\"name\":\"VAMOS POR RECUPERAR LA DIGNIDAD DEL PA\u00cdS: ERIC SEVILLA\"}]},{\"@type\":\"WebSite\",\"@id\":\"https:\/\/21panorama.com\/#website\",\"url\":\"https:\/\/21panorama.com\/\",\"name\":\"21 Panorama\",\"description\":\"La construcci\u00f3n de la opini\u00f3n p\u00fablica merece un mejor Panorama en este siglo 21 para alcanzar una sociedad con mayor transparencia y sin corrupci\u00f3n.\",\"publisher\":{\"@id\":\"https:\/\/21panorama.com\/#organization\"},\"potentialAction\":[{\"@type\":\"SearchAction\",\"target\":{\"@type\":\"EntryPoint\",\"urlTemplate\":\"https:\/\/21panorama.com\/?s={search_term_string}\"},\"query-input\":{\"@type\":\"PropertyValueSpecification\",\"valueRequired\":true,\"valueName\":\"search_term_string\"}}],\"inLanguage\":\"es\"},{\"@type\":\"Organization\",\"@id\":\"https:\/\/21panorama.com\/#organization\",\"name\":\"21 Panorama\",\"url\":\"https:\/\/21panorama.com\/\",\"logo\":{\"@type\":\"ImageObject\",\"inLanguage\":\"es\",\"@id\":\"https:\/\/21panorama.com\/#\/schema\/logo\/image\/\",\"url\":\"https:\/\/21panorama.com\/wp-content\/uploads\/2019\/07\/cropped-Logo-Panorama-01.jpeg\",\"contentUrl\":\"https:\/\/21panorama.com\/wp-content\/uploads\/2019\/07\/cropped-Logo-Panorama-01.jpeg\",\"width\":290,\"height\":70,\"caption\":\"21 Panorama\"},\"image\":{\"@id\":\"https:\/\/21panorama.com\/#\/schema\/logo\/image\/\"}},{\"@type\":\"Person\",\"@id\":\"https:\/\/21panorama.com\/#\/schema\/person\/1afc291b96d5792a158768324287319f\",\"name\":\"admin\",\"image\":{\"@type\":\"ImageObject\",\"inLanguage\":\"es\",\"@id\":\"https:\/\/21panorama.com\/#\/schema\/person\/image\/\",\"url\":\"https:\/\/secure.gravatar.com\/avatar\/ad365d9d9f46719215b0d042cc3df92a5a8683e09ef13d102233e5491985f0f0?s=96&d=mm&r=g\",\"contentUrl\":\"https:\/\/secure.gravatar.com\/avatar\/ad365d9d9f46719215b0d042cc3df92a5a8683e09ef13d102233e5491985f0f0?s=96&d=mm&r=g\",\"caption\":\"admin\"},\"url\":\"https:\/\/21panorama.com\/index.php\/author\/admin\/\"}]}<\/script>\n<!-- \/ Yoast SEO plugin. -->","yoast_head_json":{"title":"VAMOS POR RECUPERAR LA DIGNIDAD DEL PA\u00cdS: ERIC SEVILLA - 21 Panorama","robots":{"index":"index","follow":"follow","max-snippet":"max-snippet:-1","max-image-preview":"max-image-preview:large","max-video-preview":"max-video-preview:-1"},"canonical":"https:\/\/21panorama.com\/index.php\/2022\/07\/31\/vamos-por-recuperar-la-dignidad-del-pais-eric-sevilla\/","og_locale":"es_MX","og_type":"article","og_title":"VAMOS POR RECUPERAR LA DIGNIDAD DEL PA\u00cdS: ERIC SEVILLA - 21 Panorama","og_description":"El Partido Revolucionario Institucional (PRI) del Estado de M\u00e9xico se encuentra en un trabajo permanente para recuperar la dignidad del pa\u00eds y su militancia est\u00e1 lista para refrendar el triunfo en el 2023 con el fin de darle rumbo a la naci\u00f3n en el 2024, afirm\u00f3 su dirigente Eric Sevilla.\u00a0","og_url":"https:\/\/21panorama.com\/index.php\/2022\/07\/31\/vamos-por-recuperar-la-dignidad-del-pais-eric-sevilla\/","og_site_name":"21 Panorama","article_published_time":"2022-08-01T00:54:10+00:00","article_modified_time":"2022-08-01T00:54:15+00:00","og_image":[{"width":1368,"height":912,"url":"https:\/\/21panorama.com\/wp-content\/uploads\/2022\/07\/Eric-Sevilla-310722-3.jpg","type":"image\/jpeg"}],"author":"admin","twitter_card":"summary_large_image","twitter_misc":{"Escrito por":"admin","Tiempo de lectura":"2 minutos"},"schema":{"@context":"https:\/\/schema.org","@graph":[{"@type":"Article","@id":"https:\/\/21panorama.com\/index.php\/2022\/07\/31\/vamos-por-recuperar-la-dignidad-del-pais-eric-sevilla\/#article","isPartOf":{"@id":"https:\/\/21panorama.com\/index.php\/2022\/07\/31\/vamos-por-recuperar-la-dignidad-del-pais-eric-sevilla\/"},"author":{"name":"admin","@id":"https:\/\/21panorama.com\/#\/schema\/person\/1afc291b96d5792a158768324287319f"},"headline":"VAMOS POR RECUPERAR LA DIGNIDAD DEL PA\u00cdS: ERIC SEVILLA","datePublished":"2022-08-01T00:54:10+00:00","dateModified":"2022-08-01T00:54:15+00:00","mainEntityOfPage":{"@id":"https:\/\/21panorama.com\/index.php\/2022\/07\/31\/vamos-por-recuperar-la-dignidad-del-pais-eric-sevilla\/"},"wordCount":363,"commentCount":0,"publisher":{"@id":"https:\/\/21panorama.com\/#organization"},"image":{"@id":"https:\/\/21panorama.com\/index.php\/2022\/07\/31\/vamos-por-recuperar-la-dignidad-del-pais-eric-sevilla\/#primaryimage"},"thumbnailUrl":"https:\/\/21panorama.com\/wp-content\/uploads\/2022\/07\/Eric-Sevilla-310722-3.jpg","keywords":["ERIC SEVILLA","PRI","TEJUPILCO"],"articleSection":["Politica","Sociedad"],"inLanguage":"es","potentialAction":[{"@type":"CommentAction","name":"Comment","target":["https:\/\/21panorama.com\/index.php\/2022\/07\/31\/vamos-por-recuperar-la-dignidad-del-pais-eric-sevilla\/#respond"]}]},{"@type":"WebPage","@id":"https:\/\/21panorama.com\/index.php\/2022\/07\/31\/vamos-por-recuperar-la-dignidad-del-pais-eric-sevilla\/","url":"https:\/\/21panorama.com\/index.php\/2022\/07\/31\/vamos-por-recuperar-la-dignidad-del-pais-eric-sevilla\/","name":"VAMOS POR RECUPERAR LA DIGNIDAD DEL PA\u00cdS: ERIC SEVILLA - 21 Panorama","isPartOf":{"@id":"https:\/\/21panorama.com\/#website"},"primaryImageOfPage":{"@id":"https:\/\/21panorama.com\/index.php\/2022\/07\/31\/vamos-por-recuperar-la-dignidad-del-pais-eric-sevilla\/#primaryimage"},"image":{"@id":"https:\/\/21panorama.com\/index.php\/2022\/07\/31\/vamos-por-recuperar-la-dignidad-del-pais-eric-sevilla\/#primaryimage"},"thumbnailUrl":"https:\/\/21panorama.com\/wp-content\/uploads\/2022\/07\/Eric-Sevilla-310722-3.jpg","datePublished":"2022-08-01T00:54:10+00:00","dateModified":"2022-08-01T00:54:15+00:00","breadcrumb":{"@id":"https:\/\/21panorama.com\/index.php\/2022\/07\/31\/vamos-por-recuperar-la-dignidad-del-pais-eric-sevilla\/#breadcrumb"},"inLanguage":"es","potentialAction":[{"@type":"ReadAction","target":["https:\/\/21panorama.com\/index.php\/2022\/07\/31\/vamos-por-recuperar-la-dignidad-del-pais-eric-sevilla\/"]}]},{"@type":"ImageObject","inLanguage":"es","@id":"https:\/\/21panorama.com\/index.php\/2022\/07\/31\/vamos-por-recuperar-la-dignidad-del-pais-eric-sevilla\/#primaryimage","url":"https:\/\/21panorama.com\/wp-content\/uploads\/2022\/07\/Eric-Sevilla-310722-3.jpg","contentUrl":"https:\/\/21panorama.com\/wp-content\/uploads\/2022\/07\/Eric-Sevilla-310722-3.jpg","width":1368,"height":912},{"@type":"BreadcrumbList","@id":"https:\/\/21panorama.com\/index.php\/2022\/07\/31\/vamos-por-recuperar-la-dignidad-del-pais-eric-sevilla\/#breadcrumb","itemListElement":[{"@type":"ListItem","position":1,"name":"Inicio","item":"https:\/\/21panorama.com\/"},{"@type":"ListItem","position":2,"name":"VAMOS POR RECUPERAR LA DIGNIDAD DEL PA\u00cdS: ERIC SEVILLA"}]},{"@type":"WebSite","@id":"https:\/\/21panorama.com\/#website","url":"https:\/\/21panorama.com\/","name":"21 Panorama","description":"La construcci\u00f3n de la opini\u00f3n p\u00fablica merece un mejor Panorama en este siglo 21 para alcanzar una sociedad con mayor transparencia y sin corrupci\u00f3n.","publisher":{"@id":"https:\/\/21panorama.com\/#organization"},"potentialAction":[{"@type":"SearchAction","target":{"@type":"EntryPoint","urlTemplate":"https:\/\/21panorama.com\/?s={search_term_string}"},"query-input":{"@type":"PropertyValueSpecification","valueRequired":true,"valueName":"search_term_string"}}],"inLanguage":"es"},{"@type":"Organization","@id":"https:\/\/21panorama.com\/#organization","name":"21 Panorama","url":"https:\/\/21panorama.com\/","logo":{"@type":"ImageObject","inLanguage":"es","@id":"https:\/\/21panorama.com\/#\/schema\/logo\/image\/","url":"https:\/\/21panorama.com\/wp-content\/uploads\/2019\/07\/cropped-Logo-Panorama-01.jpeg","contentUrl":"https:\/\/21panorama.com\/wp-content\/uploads\/2019\/07\/cropped-Logo-Panorama-01.jpeg","width":290,"height":70,"caption":"21 Panorama"},"image":{"@id":"https:\/\/21panorama.com\/#\/schema\/logo\/image\/"}},{"@type":"Person","@id":"https:\/\/21panorama.com\/#\/schema\/person\/1afc291b96d5792a158768324287319f","name":"admin","image":{"@type":"ImageObject","inLanguage":"es","@id":"https:\/\/21panorama.com\/#\/schema\/person\/image\/","url":"https:\/\/secure.gravatar.com\/avatar\/ad365d9d9f46719215b0d042cc3df92a5a8683e09ef13d102233e5491985f0f0?s=96&d=mm&r=g","contentUrl":"https:\/\/secure.gravatar.com\/avatar\/ad365d9d9f46719215b0d042cc3df92a5a8683e09ef13d102233e5491985f0f0?s=96&d=mm&r=g","caption":"admin"},"url":"https:\/\/21panorama.com\/index.php\/author\/admin\/"}]}},"_links":{"self":[{"href":"https:\/\/21panorama.com\/index.php\/wp-json\/wp\/v2\/posts\/3973","targetHints":{"allow":["GET"]}}],"collection":[{"href":"https:\/\/21panorama.com\/index.php\/wp-json\/wp\/v2\/posts"}],"about":[{"href":"https:\/\/21panorama.com\/index.php\/wp-json\/wp\/v2\/types\/post"}],"author":[{"embeddable":true,"href":"https:\/\/21panorama.com\/index.php\/wp-json\/wp\/v2\/users\/1"}],"replies":[{"embeddable":true,"href":"https:\/\/21panorama.com\/index.php\/wp-json\/wp\/v2\/comments?post=3973"}],"version-history":[{"count":1,"href":"https:\/\/21panorama.com\/index.php\/wp-json\/wp\/v2\/posts\/3973\/revisions"}],"predecessor-version":[{"id":3975,"href":"https:\/\/21panorama.com\/index.php\/wp-json\/wp\/v2\/posts\/3973\/revisions\/3975"}],"wp:featuredmedia":[{"embeddable":true,"href":"https:\/\/21panorama.com\/index.php\/wp-json\/wp\/v2\/media\/3974"}],"wp:attachment":[{"href":"https:\/\/21panorama.com\/index.php\/wp-json\/wp\/v2\/media?parent=3973"}],"wp:term":[{"taxonomy":"category","embeddable":true,"href":"https:\/\/21panorama.com\/index.php\/wp-json\/wp\/v2\/categories?post=3973"},{"taxonomy":"post_tag","embeddable":true,"href":"https:\/\/21panorama.com\/index.php\/wp-json\/wp\/v2\/tags?post=3973"}],"curies":[{"name":"wp","href":"https:\/\/api.w.org\/{rel}","templated":true}]}}