{"id":3969,"date":"2022-07-30T12:04:19","date_gmt":"2022-07-30T17:04:19","guid":{"rendered":"https:\/\/21panorama.com\/?p=3969"},"modified":"2022-07-30T12:04:19","modified_gmt":"2022-07-30T17:04:19","slug":"apoyara-oea-desarrollo-economico-de-metepec","status":"publish","type":"post","link":"https:\/\/21panorama.com\/index.php\/2022\/07\/30\/apoyara-oea-desarrollo-economico-de-metepec\/","title":{"rendered":"APOYAR\u00c1 OEA DESARROLLO ECON\u00d3MICO DE METEPEC"},"content":{"rendered":"\n<p><\/p>\n\n\n\n<p>El presidente municipal de Metepec, Fernando Flores Fern\u00e1ndez, hizo acto de presencia en la Organizaci\u00f3n de Estados Americanos, con sede en Washington D.C, en donde se entrevist\u00f3 con el Secretario General de la OEA, Luis Leonardo Almagro Lemes.<\/p>\n\n\n\n<p>En la primera reuni\u00f3n de un alcalde de Metepec al organismo, el edil dio a conocer el proyecto de M\u00e9dico en tu Casa, que se aplicar\u00e1 en el municipio y que representa la garant\u00eda del servicio en el cuidado de la salud de todos los metepequenses.<\/p>\n\n\n\n<p>De igual manera, Flores Fern\u00e1ndez destac\u00f3 la labor que ha emprendido desde el primero de enero del presente a\u00f1o, fecha en que inici\u00f3 su gesti\u00f3n al frente del ayuntamiento mexiquense, para privilegiar la seguridad y protecci\u00f3n de los habitantes.<\/p>\n\n\n\n<p>En el encuentro, coincidieron en impulsar el desarrollo de peque\u00f1os y medianos empresarios del municipio, a trav\u00e9s de programas espec\u00edficos que implementar\u00e1 la OEA en Metepec; dicha inversi\u00f3n es hist\u00f3rica para la localidad y fortalecer\u00e1 el trabajo del ayuntamiento por garantizar condiciones de desarrollo para la econom\u00eda local.<\/p>\n\n\n\n<p>La visita de Flores Fern\u00e1ndez a la OEA, se da en el marco del reconocimiento que recibi\u00f3 la administraci\u00f3n de Metepec, por sus pr\u00e1cticas de protecci\u00f3n, seguridad y condiciones de igualdad a la mujer, en la Cumbre Internacional de la Lucha contra la Trata de Personas, en la que participa la OEA.<\/p>\n","protected":false},"excerpt":{"rendered":"<p>El presidente municipal de Metepec, Fernando Flores Fern\u00e1ndez, hizo acto de presencia en la Organizaci\u00f3n de Estados Americanos, con sede en Washington D.C, en donde se entrevist\u00f3 con el Secretario General de la OEA, Luis Leonardo Almagro Lemes.<\/p>\n","protected":false},"author":1,"featured_media":3970,"comment_status":"open","ping_status":"open","sticky":false,"template":"","format":"standard","meta":{"footnotes":""},"categories":[12,1],"tags":[76,77,338],"class_list":["post-3969","post","type-post","status-publish","format-standard","has-post-thumbnail","hentry","category-politica","category-sociedad","tag-fernando-flores","tag-metepec","tag-oea"],"yoast_head":"<!-- This site is optimized with the Yoast SEO plugin v24.9 - https:\/\/yoast.com\/wordpress\/plugins\/seo\/ -->\n<title>APOYAR\u00c1 OEA DESARROLLO ECON\u00d3MICO DE METEPEC - 21 Panorama<\/title>\n<meta name=\"robots\" content=\"index, follow, max-snippet:-1, max-image-preview:large, max-video-preview:-1\" \/>\n<link rel=\"canonical\" href=\"https:\/\/21panorama.com\/index.php\/2022\/07\/30\/apoyara-oea-desarrollo-economico-de-metepec\/\" \/>\n<meta property=\"og:locale\" content=\"es_MX\" \/>\n<meta property=\"og:type\" content=\"article\" \/>\n<meta property=\"og:title\" content=\"APOYAR\u00c1 OEA DESARROLLO ECON\u00d3MICO DE METEPEC - 21 Panorama\" \/>\n<meta property=\"og:description\" content=\"El presidente municipal de Metepec, Fernando Flores Fern\u00e1ndez, hizo acto de presencia en la Organizaci\u00f3n de Estados Americanos, con sede en Washington D.C, en donde se entrevist\u00f3 con el Secretario General de la OEA, Luis Leonardo Almagro Lemes.\" \/>\n<meta property=\"og:url\" content=\"https:\/\/21panorama.com\/index.php\/2022\/07\/30\/apoyara-oea-desarrollo-economico-de-metepec\/\" \/>\n<meta property=\"og:site_name\" content=\"21 Panorama\" \/>\n<meta property=\"article:published_time\" content=\"2022-07-30T17:04:19+00:00\" \/>\n<meta property=\"og:image\" content=\"https:\/\/21panorama.com\/wp-content\/uploads\/2022\/07\/Metepec-OEA-300722.jpg\" \/>\n\t<meta property=\"og:image:width\" content=\"853\" \/>\n\t<meta property=\"og:image:height\" content=\"1280\" \/>\n\t<meta property=\"og:image:type\" content=\"image\/jpeg\" \/>\n<meta name=\"author\" content=\"admin\" \/>\n<meta name=\"twitter:card\" content=\"summary_large_image\" \/>\n<meta name=\"twitter:label1\" content=\"Escrito por\" \/>\n\t<meta name=\"twitter:data1\" content=\"admin\" \/>\n\t<meta name=\"twitter:label2\" content=\"Tiempo de lectura\" \/>\n\t<meta name=\"twitter:data2\" content=\"2 minutos\" \/>\n<script type=\"application\/ld+json\" class=\"yoast-schema-graph\">{\"@context\":\"https:\/\/schema.org\",\"@graph\":[{\"@type\":\"Article\",\"@id\":\"https:\/\/21panorama.com\/index.php\/2022\/07\/30\/apoyara-oea-desarrollo-economico-de-metepec\/#article\",\"isPartOf\":{\"@id\":\"https:\/\/21panorama.com\/index.php\/2022\/07\/30\/apoyara-oea-desarrollo-economico-de-metepec\/\"},\"author\":{\"name\":\"admin\",\"@id\":\"https:\/\/21panorama.com\/#\/schema\/person\/1afc291b96d5792a158768324287319f\"},\"headline\":\"APOYAR\u00c1 OEA DESARROLLO ECON\u00d3MICO DE METEPEC\",\"datePublished\":\"2022-07-30T17:04:19+00:00\",\"mainEntityOfPage\":{\"@id\":\"https:\/\/21panorama.com\/index.php\/2022\/07\/30\/apoyara-oea-desarrollo-economico-de-metepec\/\"},\"wordCount\":250,\"commentCount\":0,\"publisher\":{\"@id\":\"https:\/\/21panorama.com\/#organization\"},\"image\":{\"@id\":\"https:\/\/21panorama.com\/index.php\/2022\/07\/30\/apoyara-oea-desarrollo-economico-de-metepec\/#primaryimage\"},\"thumbnailUrl\":\"https:\/\/21panorama.com\/wp-content\/uploads\/2022\/07\/Metepec-OEA-300722.jpg\",\"keywords\":[\"Fernando Flores\",\"Metepec\",\"OEA\"],\"articleSection\":[\"Politica\",\"Sociedad\"],\"inLanguage\":\"es\",\"potentialAction\":[{\"@type\":\"CommentAction\",\"name\":\"Comment\",\"target\":[\"https:\/\/21panorama.com\/index.php\/2022\/07\/30\/apoyara-oea-desarrollo-economico-de-metepec\/#respond\"]}]},{\"@type\":\"WebPage\",\"@id\":\"https:\/\/21panorama.com\/index.php\/2022\/07\/30\/apoyara-oea-desarrollo-economico-de-metepec\/\",\"url\":\"https:\/\/21panorama.com\/index.php\/2022\/07\/30\/apoyara-oea-desarrollo-economico-de-metepec\/\",\"name\":\"APOYAR\u00c1 OEA DESARROLLO ECON\u00d3MICO DE METEPEC - 21 Panorama\",\"isPartOf\":{\"@id\":\"https:\/\/21panorama.com\/#website\"},\"primaryImageOfPage\":{\"@id\":\"https:\/\/21panorama.com\/index.php\/2022\/07\/30\/apoyara-oea-desarrollo-economico-de-metepec\/#primaryimage\"},\"image\":{\"@id\":\"https:\/\/21panorama.com\/index.php\/2022\/07\/30\/apoyara-oea-desarrollo-economico-de-metepec\/#primaryimage\"},\"thumbnailUrl\":\"https:\/\/21panorama.com\/wp-content\/uploads\/2022\/07\/Metepec-OEA-300722.jpg\",\"datePublished\":\"2022-07-30T17:04:19+00:00\",\"breadcrumb\":{\"@id\":\"https:\/\/21panorama.com\/index.php\/2022\/07\/30\/apoyara-oea-desarrollo-economico-de-metepec\/#breadcrumb\"},\"inLanguage\":\"es\",\"potentialAction\":[{\"@type\":\"ReadAction\",\"target\":[\"https:\/\/21panorama.com\/index.php\/2022\/07\/30\/apoyara-oea-desarrollo-economico-de-metepec\/\"]}]},{\"@type\":\"ImageObject\",\"inLanguage\":\"es\",\"@id\":\"https:\/\/21panorama.com\/index.php\/2022\/07\/30\/apoyara-oea-desarrollo-economico-de-metepec\/#primaryimage\",\"url\":\"https:\/\/21panorama.com\/wp-content\/uploads\/2022\/07\/Metepec-OEA-300722.jpg\",\"contentUrl\":\"https:\/\/21panorama.com\/wp-content\/uploads\/2022\/07\/Metepec-OEA-300722.jpg\",\"width\":853,\"height\":1280},{\"@type\":\"BreadcrumbList\",\"@id\":\"https:\/\/21panorama.com\/index.php\/2022\/07\/30\/apoyara-oea-desarrollo-economico-de-metepec\/#breadcrumb\",\"itemListElement\":[{\"@type\":\"ListItem\",\"position\":1,\"name\":\"Inicio\",\"item\":\"https:\/\/21panorama.com\/\"},{\"@type\":\"ListItem\",\"position\":2,\"name\":\"APOYAR\u00c1 OEA DESARROLLO ECON\u00d3MICO DE METEPEC\"}]},{\"@type\":\"WebSite\",\"@id\":\"https:\/\/21panorama.com\/#website\",\"url\":\"https:\/\/21panorama.com\/\",\"name\":\"21 Panorama\",\"description\":\"La construcci\u00f3n de la opini\u00f3n p\u00fablica merece un mejor Panorama en este siglo 21 para alcanzar una sociedad con mayor transparencia y sin corrupci\u00f3n.\",\"publisher\":{\"@id\":\"https:\/\/21panorama.com\/#organization\"},\"potentialAction\":[{\"@type\":\"SearchAction\",\"target\":{\"@type\":\"EntryPoint\",\"urlTemplate\":\"https:\/\/21panorama.com\/?s={search_term_string}\"},\"query-input\":{\"@type\":\"PropertyValueSpecification\",\"valueRequired\":true,\"valueName\":\"search_term_string\"}}],\"inLanguage\":\"es\"},{\"@type\":\"Organization\",\"@id\":\"https:\/\/21panorama.com\/#organization\",\"name\":\"21 Panorama\",\"url\":\"https:\/\/21panorama.com\/\",\"logo\":{\"@type\":\"ImageObject\",\"inLanguage\":\"es\",\"@id\":\"https:\/\/21panorama.com\/#\/schema\/logo\/image\/\",\"url\":\"https:\/\/21panorama.com\/wp-content\/uploads\/2019\/07\/cropped-Logo-Panorama-01.jpeg\",\"contentUrl\":\"https:\/\/21panorama.com\/wp-content\/uploads\/2019\/07\/cropped-Logo-Panorama-01.jpeg\",\"width\":290,\"height\":70,\"caption\":\"21 Panorama\"},\"image\":{\"@id\":\"https:\/\/21panorama.com\/#\/schema\/logo\/image\/\"}},{\"@type\":\"Person\",\"@id\":\"https:\/\/21panorama.com\/#\/schema\/person\/1afc291b96d5792a158768324287319f\",\"name\":\"admin\",\"image\":{\"@type\":\"ImageObject\",\"inLanguage\":\"es\",\"@id\":\"https:\/\/21panorama.com\/#\/schema\/person\/image\/\",\"url\":\"https:\/\/secure.gravatar.com\/avatar\/ad365d9d9f46719215b0d042cc3df92a5a8683e09ef13d102233e5491985f0f0?s=96&d=mm&r=g\",\"contentUrl\":\"https:\/\/secure.gravatar.com\/avatar\/ad365d9d9f46719215b0d042cc3df92a5a8683e09ef13d102233e5491985f0f0?s=96&d=mm&r=g\",\"caption\":\"admin\"},\"url\":\"https:\/\/21panorama.com\/index.php\/author\/admin\/\"}]}<\/script>\n<!-- \/ Yoast SEO plugin. -->","yoast_head_json":{"title":"APOYAR\u00c1 OEA DESARROLLO ECON\u00d3MICO DE METEPEC - 21 Panorama","robots":{"index":"index","follow":"follow","max-snippet":"max-snippet:-1","max-image-preview":"max-image-preview:large","max-video-preview":"max-video-preview:-1"},"canonical":"https:\/\/21panorama.com\/index.php\/2022\/07\/30\/apoyara-oea-desarrollo-economico-de-metepec\/","og_locale":"es_MX","og_type":"article","og_title":"APOYAR\u00c1 OEA DESARROLLO ECON\u00d3MICO DE METEPEC - 21 Panorama","og_description":"El presidente municipal de Metepec, Fernando Flores Fern\u00e1ndez, hizo acto de presencia en la Organizaci\u00f3n de Estados Americanos, con sede en Washington D.C, en donde se entrevist\u00f3 con el Secretario General de la OEA, Luis Leonardo Almagro Lemes.","og_url":"https:\/\/21panorama.com\/index.php\/2022\/07\/30\/apoyara-oea-desarrollo-economico-de-metepec\/","og_site_name":"21 Panorama","article_published_time":"2022-07-30T17:04:19+00:00","og_image":[{"width":853,"height":1280,"url":"https:\/\/21panorama.com\/wp-content\/uploads\/2022\/07\/Metepec-OEA-300722.jpg","type":"image\/jpeg"}],"author":"admin","twitter_card":"summary_large_image","twitter_misc":{"Escrito por":"admin","Tiempo de lectura":"2 minutos"},"schema":{"@context":"https:\/\/schema.org","@graph":[{"@type":"Article","@id":"https:\/\/21panorama.com\/index.php\/2022\/07\/30\/apoyara-oea-desarrollo-economico-de-metepec\/#article","isPartOf":{"@id":"https:\/\/21panorama.com\/index.php\/2022\/07\/30\/apoyara-oea-desarrollo-economico-de-metepec\/"},"author":{"name":"admin","@id":"https:\/\/21panorama.com\/#\/schema\/person\/1afc291b96d5792a158768324287319f"},"headline":"APOYAR\u00c1 OEA DESARROLLO ECON\u00d3MICO DE METEPEC","datePublished":"2022-07-30T17:04:19+00:00","mainEntityOfPage":{"@id":"https:\/\/21panorama.com\/index.php\/2022\/07\/30\/apoyara-oea-desarrollo-economico-de-metepec\/"},"wordCount":250,"commentCount":0,"publisher":{"@id":"https:\/\/21panorama.com\/#organization"},"image":{"@id":"https:\/\/21panorama.com\/index.php\/2022\/07\/30\/apoyara-oea-desarrollo-economico-de-metepec\/#primaryimage"},"thumbnailUrl":"https:\/\/21panorama.com\/wp-content\/uploads\/2022\/07\/Metepec-OEA-300722.jpg","keywords":["Fernando Flores","Metepec","OEA"],"articleSection":["Politica","Sociedad"],"inLanguage":"es","potentialAction":[{"@type":"CommentAction","name":"Comment","target":["https:\/\/21panorama.com\/index.php\/2022\/07\/30\/apoyara-oea-desarrollo-economico-de-metepec\/#respond"]}]},{"@type":"WebPage","@id":"https:\/\/21panorama.com\/index.php\/2022\/07\/30\/apoyara-oea-desarrollo-economico-de-metepec\/","url":"https:\/\/21panorama.com\/index.php\/2022\/07\/30\/apoyara-oea-desarrollo-economico-de-metepec\/","name":"APOYAR\u00c1 OEA DESARROLLO ECON\u00d3MICO DE METEPEC - 21 Panorama","isPartOf":{"@id":"https:\/\/21panorama.com\/#website"},"primaryImageOfPage":{"@id":"https:\/\/21panorama.com\/index.php\/2022\/07\/30\/apoyara-oea-desarrollo-economico-de-metepec\/#primaryimage"},"image":{"@id":"https:\/\/21panorama.com\/index.php\/2022\/07\/30\/apoyara-oea-desarrollo-economico-de-metepec\/#primaryimage"},"thumbnailUrl":"https:\/\/21panorama.com\/wp-content\/uploads\/2022\/07\/Metepec-OEA-300722.jpg","datePublished":"2022-07-30T17:04:19+00:00","breadcrumb":{"@id":"https:\/\/21panorama.com\/index.php\/2022\/07\/30\/apoyara-oea-desarrollo-economico-de-metepec\/#breadcrumb"},"inLanguage":"es","potentialAction":[{"@type":"ReadAction","target":["https:\/\/21panorama.com\/index.php\/2022\/07\/30\/apoyara-oea-desarrollo-economico-de-metepec\/"]}]},{"@type":"ImageObject","inLanguage":"es","@id":"https:\/\/21panorama.com\/index.php\/2022\/07\/30\/apoyara-oea-desarrollo-economico-de-metepec\/#primaryimage","url":"https:\/\/21panorama.com\/wp-content\/uploads\/2022\/07\/Metepec-OEA-300722.jpg","contentUrl":"https:\/\/21panorama.com\/wp-content\/uploads\/2022\/07\/Metepec-OEA-300722.jpg","width":853,"height":1280},{"@type":"BreadcrumbList","@id":"https:\/\/21panorama.com\/index.php\/2022\/07\/30\/apoyara-oea-desarrollo-economico-de-metepec\/#breadcrumb","itemListElement":[{"@type":"ListItem","position":1,"name":"Inicio","item":"https:\/\/21panorama.com\/"},{"@type":"ListItem","position":2,"name":"APOYAR\u00c1 OEA DESARROLLO ECON\u00d3MICO DE METEPEC"}]},{"@type":"WebSite","@id":"https:\/\/21panorama.com\/#website","url":"https:\/\/21panorama.com\/","name":"21 Panorama","description":"La construcci\u00f3n de la opini\u00f3n p\u00fablica merece un mejor Panorama en este siglo 21 para alcanzar una sociedad con mayor transparencia y sin corrupci\u00f3n.","publisher":{"@id":"https:\/\/21panorama.com\/#organization"},"potentialAction":[{"@type":"SearchAction","target":{"@type":"EntryPoint","urlTemplate":"https:\/\/21panorama.com\/?s={search_term_string}"},"query-input":{"@type":"PropertyValueSpecification","valueRequired":true,"valueName":"search_term_string"}}],"inLanguage":"es"},{"@type":"Organization","@id":"https:\/\/21panorama.com\/#organization","name":"21 Panorama","url":"https:\/\/21panorama.com\/","logo":{"@type":"ImageObject","inLanguage":"es","@id":"https:\/\/21panorama.com\/#\/schema\/logo\/image\/","url":"https:\/\/21panorama.com\/wp-content\/uploads\/2019\/07\/cropped-Logo-Panorama-01.jpeg","contentUrl":"https:\/\/21panorama.com\/wp-content\/uploads\/2019\/07\/cropped-Logo-Panorama-01.jpeg","width":290,"height":70,"caption":"21 Panorama"},"image":{"@id":"https:\/\/21panorama.com\/#\/schema\/logo\/image\/"}},{"@type":"Person","@id":"https:\/\/21panorama.com\/#\/schema\/person\/1afc291b96d5792a158768324287319f","name":"admin","image":{"@type":"ImageObject","inLanguage":"es","@id":"https:\/\/21panorama.com\/#\/schema\/person\/image\/","url":"https:\/\/secure.gravatar.com\/avatar\/ad365d9d9f46719215b0d042cc3df92a5a8683e09ef13d102233e5491985f0f0?s=96&d=mm&r=g","contentUrl":"https:\/\/secure.gravatar.com\/avatar\/ad365d9d9f46719215b0d042cc3df92a5a8683e09ef13d102233e5491985f0f0?s=96&d=mm&r=g","caption":"admin"},"url":"https:\/\/21panorama.com\/index.php\/author\/admin\/"}]}},"_links":{"self":[{"href":"https:\/\/21panorama.com\/index.php\/wp-json\/wp\/v2\/posts\/3969","targetHints":{"allow":["GET"]}}],"collection":[{"href":"https:\/\/21panorama.com\/index.php\/wp-json\/wp\/v2\/posts"}],"about":[{"href":"https:\/\/21panorama.com\/index.php\/wp-json\/wp\/v2\/types\/post"}],"author":[{"embeddable":true,"href":"https:\/\/21panorama.com\/index.php\/wp-json\/wp\/v2\/users\/1"}],"replies":[{"embeddable":true,"href":"https:\/\/21panorama.com\/index.php\/wp-json\/wp\/v2\/comments?post=3969"}],"version-history":[{"count":1,"href":"https:\/\/21panorama.com\/index.php\/wp-json\/wp\/v2\/posts\/3969\/revisions"}],"predecessor-version":[{"id":3971,"href":"https:\/\/21panorama.com\/index.php\/wp-json\/wp\/v2\/posts\/3969\/revisions\/3971"}],"wp:featuredmedia":[{"embeddable":true,"href":"https:\/\/21panorama.com\/index.php\/wp-json\/wp\/v2\/media\/3970"}],"wp:attachment":[{"href":"https:\/\/21panorama.com\/index.php\/wp-json\/wp\/v2\/media?parent=3969"}],"wp:term":[{"taxonomy":"category","embeddable":true,"href":"https:\/\/21panorama.com\/index.php\/wp-json\/wp\/v2\/categories?post=3969"},{"taxonomy":"post_tag","embeddable":true,"href":"https:\/\/21panorama.com\/index.php\/wp-json\/wp\/v2\/tags?post=3969"}],"curies":[{"name":"wp","href":"https:\/\/api.w.org\/{rel}","templated":true}]}}