{"id":3954,"date":"2022-07-11T12:44:00","date_gmt":"2022-07-11T17:44:00","guid":{"rendered":"https:\/\/21panorama.com\/?p=3954"},"modified":"2022-07-27T13:02:13","modified_gmt":"2022-07-27T18:02:13","slug":"jiquipilco-festejara-su-bicentenario-con-la-construccion-de-cuatro-obras-importantes-felipe-sanchez","status":"publish","type":"post","link":"https:\/\/21panorama.com\/index.php\/2022\/07\/11\/jiquipilco-festejara-su-bicentenario-con-la-construccion-de-cuatro-obras-importantes-felipe-sanchez\/","title":{"rendered":"JIQUIPILCO FESTEJAR\u00c1 SU BICENTENARIO CON LA CONSTRUCCI\u00d3N DE CUATRO OBRAS IMPORTANTES: FELIPE S\u00c1NCHEZ"},"content":{"rendered":"\n<p><\/p>\n\n\n\n<p>El Presidente Municipal de Jiquipilco, Felipe de Jes\u00fas S\u00e1nchez D\u00e1vila, en la b\u00fasqueda por remarcar la cultura propia de Jiquipilco y as\u00ed conmemorar los doscientos a\u00f1os que cumple como municipio consolidado; dio inici\u00f3 a cuatro obras que enmarcar\u00e1n este festejo: la \u201cConstrucci\u00f3n de la Glorieta del Tlachiquero\u201d como elemento de identidad y bienvenida al Municipio de Jiquipilco; remodelaci\u00f3n del Teatro &#8220;Sonia Becerril Quijada&#8221; con lo que el p\u00fablico general tendr\u00e1 un mejor espacio de esparcimiento; inicio para los trabajos de remodelaci\u00f3n del &#8220;Paseo Bicentenario&#8221; que se ubica en la entrada noreste de Jiquipilco, sobre la carretera hacia Naucalpan; y la construcci\u00f3n de los arcos de acceso en la parte l\u00edmite de Jiquipilco con el municipio vecino de Ixtlahuaca.<\/p>\n\n\n\n<p>Acompa\u00f1ado de la Vocal ejecutiva de CIDIPIEM y representante personal del Gobernador del Estado de M\u00e9xico Lic. Alfredo del Mazo Maza, Mtra. Diana P\u00e9rez Barrag\u00e1n; la Presidenta Honoraria del Sistema DIF Municipal de Jiquipilco, Susy \u00c1vila S\u00e1nchez; el Comisionado Regional de la Subsecretar\u00eda de Desarrollo Municipal, Lic. Juan Manuel Beltr\u00e1n Estrada; la Diputada Local por el Distrito XV, con cabecera en Ixtlahuaca, Mtra. Josefina Aguilar S\u00e1nchez; y los s\u00edndicos, regidores y delegados de este municipio; el Presidente Felipe S\u00e1nchez dirigi\u00f3 unas palabras a los jiquilpenses en las que recalc\u00f3 la importancia de estas cuatro obras que podr\u00e1n colocar a Jiquipilco como destino tur\u00edstico y lo convierta en Pueblo con Encanto.<\/p>\n\n\n\n<figure class=\"wp-block-image size-full\"><img decoding=\"async\" width=\"940\" height=\"788\" src=\"https:\/\/21panorama.com\/wp-content\/uploads\/2022\/07\/Untitled-design-3.png\" alt=\"\" class=\"wp-image-3956\" srcset=\"https:\/\/21panorama.com\/wp-content\/uploads\/2022\/07\/Untitled-design-3.png 940w, https:\/\/21panorama.com\/wp-content\/uploads\/2022\/07\/Untitled-design-3-300x251.png 300w, https:\/\/21panorama.com\/wp-content\/uploads\/2022\/07\/Untitled-design-3-768x644.png 768w\" sizes=\"(max-width: 940px) 100vw, 940px\" \/><\/figure>\n\n\n\n<p>Un proyecto ambicioso, que tiene que pasar por la C\u00e1mara de Diputados, para obtener el reconocimiento oficial. Para poder lograr esto, se tienen que cumplir ciertos requisitos, con el objetivo de dar a Jiquipilco atributos tur\u00edsticos, y que significar\u00e1n recibir apoyo estatal para difundir, estimular y fortalecer su actividad. Finalmente, este reconocimiento se traducir\u00e1 en una mayor derrama econ\u00f3mica en beneficio de sus habitantes.<\/p>\n\n\n\n<p>El Ingeniero Enrique Torres Medina inform\u00f3 del inicio de la obra \u201cConstrucci\u00f3n de Glorieta del Tlachiquero\u201d ubicada en la salida sur hacia Temoaya, cuyo monto de inversi\u00f3n ser\u00e1 de 1\u2019572,619.55 pesos. Con un tiempo de ejecuci\u00f3n aproximado de dos meses, y que incluir\u00e1 construcci\u00f3n de capa base, dentell\u00f3n de concreto para confinar empedrado, pavimento empedrado de 15 cm, construcci\u00f3n de plataforma en forma circular, colocaci\u00f3n de bolardos, colocaci\u00f3n de letrero ornamental de Bienvenida, etc.<\/p>\n\n\n\n<p>La Mtra. Diana P\u00e9rez se\u00f1al\u00f3 que \u201cel tema de la identidad es muy importante, la identidad que cada uno de los municipios tiene en el Estado de M\u00e9xico.\u201d Continu\u00f3, \u201ccada uno de los municipios tiene una particularidad\u2026 y ahora ustedes van a tener identidad, en una de las puertas que entra a su municipio&#8230; al Presidente Municipal, le toc\u00f3 estos 200 a\u00f1os que est\u00e1 cumpliendo su municipio, estos 200 a\u00f1os va a ser emblem\u00e1tico para una Administraci\u00f3n, en la cual se celebran que han hecho muchas actividades ciudadanos como ustedes, personajes que han trabajado para tener el municipio que hoy tienen.\u201d<\/p>\n\n\n\n<p>El Presidente Felipe S\u00e1nchez, agradeci\u00f3 la presencia de las autoridades que lo acompa\u00f1aron al arranque de estas cuatro obras, muy importantes para Jiquipilco. Destac\u00f3 la gran importancia de trabajar en equipo para poder generar el desarrollo que se quiere lograr en este municipio. Tanto autoridades como ciudadanos ans\u00edan ver a su municipio en mejores condiciones, que cada una de sus comunidades logren ese desarrollo anhelado y no se queden rezagados.<\/p>\n\n\n\n<p>El alcalde resalt\u00f3 que el beneficio de estas obras, la disfrutar\u00e1n tanto quienes lo apoyaron, como quienes no. El Presidente trabaja para todos por igual, el compromiso es grande, y las autoridades est\u00e1n haciendo su mayor esfuerzo, para el beneficio de los jiquilpenses. Se\u00f1al\u00f3 que estas obras van a dar belleza e identidad al municipio, que ser\u00e1n funcionales, que ser\u00e1n \u00fatiles y que facilitar\u00e1n la vida de sus habitantes.<\/p>\n","protected":false},"excerpt":{"rendered":"<p>El Presidente Municipal de Jiquipilco, Felipe de Jes\u00fas S\u00e1nchez D\u00e1vila, en la b\u00fasqueda por remarcar la cultura propia de Jiquipilco y as\u00ed conmemorar los doscientos a\u00f1os que cumple como municipio consolidado; dio inici\u00f3 a cuatro obras que enmarcar\u00e1n este festejo<\/p>\n","protected":false},"author":1,"featured_media":3955,"comment_status":"open","ping_status":"open","sticky":false,"template":"","format":"standard","meta":{"footnotes":""},"categories":[5,12,1],"tags":[336,327,257],"class_list":["post-3954","post","type-post","status-publish","format-standard","has-post-thumbnail","hentry","category-cultura","category-politica","category-sociedad","tag-bicentenario","tag-felipe-sanchez-davila","tag-jiquipilco"],"yoast_head":"<!-- This site is optimized with the Yoast SEO plugin v24.9 - https:\/\/yoast.com\/wordpress\/plugins\/seo\/ -->\n<title>JIQUIPILCO FESTEJAR\u00c1 SU BICENTENARIO CON LA CONSTRUCCI\u00d3N DE CUATRO OBRAS IMPORTANTES: FELIPE S\u00c1NCHEZ - 21 Panorama<\/title>\n<meta name=\"robots\" content=\"index, follow, max-snippet:-1, max-image-preview:large, max-video-preview:-1\" \/>\n<link rel=\"canonical\" href=\"https:\/\/21panorama.com\/index.php\/2022\/07\/11\/jiquipilco-festejara-su-bicentenario-con-la-construccion-de-cuatro-obras-importantes-felipe-sanchez\/\" \/>\n<meta property=\"og:locale\" content=\"es_MX\" \/>\n<meta property=\"og:type\" content=\"article\" \/>\n<meta property=\"og:title\" content=\"JIQUIPILCO FESTEJAR\u00c1 SU BICENTENARIO CON LA CONSTRUCCI\u00d3N DE CUATRO OBRAS IMPORTANTES: FELIPE S\u00c1NCHEZ - 21 Panorama\" \/>\n<meta property=\"og:description\" content=\"El Presidente Municipal de Jiquipilco, Felipe de Jes\u00fas S\u00e1nchez D\u00e1vila, en la b\u00fasqueda por remarcar la cultura propia de Jiquipilco y as\u00ed conmemorar los doscientos a\u00f1os que cumple como municipio consolidado; dio inici\u00f3 a cuatro obras que enmarcar\u00e1n este festejo\" \/>\n<meta property=\"og:url\" content=\"https:\/\/21panorama.com\/index.php\/2022\/07\/11\/jiquipilco-festejara-su-bicentenario-con-la-construccion-de-cuatro-obras-importantes-felipe-sanchez\/\" \/>\n<meta property=\"og:site_name\" content=\"21 Panorama\" \/>\n<meta property=\"article:published_time\" content=\"2022-07-11T17:44:00+00:00\" \/>\n<meta property=\"article:modified_time\" content=\"2022-07-27T18:02:13+00:00\" \/>\n<meta property=\"og:image\" content=\"https:\/\/21panorama.com\/wp-content\/uploads\/2022\/07\/Jiquipilco-Bicentenario-inicio-de-obras-080722-6.jpg\" \/>\n\t<meta property=\"og:image:width\" content=\"2048\" \/>\n\t<meta property=\"og:image:height\" content=\"1365\" \/>\n\t<meta property=\"og:image:type\" content=\"image\/jpeg\" \/>\n<meta name=\"author\" content=\"admin\" \/>\n<meta name=\"twitter:card\" content=\"summary_large_image\" \/>\n<meta name=\"twitter:label1\" content=\"Escrito por\" \/>\n\t<meta name=\"twitter:data1\" content=\"admin\" \/>\n\t<meta name=\"twitter:label2\" content=\"Tiempo de lectura\" \/>\n\t<meta name=\"twitter:data2\" content=\"3 minutos\" \/>\n<script type=\"application\/ld+json\" class=\"yoast-schema-graph\">{\"@context\":\"https:\/\/schema.org\",\"@graph\":[{\"@type\":\"Article\",\"@id\":\"https:\/\/21panorama.com\/index.php\/2022\/07\/11\/jiquipilco-festejara-su-bicentenario-con-la-construccion-de-cuatro-obras-importantes-felipe-sanchez\/#article\",\"isPartOf\":{\"@id\":\"https:\/\/21panorama.com\/index.php\/2022\/07\/11\/jiquipilco-festejara-su-bicentenario-con-la-construccion-de-cuatro-obras-importantes-felipe-sanchez\/\"},\"author\":{\"name\":\"admin\",\"@id\":\"https:\/\/21panorama.com\/#\/schema\/person\/1afc291b96d5792a158768324287319f\"},\"headline\":\"JIQUIPILCO FESTEJAR\u00c1 SU BICENTENARIO CON LA CONSTRUCCI\u00d3N DE CUATRO OBRAS IMPORTANTES: FELIPE S\u00c1NCHEZ\",\"datePublished\":\"2022-07-11T17:44:00+00:00\",\"dateModified\":\"2022-07-27T18:02:13+00:00\",\"mainEntityOfPage\":{\"@id\":\"https:\/\/21panorama.com\/index.php\/2022\/07\/11\/jiquipilco-festejara-su-bicentenario-con-la-construccion-de-cuatro-obras-importantes-felipe-sanchez\/\"},\"wordCount\":669,\"commentCount\":0,\"publisher\":{\"@id\":\"https:\/\/21panorama.com\/#organization\"},\"image\":{\"@id\":\"https:\/\/21panorama.com\/index.php\/2022\/07\/11\/jiquipilco-festejara-su-bicentenario-con-la-construccion-de-cuatro-obras-importantes-felipe-sanchez\/#primaryimage\"},\"thumbnailUrl\":\"https:\/\/21panorama.com\/wp-content\/uploads\/2022\/07\/Jiquipilco-Bicentenario-inicio-de-obras-080722-6.jpg\",\"keywords\":[\"Bicentenario\",\"Felipe S\u00e1nchez D\u00e1vila\",\"Jiquipilco\"],\"articleSection\":[\"Cultura\",\"Politica\",\"Sociedad\"],\"inLanguage\":\"es\",\"potentialAction\":[{\"@type\":\"CommentAction\",\"name\":\"Comment\",\"target\":[\"https:\/\/21panorama.com\/index.php\/2022\/07\/11\/jiquipilco-festejara-su-bicentenario-con-la-construccion-de-cuatro-obras-importantes-felipe-sanchez\/#respond\"]}]},{\"@type\":\"WebPage\",\"@id\":\"https:\/\/21panorama.com\/index.php\/2022\/07\/11\/jiquipilco-festejara-su-bicentenario-con-la-construccion-de-cuatro-obras-importantes-felipe-sanchez\/\",\"url\":\"https:\/\/21panorama.com\/index.php\/2022\/07\/11\/jiquipilco-festejara-su-bicentenario-con-la-construccion-de-cuatro-obras-importantes-felipe-sanchez\/\",\"name\":\"JIQUIPILCO FESTEJAR\u00c1 SU BICENTENARIO CON LA CONSTRUCCI\u00d3N DE CUATRO OBRAS IMPORTANTES: FELIPE S\u00c1NCHEZ - 21 Panorama\",\"isPartOf\":{\"@id\":\"https:\/\/21panorama.com\/#website\"},\"primaryImageOfPage\":{\"@id\":\"https:\/\/21panorama.com\/index.php\/2022\/07\/11\/jiquipilco-festejara-su-bicentenario-con-la-construccion-de-cuatro-obras-importantes-felipe-sanchez\/#primaryimage\"},\"image\":{\"@id\":\"https:\/\/21panorama.com\/index.php\/2022\/07\/11\/jiquipilco-festejara-su-bicentenario-con-la-construccion-de-cuatro-obras-importantes-felipe-sanchez\/#primaryimage\"},\"thumbnailUrl\":\"https:\/\/21panorama.com\/wp-content\/uploads\/2022\/07\/Jiquipilco-Bicentenario-inicio-de-obras-080722-6.jpg\",\"datePublished\":\"2022-07-11T17:44:00+00:00\",\"dateModified\":\"2022-07-27T18:02:13+00:00\",\"breadcrumb\":{\"@id\":\"https:\/\/21panorama.com\/index.php\/2022\/07\/11\/jiquipilco-festejara-su-bicentenario-con-la-construccion-de-cuatro-obras-importantes-felipe-sanchez\/#breadcrumb\"},\"inLanguage\":\"es\",\"potentialAction\":[{\"@type\":\"ReadAction\",\"target\":[\"https:\/\/21panorama.com\/index.php\/2022\/07\/11\/jiquipilco-festejara-su-bicentenario-con-la-construccion-de-cuatro-obras-importantes-felipe-sanchez\/\"]}]},{\"@type\":\"ImageObject\",\"inLanguage\":\"es\",\"@id\":\"https:\/\/21panorama.com\/index.php\/2022\/07\/11\/jiquipilco-festejara-su-bicentenario-con-la-construccion-de-cuatro-obras-importantes-felipe-sanchez\/#primaryimage\",\"url\":\"https:\/\/21panorama.com\/wp-content\/uploads\/2022\/07\/Jiquipilco-Bicentenario-inicio-de-obras-080722-6.jpg\",\"contentUrl\":\"https:\/\/21panorama.com\/wp-content\/uploads\/2022\/07\/Jiquipilco-Bicentenario-inicio-de-obras-080722-6.jpg\",\"width\":2048,\"height\":1365},{\"@type\":\"BreadcrumbList\",\"@id\":\"https:\/\/21panorama.com\/index.php\/2022\/07\/11\/jiquipilco-festejara-su-bicentenario-con-la-construccion-de-cuatro-obras-importantes-felipe-sanchez\/#breadcrumb\",\"itemListElement\":[{\"@type\":\"ListItem\",\"position\":1,\"name\":\"Inicio\",\"item\":\"https:\/\/21panorama.com\/\"},{\"@type\":\"ListItem\",\"position\":2,\"name\":\"JIQUIPILCO FESTEJAR\u00c1 SU BICENTENARIO CON LA CONSTRUCCI\u00d3N DE CUATRO OBRAS IMPORTANTES: FELIPE S\u00c1NCHEZ\"}]},{\"@type\":\"WebSite\",\"@id\":\"https:\/\/21panorama.com\/#website\",\"url\":\"https:\/\/21panorama.com\/\",\"name\":\"21 Panorama\",\"description\":\"La construcci\u00f3n de la opini\u00f3n p\u00fablica merece un mejor Panorama en este siglo 21 para alcanzar una sociedad con mayor transparencia y sin corrupci\u00f3n.\",\"publisher\":{\"@id\":\"https:\/\/21panorama.com\/#organization\"},\"potentialAction\":[{\"@type\":\"SearchAction\",\"target\":{\"@type\":\"EntryPoint\",\"urlTemplate\":\"https:\/\/21panorama.com\/?s={search_term_string}\"},\"query-input\":{\"@type\":\"PropertyValueSpecification\",\"valueRequired\":true,\"valueName\":\"search_term_string\"}}],\"inLanguage\":\"es\"},{\"@type\":\"Organization\",\"@id\":\"https:\/\/21panorama.com\/#organization\",\"name\":\"21 Panorama\",\"url\":\"https:\/\/21panorama.com\/\",\"logo\":{\"@type\":\"ImageObject\",\"inLanguage\":\"es\",\"@id\":\"https:\/\/21panorama.com\/#\/schema\/logo\/image\/\",\"url\":\"https:\/\/21panorama.com\/wp-content\/uploads\/2019\/07\/cropped-Logo-Panorama-01.jpeg\",\"contentUrl\":\"https:\/\/21panorama.com\/wp-content\/uploads\/2019\/07\/cropped-Logo-Panorama-01.jpeg\",\"width\":290,\"height\":70,\"caption\":\"21 Panorama\"},\"image\":{\"@id\":\"https:\/\/21panorama.com\/#\/schema\/logo\/image\/\"}},{\"@type\":\"Person\",\"@id\":\"https:\/\/21panorama.com\/#\/schema\/person\/1afc291b96d5792a158768324287319f\",\"name\":\"admin\",\"image\":{\"@type\":\"ImageObject\",\"inLanguage\":\"es\",\"@id\":\"https:\/\/21panorama.com\/#\/schema\/person\/image\/\",\"url\":\"https:\/\/secure.gravatar.com\/avatar\/ad365d9d9f46719215b0d042cc3df92a5a8683e09ef13d102233e5491985f0f0?s=96&d=mm&r=g\",\"contentUrl\":\"https:\/\/secure.gravatar.com\/avatar\/ad365d9d9f46719215b0d042cc3df92a5a8683e09ef13d102233e5491985f0f0?s=96&d=mm&r=g\",\"caption\":\"admin\"},\"url\":\"https:\/\/21panorama.com\/index.php\/author\/admin\/\"}]}<\/script>\n<!-- \/ Yoast SEO plugin. -->","yoast_head_json":{"title":"JIQUIPILCO FESTEJAR\u00c1 SU BICENTENARIO CON LA CONSTRUCCI\u00d3N DE CUATRO OBRAS IMPORTANTES: FELIPE S\u00c1NCHEZ - 21 Panorama","robots":{"index":"index","follow":"follow","max-snippet":"max-snippet:-1","max-image-preview":"max-image-preview:large","max-video-preview":"max-video-preview:-1"},"canonical":"https:\/\/21panorama.com\/index.php\/2022\/07\/11\/jiquipilco-festejara-su-bicentenario-con-la-construccion-de-cuatro-obras-importantes-felipe-sanchez\/","og_locale":"es_MX","og_type":"article","og_title":"JIQUIPILCO FESTEJAR\u00c1 SU BICENTENARIO CON LA CONSTRUCCI\u00d3N DE CUATRO OBRAS IMPORTANTES: FELIPE S\u00c1NCHEZ - 21 Panorama","og_description":"El Presidente Municipal de Jiquipilco, Felipe de Jes\u00fas S\u00e1nchez D\u00e1vila, en la b\u00fasqueda por remarcar la cultura propia de Jiquipilco y as\u00ed conmemorar los doscientos a\u00f1os que cumple como municipio consolidado; dio inici\u00f3 a cuatro obras que enmarcar\u00e1n este festejo","og_url":"https:\/\/21panorama.com\/index.php\/2022\/07\/11\/jiquipilco-festejara-su-bicentenario-con-la-construccion-de-cuatro-obras-importantes-felipe-sanchez\/","og_site_name":"21 Panorama","article_published_time":"2022-07-11T17:44:00+00:00","article_modified_time":"2022-07-27T18:02:13+00:00","og_image":[{"width":2048,"height":1365,"url":"https:\/\/21panorama.com\/wp-content\/uploads\/2022\/07\/Jiquipilco-Bicentenario-inicio-de-obras-080722-6.jpg","type":"image\/jpeg"}],"author":"admin","twitter_card":"summary_large_image","twitter_misc":{"Escrito por":"admin","Tiempo de lectura":"3 minutos"},"schema":{"@context":"https:\/\/schema.org","@graph":[{"@type":"Article","@id":"https:\/\/21panorama.com\/index.php\/2022\/07\/11\/jiquipilco-festejara-su-bicentenario-con-la-construccion-de-cuatro-obras-importantes-felipe-sanchez\/#article","isPartOf":{"@id":"https:\/\/21panorama.com\/index.php\/2022\/07\/11\/jiquipilco-festejara-su-bicentenario-con-la-construccion-de-cuatro-obras-importantes-felipe-sanchez\/"},"author":{"name":"admin","@id":"https:\/\/21panorama.com\/#\/schema\/person\/1afc291b96d5792a158768324287319f"},"headline":"JIQUIPILCO FESTEJAR\u00c1 SU BICENTENARIO CON LA CONSTRUCCI\u00d3N DE CUATRO OBRAS IMPORTANTES: FELIPE S\u00c1NCHEZ","datePublished":"2022-07-11T17:44:00+00:00","dateModified":"2022-07-27T18:02:13+00:00","mainEntityOfPage":{"@id":"https:\/\/21panorama.com\/index.php\/2022\/07\/11\/jiquipilco-festejara-su-bicentenario-con-la-construccion-de-cuatro-obras-importantes-felipe-sanchez\/"},"wordCount":669,"commentCount":0,"publisher":{"@id":"https:\/\/21panorama.com\/#organization"},"image":{"@id":"https:\/\/21panorama.com\/index.php\/2022\/07\/11\/jiquipilco-festejara-su-bicentenario-con-la-construccion-de-cuatro-obras-importantes-felipe-sanchez\/#primaryimage"},"thumbnailUrl":"https:\/\/21panorama.com\/wp-content\/uploads\/2022\/07\/Jiquipilco-Bicentenario-inicio-de-obras-080722-6.jpg","keywords":["Bicentenario","Felipe S\u00e1nchez D\u00e1vila","Jiquipilco"],"articleSection":["Cultura","Politica","Sociedad"],"inLanguage":"es","potentialAction":[{"@type":"CommentAction","name":"Comment","target":["https:\/\/21panorama.com\/index.php\/2022\/07\/11\/jiquipilco-festejara-su-bicentenario-con-la-construccion-de-cuatro-obras-importantes-felipe-sanchez\/#respond"]}]},{"@type":"WebPage","@id":"https:\/\/21panorama.com\/index.php\/2022\/07\/11\/jiquipilco-festejara-su-bicentenario-con-la-construccion-de-cuatro-obras-importantes-felipe-sanchez\/","url":"https:\/\/21panorama.com\/index.php\/2022\/07\/11\/jiquipilco-festejara-su-bicentenario-con-la-construccion-de-cuatro-obras-importantes-felipe-sanchez\/","name":"JIQUIPILCO FESTEJAR\u00c1 SU BICENTENARIO CON LA CONSTRUCCI\u00d3N DE CUATRO OBRAS IMPORTANTES: FELIPE S\u00c1NCHEZ - 21 Panorama","isPartOf":{"@id":"https:\/\/21panorama.com\/#website"},"primaryImageOfPage":{"@id":"https:\/\/21panorama.com\/index.php\/2022\/07\/11\/jiquipilco-festejara-su-bicentenario-con-la-construccion-de-cuatro-obras-importantes-felipe-sanchez\/#primaryimage"},"image":{"@id":"https:\/\/21panorama.com\/index.php\/2022\/07\/11\/jiquipilco-festejara-su-bicentenario-con-la-construccion-de-cuatro-obras-importantes-felipe-sanchez\/#primaryimage"},"thumbnailUrl":"https:\/\/21panorama.com\/wp-content\/uploads\/2022\/07\/Jiquipilco-Bicentenario-inicio-de-obras-080722-6.jpg","datePublished":"2022-07-11T17:44:00+00:00","dateModified":"2022-07-27T18:02:13+00:00","breadcrumb":{"@id":"https:\/\/21panorama.com\/index.php\/2022\/07\/11\/jiquipilco-festejara-su-bicentenario-con-la-construccion-de-cuatro-obras-importantes-felipe-sanchez\/#breadcrumb"},"inLanguage":"es","potentialAction":[{"@type":"ReadAction","target":["https:\/\/21panorama.com\/index.php\/2022\/07\/11\/jiquipilco-festejara-su-bicentenario-con-la-construccion-de-cuatro-obras-importantes-felipe-sanchez\/"]}]},{"@type":"ImageObject","inLanguage":"es","@id":"https:\/\/21panorama.com\/index.php\/2022\/07\/11\/jiquipilco-festejara-su-bicentenario-con-la-construccion-de-cuatro-obras-importantes-felipe-sanchez\/#primaryimage","url":"https:\/\/21panorama.com\/wp-content\/uploads\/2022\/07\/Jiquipilco-Bicentenario-inicio-de-obras-080722-6.jpg","contentUrl":"https:\/\/21panorama.com\/wp-content\/uploads\/2022\/07\/Jiquipilco-Bicentenario-inicio-de-obras-080722-6.jpg","width":2048,"height":1365},{"@type":"BreadcrumbList","@id":"https:\/\/21panorama.com\/index.php\/2022\/07\/11\/jiquipilco-festejara-su-bicentenario-con-la-construccion-de-cuatro-obras-importantes-felipe-sanchez\/#breadcrumb","itemListElement":[{"@type":"ListItem","position":1,"name":"Inicio","item":"https:\/\/21panorama.com\/"},{"@type":"ListItem","position":2,"name":"JIQUIPILCO FESTEJAR\u00c1 SU BICENTENARIO CON LA CONSTRUCCI\u00d3N DE CUATRO OBRAS IMPORTANTES: FELIPE S\u00c1NCHEZ"}]},{"@type":"WebSite","@id":"https:\/\/21panorama.com\/#website","url":"https:\/\/21panorama.com\/","name":"21 Panorama","description":"La construcci\u00f3n de la opini\u00f3n p\u00fablica merece un mejor Panorama en este siglo 21 para alcanzar una sociedad con mayor transparencia y sin corrupci\u00f3n.","publisher":{"@id":"https:\/\/21panorama.com\/#organization"},"potentialAction":[{"@type":"SearchAction","target":{"@type":"EntryPoint","urlTemplate":"https:\/\/21panorama.com\/?s={search_term_string}"},"query-input":{"@type":"PropertyValueSpecification","valueRequired":true,"valueName":"search_term_string"}}],"inLanguage":"es"},{"@type":"Organization","@id":"https:\/\/21panorama.com\/#organization","name":"21 Panorama","url":"https:\/\/21panorama.com\/","logo":{"@type":"ImageObject","inLanguage":"es","@id":"https:\/\/21panorama.com\/#\/schema\/logo\/image\/","url":"https:\/\/21panorama.com\/wp-content\/uploads\/2019\/07\/cropped-Logo-Panorama-01.jpeg","contentUrl":"https:\/\/21panorama.com\/wp-content\/uploads\/2019\/07\/cropped-Logo-Panorama-01.jpeg","width":290,"height":70,"caption":"21 Panorama"},"image":{"@id":"https:\/\/21panorama.com\/#\/schema\/logo\/image\/"}},{"@type":"Person","@id":"https:\/\/21panorama.com\/#\/schema\/person\/1afc291b96d5792a158768324287319f","name":"admin","image":{"@type":"ImageObject","inLanguage":"es","@id":"https:\/\/21panorama.com\/#\/schema\/person\/image\/","url":"https:\/\/secure.gravatar.com\/avatar\/ad365d9d9f46719215b0d042cc3df92a5a8683e09ef13d102233e5491985f0f0?s=96&d=mm&r=g","contentUrl":"https:\/\/secure.gravatar.com\/avatar\/ad365d9d9f46719215b0d042cc3df92a5a8683e09ef13d102233e5491985f0f0?s=96&d=mm&r=g","caption":"admin"},"url":"https:\/\/21panorama.com\/index.php\/author\/admin\/"}]}},"_links":{"self":[{"href":"https:\/\/21panorama.com\/index.php\/wp-json\/wp\/v2\/posts\/3954","targetHints":{"allow":["GET"]}}],"collection":[{"href":"https:\/\/21panorama.com\/index.php\/wp-json\/wp\/v2\/posts"}],"about":[{"href":"https:\/\/21panorama.com\/index.php\/wp-json\/wp\/v2\/types\/post"}],"author":[{"embeddable":true,"href":"https:\/\/21panorama.com\/index.php\/wp-json\/wp\/v2\/users\/1"}],"replies":[{"embeddable":true,"href":"https:\/\/21panorama.com\/index.php\/wp-json\/wp\/v2\/comments?post=3954"}],"version-history":[{"count":1,"href":"https:\/\/21panorama.com\/index.php\/wp-json\/wp\/v2\/posts\/3954\/revisions"}],"predecessor-version":[{"id":3957,"href":"https:\/\/21panorama.com\/index.php\/wp-json\/wp\/v2\/posts\/3954\/revisions\/3957"}],"wp:featuredmedia":[{"embeddable":true,"href":"https:\/\/21panorama.com\/index.php\/wp-json\/wp\/v2\/media\/3955"}],"wp:attachment":[{"href":"https:\/\/21panorama.com\/index.php\/wp-json\/wp\/v2\/media?parent=3954"}],"wp:term":[{"taxonomy":"category","embeddable":true,"href":"https:\/\/21panorama.com\/index.php\/wp-json\/wp\/v2\/categories?post=3954"},{"taxonomy":"post_tag","embeddable":true,"href":"https:\/\/21panorama.com\/index.php\/wp-json\/wp\/v2\/tags?post=3954"}],"curies":[{"name":"wp","href":"https:\/\/api.w.org\/{rel}","templated":true}]}}