{"id":3945,"date":"2022-07-19T20:58:00","date_gmt":"2022-07-20T01:58:00","guid":{"rendered":"https:\/\/21panorama.com\/?p=3945"},"modified":"2022-07-20T21:02:11","modified_gmt":"2022-07-21T02:02:11","slug":"ceremonia-de-los-202-anos-de-ereccion-del-municipio-de-ixtlahuaca","status":"publish","type":"post","link":"https:\/\/21panorama.com\/index.php\/2022\/07\/19\/ceremonia-de-los-202-anos-de-ereccion-del-municipio-de-ixtlahuaca\/","title":{"rendered":"CEREMONIA DE LOS 202 A\u00d1OS DE ERECCI\u00d3N DEL MUNICIPIO DE IXTLAHUACA"},"content":{"rendered":"\n<p><\/p>\n\n\n\n<p>El Diputado Federal Gustavo C\u00e1rdenas Monroy asisti\u00f3 a la Ceremonia de los 202 a\u00f1os de Erecci\u00f3n del Municipio de Ixtlahuaca, d\u00f3nde acompa\u00f1\u00f3 a la representante del Gobernador, Lic. Diana P\u00e9rez Barrag\u00e1n y al Presidente Municipal, Ing. Abuzeid Lozano Casta\u00f1eda.<\/p>\n\n\n\n<p>El Diputado Federal agradeci\u00f3 la invitaci\u00f3n del Alcalde de Ixtlahuaca, y coment\u00f3 que Ixtlahuaca va m\u00e1s all\u00e1 de los 202 a\u00f1os, porque los vestigios que hay en la regi\u00f3n as\u00ed lo mandatan, siendo importante el hecho de estar en la Plaza Ray\u00f3n, una plaza donde hay que manifestar el respeto y la seriedad.<\/p>\n\n\n\n<p>Siendo motivo de la celebraci\u00f3n del 202 aniversario y tambi\u00e9n el reconocimiento que hace la autoridad y el pueblo de Ixtlahuaca a qui\u00e9n se destaca por su labor en favor del desarrollo, de la cultura, de la educaci\u00f3n, las actividades econ\u00f3micas, deportivas y todo aquello que le da un alto honor al pueblo de Ixtlahuaca.<\/p>\n\n\n\n<p>Se reconocieron a 9 personalidades originarias de Ixtlahuaca quienes en este d\u00eda fueron galardonados. El Legislador Federal coment\u00f3 que Ixtlahuaca es un municipio con un pasado exitoso, la revoluci\u00f3n, la independencia seguramente que la reforma, fueron etapas que consolidaron a este municipio, prueba de ello la Plaza Ray\u00f3n d\u00f3nde se encuentra la estatua de este importante personaje de la Independencia.<\/p>\n\n\n\n<p>As\u00ed mismo mencion\u00f3 que Ixtlahuaca representa una gran centralidad econ\u00f3mica y cultural, la actividad primaria juega un papel fundamental, los servicios y el comercio, as\u00ed como la industria les dan abrigo a las actividades para el sost\u00e9n familiar, es el coloso del norte, la puerta del norte de este gran Estado, la Zona Dorada del Estado de M\u00e9xico donde Ixtlahuaca ha jugado un papel fundamental.<\/p>\n\n\n\n<p>Con mucha responsabilidad en el presente, d\u00f3nde hay que actuar en el ambiente de pluralidad, pero no dividiendo, sino con la obligaci\u00f3n de unir, de sumar y de poder hacer cada d\u00eda m\u00e1s digno a este Municipio de Ixtlahuaca, y el futuro es el que se quiere construir, un mejor futuro para las nuevas generaciones, como hoy en el seno de los galardonados se encuentran j\u00f3venes destacados poniendo en alto el nombre de Ixtlahuaca, por eso hoy es un d\u00eda muy especial para este gran pueblo que debe sentirse muy orgulloso.<\/p>\n\n\n\n<p>El Diputado realiz\u00f3 una menci\u00f3n especial en este d\u00eda a la Secretaria del Campo Leticia Mej\u00eda Garc\u00eda originaria de Ixtlahuaca y qui\u00e9n est\u00e1 escribiendo en la historia de este pueblo, un lugar muy destacado para las mujeres, porque es la primer mujer de Ixtlahuaca que forma parte de un Gabinete del Gobierno del Estado y lo est\u00e1 ocupado porque tiene sus m\u00e9ritos propios y el impulso que le ha dado el pueblo de Ixtlahuaca.<\/p>\n\n\n\n<p>C\u00e1rdenas Monroy destac\u00f3 la presencia en este evento de ex presidentes municipales, de quienes tienen una responsabilidad p\u00fablica, de quienes integran el ayuntamiento, pero muy en especial de mujeres y hombres de Ixtlahuaca a quienes invit\u00f3 a seguir fortaleciendo la identidad, los principios y valores que le dan un lugar \u00fanico a Ixtlahuaca en el \u00e1mbito nacional y estatal.<\/p>\n\n\n\n<p>Los galardonados fueron:<\/p>\n\n\n\n<p>Mtra. Leticia Mej\u00eda Garc\u00eda, Presea de Honor al m\u00e9rito ixtlahuaquense en la categor\u00eda de Administraci\u00f3n P\u00fablica<\/p>\n\n\n\n<p>Mtra. M\u00f3nica de la Luz Su\u00e1rez Cort\u00e9s, Presea de Honor en la categor\u00eda de Administraci\u00f3n P\u00fablica<\/p>\n\n\n\n<p>Profr. Norberto Jos\u00e9 P\u00e9rez Mondrag\u00f3n, Presea de Honor en la categor\u00eda de Pedagog\u00eda y Ciencias<\/p>\n\n\n\n<p>Profr. Ernesto Mercado Medrano, Presea de Honor en la categor\u00eda de Pedagog\u00eda y Ciencias<\/p>\n\n\n\n<p>Mtra. Sandra Mat\u00edas Ortega, Presea de Honor en la categor\u00eda de Pedagog\u00eda y Ciencias<\/p>\n\n\n\n<p>Dr. Eduardo Te\u00f3filo Salvador, Presea de Honor en la categor\u00eda de Pedagog\u00eda y Ciencias<\/p>\n\n\n\n<p>M.V.Z. Yazm\u00edn Estrada Barrera, Presea de Honor en la categor\u00eda de Periodismo, Artes y Letras<\/p>\n\n\n\n<p>Profr. Inocente Mart\u00ednez Gonz\u00e1lez, Presea de Honor Post Mortem<\/p>\n\n\n\n<p>C. Mart\u00edn Aurelio Reyes Rivera, Presea de Honor Post Mortem<\/p>\n","protected":false},"excerpt":{"rendered":"<p>El Diputado Federal Gustavo C\u00e1rdenas Monroy asisti\u00f3 a la Ceremonia de los 202 a\u00f1os de Erecci\u00f3n del Municipio de Ixtlahuaca, d\u00f3nde acompa\u00f1\u00f3 a la representante del Gobernador, Lic. Diana P\u00e9rez Barrag\u00e1n y al Presidente Municipal, Ing. Abuzeid Lozano Casta\u00f1eda.<\/p>\n","protected":false},"author":1,"featured_media":3946,"comment_status":"open","ping_status":"open","sticky":false,"template":"","format":"standard","meta":{"footnotes":""},"categories":[12,1],"tags":[315,244],"class_list":["post-3945","post","type-post","status-publish","format-standard","has-post-thumbnail","hentry","category-politica","category-sociedad","tag-gustavo-cardenas","tag-ixtlahuaca"],"yoast_head":"<!-- This site is optimized with the Yoast SEO plugin v24.9 - https:\/\/yoast.com\/wordpress\/plugins\/seo\/ -->\n<title>CEREMONIA DE LOS 202 A\u00d1OS DE ERECCI\u00d3N DEL MUNICIPIO DE IXTLAHUACA - 21 Panorama<\/title>\n<meta name=\"robots\" content=\"index, follow, max-snippet:-1, max-image-preview:large, max-video-preview:-1\" \/>\n<link rel=\"canonical\" href=\"https:\/\/21panorama.com\/index.php\/2022\/07\/19\/ceremonia-de-los-202-anos-de-ereccion-del-municipio-de-ixtlahuaca\/\" \/>\n<meta property=\"og:locale\" content=\"es_MX\" \/>\n<meta property=\"og:type\" content=\"article\" \/>\n<meta property=\"og:title\" content=\"CEREMONIA DE LOS 202 A\u00d1OS DE ERECCI\u00d3N DEL MUNICIPIO DE IXTLAHUACA - 21 Panorama\" \/>\n<meta property=\"og:description\" content=\"El Diputado Federal Gustavo C\u00e1rdenas Monroy asisti\u00f3 a la Ceremonia de los 202 a\u00f1os de Erecci\u00f3n del Municipio de Ixtlahuaca, d\u00f3nde acompa\u00f1\u00f3 a la representante del Gobernador, Lic. Diana P\u00e9rez Barrag\u00e1n y al Presidente Municipal, Ing. Abuzeid Lozano Casta\u00f1eda.\" \/>\n<meta property=\"og:url\" content=\"https:\/\/21panorama.com\/index.php\/2022\/07\/19\/ceremonia-de-los-202-anos-de-ereccion-del-municipio-de-ixtlahuaca\/\" \/>\n<meta property=\"og:site_name\" content=\"21 Panorama\" \/>\n<meta property=\"article:published_time\" content=\"2022-07-20T01:58:00+00:00\" \/>\n<meta property=\"article:modified_time\" content=\"2022-07-21T02:02:11+00:00\" \/>\n<meta property=\"og:image\" content=\"https:\/\/21panorama.com\/wp-content\/uploads\/2022\/07\/Ixtlahuaca-202-anos-180722-9.jpg\" \/>\n\t<meta property=\"og:image:width\" content=\"1024\" \/>\n\t<meta property=\"og:image:height\" content=\"576\" \/>\n\t<meta property=\"og:image:type\" content=\"image\/jpeg\" \/>\n<meta name=\"author\" content=\"admin\" \/>\n<meta name=\"twitter:card\" content=\"summary_large_image\" \/>\n<meta name=\"twitter:label1\" content=\"Escrito por\" \/>\n\t<meta name=\"twitter:data1\" content=\"admin\" \/>\n\t<meta name=\"twitter:label2\" content=\"Tiempo de lectura\" \/>\n\t<meta name=\"twitter:data2\" content=\"3 minutos\" \/>\n<script type=\"application\/ld+json\" class=\"yoast-schema-graph\">{\"@context\":\"https:\/\/schema.org\",\"@graph\":[{\"@type\":\"Article\",\"@id\":\"https:\/\/21panorama.com\/index.php\/2022\/07\/19\/ceremonia-de-los-202-anos-de-ereccion-del-municipio-de-ixtlahuaca\/#article\",\"isPartOf\":{\"@id\":\"https:\/\/21panorama.com\/index.php\/2022\/07\/19\/ceremonia-de-los-202-anos-de-ereccion-del-municipio-de-ixtlahuaca\/\"},\"author\":{\"name\":\"admin\",\"@id\":\"https:\/\/21panorama.com\/#\/schema\/person\/1afc291b96d5792a158768324287319f\"},\"headline\":\"CEREMONIA DE LOS 202 A\u00d1OS DE ERECCI\u00d3N DEL MUNICIPIO DE IXTLAHUACA\",\"datePublished\":\"2022-07-20T01:58:00+00:00\",\"dateModified\":\"2022-07-21T02:02:11+00:00\",\"mainEntityOfPage\":{\"@id\":\"https:\/\/21panorama.com\/index.php\/2022\/07\/19\/ceremonia-de-los-202-anos-de-ereccion-del-municipio-de-ixtlahuaca\/\"},\"wordCount\":699,\"commentCount\":0,\"publisher\":{\"@id\":\"https:\/\/21panorama.com\/#organization\"},\"image\":{\"@id\":\"https:\/\/21panorama.com\/index.php\/2022\/07\/19\/ceremonia-de-los-202-anos-de-ereccion-del-municipio-de-ixtlahuaca\/#primaryimage\"},\"thumbnailUrl\":\"https:\/\/21panorama.com\/wp-content\/uploads\/2022\/07\/Ixtlahuaca-202-anos-180722-9.jpg\",\"keywords\":[\"GUSTAVO C\u00c1RDENAS\",\"IXTLAHUACA\"],\"articleSection\":[\"Politica\",\"Sociedad\"],\"inLanguage\":\"es\",\"potentialAction\":[{\"@type\":\"CommentAction\",\"name\":\"Comment\",\"target\":[\"https:\/\/21panorama.com\/index.php\/2022\/07\/19\/ceremonia-de-los-202-anos-de-ereccion-del-municipio-de-ixtlahuaca\/#respond\"]}]},{\"@type\":\"WebPage\",\"@id\":\"https:\/\/21panorama.com\/index.php\/2022\/07\/19\/ceremonia-de-los-202-anos-de-ereccion-del-municipio-de-ixtlahuaca\/\",\"url\":\"https:\/\/21panorama.com\/index.php\/2022\/07\/19\/ceremonia-de-los-202-anos-de-ereccion-del-municipio-de-ixtlahuaca\/\",\"name\":\"CEREMONIA DE LOS 202 A\u00d1OS DE ERECCI\u00d3N DEL MUNICIPIO DE IXTLAHUACA - 21 Panorama\",\"isPartOf\":{\"@id\":\"https:\/\/21panorama.com\/#website\"},\"primaryImageOfPage\":{\"@id\":\"https:\/\/21panorama.com\/index.php\/2022\/07\/19\/ceremonia-de-los-202-anos-de-ereccion-del-municipio-de-ixtlahuaca\/#primaryimage\"},\"image\":{\"@id\":\"https:\/\/21panorama.com\/index.php\/2022\/07\/19\/ceremonia-de-los-202-anos-de-ereccion-del-municipio-de-ixtlahuaca\/#primaryimage\"},\"thumbnailUrl\":\"https:\/\/21panorama.com\/wp-content\/uploads\/2022\/07\/Ixtlahuaca-202-anos-180722-9.jpg\",\"datePublished\":\"2022-07-20T01:58:00+00:00\",\"dateModified\":\"2022-07-21T02:02:11+00:00\",\"breadcrumb\":{\"@id\":\"https:\/\/21panorama.com\/index.php\/2022\/07\/19\/ceremonia-de-los-202-anos-de-ereccion-del-municipio-de-ixtlahuaca\/#breadcrumb\"},\"inLanguage\":\"es\",\"potentialAction\":[{\"@type\":\"ReadAction\",\"target\":[\"https:\/\/21panorama.com\/index.php\/2022\/07\/19\/ceremonia-de-los-202-anos-de-ereccion-del-municipio-de-ixtlahuaca\/\"]}]},{\"@type\":\"ImageObject\",\"inLanguage\":\"es\",\"@id\":\"https:\/\/21panorama.com\/index.php\/2022\/07\/19\/ceremonia-de-los-202-anos-de-ereccion-del-municipio-de-ixtlahuaca\/#primaryimage\",\"url\":\"https:\/\/21panorama.com\/wp-content\/uploads\/2022\/07\/Ixtlahuaca-202-anos-180722-9.jpg\",\"contentUrl\":\"https:\/\/21panorama.com\/wp-content\/uploads\/2022\/07\/Ixtlahuaca-202-anos-180722-9.jpg\",\"width\":1024,\"height\":576},{\"@type\":\"BreadcrumbList\",\"@id\":\"https:\/\/21panorama.com\/index.php\/2022\/07\/19\/ceremonia-de-los-202-anos-de-ereccion-del-municipio-de-ixtlahuaca\/#breadcrumb\",\"itemListElement\":[{\"@type\":\"ListItem\",\"position\":1,\"name\":\"Inicio\",\"item\":\"https:\/\/21panorama.com\/\"},{\"@type\":\"ListItem\",\"position\":2,\"name\":\"CEREMONIA DE LOS 202 A\u00d1OS DE ERECCI\u00d3N DEL MUNICIPIO DE IXTLAHUACA\"}]},{\"@type\":\"WebSite\",\"@id\":\"https:\/\/21panorama.com\/#website\",\"url\":\"https:\/\/21panorama.com\/\",\"name\":\"21 Panorama\",\"description\":\"La construcci\u00f3n de la opini\u00f3n p\u00fablica merece un mejor Panorama en este siglo 21 para alcanzar una sociedad con mayor transparencia y sin corrupci\u00f3n.\",\"publisher\":{\"@id\":\"https:\/\/21panorama.com\/#organization\"},\"potentialAction\":[{\"@type\":\"SearchAction\",\"target\":{\"@type\":\"EntryPoint\",\"urlTemplate\":\"https:\/\/21panorama.com\/?s={search_term_string}\"},\"query-input\":{\"@type\":\"PropertyValueSpecification\",\"valueRequired\":true,\"valueName\":\"search_term_string\"}}],\"inLanguage\":\"es\"},{\"@type\":\"Organization\",\"@id\":\"https:\/\/21panorama.com\/#organization\",\"name\":\"21 Panorama\",\"url\":\"https:\/\/21panorama.com\/\",\"logo\":{\"@type\":\"ImageObject\",\"inLanguage\":\"es\",\"@id\":\"https:\/\/21panorama.com\/#\/schema\/logo\/image\/\",\"url\":\"https:\/\/21panorama.com\/wp-content\/uploads\/2019\/07\/cropped-Logo-Panorama-01.jpeg\",\"contentUrl\":\"https:\/\/21panorama.com\/wp-content\/uploads\/2019\/07\/cropped-Logo-Panorama-01.jpeg\",\"width\":290,\"height\":70,\"caption\":\"21 Panorama\"},\"image\":{\"@id\":\"https:\/\/21panorama.com\/#\/schema\/logo\/image\/\"}},{\"@type\":\"Person\",\"@id\":\"https:\/\/21panorama.com\/#\/schema\/person\/1afc291b96d5792a158768324287319f\",\"name\":\"admin\",\"image\":{\"@type\":\"ImageObject\",\"inLanguage\":\"es\",\"@id\":\"https:\/\/21panorama.com\/#\/schema\/person\/image\/\",\"url\":\"https:\/\/secure.gravatar.com\/avatar\/ad365d9d9f46719215b0d042cc3df92a5a8683e09ef13d102233e5491985f0f0?s=96&d=mm&r=g\",\"contentUrl\":\"https:\/\/secure.gravatar.com\/avatar\/ad365d9d9f46719215b0d042cc3df92a5a8683e09ef13d102233e5491985f0f0?s=96&d=mm&r=g\",\"caption\":\"admin\"},\"url\":\"https:\/\/21panorama.com\/index.php\/author\/admin\/\"}]}<\/script>\n<!-- \/ Yoast SEO plugin. -->","yoast_head_json":{"title":"CEREMONIA DE LOS 202 A\u00d1OS DE ERECCI\u00d3N DEL MUNICIPIO DE IXTLAHUACA - 21 Panorama","robots":{"index":"index","follow":"follow","max-snippet":"max-snippet:-1","max-image-preview":"max-image-preview:large","max-video-preview":"max-video-preview:-1"},"canonical":"https:\/\/21panorama.com\/index.php\/2022\/07\/19\/ceremonia-de-los-202-anos-de-ereccion-del-municipio-de-ixtlahuaca\/","og_locale":"es_MX","og_type":"article","og_title":"CEREMONIA DE LOS 202 A\u00d1OS DE ERECCI\u00d3N DEL MUNICIPIO DE IXTLAHUACA - 21 Panorama","og_description":"El Diputado Federal Gustavo C\u00e1rdenas Monroy asisti\u00f3 a la Ceremonia de los 202 a\u00f1os de Erecci\u00f3n del Municipio de Ixtlahuaca, d\u00f3nde acompa\u00f1\u00f3 a la representante del Gobernador, Lic. Diana P\u00e9rez Barrag\u00e1n y al Presidente Municipal, Ing. Abuzeid Lozano Casta\u00f1eda.","og_url":"https:\/\/21panorama.com\/index.php\/2022\/07\/19\/ceremonia-de-los-202-anos-de-ereccion-del-municipio-de-ixtlahuaca\/","og_site_name":"21 Panorama","article_published_time":"2022-07-20T01:58:00+00:00","article_modified_time":"2022-07-21T02:02:11+00:00","og_image":[{"width":1024,"height":576,"url":"https:\/\/21panorama.com\/wp-content\/uploads\/2022\/07\/Ixtlahuaca-202-anos-180722-9.jpg","type":"image\/jpeg"}],"author":"admin","twitter_card":"summary_large_image","twitter_misc":{"Escrito por":"admin","Tiempo de lectura":"3 minutos"},"schema":{"@context":"https:\/\/schema.org","@graph":[{"@type":"Article","@id":"https:\/\/21panorama.com\/index.php\/2022\/07\/19\/ceremonia-de-los-202-anos-de-ereccion-del-municipio-de-ixtlahuaca\/#article","isPartOf":{"@id":"https:\/\/21panorama.com\/index.php\/2022\/07\/19\/ceremonia-de-los-202-anos-de-ereccion-del-municipio-de-ixtlahuaca\/"},"author":{"name":"admin","@id":"https:\/\/21panorama.com\/#\/schema\/person\/1afc291b96d5792a158768324287319f"},"headline":"CEREMONIA DE LOS 202 A\u00d1OS DE ERECCI\u00d3N DEL MUNICIPIO DE IXTLAHUACA","datePublished":"2022-07-20T01:58:00+00:00","dateModified":"2022-07-21T02:02:11+00:00","mainEntityOfPage":{"@id":"https:\/\/21panorama.com\/index.php\/2022\/07\/19\/ceremonia-de-los-202-anos-de-ereccion-del-municipio-de-ixtlahuaca\/"},"wordCount":699,"commentCount":0,"publisher":{"@id":"https:\/\/21panorama.com\/#organization"},"image":{"@id":"https:\/\/21panorama.com\/index.php\/2022\/07\/19\/ceremonia-de-los-202-anos-de-ereccion-del-municipio-de-ixtlahuaca\/#primaryimage"},"thumbnailUrl":"https:\/\/21panorama.com\/wp-content\/uploads\/2022\/07\/Ixtlahuaca-202-anos-180722-9.jpg","keywords":["GUSTAVO C\u00c1RDENAS","IXTLAHUACA"],"articleSection":["Politica","Sociedad"],"inLanguage":"es","potentialAction":[{"@type":"CommentAction","name":"Comment","target":["https:\/\/21panorama.com\/index.php\/2022\/07\/19\/ceremonia-de-los-202-anos-de-ereccion-del-municipio-de-ixtlahuaca\/#respond"]}]},{"@type":"WebPage","@id":"https:\/\/21panorama.com\/index.php\/2022\/07\/19\/ceremonia-de-los-202-anos-de-ereccion-del-municipio-de-ixtlahuaca\/","url":"https:\/\/21panorama.com\/index.php\/2022\/07\/19\/ceremonia-de-los-202-anos-de-ereccion-del-municipio-de-ixtlahuaca\/","name":"CEREMONIA DE LOS 202 A\u00d1OS DE ERECCI\u00d3N DEL MUNICIPIO DE IXTLAHUACA - 21 Panorama","isPartOf":{"@id":"https:\/\/21panorama.com\/#website"},"primaryImageOfPage":{"@id":"https:\/\/21panorama.com\/index.php\/2022\/07\/19\/ceremonia-de-los-202-anos-de-ereccion-del-municipio-de-ixtlahuaca\/#primaryimage"},"image":{"@id":"https:\/\/21panorama.com\/index.php\/2022\/07\/19\/ceremonia-de-los-202-anos-de-ereccion-del-municipio-de-ixtlahuaca\/#primaryimage"},"thumbnailUrl":"https:\/\/21panorama.com\/wp-content\/uploads\/2022\/07\/Ixtlahuaca-202-anos-180722-9.jpg","datePublished":"2022-07-20T01:58:00+00:00","dateModified":"2022-07-21T02:02:11+00:00","breadcrumb":{"@id":"https:\/\/21panorama.com\/index.php\/2022\/07\/19\/ceremonia-de-los-202-anos-de-ereccion-del-municipio-de-ixtlahuaca\/#breadcrumb"},"inLanguage":"es","potentialAction":[{"@type":"ReadAction","target":["https:\/\/21panorama.com\/index.php\/2022\/07\/19\/ceremonia-de-los-202-anos-de-ereccion-del-municipio-de-ixtlahuaca\/"]}]},{"@type":"ImageObject","inLanguage":"es","@id":"https:\/\/21panorama.com\/index.php\/2022\/07\/19\/ceremonia-de-los-202-anos-de-ereccion-del-municipio-de-ixtlahuaca\/#primaryimage","url":"https:\/\/21panorama.com\/wp-content\/uploads\/2022\/07\/Ixtlahuaca-202-anos-180722-9.jpg","contentUrl":"https:\/\/21panorama.com\/wp-content\/uploads\/2022\/07\/Ixtlahuaca-202-anos-180722-9.jpg","width":1024,"height":576},{"@type":"BreadcrumbList","@id":"https:\/\/21panorama.com\/index.php\/2022\/07\/19\/ceremonia-de-los-202-anos-de-ereccion-del-municipio-de-ixtlahuaca\/#breadcrumb","itemListElement":[{"@type":"ListItem","position":1,"name":"Inicio","item":"https:\/\/21panorama.com\/"},{"@type":"ListItem","position":2,"name":"CEREMONIA DE LOS 202 A\u00d1OS DE ERECCI\u00d3N DEL MUNICIPIO DE IXTLAHUACA"}]},{"@type":"WebSite","@id":"https:\/\/21panorama.com\/#website","url":"https:\/\/21panorama.com\/","name":"21 Panorama","description":"La construcci\u00f3n de la opini\u00f3n p\u00fablica merece un mejor Panorama en este siglo 21 para alcanzar una sociedad con mayor transparencia y sin corrupci\u00f3n.","publisher":{"@id":"https:\/\/21panorama.com\/#organization"},"potentialAction":[{"@type":"SearchAction","target":{"@type":"EntryPoint","urlTemplate":"https:\/\/21panorama.com\/?s={search_term_string}"},"query-input":{"@type":"PropertyValueSpecification","valueRequired":true,"valueName":"search_term_string"}}],"inLanguage":"es"},{"@type":"Organization","@id":"https:\/\/21panorama.com\/#organization","name":"21 Panorama","url":"https:\/\/21panorama.com\/","logo":{"@type":"ImageObject","inLanguage":"es","@id":"https:\/\/21panorama.com\/#\/schema\/logo\/image\/","url":"https:\/\/21panorama.com\/wp-content\/uploads\/2019\/07\/cropped-Logo-Panorama-01.jpeg","contentUrl":"https:\/\/21panorama.com\/wp-content\/uploads\/2019\/07\/cropped-Logo-Panorama-01.jpeg","width":290,"height":70,"caption":"21 Panorama"},"image":{"@id":"https:\/\/21panorama.com\/#\/schema\/logo\/image\/"}},{"@type":"Person","@id":"https:\/\/21panorama.com\/#\/schema\/person\/1afc291b96d5792a158768324287319f","name":"admin","image":{"@type":"ImageObject","inLanguage":"es","@id":"https:\/\/21panorama.com\/#\/schema\/person\/image\/","url":"https:\/\/secure.gravatar.com\/avatar\/ad365d9d9f46719215b0d042cc3df92a5a8683e09ef13d102233e5491985f0f0?s=96&d=mm&r=g","contentUrl":"https:\/\/secure.gravatar.com\/avatar\/ad365d9d9f46719215b0d042cc3df92a5a8683e09ef13d102233e5491985f0f0?s=96&d=mm&r=g","caption":"admin"},"url":"https:\/\/21panorama.com\/index.php\/author\/admin\/"}]}},"_links":{"self":[{"href":"https:\/\/21panorama.com\/index.php\/wp-json\/wp\/v2\/posts\/3945","targetHints":{"allow":["GET"]}}],"collection":[{"href":"https:\/\/21panorama.com\/index.php\/wp-json\/wp\/v2\/posts"}],"about":[{"href":"https:\/\/21panorama.com\/index.php\/wp-json\/wp\/v2\/types\/post"}],"author":[{"embeddable":true,"href":"https:\/\/21panorama.com\/index.php\/wp-json\/wp\/v2\/users\/1"}],"replies":[{"embeddable":true,"href":"https:\/\/21panorama.com\/index.php\/wp-json\/wp\/v2\/comments?post=3945"}],"version-history":[{"count":1,"href":"https:\/\/21panorama.com\/index.php\/wp-json\/wp\/v2\/posts\/3945\/revisions"}],"predecessor-version":[{"id":3947,"href":"https:\/\/21panorama.com\/index.php\/wp-json\/wp\/v2\/posts\/3945\/revisions\/3947"}],"wp:featuredmedia":[{"embeddable":true,"href":"https:\/\/21panorama.com\/index.php\/wp-json\/wp\/v2\/media\/3946"}],"wp:attachment":[{"href":"https:\/\/21panorama.com\/index.php\/wp-json\/wp\/v2\/media?parent=3945"}],"wp:term":[{"taxonomy":"category","embeddable":true,"href":"https:\/\/21panorama.com\/index.php\/wp-json\/wp\/v2\/categories?post=3945"},{"taxonomy":"post_tag","embeddable":true,"href":"https:\/\/21panorama.com\/index.php\/wp-json\/wp\/v2\/tags?post=3945"}],"curies":[{"name":"wp","href":"https:\/\/api.w.org\/{rel}","templated":true}]}}