{"id":3912,"date":"2022-07-15T13:30:16","date_gmt":"2022-07-15T18:30:16","guid":{"rendered":"https:\/\/21panorama.com\/?p=3912"},"modified":"2022-07-15T13:30:17","modified_gmt":"2022-07-15T18:30:17","slug":"segunda-sesion-del-consejo-de-desarrollo-municipal-jiquipilco","status":"publish","type":"post","link":"https:\/\/21panorama.com\/index.php\/2022\/07\/15\/segunda-sesion-del-consejo-de-desarrollo-municipal-jiquipilco\/","title":{"rendered":"SEGUNDA SESI\u00d3N DEL CONSEJO DE DESARROLLO MUNICIPAL: JIQUIPILCO"},"content":{"rendered":"\n<p><\/p>\n\n\n\n<p>La transparencia y la honestidad son claves para que el gobierno municipal contin\u00fae con los planes trazados y Jiquipilco logre un desarrollo parejo de todos sus habitantes. Es por esto que se llev\u00f3 a cabo la \u201cSegunda Sesi\u00f3n del Consejo de Desarrollo Municipal\u201d (CODEMUN), de la Administraci\u00f3n 2022-2024; con el objetivo de informar a los representantes comunitarios de las obras que se encuentran en proceso y las que se iniciar\u00e1n en pr\u00f3ximos d\u00edas en distintas partes de este municipio.<\/p>\n\n\n\n<p>Se cont\u00f3 con la presencia del Presidente Municipal Felipe de Jes\u00fas S\u00e1nchez D\u00e1vila, la S\u00edndico Municipal Mtra. Imelda S\u00e1nchez, el Secretario del H. Ayuntamiento Mtro. Javier Balderas Hinojosa Primer Regidor Jos\u00e9 Luis Bernal Guadalupe, la Segunda Regidora Ang\u00e9lica M\u00e1ximo Ord\u00f3\u00f1ez, el Tercer Regidor Lic. Jes\u00fas Aguilar Espiridi\u00f3n, la Cuarta Regidora Lic. Tania Celeste Robledo M\u00e9ndez, el Sexto Regidor Ra\u00fal Miguel Guzm\u00e1n, el Asesor T\u00e9cnico y Director de Obras P\u00fablicas del CODEMUN Ing. Enrique Torres Medina, y el Asesor Financiero y Tesorero Municipal Contador Miguel \u00c1ngeles D\u00e1vila.<\/p>\n\n\n\n<p>Tambi\u00e9n se cont\u00f3 con la presencia de los representantes de 47 de las 75 comunidades que integran Jiquipilco. Dentro de lo que el Secretario present\u00f3 como la Orden del D\u00eda, se present\u00f3: un informe f\u00edsico de las obras aprobadas mediante la asignaci\u00f3n de recursos; un informe financiero de las obras aprobadas mediante la asignaci\u00f3n de recursos; una propuesta\/an\u00e1lisis y en su caso, aprobaci\u00f3n de las adecuaciones realizadas a las obras aprobadas mediante la asignaci\u00f3n de recursos, y tambi\u00e9n se trataron asuntos generales.<\/p>\n\n\n\n<p>El Asesor T\u00e9cnico y Director de Obras P\u00fablicas, Ing Enrique Torres Medina, inform\u00f3 que de las 62 obras aprobadas en la Primera Asamblea, se tienen hasta la fecha 20 obras concluidas y 9 obras en ejecuci\u00f3n.<\/p>\n\n\n\n<p>Entre estas obras se encuentran: la construcci\u00f3n de drenajes sanitarios, construcci\u00f3n de pavimento de concreto hidr\u00e1ulico en caminos principales de las comunidades beneficiadas, rehabilitaci\u00f3n de red de agua potable, ampliaci\u00f3n de red de agua potable, construcci\u00f3n de drenaje sanitario y fosa s\u00e9ptica, construcci\u00f3n de aulas en escuelas, construcci\u00f3n de muro de contenci\u00f3n y rehabilitaci\u00f3n de carretera, construcci\u00f3n de electrificaci\u00f3n.<\/p>\n\n\n\n<p>Las comunidades beneficiadas fueron: Manzana Primera, Manzana Primera parte Alta, Colonia Emiliano Zapata, localidad de San Antonio Nixini, Colonia La Nopalera, Barrio Primero de Buenos Aires, Rancher\u00eda Ma\u00f1\u00ed, Manzana Cuarta de Santa Cruz Tepexpan, Santa Mar\u00eda Nativitas, San Isidro, entre otras.<\/p>\n\n\n\n<p>El Presidente Municipal Felipe S\u00e1nchez D\u00e1vila, tambi\u00e9n inform\u00f3 de 13 obras aprobadas por FEFOM (Fondo Estatal para el Fortalecimiento Municipal). Debido a que varias comunidades se quedaron sin recursos para realizar obras en sus localidades, se har\u00e1 uso de este recurso. Y las dem\u00e1s que falten, ser\u00e1n las primeras en tenerse en consideraci\u00f3n para el siguiente a\u00f1o, cuando se destinen los recursos del FISM.<\/p>\n\n\n\n<p>Exhort\u00f3 a los delegados para que animen a los ciudadanos a participar en la construcci\u00f3n del Kiosko, mismo que es uno de los requisitos para lograr la designaci\u00f3n de Pueblo con Encanto.<\/p>\n\n\n\n<p>El Presidente Felipe S\u00e1nchez tambi\u00e9n se\u00f1al\u00f3 la importancia de seguir trabajando en conjunto con sus compa\u00f1eros regidores, regidoras y s\u00edndicos, para que pueda garantizar de alguna manera que el 31 de diciembre de 2024, van a salir con toda la confianza y la frente en alto y poder decir: \u201cah\u00ed est\u00e1 lo que hemos podido hacer\u201d.<\/p>\n\n\n\n<p>\u201cPor eso no firmamos compromisos, porque un compromiso va mucho m\u00e1s all\u00e1, a veces, de lo que nos permiten nuestra econom\u00eda y nuestras fuerzas. Por eso se les pide de su ayuda, para que su comunidad pueda participar de manera decidida, a que puedan hacer todo aquello que no requiere de recurso econ\u00f3mico\u201d se\u00f1al\u00f3.<\/p>\n\n\n\n<p>\u201cPor ejemplo, a la reforestaci\u00f3n en San Bartolo Oxtotitl\u00e1n, en La Presa El Jabal\u00ed. Deben tomar conciencia de que todos somos habitantes de Jiquipilco, vivimos en Jiquipilco, y es incre\u00edble, que ning\u00fan jiquipilquense no pueda aportar a su comunidad en cosas tan simples como limpiar las canaletas\u201d el alcalde hizo hincapi\u00e9 en esto \u00faltimo.<\/p>\n\n\n\n<p>El Presidente apuesta por el trabajo en equipo, ciudadanos y autoridades, para que se puedan concretar todas las obras que est\u00e1n por realizar y que ser\u00e1n las que brinden una mejor calidad de vida a todos los jiquipilquenses.<\/p>\n","protected":false},"excerpt":{"rendered":"<p>La transparencia y la honestidad son claves para que el gobierno municipal contin\u00fae con los planes trazados y Jiquipilco logre un desarrollo parejo de todos sus habitantes. Es por esto que se llev\u00f3 a cabo la \u201cSegunda Sesi\u00f3n del Consejo de Desarrollo Municipal\u201d (CODEMUN), de la Administraci\u00f3n 2022-2024; con el objetivo de informar a los representantes comunitarios de las obras que se encuentran en proceso y las que se iniciar\u00e1n en pr\u00f3ximos d\u00edas en distintas partes de este municipio.<\/p>\n","protected":false},"author":1,"featured_media":3913,"comment_status":"open","ping_status":"open","sticky":false,"template":"","format":"standard","meta":{"footnotes":""},"categories":[3,1],"tags":[327,257],"class_list":["post-3912","post","type-post","status-publish","format-standard","has-post-thumbnail","hentry","category-ecomomia","category-sociedad","tag-felipe-sanchez-davila","tag-jiquipilco"],"yoast_head":"<!-- This site is optimized with the Yoast SEO plugin v24.9 - https:\/\/yoast.com\/wordpress\/plugins\/seo\/ -->\n<title>SEGUNDA SESI\u00d3N DEL CONSEJO DE DESARROLLO MUNICIPAL: JIQUIPILCO - 21 Panorama<\/title>\n<meta name=\"robots\" content=\"index, follow, max-snippet:-1, max-image-preview:large, max-video-preview:-1\" \/>\n<link rel=\"canonical\" href=\"https:\/\/21panorama.com\/index.php\/2022\/07\/15\/segunda-sesion-del-consejo-de-desarrollo-municipal-jiquipilco\/\" \/>\n<meta property=\"og:locale\" content=\"es_MX\" \/>\n<meta property=\"og:type\" content=\"article\" \/>\n<meta property=\"og:title\" content=\"SEGUNDA SESI\u00d3N DEL CONSEJO DE DESARROLLO MUNICIPAL: JIQUIPILCO - 21 Panorama\" \/>\n<meta property=\"og:description\" content=\"La transparencia y la honestidad son claves para que el gobierno municipal contin\u00fae con los planes trazados y Jiquipilco logre un desarrollo parejo de todos sus habitantes. Es por esto que se llev\u00f3 a cabo la \u201cSegunda Sesi\u00f3n del Consejo de Desarrollo Municipal\u201d (CODEMUN), de la Administraci\u00f3n 2022-2024; con el objetivo de informar a los representantes comunitarios de las obras que se encuentran en proceso y las que se iniciar\u00e1n en pr\u00f3ximos d\u00edas en distintas partes de este municipio.\" \/>\n<meta property=\"og:url\" content=\"https:\/\/21panorama.com\/index.php\/2022\/07\/15\/segunda-sesion-del-consejo-de-desarrollo-municipal-jiquipilco\/\" \/>\n<meta property=\"og:site_name\" content=\"21 Panorama\" \/>\n<meta property=\"article:published_time\" content=\"2022-07-15T18:30:16+00:00\" \/>\n<meta property=\"article:modified_time\" content=\"2022-07-15T18:30:17+00:00\" \/>\n<meta property=\"og:image\" content=\"https:\/\/21panorama.com\/wp-content\/uploads\/2022\/07\/Jiquipilco-Segunda-Sesion-130722-3.jpg\" \/>\n\t<meta property=\"og:image:width\" content=\"1280\" \/>\n\t<meta property=\"og:image:height\" content=\"719\" \/>\n\t<meta property=\"og:image:type\" content=\"image\/jpeg\" \/>\n<meta name=\"author\" content=\"admin\" \/>\n<meta name=\"twitter:card\" content=\"summary_large_image\" \/>\n<meta name=\"twitter:label1\" content=\"Escrito por\" \/>\n\t<meta name=\"twitter:data1\" content=\"admin\" \/>\n\t<meta name=\"twitter:label2\" content=\"Tiempo de lectura\" \/>\n\t<meta name=\"twitter:data2\" content=\"4 minutos\" \/>\n<script type=\"application\/ld+json\" class=\"yoast-schema-graph\">{\"@context\":\"https:\/\/schema.org\",\"@graph\":[{\"@type\":\"Article\",\"@id\":\"https:\/\/21panorama.com\/index.php\/2022\/07\/15\/segunda-sesion-del-consejo-de-desarrollo-municipal-jiquipilco\/#article\",\"isPartOf\":{\"@id\":\"https:\/\/21panorama.com\/index.php\/2022\/07\/15\/segunda-sesion-del-consejo-de-desarrollo-municipal-jiquipilco\/\"},\"author\":{\"name\":\"admin\",\"@id\":\"https:\/\/21panorama.com\/#\/schema\/person\/1afc291b96d5792a158768324287319f\"},\"headline\":\"SEGUNDA SESI\u00d3N DEL CONSEJO DE DESARROLLO MUNICIPAL: JIQUIPILCO\",\"datePublished\":\"2022-07-15T18:30:16+00:00\",\"dateModified\":\"2022-07-15T18:30:17+00:00\",\"mainEntityOfPage\":{\"@id\":\"https:\/\/21panorama.com\/index.php\/2022\/07\/15\/segunda-sesion-del-consejo-de-desarrollo-municipal-jiquipilco\/\"},\"wordCount\":756,\"commentCount\":0,\"publisher\":{\"@id\":\"https:\/\/21panorama.com\/#organization\"},\"image\":{\"@id\":\"https:\/\/21panorama.com\/index.php\/2022\/07\/15\/segunda-sesion-del-consejo-de-desarrollo-municipal-jiquipilco\/#primaryimage\"},\"thumbnailUrl\":\"https:\/\/21panorama.com\/wp-content\/uploads\/2022\/07\/Jiquipilco-Segunda-Sesion-130722-3.jpg\",\"keywords\":[\"Felipe S\u00e1nchez D\u00e1vila\",\"Jiquipilco\"],\"articleSection\":[\"Econom\u00eda\",\"Sociedad\"],\"inLanguage\":\"es\",\"potentialAction\":[{\"@type\":\"CommentAction\",\"name\":\"Comment\",\"target\":[\"https:\/\/21panorama.com\/index.php\/2022\/07\/15\/segunda-sesion-del-consejo-de-desarrollo-municipal-jiquipilco\/#respond\"]}]},{\"@type\":\"WebPage\",\"@id\":\"https:\/\/21panorama.com\/index.php\/2022\/07\/15\/segunda-sesion-del-consejo-de-desarrollo-municipal-jiquipilco\/\",\"url\":\"https:\/\/21panorama.com\/index.php\/2022\/07\/15\/segunda-sesion-del-consejo-de-desarrollo-municipal-jiquipilco\/\",\"name\":\"SEGUNDA SESI\u00d3N DEL CONSEJO DE DESARROLLO MUNICIPAL: JIQUIPILCO - 21 Panorama\",\"isPartOf\":{\"@id\":\"https:\/\/21panorama.com\/#website\"},\"primaryImageOfPage\":{\"@id\":\"https:\/\/21panorama.com\/index.php\/2022\/07\/15\/segunda-sesion-del-consejo-de-desarrollo-municipal-jiquipilco\/#primaryimage\"},\"image\":{\"@id\":\"https:\/\/21panorama.com\/index.php\/2022\/07\/15\/segunda-sesion-del-consejo-de-desarrollo-municipal-jiquipilco\/#primaryimage\"},\"thumbnailUrl\":\"https:\/\/21panorama.com\/wp-content\/uploads\/2022\/07\/Jiquipilco-Segunda-Sesion-130722-3.jpg\",\"datePublished\":\"2022-07-15T18:30:16+00:00\",\"dateModified\":\"2022-07-15T18:30:17+00:00\",\"breadcrumb\":{\"@id\":\"https:\/\/21panorama.com\/index.php\/2022\/07\/15\/segunda-sesion-del-consejo-de-desarrollo-municipal-jiquipilco\/#breadcrumb\"},\"inLanguage\":\"es\",\"potentialAction\":[{\"@type\":\"ReadAction\",\"target\":[\"https:\/\/21panorama.com\/index.php\/2022\/07\/15\/segunda-sesion-del-consejo-de-desarrollo-municipal-jiquipilco\/\"]}]},{\"@type\":\"ImageObject\",\"inLanguage\":\"es\",\"@id\":\"https:\/\/21panorama.com\/index.php\/2022\/07\/15\/segunda-sesion-del-consejo-de-desarrollo-municipal-jiquipilco\/#primaryimage\",\"url\":\"https:\/\/21panorama.com\/wp-content\/uploads\/2022\/07\/Jiquipilco-Segunda-Sesion-130722-3.jpg\",\"contentUrl\":\"https:\/\/21panorama.com\/wp-content\/uploads\/2022\/07\/Jiquipilco-Segunda-Sesion-130722-3.jpg\",\"width\":1280,\"height\":719},{\"@type\":\"BreadcrumbList\",\"@id\":\"https:\/\/21panorama.com\/index.php\/2022\/07\/15\/segunda-sesion-del-consejo-de-desarrollo-municipal-jiquipilco\/#breadcrumb\",\"itemListElement\":[{\"@type\":\"ListItem\",\"position\":1,\"name\":\"Inicio\",\"item\":\"https:\/\/21panorama.com\/\"},{\"@type\":\"ListItem\",\"position\":2,\"name\":\"SEGUNDA SESI\u00d3N DEL CONSEJO DE DESARROLLO MUNICIPAL: JIQUIPILCO\"}]},{\"@type\":\"WebSite\",\"@id\":\"https:\/\/21panorama.com\/#website\",\"url\":\"https:\/\/21panorama.com\/\",\"name\":\"21 Panorama\",\"description\":\"La construcci\u00f3n de la opini\u00f3n p\u00fablica merece un mejor Panorama en este siglo 21 para alcanzar una sociedad con mayor transparencia y sin corrupci\u00f3n.\",\"publisher\":{\"@id\":\"https:\/\/21panorama.com\/#organization\"},\"potentialAction\":[{\"@type\":\"SearchAction\",\"target\":{\"@type\":\"EntryPoint\",\"urlTemplate\":\"https:\/\/21panorama.com\/?s={search_term_string}\"},\"query-input\":{\"@type\":\"PropertyValueSpecification\",\"valueRequired\":true,\"valueName\":\"search_term_string\"}}],\"inLanguage\":\"es\"},{\"@type\":\"Organization\",\"@id\":\"https:\/\/21panorama.com\/#organization\",\"name\":\"21 Panorama\",\"url\":\"https:\/\/21panorama.com\/\",\"logo\":{\"@type\":\"ImageObject\",\"inLanguage\":\"es\",\"@id\":\"https:\/\/21panorama.com\/#\/schema\/logo\/image\/\",\"url\":\"https:\/\/21panorama.com\/wp-content\/uploads\/2019\/07\/cropped-Logo-Panorama-01.jpeg\",\"contentUrl\":\"https:\/\/21panorama.com\/wp-content\/uploads\/2019\/07\/cropped-Logo-Panorama-01.jpeg\",\"width\":290,\"height\":70,\"caption\":\"21 Panorama\"},\"image\":{\"@id\":\"https:\/\/21panorama.com\/#\/schema\/logo\/image\/\"}},{\"@type\":\"Person\",\"@id\":\"https:\/\/21panorama.com\/#\/schema\/person\/1afc291b96d5792a158768324287319f\",\"name\":\"admin\",\"image\":{\"@type\":\"ImageObject\",\"inLanguage\":\"es\",\"@id\":\"https:\/\/21panorama.com\/#\/schema\/person\/image\/\",\"url\":\"https:\/\/secure.gravatar.com\/avatar\/ad365d9d9f46719215b0d042cc3df92a5a8683e09ef13d102233e5491985f0f0?s=96&d=mm&r=g\",\"contentUrl\":\"https:\/\/secure.gravatar.com\/avatar\/ad365d9d9f46719215b0d042cc3df92a5a8683e09ef13d102233e5491985f0f0?s=96&d=mm&r=g\",\"caption\":\"admin\"},\"url\":\"https:\/\/21panorama.com\/index.php\/author\/admin\/\"}]}<\/script>\n<!-- \/ Yoast SEO plugin. -->","yoast_head_json":{"title":"SEGUNDA SESI\u00d3N DEL CONSEJO DE DESARROLLO MUNICIPAL: JIQUIPILCO - 21 Panorama","robots":{"index":"index","follow":"follow","max-snippet":"max-snippet:-1","max-image-preview":"max-image-preview:large","max-video-preview":"max-video-preview:-1"},"canonical":"https:\/\/21panorama.com\/index.php\/2022\/07\/15\/segunda-sesion-del-consejo-de-desarrollo-municipal-jiquipilco\/","og_locale":"es_MX","og_type":"article","og_title":"SEGUNDA SESI\u00d3N DEL CONSEJO DE DESARROLLO MUNICIPAL: JIQUIPILCO - 21 Panorama","og_description":"La transparencia y la honestidad son claves para que el gobierno municipal contin\u00fae con los planes trazados y Jiquipilco logre un desarrollo parejo de todos sus habitantes. Es por esto que se llev\u00f3 a cabo la \u201cSegunda Sesi\u00f3n del Consejo de Desarrollo Municipal\u201d (CODEMUN), de la Administraci\u00f3n 2022-2024; con el objetivo de informar a los representantes comunitarios de las obras que se encuentran en proceso y las que se iniciar\u00e1n en pr\u00f3ximos d\u00edas en distintas partes de este municipio.","og_url":"https:\/\/21panorama.com\/index.php\/2022\/07\/15\/segunda-sesion-del-consejo-de-desarrollo-municipal-jiquipilco\/","og_site_name":"21 Panorama","article_published_time":"2022-07-15T18:30:16+00:00","article_modified_time":"2022-07-15T18:30:17+00:00","og_image":[{"width":1280,"height":719,"url":"https:\/\/21panorama.com\/wp-content\/uploads\/2022\/07\/Jiquipilco-Segunda-Sesion-130722-3.jpg","type":"image\/jpeg"}],"author":"admin","twitter_card":"summary_large_image","twitter_misc":{"Escrito por":"admin","Tiempo de lectura":"4 minutos"},"schema":{"@context":"https:\/\/schema.org","@graph":[{"@type":"Article","@id":"https:\/\/21panorama.com\/index.php\/2022\/07\/15\/segunda-sesion-del-consejo-de-desarrollo-municipal-jiquipilco\/#article","isPartOf":{"@id":"https:\/\/21panorama.com\/index.php\/2022\/07\/15\/segunda-sesion-del-consejo-de-desarrollo-municipal-jiquipilco\/"},"author":{"name":"admin","@id":"https:\/\/21panorama.com\/#\/schema\/person\/1afc291b96d5792a158768324287319f"},"headline":"SEGUNDA SESI\u00d3N DEL CONSEJO DE DESARROLLO MUNICIPAL: JIQUIPILCO","datePublished":"2022-07-15T18:30:16+00:00","dateModified":"2022-07-15T18:30:17+00:00","mainEntityOfPage":{"@id":"https:\/\/21panorama.com\/index.php\/2022\/07\/15\/segunda-sesion-del-consejo-de-desarrollo-municipal-jiquipilco\/"},"wordCount":756,"commentCount":0,"publisher":{"@id":"https:\/\/21panorama.com\/#organization"},"image":{"@id":"https:\/\/21panorama.com\/index.php\/2022\/07\/15\/segunda-sesion-del-consejo-de-desarrollo-municipal-jiquipilco\/#primaryimage"},"thumbnailUrl":"https:\/\/21panorama.com\/wp-content\/uploads\/2022\/07\/Jiquipilco-Segunda-Sesion-130722-3.jpg","keywords":["Felipe S\u00e1nchez D\u00e1vila","Jiquipilco"],"articleSection":["Econom\u00eda","Sociedad"],"inLanguage":"es","potentialAction":[{"@type":"CommentAction","name":"Comment","target":["https:\/\/21panorama.com\/index.php\/2022\/07\/15\/segunda-sesion-del-consejo-de-desarrollo-municipal-jiquipilco\/#respond"]}]},{"@type":"WebPage","@id":"https:\/\/21panorama.com\/index.php\/2022\/07\/15\/segunda-sesion-del-consejo-de-desarrollo-municipal-jiquipilco\/","url":"https:\/\/21panorama.com\/index.php\/2022\/07\/15\/segunda-sesion-del-consejo-de-desarrollo-municipal-jiquipilco\/","name":"SEGUNDA SESI\u00d3N DEL CONSEJO DE DESARROLLO MUNICIPAL: JIQUIPILCO - 21 Panorama","isPartOf":{"@id":"https:\/\/21panorama.com\/#website"},"primaryImageOfPage":{"@id":"https:\/\/21panorama.com\/index.php\/2022\/07\/15\/segunda-sesion-del-consejo-de-desarrollo-municipal-jiquipilco\/#primaryimage"},"image":{"@id":"https:\/\/21panorama.com\/index.php\/2022\/07\/15\/segunda-sesion-del-consejo-de-desarrollo-municipal-jiquipilco\/#primaryimage"},"thumbnailUrl":"https:\/\/21panorama.com\/wp-content\/uploads\/2022\/07\/Jiquipilco-Segunda-Sesion-130722-3.jpg","datePublished":"2022-07-15T18:30:16+00:00","dateModified":"2022-07-15T18:30:17+00:00","breadcrumb":{"@id":"https:\/\/21panorama.com\/index.php\/2022\/07\/15\/segunda-sesion-del-consejo-de-desarrollo-municipal-jiquipilco\/#breadcrumb"},"inLanguage":"es","potentialAction":[{"@type":"ReadAction","target":["https:\/\/21panorama.com\/index.php\/2022\/07\/15\/segunda-sesion-del-consejo-de-desarrollo-municipal-jiquipilco\/"]}]},{"@type":"ImageObject","inLanguage":"es","@id":"https:\/\/21panorama.com\/index.php\/2022\/07\/15\/segunda-sesion-del-consejo-de-desarrollo-municipal-jiquipilco\/#primaryimage","url":"https:\/\/21panorama.com\/wp-content\/uploads\/2022\/07\/Jiquipilco-Segunda-Sesion-130722-3.jpg","contentUrl":"https:\/\/21panorama.com\/wp-content\/uploads\/2022\/07\/Jiquipilco-Segunda-Sesion-130722-3.jpg","width":1280,"height":719},{"@type":"BreadcrumbList","@id":"https:\/\/21panorama.com\/index.php\/2022\/07\/15\/segunda-sesion-del-consejo-de-desarrollo-municipal-jiquipilco\/#breadcrumb","itemListElement":[{"@type":"ListItem","position":1,"name":"Inicio","item":"https:\/\/21panorama.com\/"},{"@type":"ListItem","position":2,"name":"SEGUNDA SESI\u00d3N DEL CONSEJO DE DESARROLLO MUNICIPAL: JIQUIPILCO"}]},{"@type":"WebSite","@id":"https:\/\/21panorama.com\/#website","url":"https:\/\/21panorama.com\/","name":"21 Panorama","description":"La construcci\u00f3n de la opini\u00f3n p\u00fablica merece un mejor Panorama en este siglo 21 para alcanzar una sociedad con mayor transparencia y sin corrupci\u00f3n.","publisher":{"@id":"https:\/\/21panorama.com\/#organization"},"potentialAction":[{"@type":"SearchAction","target":{"@type":"EntryPoint","urlTemplate":"https:\/\/21panorama.com\/?s={search_term_string}"},"query-input":{"@type":"PropertyValueSpecification","valueRequired":true,"valueName":"search_term_string"}}],"inLanguage":"es"},{"@type":"Organization","@id":"https:\/\/21panorama.com\/#organization","name":"21 Panorama","url":"https:\/\/21panorama.com\/","logo":{"@type":"ImageObject","inLanguage":"es","@id":"https:\/\/21panorama.com\/#\/schema\/logo\/image\/","url":"https:\/\/21panorama.com\/wp-content\/uploads\/2019\/07\/cropped-Logo-Panorama-01.jpeg","contentUrl":"https:\/\/21panorama.com\/wp-content\/uploads\/2019\/07\/cropped-Logo-Panorama-01.jpeg","width":290,"height":70,"caption":"21 Panorama"},"image":{"@id":"https:\/\/21panorama.com\/#\/schema\/logo\/image\/"}},{"@type":"Person","@id":"https:\/\/21panorama.com\/#\/schema\/person\/1afc291b96d5792a158768324287319f","name":"admin","image":{"@type":"ImageObject","inLanguage":"es","@id":"https:\/\/21panorama.com\/#\/schema\/person\/image\/","url":"https:\/\/secure.gravatar.com\/avatar\/ad365d9d9f46719215b0d042cc3df92a5a8683e09ef13d102233e5491985f0f0?s=96&d=mm&r=g","contentUrl":"https:\/\/secure.gravatar.com\/avatar\/ad365d9d9f46719215b0d042cc3df92a5a8683e09ef13d102233e5491985f0f0?s=96&d=mm&r=g","caption":"admin"},"url":"https:\/\/21panorama.com\/index.php\/author\/admin\/"}]}},"_links":{"self":[{"href":"https:\/\/21panorama.com\/index.php\/wp-json\/wp\/v2\/posts\/3912","targetHints":{"allow":["GET"]}}],"collection":[{"href":"https:\/\/21panorama.com\/index.php\/wp-json\/wp\/v2\/posts"}],"about":[{"href":"https:\/\/21panorama.com\/index.php\/wp-json\/wp\/v2\/types\/post"}],"author":[{"embeddable":true,"href":"https:\/\/21panorama.com\/index.php\/wp-json\/wp\/v2\/users\/1"}],"replies":[{"embeddable":true,"href":"https:\/\/21panorama.com\/index.php\/wp-json\/wp\/v2\/comments?post=3912"}],"version-history":[{"count":1,"href":"https:\/\/21panorama.com\/index.php\/wp-json\/wp\/v2\/posts\/3912\/revisions"}],"predecessor-version":[{"id":3914,"href":"https:\/\/21panorama.com\/index.php\/wp-json\/wp\/v2\/posts\/3912\/revisions\/3914"}],"wp:featuredmedia":[{"embeddable":true,"href":"https:\/\/21panorama.com\/index.php\/wp-json\/wp\/v2\/media\/3913"}],"wp:attachment":[{"href":"https:\/\/21panorama.com\/index.php\/wp-json\/wp\/v2\/media?parent=3912"}],"wp:term":[{"taxonomy":"category","embeddable":true,"href":"https:\/\/21panorama.com\/index.php\/wp-json\/wp\/v2\/categories?post=3912"},{"taxonomy":"post_tag","embeddable":true,"href":"https:\/\/21panorama.com\/index.php\/wp-json\/wp\/v2\/tags?post=3912"}],"curies":[{"name":"wp","href":"https:\/\/api.w.org\/{rel}","templated":true}]}}