{"id":3906,"date":"2022-07-15T08:01:49","date_gmt":"2022-07-15T13:01:49","guid":{"rendered":"https:\/\/21panorama.com\/?p=3906"},"modified":"2022-07-15T08:01:50","modified_gmt":"2022-07-15T13:01:50","slug":"continua-crecimiento-de-infraestructura-de-la-uaemex","status":"publish","type":"post","link":"https:\/\/21panorama.com\/index.php\/2022\/07\/15\/continua-crecimiento-de-infraestructura-de-la-uaemex\/","title":{"rendered":"CONTIN\u00daA CRECIMIENTO DE INFRAESTRUCTURA DE LA UAEM\u00c9X"},"content":{"rendered":"\n<p><\/p>\n\n\n\n<p>\u2022\u00a0 El rector Carlos Eduardo Barrera D\u00edaz coloc\u00f3, en el Campus \u201cEl Rosedal\u201d, la primera piedra de la construcci\u00f3n de la segunda etapa del Laboratorio de Materiales y aulas\/laboratorio de la Facultad de Ingenier\u00eda.<\/p>\n\n\n\n<p>En beneficio de dos mil 700 estudiantes, el rector de la Universidad Aut\u00f3noma del Estado de M\u00e9xico (UAEM\u00e9x), Carlos Eduardo Barrera D\u00edaz, coloc\u00f3, en el Campus \u201cEl Rosedal\u201d, la primera piedra de la construcci\u00f3n de la segunda etapa del Laboratorio de Materiales y aulas\/laboratorio de la Facultad de Ingenier\u00eda, que tendr\u00e1 una inversi\u00f3n de casi 20 millones de pesos, provenientes del Fondo de Aportaciones M\u00faltiples (FAM) 2022.<\/p>\n\n\n\n<p>Acompa\u00f1ado del encargado del despacho de la direcci\u00f3n de la Facultad de Ingenier\u00eda, Germ\u00e1n Garc\u00eda Ben\u00edtez, el rector conoci\u00f3 detalles de este proyecto, que deber\u00e1 concluirse el pr\u00f3ximo 31 de diciembre.<\/p>\n\n\n\n<p>La secretaria de Administraci\u00f3n de la UAEM\u00e9x, Er\u00e9ndira Fierro Moreno, subray\u00f3 que la Administraci\u00f3n 2021-2025 de esta casa de estudios pone especial atenci\u00f3n en la eficiencia y transparencia en el ejercicio de los recursos, por lo que en el proceso de adjudicaci\u00f3n de esta obra participaron integrantes de la comunidad de la Facultad de Ingenier\u00eda.<\/p>\n\n\n\n<p>Con una superficie de construcci\u00f3n de 928 metros cuadrados, la segunda etapa del Laboratorio de Materiales y aulas\/laboratorio de la Facultad de Ingenier\u00eda consiste en un \u00e1rea de recepci\u00f3n de muestras, dos aulas, cuatro aulas\/laboratorio y cuarto de m\u00e1quinas, adem\u00e1s de la obra exterior.<\/p>\n","protected":false},"excerpt":{"rendered":"<p>El rector Carlos Eduardo Barrera D\u00edaz coloc\u00f3, en el Campus \u201cEl Rosedal\u201d, la primera piedra de la construcci\u00f3n de la segunda etapa del Laboratorio de Materiales y aulas\/laboratorio de la Facultad de Ingenier\u00eda.<\/p>\n","protected":false},"author":1,"featured_media":3907,"comment_status":"open","ping_status":"open","sticky":false,"template":"","format":"standard","meta":{"footnotes":""},"categories":[5,1],"tags":[323,23],"class_list":["post-3906","post","type-post","status-publish","format-standard","has-post-thumbnail","hentry","category-cultura","category-sociedad","tag-carlos-eduardo-barrera-diaz","tag-uaemex"],"yoast_head":"<!-- This site is optimized with the Yoast SEO plugin v24.9 - https:\/\/yoast.com\/wordpress\/plugins\/seo\/ -->\n<title>CONTIN\u00daA CRECIMIENTO DE INFRAESTRUCTURA DE LA UAEM\u00c9X - 21 Panorama<\/title>\n<meta name=\"robots\" content=\"index, follow, max-snippet:-1, max-image-preview:large, max-video-preview:-1\" \/>\n<link rel=\"canonical\" href=\"https:\/\/21panorama.com\/index.php\/2022\/07\/15\/continua-crecimiento-de-infraestructura-de-la-uaemex\/\" \/>\n<meta property=\"og:locale\" content=\"es_MX\" \/>\n<meta property=\"og:type\" content=\"article\" \/>\n<meta property=\"og:title\" content=\"CONTIN\u00daA CRECIMIENTO DE INFRAESTRUCTURA DE LA UAEM\u00c9X - 21 Panorama\" \/>\n<meta property=\"og:description\" content=\"El rector Carlos Eduardo Barrera D\u00edaz coloc\u00f3, en el Campus \u201cEl Rosedal\u201d, la primera piedra de la construcci\u00f3n de la segunda etapa del Laboratorio de Materiales y aulas\/laboratorio de la Facultad de Ingenier\u00eda.\" \/>\n<meta property=\"og:url\" content=\"https:\/\/21panorama.com\/index.php\/2022\/07\/15\/continua-crecimiento-de-infraestructura-de-la-uaemex\/\" \/>\n<meta property=\"og:site_name\" content=\"21 Panorama\" \/>\n<meta property=\"article:published_time\" content=\"2022-07-15T13:01:49+00:00\" \/>\n<meta property=\"article:modified_time\" content=\"2022-07-15T13:01:50+00:00\" \/>\n<meta property=\"og:image\" content=\"https:\/\/21panorama.com\/wp-content\/uploads\/2022\/07\/UAEMex-150722-3.jpg\" \/>\n\t<meta property=\"og:image:width\" content=\"1440\" \/>\n\t<meta property=\"og:image:height\" content=\"960\" \/>\n\t<meta property=\"og:image:type\" content=\"image\/jpeg\" \/>\n<meta name=\"author\" content=\"admin\" \/>\n<meta name=\"twitter:card\" content=\"summary_large_image\" \/>\n<meta name=\"twitter:label1\" content=\"Escrito por\" \/>\n\t<meta name=\"twitter:data1\" content=\"admin\" \/>\n\t<meta name=\"twitter:label2\" content=\"Tiempo de lectura\" \/>\n\t<meta name=\"twitter:data2\" content=\"2 minutos\" \/>\n<script type=\"application\/ld+json\" class=\"yoast-schema-graph\">{\"@context\":\"https:\/\/schema.org\",\"@graph\":[{\"@type\":\"Article\",\"@id\":\"https:\/\/21panorama.com\/index.php\/2022\/07\/15\/continua-crecimiento-de-infraestructura-de-la-uaemex\/#article\",\"isPartOf\":{\"@id\":\"https:\/\/21panorama.com\/index.php\/2022\/07\/15\/continua-crecimiento-de-infraestructura-de-la-uaemex\/\"},\"author\":{\"name\":\"admin\",\"@id\":\"https:\/\/21panorama.com\/#\/schema\/person\/1afc291b96d5792a158768324287319f\"},\"headline\":\"CONTIN\u00daA CRECIMIENTO DE INFRAESTRUCTURA DE LA UAEM\u00c9X\",\"datePublished\":\"2022-07-15T13:01:49+00:00\",\"dateModified\":\"2022-07-15T13:01:50+00:00\",\"mainEntityOfPage\":{\"@id\":\"https:\/\/21panorama.com\/index.php\/2022\/07\/15\/continua-crecimiento-de-infraestructura-de-la-uaemex\/\"},\"wordCount\":268,\"commentCount\":0,\"publisher\":{\"@id\":\"https:\/\/21panorama.com\/#organization\"},\"image\":{\"@id\":\"https:\/\/21panorama.com\/index.php\/2022\/07\/15\/continua-crecimiento-de-infraestructura-de-la-uaemex\/#primaryimage\"},\"thumbnailUrl\":\"https:\/\/21panorama.com\/wp-content\/uploads\/2022\/07\/UAEMex-150722-3.jpg\",\"keywords\":[\"Carlos Eduardo Barrera D\u00edaz\",\"UAEMex\"],\"articleSection\":[\"Cultura\",\"Sociedad\"],\"inLanguage\":\"es\",\"potentialAction\":[{\"@type\":\"CommentAction\",\"name\":\"Comment\",\"target\":[\"https:\/\/21panorama.com\/index.php\/2022\/07\/15\/continua-crecimiento-de-infraestructura-de-la-uaemex\/#respond\"]}]},{\"@type\":\"WebPage\",\"@id\":\"https:\/\/21panorama.com\/index.php\/2022\/07\/15\/continua-crecimiento-de-infraestructura-de-la-uaemex\/\",\"url\":\"https:\/\/21panorama.com\/index.php\/2022\/07\/15\/continua-crecimiento-de-infraestructura-de-la-uaemex\/\",\"name\":\"CONTIN\u00daA CRECIMIENTO DE INFRAESTRUCTURA DE LA UAEM\u00c9X - 21 Panorama\",\"isPartOf\":{\"@id\":\"https:\/\/21panorama.com\/#website\"},\"primaryImageOfPage\":{\"@id\":\"https:\/\/21panorama.com\/index.php\/2022\/07\/15\/continua-crecimiento-de-infraestructura-de-la-uaemex\/#primaryimage\"},\"image\":{\"@id\":\"https:\/\/21panorama.com\/index.php\/2022\/07\/15\/continua-crecimiento-de-infraestructura-de-la-uaemex\/#primaryimage\"},\"thumbnailUrl\":\"https:\/\/21panorama.com\/wp-content\/uploads\/2022\/07\/UAEMex-150722-3.jpg\",\"datePublished\":\"2022-07-15T13:01:49+00:00\",\"dateModified\":\"2022-07-15T13:01:50+00:00\",\"breadcrumb\":{\"@id\":\"https:\/\/21panorama.com\/index.php\/2022\/07\/15\/continua-crecimiento-de-infraestructura-de-la-uaemex\/#breadcrumb\"},\"inLanguage\":\"es\",\"potentialAction\":[{\"@type\":\"ReadAction\",\"target\":[\"https:\/\/21panorama.com\/index.php\/2022\/07\/15\/continua-crecimiento-de-infraestructura-de-la-uaemex\/\"]}]},{\"@type\":\"ImageObject\",\"inLanguage\":\"es\",\"@id\":\"https:\/\/21panorama.com\/index.php\/2022\/07\/15\/continua-crecimiento-de-infraestructura-de-la-uaemex\/#primaryimage\",\"url\":\"https:\/\/21panorama.com\/wp-content\/uploads\/2022\/07\/UAEMex-150722-3.jpg\",\"contentUrl\":\"https:\/\/21panorama.com\/wp-content\/uploads\/2022\/07\/UAEMex-150722-3.jpg\",\"width\":1440,\"height\":960},{\"@type\":\"BreadcrumbList\",\"@id\":\"https:\/\/21panorama.com\/index.php\/2022\/07\/15\/continua-crecimiento-de-infraestructura-de-la-uaemex\/#breadcrumb\",\"itemListElement\":[{\"@type\":\"ListItem\",\"position\":1,\"name\":\"Inicio\",\"item\":\"https:\/\/21panorama.com\/\"},{\"@type\":\"ListItem\",\"position\":2,\"name\":\"CONTIN\u00daA CRECIMIENTO DE INFRAESTRUCTURA DE LA UAEM\u00c9X\"}]},{\"@type\":\"WebSite\",\"@id\":\"https:\/\/21panorama.com\/#website\",\"url\":\"https:\/\/21panorama.com\/\",\"name\":\"21 Panorama\",\"description\":\"La construcci\u00f3n de la opini\u00f3n p\u00fablica merece un mejor Panorama en este siglo 21 para alcanzar una sociedad con mayor transparencia y sin corrupci\u00f3n.\",\"publisher\":{\"@id\":\"https:\/\/21panorama.com\/#organization\"},\"potentialAction\":[{\"@type\":\"SearchAction\",\"target\":{\"@type\":\"EntryPoint\",\"urlTemplate\":\"https:\/\/21panorama.com\/?s={search_term_string}\"},\"query-input\":{\"@type\":\"PropertyValueSpecification\",\"valueRequired\":true,\"valueName\":\"search_term_string\"}}],\"inLanguage\":\"es\"},{\"@type\":\"Organization\",\"@id\":\"https:\/\/21panorama.com\/#organization\",\"name\":\"21 Panorama\",\"url\":\"https:\/\/21panorama.com\/\",\"logo\":{\"@type\":\"ImageObject\",\"inLanguage\":\"es\",\"@id\":\"https:\/\/21panorama.com\/#\/schema\/logo\/image\/\",\"url\":\"https:\/\/21panorama.com\/wp-content\/uploads\/2019\/07\/cropped-Logo-Panorama-01.jpeg\",\"contentUrl\":\"https:\/\/21panorama.com\/wp-content\/uploads\/2019\/07\/cropped-Logo-Panorama-01.jpeg\",\"width\":290,\"height\":70,\"caption\":\"21 Panorama\"},\"image\":{\"@id\":\"https:\/\/21panorama.com\/#\/schema\/logo\/image\/\"}},{\"@type\":\"Person\",\"@id\":\"https:\/\/21panorama.com\/#\/schema\/person\/1afc291b96d5792a158768324287319f\",\"name\":\"admin\",\"image\":{\"@type\":\"ImageObject\",\"inLanguage\":\"es\",\"@id\":\"https:\/\/21panorama.com\/#\/schema\/person\/image\/\",\"url\":\"https:\/\/secure.gravatar.com\/avatar\/ad365d9d9f46719215b0d042cc3df92a5a8683e09ef13d102233e5491985f0f0?s=96&d=mm&r=g\",\"contentUrl\":\"https:\/\/secure.gravatar.com\/avatar\/ad365d9d9f46719215b0d042cc3df92a5a8683e09ef13d102233e5491985f0f0?s=96&d=mm&r=g\",\"caption\":\"admin\"},\"url\":\"https:\/\/21panorama.com\/index.php\/author\/admin\/\"}]}<\/script>\n<!-- \/ Yoast SEO plugin. -->","yoast_head_json":{"title":"CONTIN\u00daA CRECIMIENTO DE INFRAESTRUCTURA DE LA UAEM\u00c9X - 21 Panorama","robots":{"index":"index","follow":"follow","max-snippet":"max-snippet:-1","max-image-preview":"max-image-preview:large","max-video-preview":"max-video-preview:-1"},"canonical":"https:\/\/21panorama.com\/index.php\/2022\/07\/15\/continua-crecimiento-de-infraestructura-de-la-uaemex\/","og_locale":"es_MX","og_type":"article","og_title":"CONTIN\u00daA CRECIMIENTO DE INFRAESTRUCTURA DE LA UAEM\u00c9X - 21 Panorama","og_description":"El rector Carlos Eduardo Barrera D\u00edaz coloc\u00f3, en el Campus \u201cEl Rosedal\u201d, la primera piedra de la construcci\u00f3n de la segunda etapa del Laboratorio de Materiales y aulas\/laboratorio de la Facultad de Ingenier\u00eda.","og_url":"https:\/\/21panorama.com\/index.php\/2022\/07\/15\/continua-crecimiento-de-infraestructura-de-la-uaemex\/","og_site_name":"21 Panorama","article_published_time":"2022-07-15T13:01:49+00:00","article_modified_time":"2022-07-15T13:01:50+00:00","og_image":[{"width":1440,"height":960,"url":"https:\/\/21panorama.com\/wp-content\/uploads\/2022\/07\/UAEMex-150722-3.jpg","type":"image\/jpeg"}],"author":"admin","twitter_card":"summary_large_image","twitter_misc":{"Escrito por":"admin","Tiempo de lectura":"2 minutos"},"schema":{"@context":"https:\/\/schema.org","@graph":[{"@type":"Article","@id":"https:\/\/21panorama.com\/index.php\/2022\/07\/15\/continua-crecimiento-de-infraestructura-de-la-uaemex\/#article","isPartOf":{"@id":"https:\/\/21panorama.com\/index.php\/2022\/07\/15\/continua-crecimiento-de-infraestructura-de-la-uaemex\/"},"author":{"name":"admin","@id":"https:\/\/21panorama.com\/#\/schema\/person\/1afc291b96d5792a158768324287319f"},"headline":"CONTIN\u00daA CRECIMIENTO DE INFRAESTRUCTURA DE LA UAEM\u00c9X","datePublished":"2022-07-15T13:01:49+00:00","dateModified":"2022-07-15T13:01:50+00:00","mainEntityOfPage":{"@id":"https:\/\/21panorama.com\/index.php\/2022\/07\/15\/continua-crecimiento-de-infraestructura-de-la-uaemex\/"},"wordCount":268,"commentCount":0,"publisher":{"@id":"https:\/\/21panorama.com\/#organization"},"image":{"@id":"https:\/\/21panorama.com\/index.php\/2022\/07\/15\/continua-crecimiento-de-infraestructura-de-la-uaemex\/#primaryimage"},"thumbnailUrl":"https:\/\/21panorama.com\/wp-content\/uploads\/2022\/07\/UAEMex-150722-3.jpg","keywords":["Carlos Eduardo Barrera D\u00edaz","UAEMex"],"articleSection":["Cultura","Sociedad"],"inLanguage":"es","potentialAction":[{"@type":"CommentAction","name":"Comment","target":["https:\/\/21panorama.com\/index.php\/2022\/07\/15\/continua-crecimiento-de-infraestructura-de-la-uaemex\/#respond"]}]},{"@type":"WebPage","@id":"https:\/\/21panorama.com\/index.php\/2022\/07\/15\/continua-crecimiento-de-infraestructura-de-la-uaemex\/","url":"https:\/\/21panorama.com\/index.php\/2022\/07\/15\/continua-crecimiento-de-infraestructura-de-la-uaemex\/","name":"CONTIN\u00daA CRECIMIENTO DE INFRAESTRUCTURA DE LA UAEM\u00c9X - 21 Panorama","isPartOf":{"@id":"https:\/\/21panorama.com\/#website"},"primaryImageOfPage":{"@id":"https:\/\/21panorama.com\/index.php\/2022\/07\/15\/continua-crecimiento-de-infraestructura-de-la-uaemex\/#primaryimage"},"image":{"@id":"https:\/\/21panorama.com\/index.php\/2022\/07\/15\/continua-crecimiento-de-infraestructura-de-la-uaemex\/#primaryimage"},"thumbnailUrl":"https:\/\/21panorama.com\/wp-content\/uploads\/2022\/07\/UAEMex-150722-3.jpg","datePublished":"2022-07-15T13:01:49+00:00","dateModified":"2022-07-15T13:01:50+00:00","breadcrumb":{"@id":"https:\/\/21panorama.com\/index.php\/2022\/07\/15\/continua-crecimiento-de-infraestructura-de-la-uaemex\/#breadcrumb"},"inLanguage":"es","potentialAction":[{"@type":"ReadAction","target":["https:\/\/21panorama.com\/index.php\/2022\/07\/15\/continua-crecimiento-de-infraestructura-de-la-uaemex\/"]}]},{"@type":"ImageObject","inLanguage":"es","@id":"https:\/\/21panorama.com\/index.php\/2022\/07\/15\/continua-crecimiento-de-infraestructura-de-la-uaemex\/#primaryimage","url":"https:\/\/21panorama.com\/wp-content\/uploads\/2022\/07\/UAEMex-150722-3.jpg","contentUrl":"https:\/\/21panorama.com\/wp-content\/uploads\/2022\/07\/UAEMex-150722-3.jpg","width":1440,"height":960},{"@type":"BreadcrumbList","@id":"https:\/\/21panorama.com\/index.php\/2022\/07\/15\/continua-crecimiento-de-infraestructura-de-la-uaemex\/#breadcrumb","itemListElement":[{"@type":"ListItem","position":1,"name":"Inicio","item":"https:\/\/21panorama.com\/"},{"@type":"ListItem","position":2,"name":"CONTIN\u00daA CRECIMIENTO DE INFRAESTRUCTURA DE LA UAEM\u00c9X"}]},{"@type":"WebSite","@id":"https:\/\/21panorama.com\/#website","url":"https:\/\/21panorama.com\/","name":"21 Panorama","description":"La construcci\u00f3n de la opini\u00f3n p\u00fablica merece un mejor Panorama en este siglo 21 para alcanzar una sociedad con mayor transparencia y sin corrupci\u00f3n.","publisher":{"@id":"https:\/\/21panorama.com\/#organization"},"potentialAction":[{"@type":"SearchAction","target":{"@type":"EntryPoint","urlTemplate":"https:\/\/21panorama.com\/?s={search_term_string}"},"query-input":{"@type":"PropertyValueSpecification","valueRequired":true,"valueName":"search_term_string"}}],"inLanguage":"es"},{"@type":"Organization","@id":"https:\/\/21panorama.com\/#organization","name":"21 Panorama","url":"https:\/\/21panorama.com\/","logo":{"@type":"ImageObject","inLanguage":"es","@id":"https:\/\/21panorama.com\/#\/schema\/logo\/image\/","url":"https:\/\/21panorama.com\/wp-content\/uploads\/2019\/07\/cropped-Logo-Panorama-01.jpeg","contentUrl":"https:\/\/21panorama.com\/wp-content\/uploads\/2019\/07\/cropped-Logo-Panorama-01.jpeg","width":290,"height":70,"caption":"21 Panorama"},"image":{"@id":"https:\/\/21panorama.com\/#\/schema\/logo\/image\/"}},{"@type":"Person","@id":"https:\/\/21panorama.com\/#\/schema\/person\/1afc291b96d5792a158768324287319f","name":"admin","image":{"@type":"ImageObject","inLanguage":"es","@id":"https:\/\/21panorama.com\/#\/schema\/person\/image\/","url":"https:\/\/secure.gravatar.com\/avatar\/ad365d9d9f46719215b0d042cc3df92a5a8683e09ef13d102233e5491985f0f0?s=96&d=mm&r=g","contentUrl":"https:\/\/secure.gravatar.com\/avatar\/ad365d9d9f46719215b0d042cc3df92a5a8683e09ef13d102233e5491985f0f0?s=96&d=mm&r=g","caption":"admin"},"url":"https:\/\/21panorama.com\/index.php\/author\/admin\/"}]}},"_links":{"self":[{"href":"https:\/\/21panorama.com\/index.php\/wp-json\/wp\/v2\/posts\/3906","targetHints":{"allow":["GET"]}}],"collection":[{"href":"https:\/\/21panorama.com\/index.php\/wp-json\/wp\/v2\/posts"}],"about":[{"href":"https:\/\/21panorama.com\/index.php\/wp-json\/wp\/v2\/types\/post"}],"author":[{"embeddable":true,"href":"https:\/\/21panorama.com\/index.php\/wp-json\/wp\/v2\/users\/1"}],"replies":[{"embeddable":true,"href":"https:\/\/21panorama.com\/index.php\/wp-json\/wp\/v2\/comments?post=3906"}],"version-history":[{"count":1,"href":"https:\/\/21panorama.com\/index.php\/wp-json\/wp\/v2\/posts\/3906\/revisions"}],"predecessor-version":[{"id":3908,"href":"https:\/\/21panorama.com\/index.php\/wp-json\/wp\/v2\/posts\/3906\/revisions\/3908"}],"wp:featuredmedia":[{"embeddable":true,"href":"https:\/\/21panorama.com\/index.php\/wp-json\/wp\/v2\/media\/3907"}],"wp:attachment":[{"href":"https:\/\/21panorama.com\/index.php\/wp-json\/wp\/v2\/media?parent=3906"}],"wp:term":[{"taxonomy":"category","embeddable":true,"href":"https:\/\/21panorama.com\/index.php\/wp-json\/wp\/v2\/categories?post=3906"},{"taxonomy":"post_tag","embeddable":true,"href":"https:\/\/21panorama.com\/index.php\/wp-json\/wp\/v2\/tags?post=3906"}],"curies":[{"name":"wp","href":"https:\/\/api.w.org\/{rel}","templated":true}]}}