{"id":3900,"date":"2022-07-13T14:28:13","date_gmt":"2022-07-13T19:28:13","guid":{"rendered":"https:\/\/21panorama.com\/?p=3900"},"modified":"2022-07-13T14:28:15","modified_gmt":"2022-07-13T19:28:15","slug":"feria-con-encanto-jocotitlan-2022","status":"publish","type":"post","link":"https:\/\/21panorama.com\/index.php\/2022\/07\/13\/feria-con-encanto-jocotitlan-2022\/","title":{"rendered":"FERIA CON ENCANTO, JOCOTITL\u00c1N 2022"},"content":{"rendered":"\n<p><\/p>\n\n\n\n<p>El Municipio de Jocotitl\u00e1n est\u00e1 anunciando la Feria con Encanto, Jocotitl\u00e1n 2022. Evento que involucrar\u00e1 la participaci\u00f3n de artesanos, restauranteros y peque\u00f1os comerciantes locales, con la finalidad de dar el impulso econ\u00f3mico necesario para reactivar el sector financiero, luego de mantenerse congelado por tres a\u00f1os ante la contingencia sanitaria por Covid19.<\/p>\n\n\n\n<p>La Feria de Jocotitl\u00e1n representa para la econom\u00eda local una derrama cercana a los 2 millones de pesos, y en esta edici\u00f3n se espera un repunte importante en visitas al incluirse una agenda cultural y de actividades tur\u00edsticas adem\u00e1s de las religiosas.<\/p>\n\n\n\n<p>Se han preparado diversas actividades y atracciones para todos los lugare\u00f1os y visitantes. Habr\u00e1 juegos mec\u00e1nicos, teatro del pueblo, \u00e1rea comercial, artesanal y gastron\u00f3mica, as\u00ed como diversos eventos deportivos y culturales.<\/p>\n\n\n\n<p>Todos estos sectores est\u00e1n a la espera de conocer el programa completo que ofrecer\u00e1 el gobierno municipal, y del que tienen altas expectativas. El sector artesanal fue uno de los segmentos econ\u00f3micos m\u00e1s golpeados durante la crisis generada por la pandemia, y al formar parte de esta edici\u00f3n subrayaron la importancia de fortalecer la derrama econ\u00f3mica que proveer\u00e1 esta Feria con Encanto.<\/p>\n\n\n\n<p>Al ser Jocotitl\u00e1n, Pueblo con Encanto, es de inter\u00e9s de sus habitantes la promoci\u00f3n de experiencias tur\u00edsticas, de los servicios tur\u00edsticos y artesanales, as\u00ed como de la gastronom\u00eda local. Todo esto con la finalidad de preservar, conservar y rehabilitar su riqueza cultural. La Feria con Encanto, Jocotitl\u00e1n 2022, se llevar\u00e1 a cabo del 2 al 14 de agosto.<\/p>\n","protected":false},"excerpt":{"rendered":"<p>El Municipio de Jocotitl\u00e1n est\u00e1 anunciando la Feria con Encanto, Jocotitl\u00e1n 2022. Evento que involucrar\u00e1 la participaci\u00f3n de artesanos, restauranteros y peque\u00f1os comerciantes locales, con la finalidad de dar el impulso econ\u00f3mico necesario para reactivar el sector financiero<\/p>\n","protected":false},"author":1,"featured_media":3901,"comment_status":"open","ping_status":"open","sticky":false,"template":"","format":"standard","meta":{"footnotes":""},"categories":[5,1],"tags":[325,42],"class_list":["post-3900","post","type-post","status-publish","format-standard","has-post-thumbnail","hentry","category-cultura","category-sociedad","tag-jesus-cedillo-gonzalez","tag-jocotitlan"],"yoast_head":"<!-- This site is optimized with the Yoast SEO plugin v24.9 - https:\/\/yoast.com\/wordpress\/plugins\/seo\/ -->\n<title>FERIA CON ENCANTO, JOCOTITL\u00c1N 2022 - 21 Panorama<\/title>\n<meta name=\"robots\" content=\"index, follow, max-snippet:-1, max-image-preview:large, max-video-preview:-1\" \/>\n<link rel=\"canonical\" href=\"https:\/\/21panorama.com\/index.php\/2022\/07\/13\/feria-con-encanto-jocotitlan-2022\/\" \/>\n<meta property=\"og:locale\" content=\"es_MX\" \/>\n<meta property=\"og:type\" content=\"article\" \/>\n<meta property=\"og:title\" content=\"FERIA CON ENCANTO, JOCOTITL\u00c1N 2022 - 21 Panorama\" \/>\n<meta property=\"og:description\" content=\"El Municipio de Jocotitl\u00e1n est\u00e1 anunciando la Feria con Encanto, Jocotitl\u00e1n 2022. Evento que involucrar\u00e1 la participaci\u00f3n de artesanos, restauranteros y peque\u00f1os comerciantes locales, con la finalidad de dar el impulso econ\u00f3mico necesario para reactivar el sector financiero\" \/>\n<meta property=\"og:url\" content=\"https:\/\/21panorama.com\/index.php\/2022\/07\/13\/feria-con-encanto-jocotitlan-2022\/\" \/>\n<meta property=\"og:site_name\" content=\"21 Panorama\" \/>\n<meta property=\"article:published_time\" content=\"2022-07-13T19:28:13+00:00\" \/>\n<meta property=\"article:modified_time\" content=\"2022-07-13T19:28:15+00:00\" \/>\n<meta property=\"og:image\" content=\"https:\/\/21panorama.com\/wp-content\/uploads\/2022\/07\/Jocotitlan-Feria-con-Encanto-2022-130722.jpg\" \/>\n\t<meta property=\"og:image:width\" content=\"526\" \/>\n\t<meta property=\"og:image:height\" content=\"700\" \/>\n\t<meta property=\"og:image:type\" content=\"image\/jpeg\" \/>\n<meta name=\"author\" content=\"admin\" \/>\n<meta name=\"twitter:card\" content=\"summary_large_image\" \/>\n<meta name=\"twitter:label1\" content=\"Escrito por\" \/>\n\t<meta name=\"twitter:data1\" content=\"admin\" \/>\n\t<meta name=\"twitter:label2\" content=\"Tiempo de lectura\" \/>\n\t<meta name=\"twitter:data2\" content=\"2 minutos\" \/>\n<script type=\"application\/ld+json\" class=\"yoast-schema-graph\">{\"@context\":\"https:\/\/schema.org\",\"@graph\":[{\"@type\":\"Article\",\"@id\":\"https:\/\/21panorama.com\/index.php\/2022\/07\/13\/feria-con-encanto-jocotitlan-2022\/#article\",\"isPartOf\":{\"@id\":\"https:\/\/21panorama.com\/index.php\/2022\/07\/13\/feria-con-encanto-jocotitlan-2022\/\"},\"author\":{\"name\":\"admin\",\"@id\":\"https:\/\/21panorama.com\/#\/schema\/person\/1afc291b96d5792a158768324287319f\"},\"headline\":\"FERIA CON ENCANTO, JOCOTITL\u00c1N 2022\",\"datePublished\":\"2022-07-13T19:28:13+00:00\",\"dateModified\":\"2022-07-13T19:28:15+00:00\",\"mainEntityOfPage\":{\"@id\":\"https:\/\/21panorama.com\/index.php\/2022\/07\/13\/feria-con-encanto-jocotitlan-2022\/\"},\"wordCount\":270,\"commentCount\":0,\"publisher\":{\"@id\":\"https:\/\/21panorama.com\/#organization\"},\"image\":{\"@id\":\"https:\/\/21panorama.com\/index.php\/2022\/07\/13\/feria-con-encanto-jocotitlan-2022\/#primaryimage\"},\"thumbnailUrl\":\"https:\/\/21panorama.com\/wp-content\/uploads\/2022\/07\/Jocotitlan-Feria-con-Encanto-2022-130722.jpg\",\"keywords\":[\"Jes\u00fas Cedillo Gonz\u00e1lez\",\"Jocotitl\u00e1n\"],\"articleSection\":[\"Cultura\",\"Sociedad\"],\"inLanguage\":\"es\",\"potentialAction\":[{\"@type\":\"CommentAction\",\"name\":\"Comment\",\"target\":[\"https:\/\/21panorama.com\/index.php\/2022\/07\/13\/feria-con-encanto-jocotitlan-2022\/#respond\"]}]},{\"@type\":\"WebPage\",\"@id\":\"https:\/\/21panorama.com\/index.php\/2022\/07\/13\/feria-con-encanto-jocotitlan-2022\/\",\"url\":\"https:\/\/21panorama.com\/index.php\/2022\/07\/13\/feria-con-encanto-jocotitlan-2022\/\",\"name\":\"FERIA CON ENCANTO, JOCOTITL\u00c1N 2022 - 21 Panorama\",\"isPartOf\":{\"@id\":\"https:\/\/21panorama.com\/#website\"},\"primaryImageOfPage\":{\"@id\":\"https:\/\/21panorama.com\/index.php\/2022\/07\/13\/feria-con-encanto-jocotitlan-2022\/#primaryimage\"},\"image\":{\"@id\":\"https:\/\/21panorama.com\/index.php\/2022\/07\/13\/feria-con-encanto-jocotitlan-2022\/#primaryimage\"},\"thumbnailUrl\":\"https:\/\/21panorama.com\/wp-content\/uploads\/2022\/07\/Jocotitlan-Feria-con-Encanto-2022-130722.jpg\",\"datePublished\":\"2022-07-13T19:28:13+00:00\",\"dateModified\":\"2022-07-13T19:28:15+00:00\",\"breadcrumb\":{\"@id\":\"https:\/\/21panorama.com\/index.php\/2022\/07\/13\/feria-con-encanto-jocotitlan-2022\/#breadcrumb\"},\"inLanguage\":\"es\",\"potentialAction\":[{\"@type\":\"ReadAction\",\"target\":[\"https:\/\/21panorama.com\/index.php\/2022\/07\/13\/feria-con-encanto-jocotitlan-2022\/\"]}]},{\"@type\":\"ImageObject\",\"inLanguage\":\"es\",\"@id\":\"https:\/\/21panorama.com\/index.php\/2022\/07\/13\/feria-con-encanto-jocotitlan-2022\/#primaryimage\",\"url\":\"https:\/\/21panorama.com\/wp-content\/uploads\/2022\/07\/Jocotitlan-Feria-con-Encanto-2022-130722.jpg\",\"contentUrl\":\"https:\/\/21panorama.com\/wp-content\/uploads\/2022\/07\/Jocotitlan-Feria-con-Encanto-2022-130722.jpg\",\"width\":526,\"height\":700},{\"@type\":\"BreadcrumbList\",\"@id\":\"https:\/\/21panorama.com\/index.php\/2022\/07\/13\/feria-con-encanto-jocotitlan-2022\/#breadcrumb\",\"itemListElement\":[{\"@type\":\"ListItem\",\"position\":1,\"name\":\"Inicio\",\"item\":\"https:\/\/21panorama.com\/\"},{\"@type\":\"ListItem\",\"position\":2,\"name\":\"FERIA CON ENCANTO, JOCOTITL\u00c1N 2022\"}]},{\"@type\":\"WebSite\",\"@id\":\"https:\/\/21panorama.com\/#website\",\"url\":\"https:\/\/21panorama.com\/\",\"name\":\"21 Panorama\",\"description\":\"La construcci\u00f3n de la opini\u00f3n p\u00fablica merece un mejor Panorama en este siglo 21 para alcanzar una sociedad con mayor transparencia y sin corrupci\u00f3n.\",\"publisher\":{\"@id\":\"https:\/\/21panorama.com\/#organization\"},\"potentialAction\":[{\"@type\":\"SearchAction\",\"target\":{\"@type\":\"EntryPoint\",\"urlTemplate\":\"https:\/\/21panorama.com\/?s={search_term_string}\"},\"query-input\":{\"@type\":\"PropertyValueSpecification\",\"valueRequired\":true,\"valueName\":\"search_term_string\"}}],\"inLanguage\":\"es\"},{\"@type\":\"Organization\",\"@id\":\"https:\/\/21panorama.com\/#organization\",\"name\":\"21 Panorama\",\"url\":\"https:\/\/21panorama.com\/\",\"logo\":{\"@type\":\"ImageObject\",\"inLanguage\":\"es\",\"@id\":\"https:\/\/21panorama.com\/#\/schema\/logo\/image\/\",\"url\":\"https:\/\/21panorama.com\/wp-content\/uploads\/2019\/07\/cropped-Logo-Panorama-01.jpeg\",\"contentUrl\":\"https:\/\/21panorama.com\/wp-content\/uploads\/2019\/07\/cropped-Logo-Panorama-01.jpeg\",\"width\":290,\"height\":70,\"caption\":\"21 Panorama\"},\"image\":{\"@id\":\"https:\/\/21panorama.com\/#\/schema\/logo\/image\/\"}},{\"@type\":\"Person\",\"@id\":\"https:\/\/21panorama.com\/#\/schema\/person\/1afc291b96d5792a158768324287319f\",\"name\":\"admin\",\"image\":{\"@type\":\"ImageObject\",\"inLanguage\":\"es\",\"@id\":\"https:\/\/21panorama.com\/#\/schema\/person\/image\/\",\"url\":\"https:\/\/secure.gravatar.com\/avatar\/ad365d9d9f46719215b0d042cc3df92a5a8683e09ef13d102233e5491985f0f0?s=96&d=mm&r=g\",\"contentUrl\":\"https:\/\/secure.gravatar.com\/avatar\/ad365d9d9f46719215b0d042cc3df92a5a8683e09ef13d102233e5491985f0f0?s=96&d=mm&r=g\",\"caption\":\"admin\"},\"url\":\"https:\/\/21panorama.com\/index.php\/author\/admin\/\"}]}<\/script>\n<!-- \/ Yoast SEO plugin. -->","yoast_head_json":{"title":"FERIA CON ENCANTO, JOCOTITL\u00c1N 2022 - 21 Panorama","robots":{"index":"index","follow":"follow","max-snippet":"max-snippet:-1","max-image-preview":"max-image-preview:large","max-video-preview":"max-video-preview:-1"},"canonical":"https:\/\/21panorama.com\/index.php\/2022\/07\/13\/feria-con-encanto-jocotitlan-2022\/","og_locale":"es_MX","og_type":"article","og_title":"FERIA CON ENCANTO, JOCOTITL\u00c1N 2022 - 21 Panorama","og_description":"El Municipio de Jocotitl\u00e1n est\u00e1 anunciando la Feria con Encanto, Jocotitl\u00e1n 2022. Evento que involucrar\u00e1 la participaci\u00f3n de artesanos, restauranteros y peque\u00f1os comerciantes locales, con la finalidad de dar el impulso econ\u00f3mico necesario para reactivar el sector financiero","og_url":"https:\/\/21panorama.com\/index.php\/2022\/07\/13\/feria-con-encanto-jocotitlan-2022\/","og_site_name":"21 Panorama","article_published_time":"2022-07-13T19:28:13+00:00","article_modified_time":"2022-07-13T19:28:15+00:00","og_image":[{"width":526,"height":700,"url":"https:\/\/21panorama.com\/wp-content\/uploads\/2022\/07\/Jocotitlan-Feria-con-Encanto-2022-130722.jpg","type":"image\/jpeg"}],"author":"admin","twitter_card":"summary_large_image","twitter_misc":{"Escrito por":"admin","Tiempo de lectura":"2 minutos"},"schema":{"@context":"https:\/\/schema.org","@graph":[{"@type":"Article","@id":"https:\/\/21panorama.com\/index.php\/2022\/07\/13\/feria-con-encanto-jocotitlan-2022\/#article","isPartOf":{"@id":"https:\/\/21panorama.com\/index.php\/2022\/07\/13\/feria-con-encanto-jocotitlan-2022\/"},"author":{"name":"admin","@id":"https:\/\/21panorama.com\/#\/schema\/person\/1afc291b96d5792a158768324287319f"},"headline":"FERIA CON ENCANTO, JOCOTITL\u00c1N 2022","datePublished":"2022-07-13T19:28:13+00:00","dateModified":"2022-07-13T19:28:15+00:00","mainEntityOfPage":{"@id":"https:\/\/21panorama.com\/index.php\/2022\/07\/13\/feria-con-encanto-jocotitlan-2022\/"},"wordCount":270,"commentCount":0,"publisher":{"@id":"https:\/\/21panorama.com\/#organization"},"image":{"@id":"https:\/\/21panorama.com\/index.php\/2022\/07\/13\/feria-con-encanto-jocotitlan-2022\/#primaryimage"},"thumbnailUrl":"https:\/\/21panorama.com\/wp-content\/uploads\/2022\/07\/Jocotitlan-Feria-con-Encanto-2022-130722.jpg","keywords":["Jes\u00fas Cedillo Gonz\u00e1lez","Jocotitl\u00e1n"],"articleSection":["Cultura","Sociedad"],"inLanguage":"es","potentialAction":[{"@type":"CommentAction","name":"Comment","target":["https:\/\/21panorama.com\/index.php\/2022\/07\/13\/feria-con-encanto-jocotitlan-2022\/#respond"]}]},{"@type":"WebPage","@id":"https:\/\/21panorama.com\/index.php\/2022\/07\/13\/feria-con-encanto-jocotitlan-2022\/","url":"https:\/\/21panorama.com\/index.php\/2022\/07\/13\/feria-con-encanto-jocotitlan-2022\/","name":"FERIA CON ENCANTO, JOCOTITL\u00c1N 2022 - 21 Panorama","isPartOf":{"@id":"https:\/\/21panorama.com\/#website"},"primaryImageOfPage":{"@id":"https:\/\/21panorama.com\/index.php\/2022\/07\/13\/feria-con-encanto-jocotitlan-2022\/#primaryimage"},"image":{"@id":"https:\/\/21panorama.com\/index.php\/2022\/07\/13\/feria-con-encanto-jocotitlan-2022\/#primaryimage"},"thumbnailUrl":"https:\/\/21panorama.com\/wp-content\/uploads\/2022\/07\/Jocotitlan-Feria-con-Encanto-2022-130722.jpg","datePublished":"2022-07-13T19:28:13+00:00","dateModified":"2022-07-13T19:28:15+00:00","breadcrumb":{"@id":"https:\/\/21panorama.com\/index.php\/2022\/07\/13\/feria-con-encanto-jocotitlan-2022\/#breadcrumb"},"inLanguage":"es","potentialAction":[{"@type":"ReadAction","target":["https:\/\/21panorama.com\/index.php\/2022\/07\/13\/feria-con-encanto-jocotitlan-2022\/"]}]},{"@type":"ImageObject","inLanguage":"es","@id":"https:\/\/21panorama.com\/index.php\/2022\/07\/13\/feria-con-encanto-jocotitlan-2022\/#primaryimage","url":"https:\/\/21panorama.com\/wp-content\/uploads\/2022\/07\/Jocotitlan-Feria-con-Encanto-2022-130722.jpg","contentUrl":"https:\/\/21panorama.com\/wp-content\/uploads\/2022\/07\/Jocotitlan-Feria-con-Encanto-2022-130722.jpg","width":526,"height":700},{"@type":"BreadcrumbList","@id":"https:\/\/21panorama.com\/index.php\/2022\/07\/13\/feria-con-encanto-jocotitlan-2022\/#breadcrumb","itemListElement":[{"@type":"ListItem","position":1,"name":"Inicio","item":"https:\/\/21panorama.com\/"},{"@type":"ListItem","position":2,"name":"FERIA CON ENCANTO, JOCOTITL\u00c1N 2022"}]},{"@type":"WebSite","@id":"https:\/\/21panorama.com\/#website","url":"https:\/\/21panorama.com\/","name":"21 Panorama","description":"La construcci\u00f3n de la opini\u00f3n p\u00fablica merece un mejor Panorama en este siglo 21 para alcanzar una sociedad con mayor transparencia y sin corrupci\u00f3n.","publisher":{"@id":"https:\/\/21panorama.com\/#organization"},"potentialAction":[{"@type":"SearchAction","target":{"@type":"EntryPoint","urlTemplate":"https:\/\/21panorama.com\/?s={search_term_string}"},"query-input":{"@type":"PropertyValueSpecification","valueRequired":true,"valueName":"search_term_string"}}],"inLanguage":"es"},{"@type":"Organization","@id":"https:\/\/21panorama.com\/#organization","name":"21 Panorama","url":"https:\/\/21panorama.com\/","logo":{"@type":"ImageObject","inLanguage":"es","@id":"https:\/\/21panorama.com\/#\/schema\/logo\/image\/","url":"https:\/\/21panorama.com\/wp-content\/uploads\/2019\/07\/cropped-Logo-Panorama-01.jpeg","contentUrl":"https:\/\/21panorama.com\/wp-content\/uploads\/2019\/07\/cropped-Logo-Panorama-01.jpeg","width":290,"height":70,"caption":"21 Panorama"},"image":{"@id":"https:\/\/21panorama.com\/#\/schema\/logo\/image\/"}},{"@type":"Person","@id":"https:\/\/21panorama.com\/#\/schema\/person\/1afc291b96d5792a158768324287319f","name":"admin","image":{"@type":"ImageObject","inLanguage":"es","@id":"https:\/\/21panorama.com\/#\/schema\/person\/image\/","url":"https:\/\/secure.gravatar.com\/avatar\/ad365d9d9f46719215b0d042cc3df92a5a8683e09ef13d102233e5491985f0f0?s=96&d=mm&r=g","contentUrl":"https:\/\/secure.gravatar.com\/avatar\/ad365d9d9f46719215b0d042cc3df92a5a8683e09ef13d102233e5491985f0f0?s=96&d=mm&r=g","caption":"admin"},"url":"https:\/\/21panorama.com\/index.php\/author\/admin\/"}]}},"_links":{"self":[{"href":"https:\/\/21panorama.com\/index.php\/wp-json\/wp\/v2\/posts\/3900","targetHints":{"allow":["GET"]}}],"collection":[{"href":"https:\/\/21panorama.com\/index.php\/wp-json\/wp\/v2\/posts"}],"about":[{"href":"https:\/\/21panorama.com\/index.php\/wp-json\/wp\/v2\/types\/post"}],"author":[{"embeddable":true,"href":"https:\/\/21panorama.com\/index.php\/wp-json\/wp\/v2\/users\/1"}],"replies":[{"embeddable":true,"href":"https:\/\/21panorama.com\/index.php\/wp-json\/wp\/v2\/comments?post=3900"}],"version-history":[{"count":1,"href":"https:\/\/21panorama.com\/index.php\/wp-json\/wp\/v2\/posts\/3900\/revisions"}],"predecessor-version":[{"id":3902,"href":"https:\/\/21panorama.com\/index.php\/wp-json\/wp\/v2\/posts\/3900\/revisions\/3902"}],"wp:featuredmedia":[{"embeddable":true,"href":"https:\/\/21panorama.com\/index.php\/wp-json\/wp\/v2\/media\/3901"}],"wp:attachment":[{"href":"https:\/\/21panorama.com\/index.php\/wp-json\/wp\/v2\/media?parent=3900"}],"wp:term":[{"taxonomy":"category","embeddable":true,"href":"https:\/\/21panorama.com\/index.php\/wp-json\/wp\/v2\/categories?post=3900"},{"taxonomy":"post_tag","embeddable":true,"href":"https:\/\/21panorama.com\/index.php\/wp-json\/wp\/v2\/tags?post=3900"}],"curies":[{"name":"wp","href":"https:\/\/api.w.org\/{rel}","templated":true}]}}