{"id":3892,"date":"2022-07-09T11:46:00","date_gmt":"2022-07-09T16:46:00","guid":{"rendered":"https:\/\/21panorama.com\/?p=3892"},"modified":"2022-07-11T12:04:50","modified_gmt":"2022-07-11T17:04:50","slug":"entregan-becas-edomex-internacional-y-nueva-infraestructura-a-la-uaem","status":"publish","type":"post","link":"https:\/\/21panorama.com\/index.php\/2022\/07\/09\/entregan-becas-edomex-internacional-y-nueva-infraestructura-a-la-uaem\/","title":{"rendered":"ENTREGAN BECAS EDOM\u00c9X INTERNACIONAL Y NUEVA INFRAESTRUCTURA A LA UAEM"},"content":{"rendered":"\n<p><\/p>\n\n\n\n<p>Para seguir mejorando la formaci\u00f3n profesional de la juventud mexiquense y brindar a la comunidad universitaria infraestructura m\u00e1s completa y moderna, el Gobernador Alfredo Del Mazo Maza y el Rector de la Universidad Aut\u00f3noma del Estado de M\u00e9xico (UAEM), Carlos Barrera D\u00edaz, entregaron nuevas instalaciones a esta casa de estudios y Becas EDOM\u00c9X Internacional 2022, a universitarios destacados.<\/p>\n\n\n\n<p>El mandatario estatal explic\u00f3 que, en esta edici\u00f3n, 23 alumnas y alumnos de distintas universidades de la entidad reciben esta beca, \u00fanica en el pa\u00eds financiada por un Gobierno estatal, y la cual contempla un apoyo de hasta medio mill\u00f3n de pesos por estudiante, para cubrir gastos de inscripci\u00f3n y de manutenci\u00f3n durante su estancia fuera de M\u00e9xico.<\/p>\n\n\n\n<p>\u201cAqu\u00ed tenemos a 23 j\u00f3venes y sus familias que, a lo largo de un proceso de selecci\u00f3n, de un reconocimiento a su historial acad\u00e9mico, de una serie de entrevistas, agradecemos tambi\u00e9n al jurado que nos apoy\u00f3 en este proceso de selecci\u00f3n.<\/p>\n\n\n\n<p>\u201cSon 23 j\u00f3venes de distintas partes del Estado de M\u00e9xico, de distintas formaciones acad\u00e9micas, de distintas instituciones que el d\u00eda de hoy tienen esta oportunidad, con una beca que asciende pr\u00e1cticamente a medio mill\u00f3n de pesos por alumna, por alumno para poder inscribirse en el posgrado y para tener un apoyo importante de alrededor de 20 mil pesos mensuales para la manutenci\u00f3n y para los gastos que ustedes requieran&#8221;, expuso.<\/p>\n\n\n\n<p>Ante acad\u00e9micos de la UAEM, estudiantes beneficiarios de la Beca EDOM\u00c9X Internacional, rectores y representantes de varias instituciones acad\u00e9micas, Del Mazo Maza invit\u00f3 a los becarios a aprovechar la oportunidad de estudiar en el extranjero y los felicit\u00f3 por alcanzar este objetivo, para el cual trabajaron con mucha dedicaci\u00f3n y con el respaldo de sus familias.<\/p>\n\n\n\n<p>Asimismo, los invit\u00f3 a que a su regreso a la entidad contribuyan al desarrollo de la sociedad mexiquense, con base en los conocimientos que adquieran.<\/p>\n\n\n\n<p>\u201cSabemos que muy probablemente sin este programa, quiz\u00e1s algunas, algunos de ustedes no tendr\u00edan esa oportunidad de ir a estudiar a estas universidades, de seguir aprendiendo, seguirse formando y el d\u00eda de ma\u00f1ana regresar a su estado con una mucho mayor fortaleza acad\u00e9mica para desarrollarse en el \u00e1mbito de su competencia.<\/p>\n\n\n\n<p>\u201cEs una gran oportunidad y hoy nos da mucho gusto que podamos hacer realidad este sue\u00f1o, seguramente, para muchas y muchos de ustedes y que de aqu\u00ed se sigan abriendo las puertas para su futuro\u201d, manifest\u00f3.<\/p>\n\n\n\n<p>Alfredo Del Mazo a\u00f1adi\u00f3 que la entidad mexiquense tiene la oportunidad y el compromiso de tener el mayor n\u00famero de alumnas y alumnos de educaci\u00f3n superior, con una matr\u00edcula de casi 500 mil, lo cual representa un reto enorme para brindarles las oportunidades de desarrollo.<\/p>\n\n\n\n<p>Por ello, a trav\u00e9s del Consejo Mexiquense de Ciencia y Tecnolog\u00eda (COMECYT), el Gobierno estatal ha entregado en los \u00faltimos dos a\u00f1os m\u00e1s de 9 mil 900 becas, de las cuales, m\u00e1s de 2 mil 500 han sido para estudiantes de la UAEM, asimismo se impulsa el programa Cient\u00edficas y Acad\u00e9micas EDOM\u00c9X, \u00fanico a nivel nacional enfocado en apoyar a mujeres dedicadas a la ciencia y a la investigaci\u00f3n.<\/p>\n\n\n\n<p>En este evento, el Gobernador tambi\u00e9n entreg\u00f3 la rehabilitaci\u00f3n del Edificio de Servicios al Estudiante y el Edificio de Posgrado de la Facultad de Geograf\u00eda \u201cDr. en G. Delfino Madrigal Uribe\u201d, ambos en el Cerro de Coatepec, en Ciudad Universitaria.<\/p>\n\n\n\n<p>&#8220;El d\u00eda de hoy inauguramos el Edificio de Servicios al Estudiante que ha sido rehabilitado por completo en esta Universidad, en esta m\u00e1xima casa de estudios, y que sin duda se convierte en un espacio no nada m\u00e1s de convivencia, a trav\u00e9s de sus \u00e1reas como la cafeter\u00eda nueva, que adem\u00e1s orgullosamente fue creada por exalumnos de esta universidad, sino todo un espacio de servicios para apoyar a los j\u00f3venes que est\u00e1n en esta m\u00e1xima casa de estudios\u201d.<\/p>\n\n\n\n<p>\u201cNos da mucho gusto tambi\u00e9n inaugurar este edificio que est\u00e1 aqu\u00ed a un costado, para fortalecer la Facultad de Geograf\u00eda de esta m\u00e1xima casa de estudios; es un edificio nuevo que se entrega el d\u00eda de hoy y que nos permite seguir fortaleciendo la infraestructura que hay en \u00e9sta, nuestra m\u00e1xima casa de estudios\u201d, enfatiz\u00f3.<\/p>\n\n\n\n<p>El Secretario de Finanzas, Rodrigo Jarque Lira explic\u00f3 que las Becas EDOM\u00c9X Internacional tiene el prop\u00f3sito de elevar la profesionalizaci\u00f3n de los j\u00f3venes al apoyarlos para continuar sus estudios de posgrados en \u00e1reas relacionadas al desarrollo tecnol\u00f3gico, como qu\u00edmica, f\u00edsica, matem\u00e1ticas, ciencia de datos, energ\u00edas renovables, biotecnolog\u00eda, ciencias agroindustriales, biolog\u00eda, entre otras, en universidades de diversos pa\u00edses.<\/p>\n","protected":false},"excerpt":{"rendered":"<p>Para seguir mejorando la formaci\u00f3n profesional de la juventud mexiquense y brindar a la comunidad universitaria infraestructura m\u00e1s completa y moderna, el Gobernador Alfredo Del Mazo Maza y el Rector de la Universidad Aut\u00f3noma del Estado de M\u00e9xico (UAEM), Carlos Barrera D\u00edaz, entregaron nuevas instalaciones a esta casa de estudios y Becas EDOM\u00c9X Internacional 2022, a universitarios destacados.<\/p>\n","protected":false},"author":1,"featured_media":3893,"comment_status":"open","ping_status":"open","sticky":false,"template":"","format":"standard","meta":{"footnotes":""},"categories":[6,1],"tags":[322,323,97,23],"class_list":["post-3892","post","type-post","status-publish","format-standard","has-post-thumbnail","hentry","category-cienciaysalud","category-sociedad","tag-alfredo-del-mazo","tag-carlos-eduardo-barrera-diaz","tag-edomex","tag-uaemex"],"yoast_head":"<!-- This site is optimized with the Yoast SEO plugin v24.9 - https:\/\/yoast.com\/wordpress\/plugins\/seo\/ -->\n<title>ENTREGAN BECAS EDOM\u00c9X INTERNACIONAL Y NUEVA INFRAESTRUCTURA A LA UAEM - 21 Panorama<\/title>\n<meta name=\"robots\" content=\"index, follow, max-snippet:-1, max-image-preview:large, max-video-preview:-1\" \/>\n<link rel=\"canonical\" href=\"https:\/\/21panorama.com\/index.php\/2022\/07\/09\/entregan-becas-edomex-internacional-y-nueva-infraestructura-a-la-uaem\/\" \/>\n<meta property=\"og:locale\" content=\"es_MX\" \/>\n<meta property=\"og:type\" content=\"article\" \/>\n<meta property=\"og:title\" content=\"ENTREGAN BECAS EDOM\u00c9X INTERNACIONAL Y NUEVA INFRAESTRUCTURA A LA UAEM - 21 Panorama\" \/>\n<meta property=\"og:description\" content=\"Para seguir mejorando la formaci\u00f3n profesional de la juventud mexiquense y brindar a la comunidad universitaria infraestructura m\u00e1s completa y moderna, el Gobernador Alfredo Del Mazo Maza y el Rector de la Universidad Aut\u00f3noma del Estado de M\u00e9xico (UAEM), Carlos Barrera D\u00edaz, entregaron nuevas instalaciones a esta casa de estudios y Becas EDOM\u00c9X Internacional 2022, a universitarios destacados.\" \/>\n<meta property=\"og:url\" content=\"https:\/\/21panorama.com\/index.php\/2022\/07\/09\/entregan-becas-edomex-internacional-y-nueva-infraestructura-a-la-uaem\/\" \/>\n<meta property=\"og:site_name\" content=\"21 Panorama\" \/>\n<meta property=\"article:published_time\" content=\"2022-07-09T16:46:00+00:00\" \/>\n<meta property=\"article:modified_time\" content=\"2022-07-11T17:04:50+00:00\" \/>\n<meta property=\"og:image\" content=\"https:\/\/21panorama.com\/wp-content\/uploads\/2022\/07\/UAEMex-Y-GEM-050722-3.jpg\" \/>\n\t<meta property=\"og:image:width\" content=\"1440\" \/>\n\t<meta property=\"og:image:height\" content=\"960\" \/>\n\t<meta property=\"og:image:type\" content=\"image\/jpeg\" \/>\n<meta name=\"author\" content=\"admin\" \/>\n<meta name=\"twitter:card\" content=\"summary_large_image\" \/>\n<meta name=\"twitter:label1\" content=\"Escrito por\" \/>\n\t<meta name=\"twitter:data1\" content=\"admin\" \/>\n\t<meta name=\"twitter:label2\" content=\"Tiempo de lectura\" \/>\n\t<meta name=\"twitter:data2\" content=\"4 minutos\" \/>\n<script type=\"application\/ld+json\" class=\"yoast-schema-graph\">{\"@context\":\"https:\/\/schema.org\",\"@graph\":[{\"@type\":\"Article\",\"@id\":\"https:\/\/21panorama.com\/index.php\/2022\/07\/09\/entregan-becas-edomex-internacional-y-nueva-infraestructura-a-la-uaem\/#article\",\"isPartOf\":{\"@id\":\"https:\/\/21panorama.com\/index.php\/2022\/07\/09\/entregan-becas-edomex-internacional-y-nueva-infraestructura-a-la-uaem\/\"},\"author\":{\"name\":\"admin\",\"@id\":\"https:\/\/21panorama.com\/#\/schema\/person\/1afc291b96d5792a158768324287319f\"},\"headline\":\"ENTREGAN BECAS EDOM\u00c9X INTERNACIONAL Y NUEVA INFRAESTRUCTURA A LA UAEM\",\"datePublished\":\"2022-07-09T16:46:00+00:00\",\"dateModified\":\"2022-07-11T17:04:50+00:00\",\"mainEntityOfPage\":{\"@id\":\"https:\/\/21panorama.com\/index.php\/2022\/07\/09\/entregan-becas-edomex-internacional-y-nueva-infraestructura-a-la-uaem\/\"},\"wordCount\":816,\"commentCount\":0,\"publisher\":{\"@id\":\"https:\/\/21panorama.com\/#organization\"},\"image\":{\"@id\":\"https:\/\/21panorama.com\/index.php\/2022\/07\/09\/entregan-becas-edomex-internacional-y-nueva-infraestructura-a-la-uaem\/#primaryimage\"},\"thumbnailUrl\":\"https:\/\/21panorama.com\/wp-content\/uploads\/2022\/07\/UAEMex-Y-GEM-050722-3.jpg\",\"keywords\":[\"Alfredo del Mazo\",\"Carlos Eduardo Barrera D\u00edaz\",\"EDOMEX\",\"UAEMex\"],\"articleSection\":[\"Ciencia y Salud\",\"Sociedad\"],\"inLanguage\":\"es\",\"potentialAction\":[{\"@type\":\"CommentAction\",\"name\":\"Comment\",\"target\":[\"https:\/\/21panorama.com\/index.php\/2022\/07\/09\/entregan-becas-edomex-internacional-y-nueva-infraestructura-a-la-uaem\/#respond\"]}]},{\"@type\":\"WebPage\",\"@id\":\"https:\/\/21panorama.com\/index.php\/2022\/07\/09\/entregan-becas-edomex-internacional-y-nueva-infraestructura-a-la-uaem\/\",\"url\":\"https:\/\/21panorama.com\/index.php\/2022\/07\/09\/entregan-becas-edomex-internacional-y-nueva-infraestructura-a-la-uaem\/\",\"name\":\"ENTREGAN BECAS EDOM\u00c9X INTERNACIONAL Y NUEVA INFRAESTRUCTURA A LA UAEM - 21 Panorama\",\"isPartOf\":{\"@id\":\"https:\/\/21panorama.com\/#website\"},\"primaryImageOfPage\":{\"@id\":\"https:\/\/21panorama.com\/index.php\/2022\/07\/09\/entregan-becas-edomex-internacional-y-nueva-infraestructura-a-la-uaem\/#primaryimage\"},\"image\":{\"@id\":\"https:\/\/21panorama.com\/index.php\/2022\/07\/09\/entregan-becas-edomex-internacional-y-nueva-infraestructura-a-la-uaem\/#primaryimage\"},\"thumbnailUrl\":\"https:\/\/21panorama.com\/wp-content\/uploads\/2022\/07\/UAEMex-Y-GEM-050722-3.jpg\",\"datePublished\":\"2022-07-09T16:46:00+00:00\",\"dateModified\":\"2022-07-11T17:04:50+00:00\",\"breadcrumb\":{\"@id\":\"https:\/\/21panorama.com\/index.php\/2022\/07\/09\/entregan-becas-edomex-internacional-y-nueva-infraestructura-a-la-uaem\/#breadcrumb\"},\"inLanguage\":\"es\",\"potentialAction\":[{\"@type\":\"ReadAction\",\"target\":[\"https:\/\/21panorama.com\/index.php\/2022\/07\/09\/entregan-becas-edomex-internacional-y-nueva-infraestructura-a-la-uaem\/\"]}]},{\"@type\":\"ImageObject\",\"inLanguage\":\"es\",\"@id\":\"https:\/\/21panorama.com\/index.php\/2022\/07\/09\/entregan-becas-edomex-internacional-y-nueva-infraestructura-a-la-uaem\/#primaryimage\",\"url\":\"https:\/\/21panorama.com\/wp-content\/uploads\/2022\/07\/UAEMex-Y-GEM-050722-3.jpg\",\"contentUrl\":\"https:\/\/21panorama.com\/wp-content\/uploads\/2022\/07\/UAEMex-Y-GEM-050722-3.jpg\",\"width\":1440,\"height\":960},{\"@type\":\"BreadcrumbList\",\"@id\":\"https:\/\/21panorama.com\/index.php\/2022\/07\/09\/entregan-becas-edomex-internacional-y-nueva-infraestructura-a-la-uaem\/#breadcrumb\",\"itemListElement\":[{\"@type\":\"ListItem\",\"position\":1,\"name\":\"Inicio\",\"item\":\"https:\/\/21panorama.com\/\"},{\"@type\":\"ListItem\",\"position\":2,\"name\":\"ENTREGAN BECAS EDOM\u00c9X INTERNACIONAL Y NUEVA INFRAESTRUCTURA A LA UAEM\"}]},{\"@type\":\"WebSite\",\"@id\":\"https:\/\/21panorama.com\/#website\",\"url\":\"https:\/\/21panorama.com\/\",\"name\":\"21 Panorama\",\"description\":\"La construcci\u00f3n de la opini\u00f3n p\u00fablica merece un mejor Panorama en este siglo 21 para alcanzar una sociedad con mayor transparencia y sin corrupci\u00f3n.\",\"publisher\":{\"@id\":\"https:\/\/21panorama.com\/#organization\"},\"potentialAction\":[{\"@type\":\"SearchAction\",\"target\":{\"@type\":\"EntryPoint\",\"urlTemplate\":\"https:\/\/21panorama.com\/?s={search_term_string}\"},\"query-input\":{\"@type\":\"PropertyValueSpecification\",\"valueRequired\":true,\"valueName\":\"search_term_string\"}}],\"inLanguage\":\"es\"},{\"@type\":\"Organization\",\"@id\":\"https:\/\/21panorama.com\/#organization\",\"name\":\"21 Panorama\",\"url\":\"https:\/\/21panorama.com\/\",\"logo\":{\"@type\":\"ImageObject\",\"inLanguage\":\"es\",\"@id\":\"https:\/\/21panorama.com\/#\/schema\/logo\/image\/\",\"url\":\"https:\/\/21panorama.com\/wp-content\/uploads\/2019\/07\/cropped-Logo-Panorama-01.jpeg\",\"contentUrl\":\"https:\/\/21panorama.com\/wp-content\/uploads\/2019\/07\/cropped-Logo-Panorama-01.jpeg\",\"width\":290,\"height\":70,\"caption\":\"21 Panorama\"},\"image\":{\"@id\":\"https:\/\/21panorama.com\/#\/schema\/logo\/image\/\"}},{\"@type\":\"Person\",\"@id\":\"https:\/\/21panorama.com\/#\/schema\/person\/1afc291b96d5792a158768324287319f\",\"name\":\"admin\",\"image\":{\"@type\":\"ImageObject\",\"inLanguage\":\"es\",\"@id\":\"https:\/\/21panorama.com\/#\/schema\/person\/image\/\",\"url\":\"https:\/\/secure.gravatar.com\/avatar\/ad365d9d9f46719215b0d042cc3df92a5a8683e09ef13d102233e5491985f0f0?s=96&d=mm&r=g\",\"contentUrl\":\"https:\/\/secure.gravatar.com\/avatar\/ad365d9d9f46719215b0d042cc3df92a5a8683e09ef13d102233e5491985f0f0?s=96&d=mm&r=g\",\"caption\":\"admin\"},\"url\":\"https:\/\/21panorama.com\/index.php\/author\/admin\/\"}]}<\/script>\n<!-- \/ Yoast SEO plugin. -->","yoast_head_json":{"title":"ENTREGAN BECAS EDOM\u00c9X INTERNACIONAL Y NUEVA INFRAESTRUCTURA A LA UAEM - 21 Panorama","robots":{"index":"index","follow":"follow","max-snippet":"max-snippet:-1","max-image-preview":"max-image-preview:large","max-video-preview":"max-video-preview:-1"},"canonical":"https:\/\/21panorama.com\/index.php\/2022\/07\/09\/entregan-becas-edomex-internacional-y-nueva-infraestructura-a-la-uaem\/","og_locale":"es_MX","og_type":"article","og_title":"ENTREGAN BECAS EDOM\u00c9X INTERNACIONAL Y NUEVA INFRAESTRUCTURA A LA UAEM - 21 Panorama","og_description":"Para seguir mejorando la formaci\u00f3n profesional de la juventud mexiquense y brindar a la comunidad universitaria infraestructura m\u00e1s completa y moderna, el Gobernador Alfredo Del Mazo Maza y el Rector de la Universidad Aut\u00f3noma del Estado de M\u00e9xico (UAEM), Carlos Barrera D\u00edaz, entregaron nuevas instalaciones a esta casa de estudios y Becas EDOM\u00c9X Internacional 2022, a universitarios destacados.","og_url":"https:\/\/21panorama.com\/index.php\/2022\/07\/09\/entregan-becas-edomex-internacional-y-nueva-infraestructura-a-la-uaem\/","og_site_name":"21 Panorama","article_published_time":"2022-07-09T16:46:00+00:00","article_modified_time":"2022-07-11T17:04:50+00:00","og_image":[{"width":1440,"height":960,"url":"https:\/\/21panorama.com\/wp-content\/uploads\/2022\/07\/UAEMex-Y-GEM-050722-3.jpg","type":"image\/jpeg"}],"author":"admin","twitter_card":"summary_large_image","twitter_misc":{"Escrito por":"admin","Tiempo de lectura":"4 minutos"},"schema":{"@context":"https:\/\/schema.org","@graph":[{"@type":"Article","@id":"https:\/\/21panorama.com\/index.php\/2022\/07\/09\/entregan-becas-edomex-internacional-y-nueva-infraestructura-a-la-uaem\/#article","isPartOf":{"@id":"https:\/\/21panorama.com\/index.php\/2022\/07\/09\/entregan-becas-edomex-internacional-y-nueva-infraestructura-a-la-uaem\/"},"author":{"name":"admin","@id":"https:\/\/21panorama.com\/#\/schema\/person\/1afc291b96d5792a158768324287319f"},"headline":"ENTREGAN BECAS EDOM\u00c9X INTERNACIONAL Y NUEVA INFRAESTRUCTURA A LA UAEM","datePublished":"2022-07-09T16:46:00+00:00","dateModified":"2022-07-11T17:04:50+00:00","mainEntityOfPage":{"@id":"https:\/\/21panorama.com\/index.php\/2022\/07\/09\/entregan-becas-edomex-internacional-y-nueva-infraestructura-a-la-uaem\/"},"wordCount":816,"commentCount":0,"publisher":{"@id":"https:\/\/21panorama.com\/#organization"},"image":{"@id":"https:\/\/21panorama.com\/index.php\/2022\/07\/09\/entregan-becas-edomex-internacional-y-nueva-infraestructura-a-la-uaem\/#primaryimage"},"thumbnailUrl":"https:\/\/21panorama.com\/wp-content\/uploads\/2022\/07\/UAEMex-Y-GEM-050722-3.jpg","keywords":["Alfredo del Mazo","Carlos Eduardo Barrera D\u00edaz","EDOMEX","UAEMex"],"articleSection":["Ciencia y Salud","Sociedad"],"inLanguage":"es","potentialAction":[{"@type":"CommentAction","name":"Comment","target":["https:\/\/21panorama.com\/index.php\/2022\/07\/09\/entregan-becas-edomex-internacional-y-nueva-infraestructura-a-la-uaem\/#respond"]}]},{"@type":"WebPage","@id":"https:\/\/21panorama.com\/index.php\/2022\/07\/09\/entregan-becas-edomex-internacional-y-nueva-infraestructura-a-la-uaem\/","url":"https:\/\/21panorama.com\/index.php\/2022\/07\/09\/entregan-becas-edomex-internacional-y-nueva-infraestructura-a-la-uaem\/","name":"ENTREGAN BECAS EDOM\u00c9X INTERNACIONAL Y NUEVA INFRAESTRUCTURA A LA UAEM - 21 Panorama","isPartOf":{"@id":"https:\/\/21panorama.com\/#website"},"primaryImageOfPage":{"@id":"https:\/\/21panorama.com\/index.php\/2022\/07\/09\/entregan-becas-edomex-internacional-y-nueva-infraestructura-a-la-uaem\/#primaryimage"},"image":{"@id":"https:\/\/21panorama.com\/index.php\/2022\/07\/09\/entregan-becas-edomex-internacional-y-nueva-infraestructura-a-la-uaem\/#primaryimage"},"thumbnailUrl":"https:\/\/21panorama.com\/wp-content\/uploads\/2022\/07\/UAEMex-Y-GEM-050722-3.jpg","datePublished":"2022-07-09T16:46:00+00:00","dateModified":"2022-07-11T17:04:50+00:00","breadcrumb":{"@id":"https:\/\/21panorama.com\/index.php\/2022\/07\/09\/entregan-becas-edomex-internacional-y-nueva-infraestructura-a-la-uaem\/#breadcrumb"},"inLanguage":"es","potentialAction":[{"@type":"ReadAction","target":["https:\/\/21panorama.com\/index.php\/2022\/07\/09\/entregan-becas-edomex-internacional-y-nueva-infraestructura-a-la-uaem\/"]}]},{"@type":"ImageObject","inLanguage":"es","@id":"https:\/\/21panorama.com\/index.php\/2022\/07\/09\/entregan-becas-edomex-internacional-y-nueva-infraestructura-a-la-uaem\/#primaryimage","url":"https:\/\/21panorama.com\/wp-content\/uploads\/2022\/07\/UAEMex-Y-GEM-050722-3.jpg","contentUrl":"https:\/\/21panorama.com\/wp-content\/uploads\/2022\/07\/UAEMex-Y-GEM-050722-3.jpg","width":1440,"height":960},{"@type":"BreadcrumbList","@id":"https:\/\/21panorama.com\/index.php\/2022\/07\/09\/entregan-becas-edomex-internacional-y-nueva-infraestructura-a-la-uaem\/#breadcrumb","itemListElement":[{"@type":"ListItem","position":1,"name":"Inicio","item":"https:\/\/21panorama.com\/"},{"@type":"ListItem","position":2,"name":"ENTREGAN BECAS EDOM\u00c9X INTERNACIONAL Y NUEVA INFRAESTRUCTURA A LA UAEM"}]},{"@type":"WebSite","@id":"https:\/\/21panorama.com\/#website","url":"https:\/\/21panorama.com\/","name":"21 Panorama","description":"La construcci\u00f3n de la opini\u00f3n p\u00fablica merece un mejor Panorama en este siglo 21 para alcanzar una sociedad con mayor transparencia y sin corrupci\u00f3n.","publisher":{"@id":"https:\/\/21panorama.com\/#organization"},"potentialAction":[{"@type":"SearchAction","target":{"@type":"EntryPoint","urlTemplate":"https:\/\/21panorama.com\/?s={search_term_string}"},"query-input":{"@type":"PropertyValueSpecification","valueRequired":true,"valueName":"search_term_string"}}],"inLanguage":"es"},{"@type":"Organization","@id":"https:\/\/21panorama.com\/#organization","name":"21 Panorama","url":"https:\/\/21panorama.com\/","logo":{"@type":"ImageObject","inLanguage":"es","@id":"https:\/\/21panorama.com\/#\/schema\/logo\/image\/","url":"https:\/\/21panorama.com\/wp-content\/uploads\/2019\/07\/cropped-Logo-Panorama-01.jpeg","contentUrl":"https:\/\/21panorama.com\/wp-content\/uploads\/2019\/07\/cropped-Logo-Panorama-01.jpeg","width":290,"height":70,"caption":"21 Panorama"},"image":{"@id":"https:\/\/21panorama.com\/#\/schema\/logo\/image\/"}},{"@type":"Person","@id":"https:\/\/21panorama.com\/#\/schema\/person\/1afc291b96d5792a158768324287319f","name":"admin","image":{"@type":"ImageObject","inLanguage":"es","@id":"https:\/\/21panorama.com\/#\/schema\/person\/image\/","url":"https:\/\/secure.gravatar.com\/avatar\/ad365d9d9f46719215b0d042cc3df92a5a8683e09ef13d102233e5491985f0f0?s=96&d=mm&r=g","contentUrl":"https:\/\/secure.gravatar.com\/avatar\/ad365d9d9f46719215b0d042cc3df92a5a8683e09ef13d102233e5491985f0f0?s=96&d=mm&r=g","caption":"admin"},"url":"https:\/\/21panorama.com\/index.php\/author\/admin\/"}]}},"_links":{"self":[{"href":"https:\/\/21panorama.com\/index.php\/wp-json\/wp\/v2\/posts\/3892","targetHints":{"allow":["GET"]}}],"collection":[{"href":"https:\/\/21panorama.com\/index.php\/wp-json\/wp\/v2\/posts"}],"about":[{"href":"https:\/\/21panorama.com\/index.php\/wp-json\/wp\/v2\/types\/post"}],"author":[{"embeddable":true,"href":"https:\/\/21panorama.com\/index.php\/wp-json\/wp\/v2\/users\/1"}],"replies":[{"embeddable":true,"href":"https:\/\/21panorama.com\/index.php\/wp-json\/wp\/v2\/comments?post=3892"}],"version-history":[{"count":1,"href":"https:\/\/21panorama.com\/index.php\/wp-json\/wp\/v2\/posts\/3892\/revisions"}],"predecessor-version":[{"id":3894,"href":"https:\/\/21panorama.com\/index.php\/wp-json\/wp\/v2\/posts\/3892\/revisions\/3894"}],"wp:featuredmedia":[{"embeddable":true,"href":"https:\/\/21panorama.com\/index.php\/wp-json\/wp\/v2\/media\/3893"}],"wp:attachment":[{"href":"https:\/\/21panorama.com\/index.php\/wp-json\/wp\/v2\/media?parent=3892"}],"wp:term":[{"taxonomy":"category","embeddable":true,"href":"https:\/\/21panorama.com\/index.php\/wp-json\/wp\/v2\/categories?post=3892"},{"taxonomy":"post_tag","embeddable":true,"href":"https:\/\/21panorama.com\/index.php\/wp-json\/wp\/v2\/tags?post=3892"}],"curies":[{"name":"wp","href":"https:\/\/api.w.org\/{rel}","templated":true}]}}