{"id":3889,"date":"2022-07-09T11:39:00","date_gmt":"2022-07-09T16:39:00","guid":{"rendered":"https:\/\/21panorama.com\/?p=3889"},"modified":"2022-07-11T11:44:51","modified_gmt":"2022-07-11T16:44:51","slug":"gobierno-federal-utiliza-instituciones-del-estado-para-atacar-a-opositores-y-a-quienes-somos-incomodos-al-regimen-alejandro-moreno","status":"publish","type":"post","link":"https:\/\/21panorama.com\/index.php\/2022\/07\/09\/gobierno-federal-utiliza-instituciones-del-estado-para-atacar-a-opositores-y-a-quienes-somos-incomodos-al-regimen-alejandro-moreno\/","title":{"rendered":"GOBIERNO FEDERAL UTILIZA INSTITUCIONES DEL ESTADO PARA ATACAR A OPOSITORES Y A QUIENES SOMOS INC\u00d3MODOS AL R\u00c9GIMEN: ALEJANDRO MORENO"},"content":{"rendered":"\n<p><\/p>\n\n\n\n<p>\u2022 Luego de que desde la cuenta oficial del gobierno en Twitter se difundi\u00f3 que la FGR habr\u00eda abierto una investigaci\u00f3n en su contra, que despu\u00e9s elimin\u00f3, el dirigente nacional del PRI consider\u00f3 que ello viola el debido proceso y la presunci\u00f3n de inocencia.<\/p>\n\n\n\n<p>\u2022 Anunci\u00f3 que emprender\u00e1 acciones legales, porque, advirti\u00f3, \u201cno podemos permitir que se rompa el r\u00e9gimen democr\u00e1tico en M\u00e9xico, que se politice la justicia o que se judicialice la pol\u00edtica\u201d.<\/p>\n\n\n\n<p>Ha quedado claro que el gobierno federal y Morena pretenden utilizar las instituciones del Estado que deben brindar justicia y seguridad a los mexicanos, para atacar a las y los opositores o a quienes somos inc\u00f3modos para el r\u00e9gimen, afirm\u00f3 Alejandro Moreno, Presidente del Comit\u00e9 Ejecutivo Nacional (CEN) del Partido Revolucionario Institucional (PRI) y anunci\u00f3 que emprender\u00e1 acciones legales.<\/p>\n\n\n\n<p>Despu\u00e9s de que desde la cuenta oficial del Gobierno de M\u00e9xico en Twitter se inform\u00f3 que se habr\u00edan abierto carpetas de investigaci\u00f3n en su contra en la Fiscal\u00eda General de la Rep\u00fablica (FGR) y que despu\u00e9s se elimin\u00f3, el dirigente nacional del tricolor puntualiz\u00f3 que ese hecho \u201ctira cualquier carpeta de investigaci\u00f3n, porque viola el debido proceso y la presunci\u00f3n de inocencia\u201d.<\/p>\n\n\n\n<p>A trav\u00e9s de un video que subi\u00f3 a sus redes sociales desde Ginebra, el Presidente Alejandro Moreno puntualiz\u00f3 que \u201ces incre\u00edble\u201d que el gobierno federal haya difundido esa informaci\u00f3n, porque quien debe hacerlo es la FGR, que es un organismo aut\u00f3nomo.<\/p>\n\n\n\n<p>Por ello, ratific\u00f3: \u201cQueda claro que este gobierno pretende utilizar las instituciones del Estado mexicano para garantizar justicia y seguridad, para atacar a las y los opositores o a quienes somos inc\u00f3modos para el r\u00e9gimen\u201d.<\/p>\n\n\n\n<p>Precis\u00f3 que \u201ctodo ha quedado documentado. Todo ha sido p\u00fablico. Vamos a seguir denunciando que este gobierno quiere romper el modelo democr\u00e1tico. Emprenderemos acciones legales. Vamos a ir hasta las \u00faltimas consecuencias, porque no podemos permitir que se rompa el r\u00e9gimen democr\u00e1tico en M\u00e9xico, que se politice la justicia o que se judicialice la pol\u00edtica\u201d.<\/p>\n\n\n\n<p>El l\u00edder nacional del PRI agradeci\u00f3 \u201ca esos cientos de amigas y amigos que me escribieron desde M\u00e9xico, para decir lo que estaba ocurriendo. Qu\u00e9 bueno que dieron certeza plena, que confirman que hay una persecuci\u00f3n pol\u00edtica contra quien piensa distinto\u201d.<\/p>\n\n\n\n<p>El dirigente priista sostuvo que \u201cseguiremos dando la batalla las y los diputados del PRI\u201d. A la militancia del PRI, destac\u00f3, a sus dirigentes, a todos, a la coalici\u00f3n Va por M\u00e9xico, \u201cmuchas gracias, no estamos solos, somos miles y millones de mexicanos los que vamos a luchar por la democracia\u201d.<\/p>\n\n\n\n<p>Y el tambi\u00e9n Presidente de la Conferencia Permanente de Partidos Pol\u00edticos de Am\u00e9rica Latina y el Caribe (COPPPAL), y Vicepresidente Mundial de la Internacional Socialista (IS), anunci\u00f3: \u201cregresaremos en las pr\u00f3ximas horas y ah\u00ed estaremos dando la batalla en nuestro pa\u00eds, en defensa de la democracia\u201d.<\/p>\n","protected":false},"excerpt":{"rendered":"<p>Luego de que desde la cuenta oficial del gobierno en Twitter se difundi\u00f3 que la FGR habr\u00eda abierto una investigaci\u00f3n en su contra, que despu\u00e9s elimin\u00f3, el dirigente nacional del PRI consider\u00f3 que ello viola el debido proceso y la presunci\u00f3n de inocencia.<\/p>\n","protected":false},"author":1,"featured_media":3890,"comment_status":"open","ping_status":"open","sticky":false,"template":"","format":"standard","meta":{"footnotes":""},"categories":[12],"tags":[321,33],"class_list":["post-3889","post","type-post","status-publish","format-standard","has-post-thumbnail","hentry","category-politica","tag-alejandro-moreno","tag-pri"],"yoast_head":"<!-- This site is optimized with the Yoast SEO plugin v24.9 - https:\/\/yoast.com\/wordpress\/plugins\/seo\/ -->\n<title>GOBIERNO FEDERAL UTILIZA INSTITUCIONES DEL ESTADO PARA ATACAR A OPOSITORES Y A QUIENES SOMOS INC\u00d3MODOS AL R\u00c9GIMEN: ALEJANDRO MORENO - 21 Panorama<\/title>\n<meta name=\"robots\" content=\"index, follow, max-snippet:-1, max-image-preview:large, max-video-preview:-1\" \/>\n<link rel=\"canonical\" href=\"https:\/\/21panorama.com\/index.php\/2022\/07\/09\/gobierno-federal-utiliza-instituciones-del-estado-para-atacar-a-opositores-y-a-quienes-somos-incomodos-al-regimen-alejandro-moreno\/\" \/>\n<meta property=\"og:locale\" content=\"es_MX\" \/>\n<meta property=\"og:type\" content=\"article\" \/>\n<meta property=\"og:title\" content=\"GOBIERNO FEDERAL UTILIZA INSTITUCIONES DEL ESTADO PARA ATACAR A OPOSITORES Y A QUIENES SOMOS INC\u00d3MODOS AL R\u00c9GIMEN: ALEJANDRO MORENO - 21 Panorama\" \/>\n<meta property=\"og:description\" content=\"Luego de que desde la cuenta oficial del gobierno en Twitter se difundi\u00f3 que la FGR habr\u00eda abierto una investigaci\u00f3n en su contra, que despu\u00e9s elimin\u00f3, el dirigente nacional del PRI consider\u00f3 que ello viola el debido proceso y la presunci\u00f3n de inocencia.\" \/>\n<meta property=\"og:url\" content=\"https:\/\/21panorama.com\/index.php\/2022\/07\/09\/gobierno-federal-utiliza-instituciones-del-estado-para-atacar-a-opositores-y-a-quienes-somos-incomodos-al-regimen-alejandro-moreno\/\" \/>\n<meta property=\"og:site_name\" content=\"21 Panorama\" \/>\n<meta property=\"article:published_time\" content=\"2022-07-09T16:39:00+00:00\" \/>\n<meta property=\"article:modified_time\" content=\"2022-07-11T16:44:51+00:00\" \/>\n<meta property=\"og:image\" content=\"https:\/\/21panorama.com\/wp-content\/uploads\/2022\/07\/Alejandro-Moreno-090722.jpg\" \/>\n\t<meta property=\"og:image:width\" content=\"763\" \/>\n\t<meta property=\"og:image:height\" content=\"519\" \/>\n\t<meta property=\"og:image:type\" content=\"image\/jpeg\" \/>\n<meta name=\"author\" content=\"admin\" \/>\n<meta name=\"twitter:card\" content=\"summary_large_image\" \/>\n<meta name=\"twitter:label1\" content=\"Escrito por\" \/>\n\t<meta name=\"twitter:data1\" content=\"admin\" \/>\n\t<meta name=\"twitter:label2\" content=\"Tiempo de lectura\" \/>\n\t<meta name=\"twitter:data2\" content=\"3 minutos\" \/>\n<script type=\"application\/ld+json\" class=\"yoast-schema-graph\">{\"@context\":\"https:\/\/schema.org\",\"@graph\":[{\"@type\":\"Article\",\"@id\":\"https:\/\/21panorama.com\/index.php\/2022\/07\/09\/gobierno-federal-utiliza-instituciones-del-estado-para-atacar-a-opositores-y-a-quienes-somos-incomodos-al-regimen-alejandro-moreno\/#article\",\"isPartOf\":{\"@id\":\"https:\/\/21panorama.com\/index.php\/2022\/07\/09\/gobierno-federal-utiliza-instituciones-del-estado-para-atacar-a-opositores-y-a-quienes-somos-incomodos-al-regimen-alejandro-moreno\/\"},\"author\":{\"name\":\"admin\",\"@id\":\"https:\/\/21panorama.com\/#\/schema\/person\/1afc291b96d5792a158768324287319f\"},\"headline\":\"GOBIERNO FEDERAL UTILIZA INSTITUCIONES DEL ESTADO PARA ATACAR A OPOSITORES Y A QUIENES SOMOS INC\u00d3MODOS AL R\u00c9GIMEN: ALEJANDRO MORENO\",\"datePublished\":\"2022-07-09T16:39:00+00:00\",\"dateModified\":\"2022-07-11T16:44:51+00:00\",\"mainEntityOfPage\":{\"@id\":\"https:\/\/21panorama.com\/index.php\/2022\/07\/09\/gobierno-federal-utiliza-instituciones-del-estado-para-atacar-a-opositores-y-a-quienes-somos-incomodos-al-regimen-alejandro-moreno\/\"},\"wordCount\":525,\"commentCount\":0,\"publisher\":{\"@id\":\"https:\/\/21panorama.com\/#organization\"},\"image\":{\"@id\":\"https:\/\/21panorama.com\/index.php\/2022\/07\/09\/gobierno-federal-utiliza-instituciones-del-estado-para-atacar-a-opositores-y-a-quienes-somos-incomodos-al-regimen-alejandro-moreno\/#primaryimage\"},\"thumbnailUrl\":\"https:\/\/21panorama.com\/wp-content\/uploads\/2022\/07\/Alejandro-Moreno-090722.jpg\",\"keywords\":[\"Alejandro Moreno\",\"PRI\"],\"articleSection\":[\"Politica\"],\"inLanguage\":\"es\",\"potentialAction\":[{\"@type\":\"CommentAction\",\"name\":\"Comment\",\"target\":[\"https:\/\/21panorama.com\/index.php\/2022\/07\/09\/gobierno-federal-utiliza-instituciones-del-estado-para-atacar-a-opositores-y-a-quienes-somos-incomodos-al-regimen-alejandro-moreno\/#respond\"]}]},{\"@type\":\"WebPage\",\"@id\":\"https:\/\/21panorama.com\/index.php\/2022\/07\/09\/gobierno-federal-utiliza-instituciones-del-estado-para-atacar-a-opositores-y-a-quienes-somos-incomodos-al-regimen-alejandro-moreno\/\",\"url\":\"https:\/\/21panorama.com\/index.php\/2022\/07\/09\/gobierno-federal-utiliza-instituciones-del-estado-para-atacar-a-opositores-y-a-quienes-somos-incomodos-al-regimen-alejandro-moreno\/\",\"name\":\"GOBIERNO FEDERAL UTILIZA INSTITUCIONES DEL ESTADO PARA ATACAR A OPOSITORES Y A QUIENES SOMOS INC\u00d3MODOS AL R\u00c9GIMEN: ALEJANDRO MORENO - 21 Panorama\",\"isPartOf\":{\"@id\":\"https:\/\/21panorama.com\/#website\"},\"primaryImageOfPage\":{\"@id\":\"https:\/\/21panorama.com\/index.php\/2022\/07\/09\/gobierno-federal-utiliza-instituciones-del-estado-para-atacar-a-opositores-y-a-quienes-somos-incomodos-al-regimen-alejandro-moreno\/#primaryimage\"},\"image\":{\"@id\":\"https:\/\/21panorama.com\/index.php\/2022\/07\/09\/gobierno-federal-utiliza-instituciones-del-estado-para-atacar-a-opositores-y-a-quienes-somos-incomodos-al-regimen-alejandro-moreno\/#primaryimage\"},\"thumbnailUrl\":\"https:\/\/21panorama.com\/wp-content\/uploads\/2022\/07\/Alejandro-Moreno-090722.jpg\",\"datePublished\":\"2022-07-09T16:39:00+00:00\",\"dateModified\":\"2022-07-11T16:44:51+00:00\",\"breadcrumb\":{\"@id\":\"https:\/\/21panorama.com\/index.php\/2022\/07\/09\/gobierno-federal-utiliza-instituciones-del-estado-para-atacar-a-opositores-y-a-quienes-somos-incomodos-al-regimen-alejandro-moreno\/#breadcrumb\"},\"inLanguage\":\"es\",\"potentialAction\":[{\"@type\":\"ReadAction\",\"target\":[\"https:\/\/21panorama.com\/index.php\/2022\/07\/09\/gobierno-federal-utiliza-instituciones-del-estado-para-atacar-a-opositores-y-a-quienes-somos-incomodos-al-regimen-alejandro-moreno\/\"]}]},{\"@type\":\"ImageObject\",\"inLanguage\":\"es\",\"@id\":\"https:\/\/21panorama.com\/index.php\/2022\/07\/09\/gobierno-federal-utiliza-instituciones-del-estado-para-atacar-a-opositores-y-a-quienes-somos-incomodos-al-regimen-alejandro-moreno\/#primaryimage\",\"url\":\"https:\/\/21panorama.com\/wp-content\/uploads\/2022\/07\/Alejandro-Moreno-090722.jpg\",\"contentUrl\":\"https:\/\/21panorama.com\/wp-content\/uploads\/2022\/07\/Alejandro-Moreno-090722.jpg\",\"width\":763,\"height\":519},{\"@type\":\"BreadcrumbList\",\"@id\":\"https:\/\/21panorama.com\/index.php\/2022\/07\/09\/gobierno-federal-utiliza-instituciones-del-estado-para-atacar-a-opositores-y-a-quienes-somos-incomodos-al-regimen-alejandro-moreno\/#breadcrumb\",\"itemListElement\":[{\"@type\":\"ListItem\",\"position\":1,\"name\":\"Inicio\",\"item\":\"https:\/\/21panorama.com\/\"},{\"@type\":\"ListItem\",\"position\":2,\"name\":\"GOBIERNO FEDERAL UTILIZA INSTITUCIONES DEL ESTADO PARA ATACAR A OPOSITORES Y A QUIENES SOMOS INC\u00d3MODOS AL R\u00c9GIMEN: ALEJANDRO MORENO\"}]},{\"@type\":\"WebSite\",\"@id\":\"https:\/\/21panorama.com\/#website\",\"url\":\"https:\/\/21panorama.com\/\",\"name\":\"21 Panorama\",\"description\":\"La construcci\u00f3n de la opini\u00f3n p\u00fablica merece un mejor Panorama en este siglo 21 para alcanzar una sociedad con mayor transparencia y sin corrupci\u00f3n.\",\"publisher\":{\"@id\":\"https:\/\/21panorama.com\/#organization\"},\"potentialAction\":[{\"@type\":\"SearchAction\",\"target\":{\"@type\":\"EntryPoint\",\"urlTemplate\":\"https:\/\/21panorama.com\/?s={search_term_string}\"},\"query-input\":{\"@type\":\"PropertyValueSpecification\",\"valueRequired\":true,\"valueName\":\"search_term_string\"}}],\"inLanguage\":\"es\"},{\"@type\":\"Organization\",\"@id\":\"https:\/\/21panorama.com\/#organization\",\"name\":\"21 Panorama\",\"url\":\"https:\/\/21panorama.com\/\",\"logo\":{\"@type\":\"ImageObject\",\"inLanguage\":\"es\",\"@id\":\"https:\/\/21panorama.com\/#\/schema\/logo\/image\/\",\"url\":\"https:\/\/21panorama.com\/wp-content\/uploads\/2019\/07\/cropped-Logo-Panorama-01.jpeg\",\"contentUrl\":\"https:\/\/21panorama.com\/wp-content\/uploads\/2019\/07\/cropped-Logo-Panorama-01.jpeg\",\"width\":290,\"height\":70,\"caption\":\"21 Panorama\"},\"image\":{\"@id\":\"https:\/\/21panorama.com\/#\/schema\/logo\/image\/\"}},{\"@type\":\"Person\",\"@id\":\"https:\/\/21panorama.com\/#\/schema\/person\/1afc291b96d5792a158768324287319f\",\"name\":\"admin\",\"image\":{\"@type\":\"ImageObject\",\"inLanguage\":\"es\",\"@id\":\"https:\/\/21panorama.com\/#\/schema\/person\/image\/\",\"url\":\"https:\/\/secure.gravatar.com\/avatar\/ad365d9d9f46719215b0d042cc3df92a5a8683e09ef13d102233e5491985f0f0?s=96&d=mm&r=g\",\"contentUrl\":\"https:\/\/secure.gravatar.com\/avatar\/ad365d9d9f46719215b0d042cc3df92a5a8683e09ef13d102233e5491985f0f0?s=96&d=mm&r=g\",\"caption\":\"admin\"},\"url\":\"https:\/\/21panorama.com\/index.php\/author\/admin\/\"}]}<\/script>\n<!-- \/ Yoast SEO plugin. -->","yoast_head_json":{"title":"GOBIERNO FEDERAL UTILIZA INSTITUCIONES DEL ESTADO PARA ATACAR A OPOSITORES Y A QUIENES SOMOS INC\u00d3MODOS AL R\u00c9GIMEN: ALEJANDRO MORENO - 21 Panorama","robots":{"index":"index","follow":"follow","max-snippet":"max-snippet:-1","max-image-preview":"max-image-preview:large","max-video-preview":"max-video-preview:-1"},"canonical":"https:\/\/21panorama.com\/index.php\/2022\/07\/09\/gobierno-federal-utiliza-instituciones-del-estado-para-atacar-a-opositores-y-a-quienes-somos-incomodos-al-regimen-alejandro-moreno\/","og_locale":"es_MX","og_type":"article","og_title":"GOBIERNO FEDERAL UTILIZA INSTITUCIONES DEL ESTADO PARA ATACAR A OPOSITORES Y A QUIENES SOMOS INC\u00d3MODOS AL R\u00c9GIMEN: ALEJANDRO MORENO - 21 Panorama","og_description":"Luego de que desde la cuenta oficial del gobierno en Twitter se difundi\u00f3 que la FGR habr\u00eda abierto una investigaci\u00f3n en su contra, que despu\u00e9s elimin\u00f3, el dirigente nacional del PRI consider\u00f3 que ello viola el debido proceso y la presunci\u00f3n de inocencia.","og_url":"https:\/\/21panorama.com\/index.php\/2022\/07\/09\/gobierno-federal-utiliza-instituciones-del-estado-para-atacar-a-opositores-y-a-quienes-somos-incomodos-al-regimen-alejandro-moreno\/","og_site_name":"21 Panorama","article_published_time":"2022-07-09T16:39:00+00:00","article_modified_time":"2022-07-11T16:44:51+00:00","og_image":[{"width":763,"height":519,"url":"https:\/\/21panorama.com\/wp-content\/uploads\/2022\/07\/Alejandro-Moreno-090722.jpg","type":"image\/jpeg"}],"author":"admin","twitter_card":"summary_large_image","twitter_misc":{"Escrito por":"admin","Tiempo de lectura":"3 minutos"},"schema":{"@context":"https:\/\/schema.org","@graph":[{"@type":"Article","@id":"https:\/\/21panorama.com\/index.php\/2022\/07\/09\/gobierno-federal-utiliza-instituciones-del-estado-para-atacar-a-opositores-y-a-quienes-somos-incomodos-al-regimen-alejandro-moreno\/#article","isPartOf":{"@id":"https:\/\/21panorama.com\/index.php\/2022\/07\/09\/gobierno-federal-utiliza-instituciones-del-estado-para-atacar-a-opositores-y-a-quienes-somos-incomodos-al-regimen-alejandro-moreno\/"},"author":{"name":"admin","@id":"https:\/\/21panorama.com\/#\/schema\/person\/1afc291b96d5792a158768324287319f"},"headline":"GOBIERNO FEDERAL UTILIZA INSTITUCIONES DEL ESTADO PARA ATACAR A OPOSITORES Y A QUIENES SOMOS INC\u00d3MODOS AL R\u00c9GIMEN: ALEJANDRO MORENO","datePublished":"2022-07-09T16:39:00+00:00","dateModified":"2022-07-11T16:44:51+00:00","mainEntityOfPage":{"@id":"https:\/\/21panorama.com\/index.php\/2022\/07\/09\/gobierno-federal-utiliza-instituciones-del-estado-para-atacar-a-opositores-y-a-quienes-somos-incomodos-al-regimen-alejandro-moreno\/"},"wordCount":525,"commentCount":0,"publisher":{"@id":"https:\/\/21panorama.com\/#organization"},"image":{"@id":"https:\/\/21panorama.com\/index.php\/2022\/07\/09\/gobierno-federal-utiliza-instituciones-del-estado-para-atacar-a-opositores-y-a-quienes-somos-incomodos-al-regimen-alejandro-moreno\/#primaryimage"},"thumbnailUrl":"https:\/\/21panorama.com\/wp-content\/uploads\/2022\/07\/Alejandro-Moreno-090722.jpg","keywords":["Alejandro Moreno","PRI"],"articleSection":["Politica"],"inLanguage":"es","potentialAction":[{"@type":"CommentAction","name":"Comment","target":["https:\/\/21panorama.com\/index.php\/2022\/07\/09\/gobierno-federal-utiliza-instituciones-del-estado-para-atacar-a-opositores-y-a-quienes-somos-incomodos-al-regimen-alejandro-moreno\/#respond"]}]},{"@type":"WebPage","@id":"https:\/\/21panorama.com\/index.php\/2022\/07\/09\/gobierno-federal-utiliza-instituciones-del-estado-para-atacar-a-opositores-y-a-quienes-somos-incomodos-al-regimen-alejandro-moreno\/","url":"https:\/\/21panorama.com\/index.php\/2022\/07\/09\/gobierno-federal-utiliza-instituciones-del-estado-para-atacar-a-opositores-y-a-quienes-somos-incomodos-al-regimen-alejandro-moreno\/","name":"GOBIERNO FEDERAL UTILIZA INSTITUCIONES DEL ESTADO PARA ATACAR A OPOSITORES Y A QUIENES SOMOS INC\u00d3MODOS AL R\u00c9GIMEN: ALEJANDRO MORENO - 21 Panorama","isPartOf":{"@id":"https:\/\/21panorama.com\/#website"},"primaryImageOfPage":{"@id":"https:\/\/21panorama.com\/index.php\/2022\/07\/09\/gobierno-federal-utiliza-instituciones-del-estado-para-atacar-a-opositores-y-a-quienes-somos-incomodos-al-regimen-alejandro-moreno\/#primaryimage"},"image":{"@id":"https:\/\/21panorama.com\/index.php\/2022\/07\/09\/gobierno-federal-utiliza-instituciones-del-estado-para-atacar-a-opositores-y-a-quienes-somos-incomodos-al-regimen-alejandro-moreno\/#primaryimage"},"thumbnailUrl":"https:\/\/21panorama.com\/wp-content\/uploads\/2022\/07\/Alejandro-Moreno-090722.jpg","datePublished":"2022-07-09T16:39:00+00:00","dateModified":"2022-07-11T16:44:51+00:00","breadcrumb":{"@id":"https:\/\/21panorama.com\/index.php\/2022\/07\/09\/gobierno-federal-utiliza-instituciones-del-estado-para-atacar-a-opositores-y-a-quienes-somos-incomodos-al-regimen-alejandro-moreno\/#breadcrumb"},"inLanguage":"es","potentialAction":[{"@type":"ReadAction","target":["https:\/\/21panorama.com\/index.php\/2022\/07\/09\/gobierno-federal-utiliza-instituciones-del-estado-para-atacar-a-opositores-y-a-quienes-somos-incomodos-al-regimen-alejandro-moreno\/"]}]},{"@type":"ImageObject","inLanguage":"es","@id":"https:\/\/21panorama.com\/index.php\/2022\/07\/09\/gobierno-federal-utiliza-instituciones-del-estado-para-atacar-a-opositores-y-a-quienes-somos-incomodos-al-regimen-alejandro-moreno\/#primaryimage","url":"https:\/\/21panorama.com\/wp-content\/uploads\/2022\/07\/Alejandro-Moreno-090722.jpg","contentUrl":"https:\/\/21panorama.com\/wp-content\/uploads\/2022\/07\/Alejandro-Moreno-090722.jpg","width":763,"height":519},{"@type":"BreadcrumbList","@id":"https:\/\/21panorama.com\/index.php\/2022\/07\/09\/gobierno-federal-utiliza-instituciones-del-estado-para-atacar-a-opositores-y-a-quienes-somos-incomodos-al-regimen-alejandro-moreno\/#breadcrumb","itemListElement":[{"@type":"ListItem","position":1,"name":"Inicio","item":"https:\/\/21panorama.com\/"},{"@type":"ListItem","position":2,"name":"GOBIERNO FEDERAL UTILIZA INSTITUCIONES DEL ESTADO PARA ATACAR A OPOSITORES Y A QUIENES SOMOS INC\u00d3MODOS AL R\u00c9GIMEN: ALEJANDRO MORENO"}]},{"@type":"WebSite","@id":"https:\/\/21panorama.com\/#website","url":"https:\/\/21panorama.com\/","name":"21 Panorama","description":"La construcci\u00f3n de la opini\u00f3n p\u00fablica merece un mejor Panorama en este siglo 21 para alcanzar una sociedad con mayor transparencia y sin corrupci\u00f3n.","publisher":{"@id":"https:\/\/21panorama.com\/#organization"},"potentialAction":[{"@type":"SearchAction","target":{"@type":"EntryPoint","urlTemplate":"https:\/\/21panorama.com\/?s={search_term_string}"},"query-input":{"@type":"PropertyValueSpecification","valueRequired":true,"valueName":"search_term_string"}}],"inLanguage":"es"},{"@type":"Organization","@id":"https:\/\/21panorama.com\/#organization","name":"21 Panorama","url":"https:\/\/21panorama.com\/","logo":{"@type":"ImageObject","inLanguage":"es","@id":"https:\/\/21panorama.com\/#\/schema\/logo\/image\/","url":"https:\/\/21panorama.com\/wp-content\/uploads\/2019\/07\/cropped-Logo-Panorama-01.jpeg","contentUrl":"https:\/\/21panorama.com\/wp-content\/uploads\/2019\/07\/cropped-Logo-Panorama-01.jpeg","width":290,"height":70,"caption":"21 Panorama"},"image":{"@id":"https:\/\/21panorama.com\/#\/schema\/logo\/image\/"}},{"@type":"Person","@id":"https:\/\/21panorama.com\/#\/schema\/person\/1afc291b96d5792a158768324287319f","name":"admin","image":{"@type":"ImageObject","inLanguage":"es","@id":"https:\/\/21panorama.com\/#\/schema\/person\/image\/","url":"https:\/\/secure.gravatar.com\/avatar\/ad365d9d9f46719215b0d042cc3df92a5a8683e09ef13d102233e5491985f0f0?s=96&d=mm&r=g","contentUrl":"https:\/\/secure.gravatar.com\/avatar\/ad365d9d9f46719215b0d042cc3df92a5a8683e09ef13d102233e5491985f0f0?s=96&d=mm&r=g","caption":"admin"},"url":"https:\/\/21panorama.com\/index.php\/author\/admin\/"}]}},"_links":{"self":[{"href":"https:\/\/21panorama.com\/index.php\/wp-json\/wp\/v2\/posts\/3889","targetHints":{"allow":["GET"]}}],"collection":[{"href":"https:\/\/21panorama.com\/index.php\/wp-json\/wp\/v2\/posts"}],"about":[{"href":"https:\/\/21panorama.com\/index.php\/wp-json\/wp\/v2\/types\/post"}],"author":[{"embeddable":true,"href":"https:\/\/21panorama.com\/index.php\/wp-json\/wp\/v2\/users\/1"}],"replies":[{"embeddable":true,"href":"https:\/\/21panorama.com\/index.php\/wp-json\/wp\/v2\/comments?post=3889"}],"version-history":[{"count":1,"href":"https:\/\/21panorama.com\/index.php\/wp-json\/wp\/v2\/posts\/3889\/revisions"}],"predecessor-version":[{"id":3891,"href":"https:\/\/21panorama.com\/index.php\/wp-json\/wp\/v2\/posts\/3889\/revisions\/3891"}],"wp:featuredmedia":[{"embeddable":true,"href":"https:\/\/21panorama.com\/index.php\/wp-json\/wp\/v2\/media\/3890"}],"wp:attachment":[{"href":"https:\/\/21panorama.com\/index.php\/wp-json\/wp\/v2\/media?parent=3889"}],"wp:term":[{"taxonomy":"category","embeddable":true,"href":"https:\/\/21panorama.com\/index.php\/wp-json\/wp\/v2\/categories?post=3889"},{"taxonomy":"post_tag","embeddable":true,"href":"https:\/\/21panorama.com\/index.php\/wp-json\/wp\/v2\/tags?post=3889"}],"curies":[{"name":"wp","href":"https:\/\/api.w.org\/{rel}","templated":true}]}}