{"id":3883,"date":"2022-07-09T12:51:44","date_gmt":"2022-07-09T17:51:44","guid":{"rendered":"https:\/\/21panorama.com\/?p=3883"},"modified":"2022-07-09T12:51:46","modified_gmt":"2022-07-09T17:51:46","slug":"mexico-se-encuentra-en-estado-de-emergencia-eric-sevilla","status":"publish","type":"post","link":"https:\/\/21panorama.com\/index.php\/2022\/07\/09\/mexico-se-encuentra-en-estado-de-emergencia-eric-sevilla\/","title":{"rendered":"M\u00c9XICO SE ENCUENTRA EN ESTADO DE EMERGENCIA: ERIC SEVILLA"},"content":{"rendered":"\n<p><\/p>\n\n\n\n<p>\u2022 El presidente estatal del PRI convoc\u00f3 a su militancia a escribir una nueva historia para el desarrollo del pa\u00eds.<\/p>\n\n\n\n<p>Ante un panorama terrible de inseguridad, impunidad, corrupci\u00f3n y violaci\u00f3n a las leyes que coloca a M\u00e9xico en estado de emergencia, el Presidente del Comit\u00e9 Directivo Estatal (CDE) del PRI, Eric Sevilla, llam\u00f3 a los priistas a superar esta desgracia y escribir una nueva historia en las elecciones del pr\u00f3ximo a\u00f1o.<\/p>\n\n\n\n<p>Al realizar los \u201cDi\u00e1logos para Celebrar la Unidad Priista\u201d en Ixtapaluca, dej\u00f3 en claro que en el Estado de M\u00e9xico s\u00ed hay priismo combativo, sufrido, estoico y ganador que haga frente a las circunstancias actuales del pa\u00eds, con el fin de poner orden y sobreponernos a las adversidades.<\/p>\n\n\n\n<p>\u201cDe ah\u00ed somos, de donde se forma el verdadero militante que est\u00e1 dispuesto a enfrentar los tiempos duros con disciplina, trabajo y esfuerzo en la elecci\u00f3n m\u00e1s importante de la patria, aqu\u00ed se escribe de una y otra forma la historia de M\u00e9xico y la vamos a escribir los mexiquenses como siempre lo hemos hecho\u201d, puntualiz\u00f3.<\/p>\n\n\n\n<p>Acompa\u00f1ado del Secretario de Organizaci\u00f3n, Pablo Bedolla y el Secretario de Operaci\u00f3n Pol\u00edtica, Alejandro Fern\u00e1ndez Campillo, se\u00f1al\u00f3 que la entidad mexiquense cuenta con la mejor militancia priista del pa\u00eds y \u201cas\u00ed lo reconocen en otros Estados que quieren ponerle un alto a los de cuarta\u201d.<\/p>\n\n\n\n<p>\u201cAqu\u00ed se define el rumbo de M\u00e9xico, el priismo nacional est\u00e1 expectante de lo que hagamos en unidad, a todos les urge que ganemos el Estado de M\u00e9xico, porque aqu\u00ed nos estamos jugando la vida, pues con ello les ponemos un alto para volverle a dar rumbo a la naci\u00f3n\u201d, agreg\u00f3 el dirigente estatal.<\/p>\n\n\n\n<p>En el encuentro con la militancia de Ixtapaluca, destac\u00f3 que no hay tiempo de distracciones personales y \u201csi los priistas nos ponemos a trabajar nadie nos gana en la elecci\u00f3n que viene, debemos de permanecer unidos, en la que viene le entramos todos por un proyecto de pa\u00eds\u201d. El PRI aprendi\u00f3 de sus derrotas y eso nos brinda la pol\u00edtica,\u201d en pol\u00edtica hay revancha, ellos le est\u00e1n fallando al pueblo porque no saben gobernar, la gente est\u00e1 molesta y por ello saldremos a su encuentro para regresarle su rumbo al pa\u00eds\u201d, acot\u00f3.<\/p>\n","protected":false},"excerpt":{"rendered":"<p> El presidente estatal del PRI convoc\u00f3 a su militancia a escribir una nueva historia para el desarrollo del pa\u00eds.<\/p>\n","protected":false},"author":1,"featured_media":3884,"comment_status":"open","ping_status":"open","sticky":false,"template":"","format":"standard","meta":{"footnotes":""},"categories":[12],"tags":[303,33],"class_list":["post-3883","post","type-post","status-publish","format-standard","has-post-thumbnail","hentry","category-politica","tag-ericsevilla","tag-pri"],"yoast_head":"<!-- This site is optimized with the Yoast SEO plugin v24.9 - https:\/\/yoast.com\/wordpress\/plugins\/seo\/ -->\n<title>M\u00c9XICO SE ENCUENTRA EN ESTADO DE EMERGENCIA: ERIC SEVILLA - 21 Panorama<\/title>\n<meta name=\"robots\" content=\"index, follow, max-snippet:-1, max-image-preview:large, max-video-preview:-1\" \/>\n<link rel=\"canonical\" href=\"https:\/\/21panorama.com\/index.php\/2022\/07\/09\/mexico-se-encuentra-en-estado-de-emergencia-eric-sevilla\/\" \/>\n<meta property=\"og:locale\" content=\"es_MX\" \/>\n<meta property=\"og:type\" content=\"article\" \/>\n<meta property=\"og:title\" content=\"M\u00c9XICO SE ENCUENTRA EN ESTADO DE EMERGENCIA: ERIC SEVILLA - 21 Panorama\" \/>\n<meta property=\"og:description\" content=\"El presidente estatal del PRI convoc\u00f3 a su militancia a escribir una nueva historia para el desarrollo del pa\u00eds.\" \/>\n<meta property=\"og:url\" content=\"https:\/\/21panorama.com\/index.php\/2022\/07\/09\/mexico-se-encuentra-en-estado-de-emergencia-eric-sevilla\/\" \/>\n<meta property=\"og:site_name\" content=\"21 Panorama\" \/>\n<meta property=\"article:published_time\" content=\"2022-07-09T17:51:44+00:00\" \/>\n<meta property=\"article:modified_time\" content=\"2022-07-09T17:51:46+00:00\" \/>\n<meta property=\"og:image\" content=\"https:\/\/21panorama.com\/wp-content\/uploads\/2022\/07\/Eric-Sevilla-090722-5.jpg\" \/>\n\t<meta property=\"og:image:width\" content=\"1024\" \/>\n\t<meta property=\"og:image:height\" content=\"683\" \/>\n\t<meta property=\"og:image:type\" content=\"image\/jpeg\" \/>\n<meta name=\"author\" content=\"admin\" \/>\n<meta name=\"twitter:card\" content=\"summary_large_image\" \/>\n<meta name=\"twitter:label1\" content=\"Escrito por\" \/>\n\t<meta name=\"twitter:data1\" content=\"admin\" \/>\n\t<meta name=\"twitter:label2\" content=\"Tiempo de lectura\" \/>\n\t<meta name=\"twitter:data2\" content=\"2 minutos\" \/>\n<script type=\"application\/ld+json\" class=\"yoast-schema-graph\">{\"@context\":\"https:\/\/schema.org\",\"@graph\":[{\"@type\":\"Article\",\"@id\":\"https:\/\/21panorama.com\/index.php\/2022\/07\/09\/mexico-se-encuentra-en-estado-de-emergencia-eric-sevilla\/#article\",\"isPartOf\":{\"@id\":\"https:\/\/21panorama.com\/index.php\/2022\/07\/09\/mexico-se-encuentra-en-estado-de-emergencia-eric-sevilla\/\"},\"author\":{\"name\":\"admin\",\"@id\":\"https:\/\/21panorama.com\/#\/schema\/person\/1afc291b96d5792a158768324287319f\"},\"headline\":\"M\u00c9XICO SE ENCUENTRA EN ESTADO DE EMERGENCIA: ERIC SEVILLA\",\"datePublished\":\"2022-07-09T17:51:44+00:00\",\"dateModified\":\"2022-07-09T17:51:46+00:00\",\"mainEntityOfPage\":{\"@id\":\"https:\/\/21panorama.com\/index.php\/2022\/07\/09\/mexico-se-encuentra-en-estado-de-emergencia-eric-sevilla\/\"},\"wordCount\":403,\"commentCount\":0,\"publisher\":{\"@id\":\"https:\/\/21panorama.com\/#organization\"},\"image\":{\"@id\":\"https:\/\/21panorama.com\/index.php\/2022\/07\/09\/mexico-se-encuentra-en-estado-de-emergencia-eric-sevilla\/#primaryimage\"},\"thumbnailUrl\":\"https:\/\/21panorama.com\/wp-content\/uploads\/2022\/07\/Eric-Sevilla-090722-5.jpg\",\"keywords\":[\"ERICSEVILLA\",\"PRI\"],\"articleSection\":[\"Politica\"],\"inLanguage\":\"es\",\"potentialAction\":[{\"@type\":\"CommentAction\",\"name\":\"Comment\",\"target\":[\"https:\/\/21panorama.com\/index.php\/2022\/07\/09\/mexico-se-encuentra-en-estado-de-emergencia-eric-sevilla\/#respond\"]}]},{\"@type\":\"WebPage\",\"@id\":\"https:\/\/21panorama.com\/index.php\/2022\/07\/09\/mexico-se-encuentra-en-estado-de-emergencia-eric-sevilla\/\",\"url\":\"https:\/\/21panorama.com\/index.php\/2022\/07\/09\/mexico-se-encuentra-en-estado-de-emergencia-eric-sevilla\/\",\"name\":\"M\u00c9XICO SE ENCUENTRA EN ESTADO DE EMERGENCIA: ERIC SEVILLA - 21 Panorama\",\"isPartOf\":{\"@id\":\"https:\/\/21panorama.com\/#website\"},\"primaryImageOfPage\":{\"@id\":\"https:\/\/21panorama.com\/index.php\/2022\/07\/09\/mexico-se-encuentra-en-estado-de-emergencia-eric-sevilla\/#primaryimage\"},\"image\":{\"@id\":\"https:\/\/21panorama.com\/index.php\/2022\/07\/09\/mexico-se-encuentra-en-estado-de-emergencia-eric-sevilla\/#primaryimage\"},\"thumbnailUrl\":\"https:\/\/21panorama.com\/wp-content\/uploads\/2022\/07\/Eric-Sevilla-090722-5.jpg\",\"datePublished\":\"2022-07-09T17:51:44+00:00\",\"dateModified\":\"2022-07-09T17:51:46+00:00\",\"breadcrumb\":{\"@id\":\"https:\/\/21panorama.com\/index.php\/2022\/07\/09\/mexico-se-encuentra-en-estado-de-emergencia-eric-sevilla\/#breadcrumb\"},\"inLanguage\":\"es\",\"potentialAction\":[{\"@type\":\"ReadAction\",\"target\":[\"https:\/\/21panorama.com\/index.php\/2022\/07\/09\/mexico-se-encuentra-en-estado-de-emergencia-eric-sevilla\/\"]}]},{\"@type\":\"ImageObject\",\"inLanguage\":\"es\",\"@id\":\"https:\/\/21panorama.com\/index.php\/2022\/07\/09\/mexico-se-encuentra-en-estado-de-emergencia-eric-sevilla\/#primaryimage\",\"url\":\"https:\/\/21panorama.com\/wp-content\/uploads\/2022\/07\/Eric-Sevilla-090722-5.jpg\",\"contentUrl\":\"https:\/\/21panorama.com\/wp-content\/uploads\/2022\/07\/Eric-Sevilla-090722-5.jpg\",\"width\":1024,\"height\":683},{\"@type\":\"BreadcrumbList\",\"@id\":\"https:\/\/21panorama.com\/index.php\/2022\/07\/09\/mexico-se-encuentra-en-estado-de-emergencia-eric-sevilla\/#breadcrumb\",\"itemListElement\":[{\"@type\":\"ListItem\",\"position\":1,\"name\":\"Inicio\",\"item\":\"https:\/\/21panorama.com\/\"},{\"@type\":\"ListItem\",\"position\":2,\"name\":\"M\u00c9XICO SE ENCUENTRA EN ESTADO DE EMERGENCIA: ERIC SEVILLA\"}]},{\"@type\":\"WebSite\",\"@id\":\"https:\/\/21panorama.com\/#website\",\"url\":\"https:\/\/21panorama.com\/\",\"name\":\"21 Panorama\",\"description\":\"La construcci\u00f3n de la opini\u00f3n p\u00fablica merece un mejor Panorama en este siglo 21 para alcanzar una sociedad con mayor transparencia y sin corrupci\u00f3n.\",\"publisher\":{\"@id\":\"https:\/\/21panorama.com\/#organization\"},\"potentialAction\":[{\"@type\":\"SearchAction\",\"target\":{\"@type\":\"EntryPoint\",\"urlTemplate\":\"https:\/\/21panorama.com\/?s={search_term_string}\"},\"query-input\":{\"@type\":\"PropertyValueSpecification\",\"valueRequired\":true,\"valueName\":\"search_term_string\"}}],\"inLanguage\":\"es\"},{\"@type\":\"Organization\",\"@id\":\"https:\/\/21panorama.com\/#organization\",\"name\":\"21 Panorama\",\"url\":\"https:\/\/21panorama.com\/\",\"logo\":{\"@type\":\"ImageObject\",\"inLanguage\":\"es\",\"@id\":\"https:\/\/21panorama.com\/#\/schema\/logo\/image\/\",\"url\":\"https:\/\/21panorama.com\/wp-content\/uploads\/2019\/07\/cropped-Logo-Panorama-01.jpeg\",\"contentUrl\":\"https:\/\/21panorama.com\/wp-content\/uploads\/2019\/07\/cropped-Logo-Panorama-01.jpeg\",\"width\":290,\"height\":70,\"caption\":\"21 Panorama\"},\"image\":{\"@id\":\"https:\/\/21panorama.com\/#\/schema\/logo\/image\/\"}},{\"@type\":\"Person\",\"@id\":\"https:\/\/21panorama.com\/#\/schema\/person\/1afc291b96d5792a158768324287319f\",\"name\":\"admin\",\"image\":{\"@type\":\"ImageObject\",\"inLanguage\":\"es\",\"@id\":\"https:\/\/21panorama.com\/#\/schema\/person\/image\/\",\"url\":\"https:\/\/secure.gravatar.com\/avatar\/ad365d9d9f46719215b0d042cc3df92a5a8683e09ef13d102233e5491985f0f0?s=96&d=mm&r=g\",\"contentUrl\":\"https:\/\/secure.gravatar.com\/avatar\/ad365d9d9f46719215b0d042cc3df92a5a8683e09ef13d102233e5491985f0f0?s=96&d=mm&r=g\",\"caption\":\"admin\"},\"url\":\"https:\/\/21panorama.com\/index.php\/author\/admin\/\"}]}<\/script>\n<!-- \/ Yoast SEO plugin. -->","yoast_head_json":{"title":"M\u00c9XICO SE ENCUENTRA EN ESTADO DE EMERGENCIA: ERIC SEVILLA - 21 Panorama","robots":{"index":"index","follow":"follow","max-snippet":"max-snippet:-1","max-image-preview":"max-image-preview:large","max-video-preview":"max-video-preview:-1"},"canonical":"https:\/\/21panorama.com\/index.php\/2022\/07\/09\/mexico-se-encuentra-en-estado-de-emergencia-eric-sevilla\/","og_locale":"es_MX","og_type":"article","og_title":"M\u00c9XICO SE ENCUENTRA EN ESTADO DE EMERGENCIA: ERIC SEVILLA - 21 Panorama","og_description":"El presidente estatal del PRI convoc\u00f3 a su militancia a escribir una nueva historia para el desarrollo del pa\u00eds.","og_url":"https:\/\/21panorama.com\/index.php\/2022\/07\/09\/mexico-se-encuentra-en-estado-de-emergencia-eric-sevilla\/","og_site_name":"21 Panorama","article_published_time":"2022-07-09T17:51:44+00:00","article_modified_time":"2022-07-09T17:51:46+00:00","og_image":[{"width":1024,"height":683,"url":"https:\/\/21panorama.com\/wp-content\/uploads\/2022\/07\/Eric-Sevilla-090722-5.jpg","type":"image\/jpeg"}],"author":"admin","twitter_card":"summary_large_image","twitter_misc":{"Escrito por":"admin","Tiempo de lectura":"2 minutos"},"schema":{"@context":"https:\/\/schema.org","@graph":[{"@type":"Article","@id":"https:\/\/21panorama.com\/index.php\/2022\/07\/09\/mexico-se-encuentra-en-estado-de-emergencia-eric-sevilla\/#article","isPartOf":{"@id":"https:\/\/21panorama.com\/index.php\/2022\/07\/09\/mexico-se-encuentra-en-estado-de-emergencia-eric-sevilla\/"},"author":{"name":"admin","@id":"https:\/\/21panorama.com\/#\/schema\/person\/1afc291b96d5792a158768324287319f"},"headline":"M\u00c9XICO SE ENCUENTRA EN ESTADO DE EMERGENCIA: ERIC SEVILLA","datePublished":"2022-07-09T17:51:44+00:00","dateModified":"2022-07-09T17:51:46+00:00","mainEntityOfPage":{"@id":"https:\/\/21panorama.com\/index.php\/2022\/07\/09\/mexico-se-encuentra-en-estado-de-emergencia-eric-sevilla\/"},"wordCount":403,"commentCount":0,"publisher":{"@id":"https:\/\/21panorama.com\/#organization"},"image":{"@id":"https:\/\/21panorama.com\/index.php\/2022\/07\/09\/mexico-se-encuentra-en-estado-de-emergencia-eric-sevilla\/#primaryimage"},"thumbnailUrl":"https:\/\/21panorama.com\/wp-content\/uploads\/2022\/07\/Eric-Sevilla-090722-5.jpg","keywords":["ERICSEVILLA","PRI"],"articleSection":["Politica"],"inLanguage":"es","potentialAction":[{"@type":"CommentAction","name":"Comment","target":["https:\/\/21panorama.com\/index.php\/2022\/07\/09\/mexico-se-encuentra-en-estado-de-emergencia-eric-sevilla\/#respond"]}]},{"@type":"WebPage","@id":"https:\/\/21panorama.com\/index.php\/2022\/07\/09\/mexico-se-encuentra-en-estado-de-emergencia-eric-sevilla\/","url":"https:\/\/21panorama.com\/index.php\/2022\/07\/09\/mexico-se-encuentra-en-estado-de-emergencia-eric-sevilla\/","name":"M\u00c9XICO SE ENCUENTRA EN ESTADO DE EMERGENCIA: ERIC SEVILLA - 21 Panorama","isPartOf":{"@id":"https:\/\/21panorama.com\/#website"},"primaryImageOfPage":{"@id":"https:\/\/21panorama.com\/index.php\/2022\/07\/09\/mexico-se-encuentra-en-estado-de-emergencia-eric-sevilla\/#primaryimage"},"image":{"@id":"https:\/\/21panorama.com\/index.php\/2022\/07\/09\/mexico-se-encuentra-en-estado-de-emergencia-eric-sevilla\/#primaryimage"},"thumbnailUrl":"https:\/\/21panorama.com\/wp-content\/uploads\/2022\/07\/Eric-Sevilla-090722-5.jpg","datePublished":"2022-07-09T17:51:44+00:00","dateModified":"2022-07-09T17:51:46+00:00","breadcrumb":{"@id":"https:\/\/21panorama.com\/index.php\/2022\/07\/09\/mexico-se-encuentra-en-estado-de-emergencia-eric-sevilla\/#breadcrumb"},"inLanguage":"es","potentialAction":[{"@type":"ReadAction","target":["https:\/\/21panorama.com\/index.php\/2022\/07\/09\/mexico-se-encuentra-en-estado-de-emergencia-eric-sevilla\/"]}]},{"@type":"ImageObject","inLanguage":"es","@id":"https:\/\/21panorama.com\/index.php\/2022\/07\/09\/mexico-se-encuentra-en-estado-de-emergencia-eric-sevilla\/#primaryimage","url":"https:\/\/21panorama.com\/wp-content\/uploads\/2022\/07\/Eric-Sevilla-090722-5.jpg","contentUrl":"https:\/\/21panorama.com\/wp-content\/uploads\/2022\/07\/Eric-Sevilla-090722-5.jpg","width":1024,"height":683},{"@type":"BreadcrumbList","@id":"https:\/\/21panorama.com\/index.php\/2022\/07\/09\/mexico-se-encuentra-en-estado-de-emergencia-eric-sevilla\/#breadcrumb","itemListElement":[{"@type":"ListItem","position":1,"name":"Inicio","item":"https:\/\/21panorama.com\/"},{"@type":"ListItem","position":2,"name":"M\u00c9XICO SE ENCUENTRA EN ESTADO DE EMERGENCIA: ERIC SEVILLA"}]},{"@type":"WebSite","@id":"https:\/\/21panorama.com\/#website","url":"https:\/\/21panorama.com\/","name":"21 Panorama","description":"La construcci\u00f3n de la opini\u00f3n p\u00fablica merece un mejor Panorama en este siglo 21 para alcanzar una sociedad con mayor transparencia y sin corrupci\u00f3n.","publisher":{"@id":"https:\/\/21panorama.com\/#organization"},"potentialAction":[{"@type":"SearchAction","target":{"@type":"EntryPoint","urlTemplate":"https:\/\/21panorama.com\/?s={search_term_string}"},"query-input":{"@type":"PropertyValueSpecification","valueRequired":true,"valueName":"search_term_string"}}],"inLanguage":"es"},{"@type":"Organization","@id":"https:\/\/21panorama.com\/#organization","name":"21 Panorama","url":"https:\/\/21panorama.com\/","logo":{"@type":"ImageObject","inLanguage":"es","@id":"https:\/\/21panorama.com\/#\/schema\/logo\/image\/","url":"https:\/\/21panorama.com\/wp-content\/uploads\/2019\/07\/cropped-Logo-Panorama-01.jpeg","contentUrl":"https:\/\/21panorama.com\/wp-content\/uploads\/2019\/07\/cropped-Logo-Panorama-01.jpeg","width":290,"height":70,"caption":"21 Panorama"},"image":{"@id":"https:\/\/21panorama.com\/#\/schema\/logo\/image\/"}},{"@type":"Person","@id":"https:\/\/21panorama.com\/#\/schema\/person\/1afc291b96d5792a158768324287319f","name":"admin","image":{"@type":"ImageObject","inLanguage":"es","@id":"https:\/\/21panorama.com\/#\/schema\/person\/image\/","url":"https:\/\/secure.gravatar.com\/avatar\/ad365d9d9f46719215b0d042cc3df92a5a8683e09ef13d102233e5491985f0f0?s=96&d=mm&r=g","contentUrl":"https:\/\/secure.gravatar.com\/avatar\/ad365d9d9f46719215b0d042cc3df92a5a8683e09ef13d102233e5491985f0f0?s=96&d=mm&r=g","caption":"admin"},"url":"https:\/\/21panorama.com\/index.php\/author\/admin\/"}]}},"_links":{"self":[{"href":"https:\/\/21panorama.com\/index.php\/wp-json\/wp\/v2\/posts\/3883","targetHints":{"allow":["GET"]}}],"collection":[{"href":"https:\/\/21panorama.com\/index.php\/wp-json\/wp\/v2\/posts"}],"about":[{"href":"https:\/\/21panorama.com\/index.php\/wp-json\/wp\/v2\/types\/post"}],"author":[{"embeddable":true,"href":"https:\/\/21panorama.com\/index.php\/wp-json\/wp\/v2\/users\/1"}],"replies":[{"embeddable":true,"href":"https:\/\/21panorama.com\/index.php\/wp-json\/wp\/v2\/comments?post=3883"}],"version-history":[{"count":1,"href":"https:\/\/21panorama.com\/index.php\/wp-json\/wp\/v2\/posts\/3883\/revisions"}],"predecessor-version":[{"id":3885,"href":"https:\/\/21panorama.com\/index.php\/wp-json\/wp\/v2\/posts\/3883\/revisions\/3885"}],"wp:featuredmedia":[{"embeddable":true,"href":"https:\/\/21panorama.com\/index.php\/wp-json\/wp\/v2\/media\/3884"}],"wp:attachment":[{"href":"https:\/\/21panorama.com\/index.php\/wp-json\/wp\/v2\/media?parent=3883"}],"wp:term":[{"taxonomy":"category","embeddable":true,"href":"https:\/\/21panorama.com\/index.php\/wp-json\/wp\/v2\/categories?post=3883"},{"taxonomy":"post_tag","embeddable":true,"href":"https:\/\/21panorama.com\/index.php\/wp-json\/wp\/v2\/tags?post=3883"}],"curies":[{"name":"wp","href":"https:\/\/api.w.org\/{rel}","templated":true}]}}