{"id":3877,"date":"2022-07-08T12:13:00","date_gmt":"2022-07-08T17:13:00","guid":{"rendered":"https:\/\/21panorama.com\/?p=3877"},"modified":"2022-07-09T12:31:45","modified_gmt":"2022-07-09T17:31:45","slug":"dona-fernando-flores-su-sueldo-para-servidores-publicos-sindicalizados","status":"publish","type":"post","link":"https:\/\/21panorama.com\/index.php\/2022\/07\/08\/dona-fernando-flores-su-sueldo-para-servidores-publicos-sindicalizados\/","title":{"rendered":"DONA FERNANDO FLORES SU SUELDO PARA SERVIDORES P\u00daBLICOS SINDICALIZADOS"},"content":{"rendered":"\n<p><\/p>\n\n\n\n<p>El presidente municipal de Metepec, Fernando Flores Fern\u00e1ndez, donar\u00e1 su sueldo \u00edntegro para servidores p\u00fablicos sindicalizados del Ayuntamiento.<\/p>\n\n\n\n<p>En el marco de la Firma de Convenio de Prestaciones 2022 con el Sindicato \u00danico de Trabajadores del Estado y Municipios (SUTEyM), el alcalde anunci\u00f3 la donaci\u00f3n de su sueldo a partir de esta quincena, a trav\u00e9s de un fideicomiso que permita de forma transparente, complementar el beneficio a la secci\u00f3n sindical de Metepec con un incremento directo al salario base del 4.5 por ciento y un aumento del 2 y 3 por ciento en colaterales, acci\u00f3n sin precedente en la historia del municipio.<\/p>\n\n\n\n<p>En medio de una fiesta tras dos a\u00f1os de no ser tomados en cuenta, servidores p\u00fablicos de Metepec, celebraron en la Plaza Benito Ju\u00e1rez, el anuncio de Fernando Flores, quien destac\u00f3 que la determinaci\u00f3n, \u201cno es un acto de politiquer\u00eda, nuestro municipio est\u00e1 conformado de servidores p\u00fabicos comprometidos con la ciudadan\u00eda y es un compromiso irrenunciable beneficiar a quienes sirven d\u00eda y noche a los metepequenses con servicios de calidad; para nosotros, el eje central de gobierno es la persona y buscando aminorar la inflaci\u00f3n y la desatenci\u00f3n de a\u00f1os anteriores, hacemos un esfuerzo sin precedente para trabajadores del municipio y sus familias\u201d.<\/p>\n\n\n\n<p>Tras signar el convenio luego de 730 d\u00edas sin lograr el acuerdo de ley, en el que se beneficia al personal del Ayuntamiento y del Sistema Municipal DIF, el Secretario General del SUTEyM, Herminio Cahue Calder\u00f3n, resalt\u00f3 la importancia de trabajar de la mano con una instituci\u00f3n seria dirigida con sensibilidad y calidad humana, que cumple los acuerdos y compromisos para tener ahora la paz, tranquilidad y estabilidad laboral que se traduce en armon\u00eda y productividad en favor de la ciudadan\u00eda, de los metepequenses.<\/p>\n\n\n\n<p>\u201cEn la administraci\u00f3n anterior no fuimos atendidos como seres humanos, nos ve\u00edan como n\u00fameros, como m\u00e1quinas, sin voz ni opini\u00f3n en el ejercicio del gobierno de este emblem\u00e1tico municipio; hoy es el gran momento que significa trabajar con humildad buscando siempre el c\u00f3mo s\u00ed, hacer las cosas bien como se vienen realizando, entregando buenas cuentas\u201d, subray\u00f3 el l\u00edder sindical.<\/p>\n\n\n\n<p>Recalc\u00f3 que Metepec es referente en el Estado de M\u00e9xico, donde los cambios se notan a toda vista, donde hay una atenci\u00f3n cercana y personalizada, de esa forma, dijo, \u201cvamos a seguir trabajando, con una autoridad responsable y comprometida con la gente\u201d. El monto anual donado, superar\u00e1 los 800 mil pesos, que ser\u00e1n integrados para nutrir el incremento salarial a los trabajadores sindicalizados.<\/p>\n","protected":false},"excerpt":{"rendered":"<p>El presidente municipal de Metepec, Fernando Flores Fern\u00e1ndez, donar\u00e1 su sueldo \u00edntegro para servidores p\u00fablicos sindicalizados del Ayuntamiento.<\/p>\n","protected":false},"author":1,"featured_media":3878,"comment_status":"open","ping_status":"open","sticky":false,"template":"","format":"standard","meta":{"footnotes":""},"categories":[12],"tags":[76,77],"class_list":["post-3877","post","type-post","status-publish","format-standard","has-post-thumbnail","hentry","category-politica","tag-fernando-flores","tag-metepec"],"yoast_head":"<!-- This site is optimized with the Yoast SEO plugin v24.9 - https:\/\/yoast.com\/wordpress\/plugins\/seo\/ -->\n<title>DONA FERNANDO FLORES SU SUELDO PARA SERVIDORES P\u00daBLICOS SINDICALIZADOS - 21 Panorama<\/title>\n<meta name=\"robots\" content=\"index, follow, max-snippet:-1, max-image-preview:large, max-video-preview:-1\" \/>\n<link rel=\"canonical\" href=\"https:\/\/21panorama.com\/index.php\/2022\/07\/08\/dona-fernando-flores-su-sueldo-para-servidores-publicos-sindicalizados\/\" \/>\n<meta property=\"og:locale\" content=\"es_MX\" \/>\n<meta property=\"og:type\" content=\"article\" \/>\n<meta property=\"og:title\" content=\"DONA FERNANDO FLORES SU SUELDO PARA SERVIDORES P\u00daBLICOS SINDICALIZADOS - 21 Panorama\" \/>\n<meta property=\"og:description\" content=\"El presidente municipal de Metepec, Fernando Flores Fern\u00e1ndez, donar\u00e1 su sueldo \u00edntegro para servidores p\u00fablicos sindicalizados del Ayuntamiento.\" \/>\n<meta property=\"og:url\" content=\"https:\/\/21panorama.com\/index.php\/2022\/07\/08\/dona-fernando-flores-su-sueldo-para-servidores-publicos-sindicalizados\/\" \/>\n<meta property=\"og:site_name\" content=\"21 Panorama\" \/>\n<meta property=\"article:published_time\" content=\"2022-07-08T17:13:00+00:00\" \/>\n<meta property=\"article:modified_time\" content=\"2022-07-09T17:31:45+00:00\" \/>\n<meta property=\"og:image\" content=\"https:\/\/21panorama.com\/wp-content\/uploads\/2022\/07\/fernando-flores-3.jpg\" \/>\n\t<meta property=\"og:image:width\" content=\"1280\" \/>\n\t<meta property=\"og:image:height\" content=\"719\" \/>\n\t<meta property=\"og:image:type\" content=\"image\/jpeg\" \/>\n<meta name=\"author\" content=\"admin\" \/>\n<meta name=\"twitter:card\" content=\"summary_large_image\" \/>\n<meta name=\"twitter:label1\" content=\"Escrito por\" \/>\n\t<meta name=\"twitter:data1\" content=\"admin\" \/>\n\t<meta name=\"twitter:label2\" content=\"Tiempo de lectura\" \/>\n\t<meta name=\"twitter:data2\" content=\"2 minutos\" \/>\n<script type=\"application\/ld+json\" class=\"yoast-schema-graph\">{\"@context\":\"https:\/\/schema.org\",\"@graph\":[{\"@type\":\"Article\",\"@id\":\"https:\/\/21panorama.com\/index.php\/2022\/07\/08\/dona-fernando-flores-su-sueldo-para-servidores-publicos-sindicalizados\/#article\",\"isPartOf\":{\"@id\":\"https:\/\/21panorama.com\/index.php\/2022\/07\/08\/dona-fernando-flores-su-sueldo-para-servidores-publicos-sindicalizados\/\"},\"author\":{\"name\":\"admin\",\"@id\":\"https:\/\/21panorama.com\/#\/schema\/person\/1afc291b96d5792a158768324287319f\"},\"headline\":\"DONA FERNANDO FLORES SU SUELDO PARA SERVIDORES P\u00daBLICOS SINDICALIZADOS\",\"datePublished\":\"2022-07-08T17:13:00+00:00\",\"dateModified\":\"2022-07-09T17:31:45+00:00\",\"mainEntityOfPage\":{\"@id\":\"https:\/\/21panorama.com\/index.php\/2022\/07\/08\/dona-fernando-flores-su-sueldo-para-servidores-publicos-sindicalizados\/\"},\"wordCount\":448,\"commentCount\":0,\"publisher\":{\"@id\":\"https:\/\/21panorama.com\/#organization\"},\"image\":{\"@id\":\"https:\/\/21panorama.com\/index.php\/2022\/07\/08\/dona-fernando-flores-su-sueldo-para-servidores-publicos-sindicalizados\/#primaryimage\"},\"thumbnailUrl\":\"https:\/\/21panorama.com\/wp-content\/uploads\/2022\/07\/fernando-flores-3.jpg\",\"keywords\":[\"Fernando Flores\",\"Metepec\"],\"articleSection\":[\"Politica\"],\"inLanguage\":\"es\",\"potentialAction\":[{\"@type\":\"CommentAction\",\"name\":\"Comment\",\"target\":[\"https:\/\/21panorama.com\/index.php\/2022\/07\/08\/dona-fernando-flores-su-sueldo-para-servidores-publicos-sindicalizados\/#respond\"]}]},{\"@type\":\"WebPage\",\"@id\":\"https:\/\/21panorama.com\/index.php\/2022\/07\/08\/dona-fernando-flores-su-sueldo-para-servidores-publicos-sindicalizados\/\",\"url\":\"https:\/\/21panorama.com\/index.php\/2022\/07\/08\/dona-fernando-flores-su-sueldo-para-servidores-publicos-sindicalizados\/\",\"name\":\"DONA FERNANDO FLORES SU SUELDO PARA SERVIDORES P\u00daBLICOS SINDICALIZADOS - 21 Panorama\",\"isPartOf\":{\"@id\":\"https:\/\/21panorama.com\/#website\"},\"primaryImageOfPage\":{\"@id\":\"https:\/\/21panorama.com\/index.php\/2022\/07\/08\/dona-fernando-flores-su-sueldo-para-servidores-publicos-sindicalizados\/#primaryimage\"},\"image\":{\"@id\":\"https:\/\/21panorama.com\/index.php\/2022\/07\/08\/dona-fernando-flores-su-sueldo-para-servidores-publicos-sindicalizados\/#primaryimage\"},\"thumbnailUrl\":\"https:\/\/21panorama.com\/wp-content\/uploads\/2022\/07\/fernando-flores-3.jpg\",\"datePublished\":\"2022-07-08T17:13:00+00:00\",\"dateModified\":\"2022-07-09T17:31:45+00:00\",\"breadcrumb\":{\"@id\":\"https:\/\/21panorama.com\/index.php\/2022\/07\/08\/dona-fernando-flores-su-sueldo-para-servidores-publicos-sindicalizados\/#breadcrumb\"},\"inLanguage\":\"es\",\"potentialAction\":[{\"@type\":\"ReadAction\",\"target\":[\"https:\/\/21panorama.com\/index.php\/2022\/07\/08\/dona-fernando-flores-su-sueldo-para-servidores-publicos-sindicalizados\/\"]}]},{\"@type\":\"ImageObject\",\"inLanguage\":\"es\",\"@id\":\"https:\/\/21panorama.com\/index.php\/2022\/07\/08\/dona-fernando-flores-su-sueldo-para-servidores-publicos-sindicalizados\/#primaryimage\",\"url\":\"https:\/\/21panorama.com\/wp-content\/uploads\/2022\/07\/fernando-flores-3.jpg\",\"contentUrl\":\"https:\/\/21panorama.com\/wp-content\/uploads\/2022\/07\/fernando-flores-3.jpg\",\"width\":1280,\"height\":719},{\"@type\":\"BreadcrumbList\",\"@id\":\"https:\/\/21panorama.com\/index.php\/2022\/07\/08\/dona-fernando-flores-su-sueldo-para-servidores-publicos-sindicalizados\/#breadcrumb\",\"itemListElement\":[{\"@type\":\"ListItem\",\"position\":1,\"name\":\"Inicio\",\"item\":\"https:\/\/21panorama.com\/\"},{\"@type\":\"ListItem\",\"position\":2,\"name\":\"DONA FERNANDO FLORES SU SUELDO PARA SERVIDORES P\u00daBLICOS SINDICALIZADOS\"}]},{\"@type\":\"WebSite\",\"@id\":\"https:\/\/21panorama.com\/#website\",\"url\":\"https:\/\/21panorama.com\/\",\"name\":\"21 Panorama\",\"description\":\"La construcci\u00f3n de la opini\u00f3n p\u00fablica merece un mejor Panorama en este siglo 21 para alcanzar una sociedad con mayor transparencia y sin corrupci\u00f3n.\",\"publisher\":{\"@id\":\"https:\/\/21panorama.com\/#organization\"},\"potentialAction\":[{\"@type\":\"SearchAction\",\"target\":{\"@type\":\"EntryPoint\",\"urlTemplate\":\"https:\/\/21panorama.com\/?s={search_term_string}\"},\"query-input\":{\"@type\":\"PropertyValueSpecification\",\"valueRequired\":true,\"valueName\":\"search_term_string\"}}],\"inLanguage\":\"es\"},{\"@type\":\"Organization\",\"@id\":\"https:\/\/21panorama.com\/#organization\",\"name\":\"21 Panorama\",\"url\":\"https:\/\/21panorama.com\/\",\"logo\":{\"@type\":\"ImageObject\",\"inLanguage\":\"es\",\"@id\":\"https:\/\/21panorama.com\/#\/schema\/logo\/image\/\",\"url\":\"https:\/\/21panorama.com\/wp-content\/uploads\/2019\/07\/cropped-Logo-Panorama-01.jpeg\",\"contentUrl\":\"https:\/\/21panorama.com\/wp-content\/uploads\/2019\/07\/cropped-Logo-Panorama-01.jpeg\",\"width\":290,\"height\":70,\"caption\":\"21 Panorama\"},\"image\":{\"@id\":\"https:\/\/21panorama.com\/#\/schema\/logo\/image\/\"}},{\"@type\":\"Person\",\"@id\":\"https:\/\/21panorama.com\/#\/schema\/person\/1afc291b96d5792a158768324287319f\",\"name\":\"admin\",\"image\":{\"@type\":\"ImageObject\",\"inLanguage\":\"es\",\"@id\":\"https:\/\/21panorama.com\/#\/schema\/person\/image\/\",\"url\":\"https:\/\/secure.gravatar.com\/avatar\/ad365d9d9f46719215b0d042cc3df92a5a8683e09ef13d102233e5491985f0f0?s=96&d=mm&r=g\",\"contentUrl\":\"https:\/\/secure.gravatar.com\/avatar\/ad365d9d9f46719215b0d042cc3df92a5a8683e09ef13d102233e5491985f0f0?s=96&d=mm&r=g\",\"caption\":\"admin\"},\"url\":\"https:\/\/21panorama.com\/index.php\/author\/admin\/\"}]}<\/script>\n<!-- \/ Yoast SEO plugin. -->","yoast_head_json":{"title":"DONA FERNANDO FLORES SU SUELDO PARA SERVIDORES P\u00daBLICOS SINDICALIZADOS - 21 Panorama","robots":{"index":"index","follow":"follow","max-snippet":"max-snippet:-1","max-image-preview":"max-image-preview:large","max-video-preview":"max-video-preview:-1"},"canonical":"https:\/\/21panorama.com\/index.php\/2022\/07\/08\/dona-fernando-flores-su-sueldo-para-servidores-publicos-sindicalizados\/","og_locale":"es_MX","og_type":"article","og_title":"DONA FERNANDO FLORES SU SUELDO PARA SERVIDORES P\u00daBLICOS SINDICALIZADOS - 21 Panorama","og_description":"El presidente municipal de Metepec, Fernando Flores Fern\u00e1ndez, donar\u00e1 su sueldo \u00edntegro para servidores p\u00fablicos sindicalizados del Ayuntamiento.","og_url":"https:\/\/21panorama.com\/index.php\/2022\/07\/08\/dona-fernando-flores-su-sueldo-para-servidores-publicos-sindicalizados\/","og_site_name":"21 Panorama","article_published_time":"2022-07-08T17:13:00+00:00","article_modified_time":"2022-07-09T17:31:45+00:00","og_image":[{"width":1280,"height":719,"url":"https:\/\/21panorama.com\/wp-content\/uploads\/2022\/07\/fernando-flores-3.jpg","type":"image\/jpeg"}],"author":"admin","twitter_card":"summary_large_image","twitter_misc":{"Escrito por":"admin","Tiempo de lectura":"2 minutos"},"schema":{"@context":"https:\/\/schema.org","@graph":[{"@type":"Article","@id":"https:\/\/21panorama.com\/index.php\/2022\/07\/08\/dona-fernando-flores-su-sueldo-para-servidores-publicos-sindicalizados\/#article","isPartOf":{"@id":"https:\/\/21panorama.com\/index.php\/2022\/07\/08\/dona-fernando-flores-su-sueldo-para-servidores-publicos-sindicalizados\/"},"author":{"name":"admin","@id":"https:\/\/21panorama.com\/#\/schema\/person\/1afc291b96d5792a158768324287319f"},"headline":"DONA FERNANDO FLORES SU SUELDO PARA SERVIDORES P\u00daBLICOS SINDICALIZADOS","datePublished":"2022-07-08T17:13:00+00:00","dateModified":"2022-07-09T17:31:45+00:00","mainEntityOfPage":{"@id":"https:\/\/21panorama.com\/index.php\/2022\/07\/08\/dona-fernando-flores-su-sueldo-para-servidores-publicos-sindicalizados\/"},"wordCount":448,"commentCount":0,"publisher":{"@id":"https:\/\/21panorama.com\/#organization"},"image":{"@id":"https:\/\/21panorama.com\/index.php\/2022\/07\/08\/dona-fernando-flores-su-sueldo-para-servidores-publicos-sindicalizados\/#primaryimage"},"thumbnailUrl":"https:\/\/21panorama.com\/wp-content\/uploads\/2022\/07\/fernando-flores-3.jpg","keywords":["Fernando Flores","Metepec"],"articleSection":["Politica"],"inLanguage":"es","potentialAction":[{"@type":"CommentAction","name":"Comment","target":["https:\/\/21panorama.com\/index.php\/2022\/07\/08\/dona-fernando-flores-su-sueldo-para-servidores-publicos-sindicalizados\/#respond"]}]},{"@type":"WebPage","@id":"https:\/\/21panorama.com\/index.php\/2022\/07\/08\/dona-fernando-flores-su-sueldo-para-servidores-publicos-sindicalizados\/","url":"https:\/\/21panorama.com\/index.php\/2022\/07\/08\/dona-fernando-flores-su-sueldo-para-servidores-publicos-sindicalizados\/","name":"DONA FERNANDO FLORES SU SUELDO PARA SERVIDORES P\u00daBLICOS SINDICALIZADOS - 21 Panorama","isPartOf":{"@id":"https:\/\/21panorama.com\/#website"},"primaryImageOfPage":{"@id":"https:\/\/21panorama.com\/index.php\/2022\/07\/08\/dona-fernando-flores-su-sueldo-para-servidores-publicos-sindicalizados\/#primaryimage"},"image":{"@id":"https:\/\/21panorama.com\/index.php\/2022\/07\/08\/dona-fernando-flores-su-sueldo-para-servidores-publicos-sindicalizados\/#primaryimage"},"thumbnailUrl":"https:\/\/21panorama.com\/wp-content\/uploads\/2022\/07\/fernando-flores-3.jpg","datePublished":"2022-07-08T17:13:00+00:00","dateModified":"2022-07-09T17:31:45+00:00","breadcrumb":{"@id":"https:\/\/21panorama.com\/index.php\/2022\/07\/08\/dona-fernando-flores-su-sueldo-para-servidores-publicos-sindicalizados\/#breadcrumb"},"inLanguage":"es","potentialAction":[{"@type":"ReadAction","target":["https:\/\/21panorama.com\/index.php\/2022\/07\/08\/dona-fernando-flores-su-sueldo-para-servidores-publicos-sindicalizados\/"]}]},{"@type":"ImageObject","inLanguage":"es","@id":"https:\/\/21panorama.com\/index.php\/2022\/07\/08\/dona-fernando-flores-su-sueldo-para-servidores-publicos-sindicalizados\/#primaryimage","url":"https:\/\/21panorama.com\/wp-content\/uploads\/2022\/07\/fernando-flores-3.jpg","contentUrl":"https:\/\/21panorama.com\/wp-content\/uploads\/2022\/07\/fernando-flores-3.jpg","width":1280,"height":719},{"@type":"BreadcrumbList","@id":"https:\/\/21panorama.com\/index.php\/2022\/07\/08\/dona-fernando-flores-su-sueldo-para-servidores-publicos-sindicalizados\/#breadcrumb","itemListElement":[{"@type":"ListItem","position":1,"name":"Inicio","item":"https:\/\/21panorama.com\/"},{"@type":"ListItem","position":2,"name":"DONA FERNANDO FLORES SU SUELDO PARA SERVIDORES P\u00daBLICOS SINDICALIZADOS"}]},{"@type":"WebSite","@id":"https:\/\/21panorama.com\/#website","url":"https:\/\/21panorama.com\/","name":"21 Panorama","description":"La construcci\u00f3n de la opini\u00f3n p\u00fablica merece un mejor Panorama en este siglo 21 para alcanzar una sociedad con mayor transparencia y sin corrupci\u00f3n.","publisher":{"@id":"https:\/\/21panorama.com\/#organization"},"potentialAction":[{"@type":"SearchAction","target":{"@type":"EntryPoint","urlTemplate":"https:\/\/21panorama.com\/?s={search_term_string}"},"query-input":{"@type":"PropertyValueSpecification","valueRequired":true,"valueName":"search_term_string"}}],"inLanguage":"es"},{"@type":"Organization","@id":"https:\/\/21panorama.com\/#organization","name":"21 Panorama","url":"https:\/\/21panorama.com\/","logo":{"@type":"ImageObject","inLanguage":"es","@id":"https:\/\/21panorama.com\/#\/schema\/logo\/image\/","url":"https:\/\/21panorama.com\/wp-content\/uploads\/2019\/07\/cropped-Logo-Panorama-01.jpeg","contentUrl":"https:\/\/21panorama.com\/wp-content\/uploads\/2019\/07\/cropped-Logo-Panorama-01.jpeg","width":290,"height":70,"caption":"21 Panorama"},"image":{"@id":"https:\/\/21panorama.com\/#\/schema\/logo\/image\/"}},{"@type":"Person","@id":"https:\/\/21panorama.com\/#\/schema\/person\/1afc291b96d5792a158768324287319f","name":"admin","image":{"@type":"ImageObject","inLanguage":"es","@id":"https:\/\/21panorama.com\/#\/schema\/person\/image\/","url":"https:\/\/secure.gravatar.com\/avatar\/ad365d9d9f46719215b0d042cc3df92a5a8683e09ef13d102233e5491985f0f0?s=96&d=mm&r=g","contentUrl":"https:\/\/secure.gravatar.com\/avatar\/ad365d9d9f46719215b0d042cc3df92a5a8683e09ef13d102233e5491985f0f0?s=96&d=mm&r=g","caption":"admin"},"url":"https:\/\/21panorama.com\/index.php\/author\/admin\/"}]}},"_links":{"self":[{"href":"https:\/\/21panorama.com\/index.php\/wp-json\/wp\/v2\/posts\/3877","targetHints":{"allow":["GET"]}}],"collection":[{"href":"https:\/\/21panorama.com\/index.php\/wp-json\/wp\/v2\/posts"}],"about":[{"href":"https:\/\/21panorama.com\/index.php\/wp-json\/wp\/v2\/types\/post"}],"author":[{"embeddable":true,"href":"https:\/\/21panorama.com\/index.php\/wp-json\/wp\/v2\/users\/1"}],"replies":[{"embeddable":true,"href":"https:\/\/21panorama.com\/index.php\/wp-json\/wp\/v2\/comments?post=3877"}],"version-history":[{"count":1,"href":"https:\/\/21panorama.com\/index.php\/wp-json\/wp\/v2\/posts\/3877\/revisions"}],"predecessor-version":[{"id":3879,"href":"https:\/\/21panorama.com\/index.php\/wp-json\/wp\/v2\/posts\/3877\/revisions\/3879"}],"wp:featuredmedia":[{"embeddable":true,"href":"https:\/\/21panorama.com\/index.php\/wp-json\/wp\/v2\/media\/3878"}],"wp:attachment":[{"href":"https:\/\/21panorama.com\/index.php\/wp-json\/wp\/v2\/media?parent=3877"}],"wp:term":[{"taxonomy":"category","embeddable":true,"href":"https:\/\/21panorama.com\/index.php\/wp-json\/wp\/v2\/categories?post=3877"},{"taxonomy":"post_tag","embeddable":true,"href":"https:\/\/21panorama.com\/index.php\/wp-json\/wp\/v2\/tags?post=3877"}],"curies":[{"name":"wp","href":"https:\/\/api.w.org\/{rel}","templated":true}]}}