{"id":3864,"date":"2022-06-29T21:33:39","date_gmt":"2022-06-30T02:33:39","guid":{"rendered":"https:\/\/21panorama.com\/?p=3864"},"modified":"2022-07-11T21:07:26","modified_gmt":"2022-07-12T02:07:26","slug":"el-oro-inicio-de-construccion-de-techado-y-rehabilitacion-de-pozo","status":"publish","type":"post","link":"https:\/\/21panorama.com\/index.php\/2022\/06\/29\/el-oro-inicio-de-construccion-de-techado-y-rehabilitacion-de-pozo\/","title":{"rendered":"EL ORO: INICIO DE CONSTRUCCI\u00d3N DE TECHADO Y REHABILITACI\u00d3N DE POZO"},"content":{"rendered":"\n<p>El Diputado Federal Gustavo C\u00e1rdenas Monroy particip\u00f3 en una gira por el Municipio de El Oro, en la que se dio inicio a la construcci\u00f3n del techado del \u00e1rea para la impartici\u00f3n de educaci\u00f3n f\u00edsica (CONALEP).<\/p>\n\n\n\n<p>Gustavo C\u00e1rdenas agradeci\u00f3 a la Presidenta Municipal, Ruth Salazar, por la invitaci\u00f3n que le hizo al inicio de esta obra, en donde tambi\u00e9n se contaba con la presencia del Diputado Local, Iv\u00e1n Esquer Cruz.<\/p>\n\n\n\n<p>De la misma manera, indic\u00f3 que se ha materializado lo que fue una demanda por muchos a\u00f1os, el techado de esta instalaci\u00f3n, que concluir\u00e1 en dos meses.<\/p>\n\n\n\n<p>El Diputado destac\u00f3 el trabajo en equipo de la Presidenta Municipal y del Diputado Local, as\u00ed como los tr\u00e1mites que tuvieron que cumplirse, para llevar acabo este techado. El cual ser\u00e1 de gran beneficio para los usuarios, ya que evitar\u00e1 lesiones en la piel, mientras realizan sus actividades f\u00edsicas, resguardando de esta manera, su salud e integridad f\u00edsica.<\/p>\n\n\n\n<p>De igual modo, C\u00e1rdenas hizo el compromiso de regresar a dichas instalaciones para su inauguraci\u00f3n.<\/p>\n\n\n\n<p>Por otro lado, en El Ejido de Santiago Oxtempan se dio el inici\u00f3 a la rehabilitaci\u00f3n del Pozo Tultenango II, Bicentenario. C\u00e1rdenas Monroy destac\u00f3 la visi\u00f3n de la Presidenta Municipal, ya que est\u00e1 proporcionando una soluci\u00f3n a un problema demandado por los habitantes de esa comunidad. Esta obra se llevar\u00e1 a cabo en 10 d\u00edas, anteponiendo la gran importancia del l\u00edquido vital.<\/p>\n\n\n\n<p>El manejo de los recursos p\u00fablicos siempre es un tema que genera controversia, por esta raz\u00f3n, el Diputado C\u00e1rdenas exhorta a los servidores p\u00fablicos a utilizar dichos recursos en la resoluci\u00f3n de problemas y necesidades de la poblaci\u00f3n; en lugar de repartir esos recursos en efectivo. Repartir dinero no es la soluci\u00f3n a las necesidades de las comunidades, al contrario, solo generar\u00e1 retraso y estancamiento.<\/p>\n\n\n\n<p>El Oro y muchos otros municipios han sufrido las consecuencias de esos malos manejos, es por esto que es importante que la gente tome las decisiones correctas y que tomen en cuenta las acciones que lleva a cabo el ayuntamiento y el Gobierno del Estado.<\/p>\n\n\n\n<p>El legislador tambi\u00e9n realiz\u00f3 una supervisi\u00f3n a los bordos que se realizan para la captaci\u00f3n de aguas de doble prop\u00f3sito tanto para regar como para abrevadero de los animales, todo esto en beneficio de los trabajadores del campo que viven en La Nopalera, deseando que esto sea un \u00e9xito para los pr\u00f3ximos ciclos agr\u00edcolas.<\/p>\n\n\n\n<figure class=\"wp-block-image size-full\"><img decoding=\"async\" width=\"960\" height=\"720\" src=\"https:\/\/21panorama.com\/wp-content\/uploads\/2022\/06\/b4c5a061-eb3a-47a0-870f-06a1d53a42ec.jpeg\" alt=\"\" class=\"wp-image-3866\" srcset=\"https:\/\/21panorama.com\/wp-content\/uploads\/2022\/06\/b4c5a061-eb3a-47a0-870f-06a1d53a42ec.jpeg 960w, https:\/\/21panorama.com\/wp-content\/uploads\/2022\/06\/b4c5a061-eb3a-47a0-870f-06a1d53a42ec-300x225.jpeg 300w, https:\/\/21panorama.com\/wp-content\/uploads\/2022\/06\/b4c5a061-eb3a-47a0-870f-06a1d53a42ec-768x576.jpeg 768w\" sizes=\"(max-width: 960px) 100vw, 960px\" \/><\/figure>\n\n\n\n<p><\/p>\n","protected":false},"excerpt":{"rendered":"<p>El Diputado Federal Gustavo C\u00e1rdenas Monroy particip\u00f3 en una gira por el Municipio de El Oro, en la que se dio inicio a la construcci\u00f3n del techado del \u00e1rea para la impartici\u00f3n de educaci\u00f3n f\u00edsica (CONALEP).<\/p>\n","protected":false},"author":1,"featured_media":3865,"comment_status":"open","ping_status":"open","sticky":false,"template":"","format":"standard","meta":{"footnotes":""},"categories":[1],"tags":[318],"class_list":["post-3864","post","type-post","status-publish","format-standard","has-post-thumbnail","hentry","category-sociedad","tag-el-oro"],"yoast_head":"<!-- This site is optimized with the Yoast SEO plugin v24.9 - https:\/\/yoast.com\/wordpress\/plugins\/seo\/ -->\n<title>EL ORO: INICIO DE CONSTRUCCI\u00d3N DE TECHADO Y REHABILITACI\u00d3N DE POZO - 21 Panorama<\/title>\n<meta name=\"robots\" content=\"index, follow, max-snippet:-1, max-image-preview:large, max-video-preview:-1\" \/>\n<link rel=\"canonical\" href=\"https:\/\/21panorama.com\/index.php\/2022\/06\/29\/el-oro-inicio-de-construccion-de-techado-y-rehabilitacion-de-pozo\/\" \/>\n<meta property=\"og:locale\" content=\"es_MX\" \/>\n<meta property=\"og:type\" content=\"article\" \/>\n<meta property=\"og:title\" content=\"EL ORO: INICIO DE CONSTRUCCI\u00d3N DE TECHADO Y REHABILITACI\u00d3N DE POZO - 21 Panorama\" \/>\n<meta property=\"og:description\" content=\"El Diputado Federal Gustavo C\u00e1rdenas Monroy particip\u00f3 en una gira por el Municipio de El Oro, en la que se dio inicio a la construcci\u00f3n del techado del \u00e1rea para la impartici\u00f3n de educaci\u00f3n f\u00edsica (CONALEP).\" \/>\n<meta property=\"og:url\" content=\"https:\/\/21panorama.com\/index.php\/2022\/06\/29\/el-oro-inicio-de-construccion-de-techado-y-rehabilitacion-de-pozo\/\" \/>\n<meta property=\"og:site_name\" content=\"21 Panorama\" \/>\n<meta property=\"article:published_time\" content=\"2022-06-30T02:33:39+00:00\" \/>\n<meta property=\"article:modified_time\" content=\"2022-07-12T02:07:26+00:00\" \/>\n<meta property=\"og:image\" content=\"https:\/\/21panorama.com\/wp-content\/uploads\/2022\/06\/34de7e99-cd72-4308-b7f2-cda7f02a4412.jpeg\" \/>\n\t<meta property=\"og:image:width\" content=\"960\" \/>\n\t<meta property=\"og:image:height\" content=\"540\" \/>\n\t<meta property=\"og:image:type\" content=\"image\/jpeg\" \/>\n<meta name=\"author\" content=\"admin\" \/>\n<meta name=\"twitter:card\" content=\"summary_large_image\" \/>\n<meta name=\"twitter:label1\" content=\"Escrito por\" \/>\n\t<meta name=\"twitter:data1\" content=\"admin\" \/>\n\t<meta name=\"twitter:label2\" content=\"Tiempo de lectura\" \/>\n\t<meta name=\"twitter:data2\" content=\"3 minutos\" \/>\n<script type=\"application\/ld+json\" class=\"yoast-schema-graph\">{\"@context\":\"https:\/\/schema.org\",\"@graph\":[{\"@type\":\"Article\",\"@id\":\"https:\/\/21panorama.com\/index.php\/2022\/06\/29\/el-oro-inicio-de-construccion-de-techado-y-rehabilitacion-de-pozo\/#article\",\"isPartOf\":{\"@id\":\"https:\/\/21panorama.com\/index.php\/2022\/06\/29\/el-oro-inicio-de-construccion-de-techado-y-rehabilitacion-de-pozo\/\"},\"author\":{\"name\":\"admin\",\"@id\":\"https:\/\/21panorama.com\/#\/schema\/person\/1afc291b96d5792a158768324287319f\"},\"headline\":\"EL ORO: INICIO DE CONSTRUCCI\u00d3N DE TECHADO Y REHABILITACI\u00d3N DE POZO\",\"datePublished\":\"2022-06-30T02:33:39+00:00\",\"dateModified\":\"2022-07-12T02:07:26+00:00\",\"mainEntityOfPage\":{\"@id\":\"https:\/\/21panorama.com\/index.php\/2022\/06\/29\/el-oro-inicio-de-construccion-de-techado-y-rehabilitacion-de-pozo\/\"},\"wordCount\":443,\"commentCount\":0,\"publisher\":{\"@id\":\"https:\/\/21panorama.com\/#organization\"},\"image\":{\"@id\":\"https:\/\/21panorama.com\/index.php\/2022\/06\/29\/el-oro-inicio-de-construccion-de-techado-y-rehabilitacion-de-pozo\/#primaryimage\"},\"thumbnailUrl\":\"https:\/\/21panorama.com\/wp-content\/uploads\/2022\/06\/34de7e99-cd72-4308-b7f2-cda7f02a4412.jpeg\",\"keywords\":[\"EL ORO\"],\"articleSection\":[\"Sociedad\"],\"inLanguage\":\"es\",\"potentialAction\":[{\"@type\":\"CommentAction\",\"name\":\"Comment\",\"target\":[\"https:\/\/21panorama.com\/index.php\/2022\/06\/29\/el-oro-inicio-de-construccion-de-techado-y-rehabilitacion-de-pozo\/#respond\"]}]},{\"@type\":\"WebPage\",\"@id\":\"https:\/\/21panorama.com\/index.php\/2022\/06\/29\/el-oro-inicio-de-construccion-de-techado-y-rehabilitacion-de-pozo\/\",\"url\":\"https:\/\/21panorama.com\/index.php\/2022\/06\/29\/el-oro-inicio-de-construccion-de-techado-y-rehabilitacion-de-pozo\/\",\"name\":\"EL ORO: INICIO DE CONSTRUCCI\u00d3N DE TECHADO Y REHABILITACI\u00d3N DE POZO - 21 Panorama\",\"isPartOf\":{\"@id\":\"https:\/\/21panorama.com\/#website\"},\"primaryImageOfPage\":{\"@id\":\"https:\/\/21panorama.com\/index.php\/2022\/06\/29\/el-oro-inicio-de-construccion-de-techado-y-rehabilitacion-de-pozo\/#primaryimage\"},\"image\":{\"@id\":\"https:\/\/21panorama.com\/index.php\/2022\/06\/29\/el-oro-inicio-de-construccion-de-techado-y-rehabilitacion-de-pozo\/#primaryimage\"},\"thumbnailUrl\":\"https:\/\/21panorama.com\/wp-content\/uploads\/2022\/06\/34de7e99-cd72-4308-b7f2-cda7f02a4412.jpeg\",\"datePublished\":\"2022-06-30T02:33:39+00:00\",\"dateModified\":\"2022-07-12T02:07:26+00:00\",\"breadcrumb\":{\"@id\":\"https:\/\/21panorama.com\/index.php\/2022\/06\/29\/el-oro-inicio-de-construccion-de-techado-y-rehabilitacion-de-pozo\/#breadcrumb\"},\"inLanguage\":\"es\",\"potentialAction\":[{\"@type\":\"ReadAction\",\"target\":[\"https:\/\/21panorama.com\/index.php\/2022\/06\/29\/el-oro-inicio-de-construccion-de-techado-y-rehabilitacion-de-pozo\/\"]}]},{\"@type\":\"ImageObject\",\"inLanguage\":\"es\",\"@id\":\"https:\/\/21panorama.com\/index.php\/2022\/06\/29\/el-oro-inicio-de-construccion-de-techado-y-rehabilitacion-de-pozo\/#primaryimage\",\"url\":\"https:\/\/21panorama.com\/wp-content\/uploads\/2022\/06\/34de7e99-cd72-4308-b7f2-cda7f02a4412.jpeg\",\"contentUrl\":\"https:\/\/21panorama.com\/wp-content\/uploads\/2022\/06\/34de7e99-cd72-4308-b7f2-cda7f02a4412.jpeg\",\"width\":960,\"height\":540},{\"@type\":\"BreadcrumbList\",\"@id\":\"https:\/\/21panorama.com\/index.php\/2022\/06\/29\/el-oro-inicio-de-construccion-de-techado-y-rehabilitacion-de-pozo\/#breadcrumb\",\"itemListElement\":[{\"@type\":\"ListItem\",\"position\":1,\"name\":\"Inicio\",\"item\":\"https:\/\/21panorama.com\/\"},{\"@type\":\"ListItem\",\"position\":2,\"name\":\"EL ORO: INICIO DE CONSTRUCCI\u00d3N DE TECHADO Y REHABILITACI\u00d3N DE POZO\"}]},{\"@type\":\"WebSite\",\"@id\":\"https:\/\/21panorama.com\/#website\",\"url\":\"https:\/\/21panorama.com\/\",\"name\":\"21 Panorama\",\"description\":\"La construcci\u00f3n de la opini\u00f3n p\u00fablica merece un mejor Panorama en este siglo 21 para alcanzar una sociedad con mayor transparencia y sin corrupci\u00f3n.\",\"publisher\":{\"@id\":\"https:\/\/21panorama.com\/#organization\"},\"potentialAction\":[{\"@type\":\"SearchAction\",\"target\":{\"@type\":\"EntryPoint\",\"urlTemplate\":\"https:\/\/21panorama.com\/?s={search_term_string}\"},\"query-input\":{\"@type\":\"PropertyValueSpecification\",\"valueRequired\":true,\"valueName\":\"search_term_string\"}}],\"inLanguage\":\"es\"},{\"@type\":\"Organization\",\"@id\":\"https:\/\/21panorama.com\/#organization\",\"name\":\"21 Panorama\",\"url\":\"https:\/\/21panorama.com\/\",\"logo\":{\"@type\":\"ImageObject\",\"inLanguage\":\"es\",\"@id\":\"https:\/\/21panorama.com\/#\/schema\/logo\/image\/\",\"url\":\"https:\/\/21panorama.com\/wp-content\/uploads\/2019\/07\/cropped-Logo-Panorama-01.jpeg\",\"contentUrl\":\"https:\/\/21panorama.com\/wp-content\/uploads\/2019\/07\/cropped-Logo-Panorama-01.jpeg\",\"width\":290,\"height\":70,\"caption\":\"21 Panorama\"},\"image\":{\"@id\":\"https:\/\/21panorama.com\/#\/schema\/logo\/image\/\"}},{\"@type\":\"Person\",\"@id\":\"https:\/\/21panorama.com\/#\/schema\/person\/1afc291b96d5792a158768324287319f\",\"name\":\"admin\",\"image\":{\"@type\":\"ImageObject\",\"inLanguage\":\"es\",\"@id\":\"https:\/\/21panorama.com\/#\/schema\/person\/image\/\",\"url\":\"https:\/\/secure.gravatar.com\/avatar\/ad365d9d9f46719215b0d042cc3df92a5a8683e09ef13d102233e5491985f0f0?s=96&d=mm&r=g\",\"contentUrl\":\"https:\/\/secure.gravatar.com\/avatar\/ad365d9d9f46719215b0d042cc3df92a5a8683e09ef13d102233e5491985f0f0?s=96&d=mm&r=g\",\"caption\":\"admin\"},\"url\":\"https:\/\/21panorama.com\/index.php\/author\/admin\/\"}]}<\/script>\n<!-- \/ Yoast SEO plugin. -->","yoast_head_json":{"title":"EL ORO: INICIO DE CONSTRUCCI\u00d3N DE TECHADO Y REHABILITACI\u00d3N DE POZO - 21 Panorama","robots":{"index":"index","follow":"follow","max-snippet":"max-snippet:-1","max-image-preview":"max-image-preview:large","max-video-preview":"max-video-preview:-1"},"canonical":"https:\/\/21panorama.com\/index.php\/2022\/06\/29\/el-oro-inicio-de-construccion-de-techado-y-rehabilitacion-de-pozo\/","og_locale":"es_MX","og_type":"article","og_title":"EL ORO: INICIO DE CONSTRUCCI\u00d3N DE TECHADO Y REHABILITACI\u00d3N DE POZO - 21 Panorama","og_description":"El Diputado Federal Gustavo C\u00e1rdenas Monroy particip\u00f3 en una gira por el Municipio de El Oro, en la que se dio inicio a la construcci\u00f3n del techado del \u00e1rea para la impartici\u00f3n de educaci\u00f3n f\u00edsica (CONALEP).","og_url":"https:\/\/21panorama.com\/index.php\/2022\/06\/29\/el-oro-inicio-de-construccion-de-techado-y-rehabilitacion-de-pozo\/","og_site_name":"21 Panorama","article_published_time":"2022-06-30T02:33:39+00:00","article_modified_time":"2022-07-12T02:07:26+00:00","og_image":[{"width":960,"height":540,"url":"https:\/\/21panorama.com\/wp-content\/uploads\/2022\/06\/34de7e99-cd72-4308-b7f2-cda7f02a4412.jpeg","type":"image\/jpeg"}],"author":"admin","twitter_card":"summary_large_image","twitter_misc":{"Escrito por":"admin","Tiempo de lectura":"3 minutos"},"schema":{"@context":"https:\/\/schema.org","@graph":[{"@type":"Article","@id":"https:\/\/21panorama.com\/index.php\/2022\/06\/29\/el-oro-inicio-de-construccion-de-techado-y-rehabilitacion-de-pozo\/#article","isPartOf":{"@id":"https:\/\/21panorama.com\/index.php\/2022\/06\/29\/el-oro-inicio-de-construccion-de-techado-y-rehabilitacion-de-pozo\/"},"author":{"name":"admin","@id":"https:\/\/21panorama.com\/#\/schema\/person\/1afc291b96d5792a158768324287319f"},"headline":"EL ORO: INICIO DE CONSTRUCCI\u00d3N DE TECHADO Y REHABILITACI\u00d3N DE POZO","datePublished":"2022-06-30T02:33:39+00:00","dateModified":"2022-07-12T02:07:26+00:00","mainEntityOfPage":{"@id":"https:\/\/21panorama.com\/index.php\/2022\/06\/29\/el-oro-inicio-de-construccion-de-techado-y-rehabilitacion-de-pozo\/"},"wordCount":443,"commentCount":0,"publisher":{"@id":"https:\/\/21panorama.com\/#organization"},"image":{"@id":"https:\/\/21panorama.com\/index.php\/2022\/06\/29\/el-oro-inicio-de-construccion-de-techado-y-rehabilitacion-de-pozo\/#primaryimage"},"thumbnailUrl":"https:\/\/21panorama.com\/wp-content\/uploads\/2022\/06\/34de7e99-cd72-4308-b7f2-cda7f02a4412.jpeg","keywords":["EL ORO"],"articleSection":["Sociedad"],"inLanguage":"es","potentialAction":[{"@type":"CommentAction","name":"Comment","target":["https:\/\/21panorama.com\/index.php\/2022\/06\/29\/el-oro-inicio-de-construccion-de-techado-y-rehabilitacion-de-pozo\/#respond"]}]},{"@type":"WebPage","@id":"https:\/\/21panorama.com\/index.php\/2022\/06\/29\/el-oro-inicio-de-construccion-de-techado-y-rehabilitacion-de-pozo\/","url":"https:\/\/21panorama.com\/index.php\/2022\/06\/29\/el-oro-inicio-de-construccion-de-techado-y-rehabilitacion-de-pozo\/","name":"EL ORO: INICIO DE CONSTRUCCI\u00d3N DE TECHADO Y REHABILITACI\u00d3N DE POZO - 21 Panorama","isPartOf":{"@id":"https:\/\/21panorama.com\/#website"},"primaryImageOfPage":{"@id":"https:\/\/21panorama.com\/index.php\/2022\/06\/29\/el-oro-inicio-de-construccion-de-techado-y-rehabilitacion-de-pozo\/#primaryimage"},"image":{"@id":"https:\/\/21panorama.com\/index.php\/2022\/06\/29\/el-oro-inicio-de-construccion-de-techado-y-rehabilitacion-de-pozo\/#primaryimage"},"thumbnailUrl":"https:\/\/21panorama.com\/wp-content\/uploads\/2022\/06\/34de7e99-cd72-4308-b7f2-cda7f02a4412.jpeg","datePublished":"2022-06-30T02:33:39+00:00","dateModified":"2022-07-12T02:07:26+00:00","breadcrumb":{"@id":"https:\/\/21panorama.com\/index.php\/2022\/06\/29\/el-oro-inicio-de-construccion-de-techado-y-rehabilitacion-de-pozo\/#breadcrumb"},"inLanguage":"es","potentialAction":[{"@type":"ReadAction","target":["https:\/\/21panorama.com\/index.php\/2022\/06\/29\/el-oro-inicio-de-construccion-de-techado-y-rehabilitacion-de-pozo\/"]}]},{"@type":"ImageObject","inLanguage":"es","@id":"https:\/\/21panorama.com\/index.php\/2022\/06\/29\/el-oro-inicio-de-construccion-de-techado-y-rehabilitacion-de-pozo\/#primaryimage","url":"https:\/\/21panorama.com\/wp-content\/uploads\/2022\/06\/34de7e99-cd72-4308-b7f2-cda7f02a4412.jpeg","contentUrl":"https:\/\/21panorama.com\/wp-content\/uploads\/2022\/06\/34de7e99-cd72-4308-b7f2-cda7f02a4412.jpeg","width":960,"height":540},{"@type":"BreadcrumbList","@id":"https:\/\/21panorama.com\/index.php\/2022\/06\/29\/el-oro-inicio-de-construccion-de-techado-y-rehabilitacion-de-pozo\/#breadcrumb","itemListElement":[{"@type":"ListItem","position":1,"name":"Inicio","item":"https:\/\/21panorama.com\/"},{"@type":"ListItem","position":2,"name":"EL ORO: INICIO DE CONSTRUCCI\u00d3N DE TECHADO Y REHABILITACI\u00d3N DE POZO"}]},{"@type":"WebSite","@id":"https:\/\/21panorama.com\/#website","url":"https:\/\/21panorama.com\/","name":"21 Panorama","description":"La construcci\u00f3n de la opini\u00f3n p\u00fablica merece un mejor Panorama en este siglo 21 para alcanzar una sociedad con mayor transparencia y sin corrupci\u00f3n.","publisher":{"@id":"https:\/\/21panorama.com\/#organization"},"potentialAction":[{"@type":"SearchAction","target":{"@type":"EntryPoint","urlTemplate":"https:\/\/21panorama.com\/?s={search_term_string}"},"query-input":{"@type":"PropertyValueSpecification","valueRequired":true,"valueName":"search_term_string"}}],"inLanguage":"es"},{"@type":"Organization","@id":"https:\/\/21panorama.com\/#organization","name":"21 Panorama","url":"https:\/\/21panorama.com\/","logo":{"@type":"ImageObject","inLanguage":"es","@id":"https:\/\/21panorama.com\/#\/schema\/logo\/image\/","url":"https:\/\/21panorama.com\/wp-content\/uploads\/2019\/07\/cropped-Logo-Panorama-01.jpeg","contentUrl":"https:\/\/21panorama.com\/wp-content\/uploads\/2019\/07\/cropped-Logo-Panorama-01.jpeg","width":290,"height":70,"caption":"21 Panorama"},"image":{"@id":"https:\/\/21panorama.com\/#\/schema\/logo\/image\/"}},{"@type":"Person","@id":"https:\/\/21panorama.com\/#\/schema\/person\/1afc291b96d5792a158768324287319f","name":"admin","image":{"@type":"ImageObject","inLanguage":"es","@id":"https:\/\/21panorama.com\/#\/schema\/person\/image\/","url":"https:\/\/secure.gravatar.com\/avatar\/ad365d9d9f46719215b0d042cc3df92a5a8683e09ef13d102233e5491985f0f0?s=96&d=mm&r=g","contentUrl":"https:\/\/secure.gravatar.com\/avatar\/ad365d9d9f46719215b0d042cc3df92a5a8683e09ef13d102233e5491985f0f0?s=96&d=mm&r=g","caption":"admin"},"url":"https:\/\/21panorama.com\/index.php\/author\/admin\/"}]}},"_links":{"self":[{"href":"https:\/\/21panorama.com\/index.php\/wp-json\/wp\/v2\/posts\/3864","targetHints":{"allow":["GET"]}}],"collection":[{"href":"https:\/\/21panorama.com\/index.php\/wp-json\/wp\/v2\/posts"}],"about":[{"href":"https:\/\/21panorama.com\/index.php\/wp-json\/wp\/v2\/types\/post"}],"author":[{"embeddable":true,"href":"https:\/\/21panorama.com\/index.php\/wp-json\/wp\/v2\/users\/1"}],"replies":[{"embeddable":true,"href":"https:\/\/21panorama.com\/index.php\/wp-json\/wp\/v2\/comments?post=3864"}],"version-history":[{"count":1,"href":"https:\/\/21panorama.com\/index.php\/wp-json\/wp\/v2\/posts\/3864\/revisions"}],"predecessor-version":[{"id":3867,"href":"https:\/\/21panorama.com\/index.php\/wp-json\/wp\/v2\/posts\/3864\/revisions\/3867"}],"wp:featuredmedia":[{"embeddable":true,"href":"https:\/\/21panorama.com\/index.php\/wp-json\/wp\/v2\/media\/3865"}],"wp:attachment":[{"href":"https:\/\/21panorama.com\/index.php\/wp-json\/wp\/v2\/media?parent=3864"}],"wp:term":[{"taxonomy":"category","embeddable":true,"href":"https:\/\/21panorama.com\/index.php\/wp-json\/wp\/v2\/categories?post=3864"},{"taxonomy":"post_tag","embeddable":true,"href":"https:\/\/21panorama.com\/index.php\/wp-json\/wp\/v2\/tags?post=3864"}],"curies":[{"name":"wp","href":"https:\/\/api.w.org\/{rel}","templated":true}]}}