{"id":3851,"date":"2022-06-29T21:20:55","date_gmt":"2022-06-30T02:20:55","guid":{"rendered":"https:\/\/21panorama.com\/?p=3851"},"modified":"2022-06-29T21:20:58","modified_gmt":"2022-06-30T02:20:58","slug":"exitoso-el-sistema-de-ensenanza-mixto-de-la-uaemex-cebd","status":"publish","type":"post","link":"https:\/\/21panorama.com\/index.php\/2022\/06\/29\/exitoso-el-sistema-de-ensenanza-mixto-de-la-uaemex-cebd\/","title":{"rendered":"EXITOSO EL SISTEMA DE ENSE\u00d1ANZA MIXTO DE LA UAEM\u00c9X: CEBD"},"content":{"rendered":"\n<p>Con oferta de programas educativos en sistema de ense\u00f1anza presencial, mixta y a distancia acreditados por su calidad acad\u00e9mica, la Universidad Aut\u00f3noma del Estado de M\u00e9xico (UAEM\u00e9x) se vuelve, a\u00fan m\u00e1s, incluyente, afirm\u00f3 el rector, Carlos Eduardo Barrera D\u00edaz.<\/p>\n\n\n\n<p>Al encabezar el Tercer Informe Anual de Actividades que rindi\u00f3 el director de la Facultad de Econom\u00eda, Alejandro Alan\u00eds Chico, el rector de la UAEM\u00e9x reconoci\u00f3 a este organismo acad\u00e9mico como un referente estatal al impartir sus cuatro licenciaturas: Econom\u00eda, Negocios Internacionales Biling\u00fce, Actuar\u00eda y Relaciones Econ\u00f3micas Internacionales en sistema de ense\u00f1anza mixto y esta \u00faltima, tambi\u00e9n con la opci\u00f3n a distancia.<\/p>\n\n\n\n<p>\u201cResulta muy positivo el \u00e9xito y aceptaci\u00f3n de los programas mixtos con los que esta Facultad contin\u00faa avanzando hacia una educaci\u00f3n m\u00e1s incluyente\u201d expres\u00f3.<\/p>\n\n\n\n<p>Asimismo, destac\u00f3 la calidad docente de la Facultad que alberga a 14 Profesores de Tiempo Completo (PTC) que pertenecen al Sistema Nacional de Investigadores (SNI) del Consejo Nacional de Ciencia y Tecnolog\u00eda (CONACyT) y que participan en ocho proyectos de investigaci\u00f3n; as\u00ed como profesores certificados en ingl\u00e9s, quienes imparten las unidades de aprendizaje en modalidad biling\u00fce, lo que coloca a sus egresados en la competencia internacional.<\/p>\n\n\n\n<p>Barrera D\u00edaz tambi\u00e9n extern\u00f3 una felicitaci\u00f3n a la comunidad estudiantil que ha colocado al organismo acad\u00e9mico en lugares de excelencia en el \u00e1mbito acad\u00e9mico, de investigaci\u00f3n, cultural y deportivo, tanto a nivel estatal como nacional.<\/p>\n\n\n\n<p>En tanto, Alan\u00eds Chico refiri\u00f3 que entre los logros alcanzados durante su tercer a\u00f1o de gesti\u00f3n se encuentran la impartici\u00f3n por primera vez el Diplomado Superior en Econom\u00eda Financiera que cuenta con 54 participantes que, a su vez, funciona como una opci\u00f3n de titulaci\u00f3n de licenciatura; el apoyo a estudiantes con mil 745 becas, as\u00ed como una cobertura del 98 por ciento en el Programa Institucional de Tutor\u00eda.<br>Agreg\u00f3 que la pertinencia social de las distintas investigaciones que se realizan al interior de la Facultad se refleja en la producci\u00f3n de libros, revistas, art\u00edculos y observatorios econ\u00f3micos.<\/p>\n\n\n\n<p>\u201cPara la Facultad de Econom\u00eda es de vital importancia que la comunidad universitaria tenga una conciencia social s\u00f3lida y un compromiso con el desarrollo sustentable por lo que tambi\u00e9n se encuentra establecida en la misi\u00f3n de formar profesionistas con sentido de responsabilidad social, \u00e9tica y valores\u201d, expres\u00f3.<\/p>\n\n\n\n<p>La Facultad de Econom\u00eda tiene una matr\u00edcula de mil 958 estudiantes. Se imparten cuatro licenciaturas, as\u00ed como programas de posgrado de maestr\u00eda y doctorado, algunos de ellos de car\u00e1cter intrainstitucional registrados en el Programa Nacional de Posgrados de Calidad (PNPC) de CONACyT.<\/p>\n\n\n\n<p>Al acto acudieron el secretario de Planeaci\u00f3n y Desarrollo Institucional, Jos\u00e9 Raymundo Marcial Romero, integrantes del gabinete universitario y ex directoras y ex directores y comunidad de la Facultad de Econom\u00eda.<\/p>\n\n\n\n<figure class=\"wp-block-gallery columns-2 is-cropped wp-block-gallery-1 is-layout-flex wp-block-gallery-is-layout-flex\"><ul class=\"blocks-gallery-grid\"><li class=\"blocks-gallery-item\"><figure><img decoding=\"async\" width=\"1024\" height=\"682\" src=\"https:\/\/21panorama.com\/wp-content\/uploads\/2022\/06\/a71f11ea-d34a-4c92-b6c8-286fd30b55ad-1024x682.jpeg\" alt=\"\" data-id=\"3853\" data-link=\"https:\/\/21panorama.com\/?attachment_id=3853\" class=\"wp-image-3853\" srcset=\"https:\/\/21panorama.com\/wp-content\/uploads\/2022\/06\/a71f11ea-d34a-4c92-b6c8-286fd30b55ad-1024x682.jpeg 1024w, https:\/\/21panorama.com\/wp-content\/uploads\/2022\/06\/a71f11ea-d34a-4c92-b6c8-286fd30b55ad-300x200.jpeg 300w, https:\/\/21panorama.com\/wp-content\/uploads\/2022\/06\/a71f11ea-d34a-4c92-b6c8-286fd30b55ad-768x512.jpeg 768w, https:\/\/21panorama.com\/wp-content\/uploads\/2022\/06\/a71f11ea-d34a-4c92-b6c8-286fd30b55ad.jpeg 1280w\" sizes=\"(max-width: 1024px) 100vw, 1024px\" \/><\/figure><\/li><li class=\"blocks-gallery-item\"><figure><img decoding=\"async\" width=\"1024\" height=\"682\" src=\"https:\/\/21panorama.com\/wp-content\/uploads\/2022\/06\/7b8cf5cc-cb8e-4af0-b1ab-07ad98d06304-1024x682.jpeg\" alt=\"\" data-id=\"3854\" data-full-url=\"https:\/\/21panorama.com\/wp-content\/uploads\/2022\/06\/7b8cf5cc-cb8e-4af0-b1ab-07ad98d06304.jpeg\" data-link=\"https:\/\/21panorama.com\/?attachment_id=3854\" class=\"wp-image-3854\" srcset=\"https:\/\/21panorama.com\/wp-content\/uploads\/2022\/06\/7b8cf5cc-cb8e-4af0-b1ab-07ad98d06304-1024x682.jpeg 1024w, https:\/\/21panorama.com\/wp-content\/uploads\/2022\/06\/7b8cf5cc-cb8e-4af0-b1ab-07ad98d06304-300x200.jpeg 300w, https:\/\/21panorama.com\/wp-content\/uploads\/2022\/06\/7b8cf5cc-cb8e-4af0-b1ab-07ad98d06304-768x512.jpeg 768w, https:\/\/21panorama.com\/wp-content\/uploads\/2022\/06\/7b8cf5cc-cb8e-4af0-b1ab-07ad98d06304.jpeg 1280w\" sizes=\"(max-width: 1024px) 100vw, 1024px\" \/><\/figure><\/li><\/ul><\/figure>\n","protected":false},"excerpt":{"rendered":"<p>El rector de la UAEM\u00e9x, Carlos Eduardo Barrera D\u00edaz, calific\u00f3 de exitoso y con aceptaci\u00f3n el sistema de ense\u00f1anza mixto que se oferta en esta casa de estudios.<\/p>\n","protected":false},"author":1,"featured_media":3852,"comment_status":"open","ping_status":"open","sticky":false,"template":"","format":"standard","meta":{"footnotes":""},"categories":[1],"tags":[131],"class_list":["post-3851","post","type-post","status-publish","format-standard","has-post-thumbnail","hentry","category-sociedad","tag-uaem"],"yoast_head":"<!-- This site is optimized with the Yoast SEO plugin v24.9 - https:\/\/yoast.com\/wordpress\/plugins\/seo\/ -->\n<title>EXITOSO EL SISTEMA DE ENSE\u00d1ANZA MIXTO DE LA UAEM\u00c9X: CEBD - 21 Panorama<\/title>\n<meta name=\"robots\" content=\"index, follow, max-snippet:-1, max-image-preview:large, max-video-preview:-1\" \/>\n<link rel=\"canonical\" href=\"https:\/\/21panorama.com\/index.php\/2022\/06\/29\/exitoso-el-sistema-de-ensenanza-mixto-de-la-uaemex-cebd\/\" \/>\n<meta property=\"og:locale\" content=\"es_MX\" \/>\n<meta property=\"og:type\" content=\"article\" \/>\n<meta property=\"og:title\" content=\"EXITOSO EL SISTEMA DE ENSE\u00d1ANZA MIXTO DE LA UAEM\u00c9X: CEBD - 21 Panorama\" \/>\n<meta property=\"og:description\" content=\"El rector de la UAEM\u00e9x, Carlos Eduardo Barrera D\u00edaz, calific\u00f3 de exitoso y con aceptaci\u00f3n el sistema de ense\u00f1anza mixto que se oferta en esta casa de estudios.\" \/>\n<meta property=\"og:url\" content=\"https:\/\/21panorama.com\/index.php\/2022\/06\/29\/exitoso-el-sistema-de-ensenanza-mixto-de-la-uaemex-cebd\/\" \/>\n<meta property=\"og:site_name\" content=\"21 Panorama\" \/>\n<meta property=\"article:published_time\" content=\"2022-06-30T02:20:55+00:00\" \/>\n<meta property=\"article:modified_time\" content=\"2022-06-30T02:20:58+00:00\" \/>\n<meta property=\"og:image\" content=\"https:\/\/21panorama.com\/wp-content\/uploads\/2022\/06\/6438409e-95ea-4717-92fe-60ef99ff4fbf.jpeg\" \/>\n\t<meta property=\"og:image:width\" content=\"1280\" \/>\n\t<meta property=\"og:image:height\" content=\"853\" \/>\n\t<meta property=\"og:image:type\" content=\"image\/jpeg\" \/>\n<meta name=\"author\" content=\"admin\" \/>\n<meta name=\"twitter:card\" content=\"summary_large_image\" \/>\n<meta name=\"twitter:label1\" content=\"Escrito por\" \/>\n\t<meta name=\"twitter:data1\" content=\"admin\" \/>\n\t<meta name=\"twitter:label2\" content=\"Tiempo de lectura\" \/>\n\t<meta name=\"twitter:data2\" content=\"3 minutos\" \/>\n<script type=\"application\/ld+json\" class=\"yoast-schema-graph\">{\"@context\":\"https:\/\/schema.org\",\"@graph\":[{\"@type\":\"Article\",\"@id\":\"https:\/\/21panorama.com\/index.php\/2022\/06\/29\/exitoso-el-sistema-de-ensenanza-mixto-de-la-uaemex-cebd\/#article\",\"isPartOf\":{\"@id\":\"https:\/\/21panorama.com\/index.php\/2022\/06\/29\/exitoso-el-sistema-de-ensenanza-mixto-de-la-uaemex-cebd\/\"},\"author\":{\"name\":\"admin\",\"@id\":\"https:\/\/21panorama.com\/#\/schema\/person\/1afc291b96d5792a158768324287319f\"},\"headline\":\"EXITOSO EL SISTEMA DE ENSE\u00d1ANZA MIXTO DE LA UAEM\u00c9X: CEBD\",\"datePublished\":\"2022-06-30T02:20:55+00:00\",\"dateModified\":\"2022-06-30T02:20:58+00:00\",\"mainEntityOfPage\":{\"@id\":\"https:\/\/21panorama.com\/index.php\/2022\/06\/29\/exitoso-el-sistema-de-ensenanza-mixto-de-la-uaemex-cebd\/\"},\"wordCount\":504,\"commentCount\":0,\"publisher\":{\"@id\":\"https:\/\/21panorama.com\/#organization\"},\"image\":{\"@id\":\"https:\/\/21panorama.com\/index.php\/2022\/06\/29\/exitoso-el-sistema-de-ensenanza-mixto-de-la-uaemex-cebd\/#primaryimage\"},\"thumbnailUrl\":\"https:\/\/21panorama.com\/wp-content\/uploads\/2022\/06\/6438409e-95ea-4717-92fe-60ef99ff4fbf.jpeg\",\"keywords\":[\"UAEM\"],\"articleSection\":[\"Sociedad\"],\"inLanguage\":\"es\",\"potentialAction\":[{\"@type\":\"CommentAction\",\"name\":\"Comment\",\"target\":[\"https:\/\/21panorama.com\/index.php\/2022\/06\/29\/exitoso-el-sistema-de-ensenanza-mixto-de-la-uaemex-cebd\/#respond\"]}]},{\"@type\":\"WebPage\",\"@id\":\"https:\/\/21panorama.com\/index.php\/2022\/06\/29\/exitoso-el-sistema-de-ensenanza-mixto-de-la-uaemex-cebd\/\",\"url\":\"https:\/\/21panorama.com\/index.php\/2022\/06\/29\/exitoso-el-sistema-de-ensenanza-mixto-de-la-uaemex-cebd\/\",\"name\":\"EXITOSO EL SISTEMA DE ENSE\u00d1ANZA MIXTO DE LA UAEM\u00c9X: CEBD - 21 Panorama\",\"isPartOf\":{\"@id\":\"https:\/\/21panorama.com\/#website\"},\"primaryImageOfPage\":{\"@id\":\"https:\/\/21panorama.com\/index.php\/2022\/06\/29\/exitoso-el-sistema-de-ensenanza-mixto-de-la-uaemex-cebd\/#primaryimage\"},\"image\":{\"@id\":\"https:\/\/21panorama.com\/index.php\/2022\/06\/29\/exitoso-el-sistema-de-ensenanza-mixto-de-la-uaemex-cebd\/#primaryimage\"},\"thumbnailUrl\":\"https:\/\/21panorama.com\/wp-content\/uploads\/2022\/06\/6438409e-95ea-4717-92fe-60ef99ff4fbf.jpeg\",\"datePublished\":\"2022-06-30T02:20:55+00:00\",\"dateModified\":\"2022-06-30T02:20:58+00:00\",\"breadcrumb\":{\"@id\":\"https:\/\/21panorama.com\/index.php\/2022\/06\/29\/exitoso-el-sistema-de-ensenanza-mixto-de-la-uaemex-cebd\/#breadcrumb\"},\"inLanguage\":\"es\",\"potentialAction\":[{\"@type\":\"ReadAction\",\"target\":[\"https:\/\/21panorama.com\/index.php\/2022\/06\/29\/exitoso-el-sistema-de-ensenanza-mixto-de-la-uaemex-cebd\/\"]}]},{\"@type\":\"ImageObject\",\"inLanguage\":\"es\",\"@id\":\"https:\/\/21panorama.com\/index.php\/2022\/06\/29\/exitoso-el-sistema-de-ensenanza-mixto-de-la-uaemex-cebd\/#primaryimage\",\"url\":\"https:\/\/21panorama.com\/wp-content\/uploads\/2022\/06\/6438409e-95ea-4717-92fe-60ef99ff4fbf.jpeg\",\"contentUrl\":\"https:\/\/21panorama.com\/wp-content\/uploads\/2022\/06\/6438409e-95ea-4717-92fe-60ef99ff4fbf.jpeg\",\"width\":1280,\"height\":853},{\"@type\":\"BreadcrumbList\",\"@id\":\"https:\/\/21panorama.com\/index.php\/2022\/06\/29\/exitoso-el-sistema-de-ensenanza-mixto-de-la-uaemex-cebd\/#breadcrumb\",\"itemListElement\":[{\"@type\":\"ListItem\",\"position\":1,\"name\":\"Inicio\",\"item\":\"https:\/\/21panorama.com\/\"},{\"@type\":\"ListItem\",\"position\":2,\"name\":\"EXITOSO EL SISTEMA DE ENSE\u00d1ANZA MIXTO DE LA UAEM\u00c9X: CEBD\"}]},{\"@type\":\"WebSite\",\"@id\":\"https:\/\/21panorama.com\/#website\",\"url\":\"https:\/\/21panorama.com\/\",\"name\":\"21 Panorama\",\"description\":\"La construcci\u00f3n de la opini\u00f3n p\u00fablica merece un mejor Panorama en este siglo 21 para alcanzar una sociedad con mayor transparencia y sin corrupci\u00f3n.\",\"publisher\":{\"@id\":\"https:\/\/21panorama.com\/#organization\"},\"potentialAction\":[{\"@type\":\"SearchAction\",\"target\":{\"@type\":\"EntryPoint\",\"urlTemplate\":\"https:\/\/21panorama.com\/?s={search_term_string}\"},\"query-input\":{\"@type\":\"PropertyValueSpecification\",\"valueRequired\":true,\"valueName\":\"search_term_string\"}}],\"inLanguage\":\"es\"},{\"@type\":\"Organization\",\"@id\":\"https:\/\/21panorama.com\/#organization\",\"name\":\"21 Panorama\",\"url\":\"https:\/\/21panorama.com\/\",\"logo\":{\"@type\":\"ImageObject\",\"inLanguage\":\"es\",\"@id\":\"https:\/\/21panorama.com\/#\/schema\/logo\/image\/\",\"url\":\"https:\/\/21panorama.com\/wp-content\/uploads\/2019\/07\/cropped-Logo-Panorama-01.jpeg\",\"contentUrl\":\"https:\/\/21panorama.com\/wp-content\/uploads\/2019\/07\/cropped-Logo-Panorama-01.jpeg\",\"width\":290,\"height\":70,\"caption\":\"21 Panorama\"},\"image\":{\"@id\":\"https:\/\/21panorama.com\/#\/schema\/logo\/image\/\"}},{\"@type\":\"Person\",\"@id\":\"https:\/\/21panorama.com\/#\/schema\/person\/1afc291b96d5792a158768324287319f\",\"name\":\"admin\",\"image\":{\"@type\":\"ImageObject\",\"inLanguage\":\"es\",\"@id\":\"https:\/\/21panorama.com\/#\/schema\/person\/image\/\",\"url\":\"https:\/\/secure.gravatar.com\/avatar\/ad365d9d9f46719215b0d042cc3df92a5a8683e09ef13d102233e5491985f0f0?s=96&d=mm&r=g\",\"contentUrl\":\"https:\/\/secure.gravatar.com\/avatar\/ad365d9d9f46719215b0d042cc3df92a5a8683e09ef13d102233e5491985f0f0?s=96&d=mm&r=g\",\"caption\":\"admin\"},\"url\":\"https:\/\/21panorama.com\/index.php\/author\/admin\/\"}]}<\/script>\n<!-- \/ Yoast SEO plugin. -->","yoast_head_json":{"title":"EXITOSO EL SISTEMA DE ENSE\u00d1ANZA MIXTO DE LA UAEM\u00c9X: CEBD - 21 Panorama","robots":{"index":"index","follow":"follow","max-snippet":"max-snippet:-1","max-image-preview":"max-image-preview:large","max-video-preview":"max-video-preview:-1"},"canonical":"https:\/\/21panorama.com\/index.php\/2022\/06\/29\/exitoso-el-sistema-de-ensenanza-mixto-de-la-uaemex-cebd\/","og_locale":"es_MX","og_type":"article","og_title":"EXITOSO EL SISTEMA DE ENSE\u00d1ANZA MIXTO DE LA UAEM\u00c9X: CEBD - 21 Panorama","og_description":"El rector de la UAEM\u00e9x, Carlos Eduardo Barrera D\u00edaz, calific\u00f3 de exitoso y con aceptaci\u00f3n el sistema de ense\u00f1anza mixto que se oferta en esta casa de estudios.","og_url":"https:\/\/21panorama.com\/index.php\/2022\/06\/29\/exitoso-el-sistema-de-ensenanza-mixto-de-la-uaemex-cebd\/","og_site_name":"21 Panorama","article_published_time":"2022-06-30T02:20:55+00:00","article_modified_time":"2022-06-30T02:20:58+00:00","og_image":[{"width":1280,"height":853,"url":"https:\/\/21panorama.com\/wp-content\/uploads\/2022\/06\/6438409e-95ea-4717-92fe-60ef99ff4fbf.jpeg","type":"image\/jpeg"}],"author":"admin","twitter_card":"summary_large_image","twitter_misc":{"Escrito por":"admin","Tiempo de lectura":"3 minutos"},"schema":{"@context":"https:\/\/schema.org","@graph":[{"@type":"Article","@id":"https:\/\/21panorama.com\/index.php\/2022\/06\/29\/exitoso-el-sistema-de-ensenanza-mixto-de-la-uaemex-cebd\/#article","isPartOf":{"@id":"https:\/\/21panorama.com\/index.php\/2022\/06\/29\/exitoso-el-sistema-de-ensenanza-mixto-de-la-uaemex-cebd\/"},"author":{"name":"admin","@id":"https:\/\/21panorama.com\/#\/schema\/person\/1afc291b96d5792a158768324287319f"},"headline":"EXITOSO EL SISTEMA DE ENSE\u00d1ANZA MIXTO DE LA UAEM\u00c9X: CEBD","datePublished":"2022-06-30T02:20:55+00:00","dateModified":"2022-06-30T02:20:58+00:00","mainEntityOfPage":{"@id":"https:\/\/21panorama.com\/index.php\/2022\/06\/29\/exitoso-el-sistema-de-ensenanza-mixto-de-la-uaemex-cebd\/"},"wordCount":504,"commentCount":0,"publisher":{"@id":"https:\/\/21panorama.com\/#organization"},"image":{"@id":"https:\/\/21panorama.com\/index.php\/2022\/06\/29\/exitoso-el-sistema-de-ensenanza-mixto-de-la-uaemex-cebd\/#primaryimage"},"thumbnailUrl":"https:\/\/21panorama.com\/wp-content\/uploads\/2022\/06\/6438409e-95ea-4717-92fe-60ef99ff4fbf.jpeg","keywords":["UAEM"],"articleSection":["Sociedad"],"inLanguage":"es","potentialAction":[{"@type":"CommentAction","name":"Comment","target":["https:\/\/21panorama.com\/index.php\/2022\/06\/29\/exitoso-el-sistema-de-ensenanza-mixto-de-la-uaemex-cebd\/#respond"]}]},{"@type":"WebPage","@id":"https:\/\/21panorama.com\/index.php\/2022\/06\/29\/exitoso-el-sistema-de-ensenanza-mixto-de-la-uaemex-cebd\/","url":"https:\/\/21panorama.com\/index.php\/2022\/06\/29\/exitoso-el-sistema-de-ensenanza-mixto-de-la-uaemex-cebd\/","name":"EXITOSO EL SISTEMA DE ENSE\u00d1ANZA MIXTO DE LA UAEM\u00c9X: CEBD - 21 Panorama","isPartOf":{"@id":"https:\/\/21panorama.com\/#website"},"primaryImageOfPage":{"@id":"https:\/\/21panorama.com\/index.php\/2022\/06\/29\/exitoso-el-sistema-de-ensenanza-mixto-de-la-uaemex-cebd\/#primaryimage"},"image":{"@id":"https:\/\/21panorama.com\/index.php\/2022\/06\/29\/exitoso-el-sistema-de-ensenanza-mixto-de-la-uaemex-cebd\/#primaryimage"},"thumbnailUrl":"https:\/\/21panorama.com\/wp-content\/uploads\/2022\/06\/6438409e-95ea-4717-92fe-60ef99ff4fbf.jpeg","datePublished":"2022-06-30T02:20:55+00:00","dateModified":"2022-06-30T02:20:58+00:00","breadcrumb":{"@id":"https:\/\/21panorama.com\/index.php\/2022\/06\/29\/exitoso-el-sistema-de-ensenanza-mixto-de-la-uaemex-cebd\/#breadcrumb"},"inLanguage":"es","potentialAction":[{"@type":"ReadAction","target":["https:\/\/21panorama.com\/index.php\/2022\/06\/29\/exitoso-el-sistema-de-ensenanza-mixto-de-la-uaemex-cebd\/"]}]},{"@type":"ImageObject","inLanguage":"es","@id":"https:\/\/21panorama.com\/index.php\/2022\/06\/29\/exitoso-el-sistema-de-ensenanza-mixto-de-la-uaemex-cebd\/#primaryimage","url":"https:\/\/21panorama.com\/wp-content\/uploads\/2022\/06\/6438409e-95ea-4717-92fe-60ef99ff4fbf.jpeg","contentUrl":"https:\/\/21panorama.com\/wp-content\/uploads\/2022\/06\/6438409e-95ea-4717-92fe-60ef99ff4fbf.jpeg","width":1280,"height":853},{"@type":"BreadcrumbList","@id":"https:\/\/21panorama.com\/index.php\/2022\/06\/29\/exitoso-el-sistema-de-ensenanza-mixto-de-la-uaemex-cebd\/#breadcrumb","itemListElement":[{"@type":"ListItem","position":1,"name":"Inicio","item":"https:\/\/21panorama.com\/"},{"@type":"ListItem","position":2,"name":"EXITOSO EL SISTEMA DE ENSE\u00d1ANZA MIXTO DE LA UAEM\u00c9X: CEBD"}]},{"@type":"WebSite","@id":"https:\/\/21panorama.com\/#website","url":"https:\/\/21panorama.com\/","name":"21 Panorama","description":"La construcci\u00f3n de la opini\u00f3n p\u00fablica merece un mejor Panorama en este siglo 21 para alcanzar una sociedad con mayor transparencia y sin corrupci\u00f3n.","publisher":{"@id":"https:\/\/21panorama.com\/#organization"},"potentialAction":[{"@type":"SearchAction","target":{"@type":"EntryPoint","urlTemplate":"https:\/\/21panorama.com\/?s={search_term_string}"},"query-input":{"@type":"PropertyValueSpecification","valueRequired":true,"valueName":"search_term_string"}}],"inLanguage":"es"},{"@type":"Organization","@id":"https:\/\/21panorama.com\/#organization","name":"21 Panorama","url":"https:\/\/21panorama.com\/","logo":{"@type":"ImageObject","inLanguage":"es","@id":"https:\/\/21panorama.com\/#\/schema\/logo\/image\/","url":"https:\/\/21panorama.com\/wp-content\/uploads\/2019\/07\/cropped-Logo-Panorama-01.jpeg","contentUrl":"https:\/\/21panorama.com\/wp-content\/uploads\/2019\/07\/cropped-Logo-Panorama-01.jpeg","width":290,"height":70,"caption":"21 Panorama"},"image":{"@id":"https:\/\/21panorama.com\/#\/schema\/logo\/image\/"}},{"@type":"Person","@id":"https:\/\/21panorama.com\/#\/schema\/person\/1afc291b96d5792a158768324287319f","name":"admin","image":{"@type":"ImageObject","inLanguage":"es","@id":"https:\/\/21panorama.com\/#\/schema\/person\/image\/","url":"https:\/\/secure.gravatar.com\/avatar\/ad365d9d9f46719215b0d042cc3df92a5a8683e09ef13d102233e5491985f0f0?s=96&d=mm&r=g","contentUrl":"https:\/\/secure.gravatar.com\/avatar\/ad365d9d9f46719215b0d042cc3df92a5a8683e09ef13d102233e5491985f0f0?s=96&d=mm&r=g","caption":"admin"},"url":"https:\/\/21panorama.com\/index.php\/author\/admin\/"}]}},"_links":{"self":[{"href":"https:\/\/21panorama.com\/index.php\/wp-json\/wp\/v2\/posts\/3851","targetHints":{"allow":["GET"]}}],"collection":[{"href":"https:\/\/21panorama.com\/index.php\/wp-json\/wp\/v2\/posts"}],"about":[{"href":"https:\/\/21panorama.com\/index.php\/wp-json\/wp\/v2\/types\/post"}],"author":[{"embeddable":true,"href":"https:\/\/21panorama.com\/index.php\/wp-json\/wp\/v2\/users\/1"}],"replies":[{"embeddable":true,"href":"https:\/\/21panorama.com\/index.php\/wp-json\/wp\/v2\/comments?post=3851"}],"version-history":[{"count":1,"href":"https:\/\/21panorama.com\/index.php\/wp-json\/wp\/v2\/posts\/3851\/revisions"}],"predecessor-version":[{"id":3855,"href":"https:\/\/21panorama.com\/index.php\/wp-json\/wp\/v2\/posts\/3851\/revisions\/3855"}],"wp:featuredmedia":[{"embeddable":true,"href":"https:\/\/21panorama.com\/index.php\/wp-json\/wp\/v2\/media\/3852"}],"wp:attachment":[{"href":"https:\/\/21panorama.com\/index.php\/wp-json\/wp\/v2\/media?parent=3851"}],"wp:term":[{"taxonomy":"category","embeddable":true,"href":"https:\/\/21panorama.com\/index.php\/wp-json\/wp\/v2\/categories?post=3851"},{"taxonomy":"post_tag","embeddable":true,"href":"https:\/\/21panorama.com\/index.php\/wp-json\/wp\/v2\/tags?post=3851"}],"curies":[{"name":"wp","href":"https:\/\/api.w.org\/{rel}","templated":true}]}}