{"id":3842,"date":"2022-04-22T10:29:00","date_gmt":"2022-04-22T15:29:00","guid":{"rendered":"https:\/\/21panorama.com\/?p=3842"},"modified":"2022-06-24T10:32:11","modified_gmt":"2022-06-24T15:32:11","slug":"la-gente-de-aculco-si-jala-para-hacer-caminos-jorge-osornio","status":"publish","type":"post","link":"https:\/\/21panorama.com\/index.php\/2022\/04\/22\/la-gente-de-aculco-si-jala-para-hacer-caminos-jorge-osornio\/","title":{"rendered":"LA GENTE DE ACULCO SI JALA PARA HACER CAMINOS: JORGE OSORNIO"},"content":{"rendered":"\n<p>El presidente municipal Jorge Osornio Victoria dej\u00f3 en claro que hombres y mujeres de Aculco est\u00e1n dispuestos siempre a jalar parejo en el desarrollo de su comunidad.<\/p>\n\n\n\n<p>En el arranque de construcci\u00f3n de pavimento en la comunidad de Bimbo dijo que no hay descanso en la administraci\u00f3n para solventar las necesidades del municipio.<\/p>\n\n\n\n<p>Se report\u00f3 una inversi\u00f3n de 350 mil pesos en Bimb\u00f3. Dijo que este concreto es de calidad con especificaciones t\u00e9cnicas con grava triturada y maya de alambre<\/p>\n\n\n\n<p>El d\u00eda de hoy saludamos a nuestros amigos de las comunidades de Bimb\u00f3 y Santa Mar\u00eda Nativitas, donde arrancamos con la construcci\u00f3n de encementados, entrega de materiales y revestimiento de caminos.<\/p>\n\n\n\n<figure class=\"wp-block-image size-full\"><img decoding=\"async\" width=\"1024\" height=\"768\" src=\"https:\/\/21panorama.com\/wp-content\/uploads\/2022\/06\/9092337b-24c5-48b8-997b-261778acde48.jpeg\" alt=\"\" class=\"wp-image-3844\" srcset=\"https:\/\/21panorama.com\/wp-content\/uploads\/2022\/06\/9092337b-24c5-48b8-997b-261778acde48.jpeg 1024w, https:\/\/21panorama.com\/wp-content\/uploads\/2022\/06\/9092337b-24c5-48b8-997b-261778acde48-300x225.jpeg 300w, https:\/\/21panorama.com\/wp-content\/uploads\/2022\/06\/9092337b-24c5-48b8-997b-261778acde48-768x576.jpeg 768w\" sizes=\"(max-width: 1024px) 100vw, 1024px\" \/><\/figure>\n\n\n\n<p><\/p>\n","protected":false},"excerpt":{"rendered":"<p>El presidente municipal Jorge Osornio Victoria dej\u00f3 en claro que hombres y mujeres de Aculco est\u00e1n dispuestos siempre a jalar parejo en el desarrollo de su comunidad.    <\/p>\n","protected":false},"author":1,"featured_media":3843,"comment_status":"open","ping_status":"open","sticky":false,"template":"","format":"standard","meta":{"footnotes":""},"categories":[1],"tags":[166],"class_list":["post-3842","post","type-post","status-publish","format-standard","has-post-thumbnail","hentry","category-sociedad","tag-aculco"],"yoast_head":"<!-- This site is optimized with the Yoast SEO plugin v24.9 - https:\/\/yoast.com\/wordpress\/plugins\/seo\/ -->\n<title>LA GENTE DE ACULCO SI JALA PARA HACER CAMINOS: JORGE OSORNIO - 21 Panorama<\/title>\n<meta name=\"robots\" content=\"index, follow, max-snippet:-1, max-image-preview:large, max-video-preview:-1\" \/>\n<link rel=\"canonical\" href=\"https:\/\/21panorama.com\/index.php\/2022\/04\/22\/la-gente-de-aculco-si-jala-para-hacer-caminos-jorge-osornio\/\" \/>\n<meta property=\"og:locale\" content=\"es_MX\" \/>\n<meta property=\"og:type\" content=\"article\" \/>\n<meta property=\"og:title\" content=\"LA GENTE DE ACULCO SI JALA PARA HACER CAMINOS: JORGE OSORNIO - 21 Panorama\" \/>\n<meta property=\"og:description\" content=\"El presidente municipal Jorge Osornio Victoria dej\u00f3 en claro que hombres y mujeres de Aculco est\u00e1n dispuestos siempre a jalar parejo en el desarrollo de su comunidad.\" \/>\n<meta property=\"og:url\" content=\"https:\/\/21panorama.com\/index.php\/2022\/04\/22\/la-gente-de-aculco-si-jala-para-hacer-caminos-jorge-osornio\/\" \/>\n<meta property=\"og:site_name\" content=\"21 Panorama\" \/>\n<meta property=\"article:published_time\" content=\"2022-04-22T15:29:00+00:00\" \/>\n<meta property=\"article:modified_time\" content=\"2022-06-24T15:32:11+00:00\" \/>\n<meta property=\"og:image\" content=\"https:\/\/21panorama.com\/wp-content\/uploads\/2022\/06\/23306cdb-e07f-4094-9699-311c56609190.jpeg\" \/>\n\t<meta property=\"og:image:width\" content=\"1024\" \/>\n\t<meta property=\"og:image:height\" content=\"768\" \/>\n\t<meta property=\"og:image:type\" content=\"image\/jpeg\" \/>\n<meta name=\"author\" content=\"admin\" \/>\n<meta name=\"twitter:card\" content=\"summary_large_image\" \/>\n<meta name=\"twitter:label1\" content=\"Escrito por\" \/>\n\t<meta name=\"twitter:data1\" content=\"admin\" \/>\n\t<meta name=\"twitter:label2\" content=\"Tiempo de lectura\" \/>\n\t<meta name=\"twitter:data2\" content=\"1 minuto\" \/>\n<script type=\"application\/ld+json\" class=\"yoast-schema-graph\">{\"@context\":\"https:\/\/schema.org\",\"@graph\":[{\"@type\":\"Article\",\"@id\":\"https:\/\/21panorama.com\/index.php\/2022\/04\/22\/la-gente-de-aculco-si-jala-para-hacer-caminos-jorge-osornio\/#article\",\"isPartOf\":{\"@id\":\"https:\/\/21panorama.com\/index.php\/2022\/04\/22\/la-gente-de-aculco-si-jala-para-hacer-caminos-jorge-osornio\/\"},\"author\":{\"name\":\"admin\",\"@id\":\"https:\/\/21panorama.com\/#\/schema\/person\/1afc291b96d5792a158768324287319f\"},\"headline\":\"LA GENTE DE ACULCO SI JALA PARA HACER CAMINOS: JORGE OSORNIO\",\"datePublished\":\"2022-04-22T15:29:00+00:00\",\"dateModified\":\"2022-06-24T15:32:11+00:00\",\"mainEntityOfPage\":{\"@id\":\"https:\/\/21panorama.com\/index.php\/2022\/04\/22\/la-gente-de-aculco-si-jala-para-hacer-caminos-jorge-osornio\/\"},\"wordCount\":129,\"commentCount\":0,\"publisher\":{\"@id\":\"https:\/\/21panorama.com\/#organization\"},\"image\":{\"@id\":\"https:\/\/21panorama.com\/index.php\/2022\/04\/22\/la-gente-de-aculco-si-jala-para-hacer-caminos-jorge-osornio\/#primaryimage\"},\"thumbnailUrl\":\"https:\/\/21panorama.com\/wp-content\/uploads\/2022\/06\/23306cdb-e07f-4094-9699-311c56609190.jpeg\",\"keywords\":[\"aculco\"],\"articleSection\":[\"Sociedad\"],\"inLanguage\":\"es\",\"potentialAction\":[{\"@type\":\"CommentAction\",\"name\":\"Comment\",\"target\":[\"https:\/\/21panorama.com\/index.php\/2022\/04\/22\/la-gente-de-aculco-si-jala-para-hacer-caminos-jorge-osornio\/#respond\"]}]},{\"@type\":\"WebPage\",\"@id\":\"https:\/\/21panorama.com\/index.php\/2022\/04\/22\/la-gente-de-aculco-si-jala-para-hacer-caminos-jorge-osornio\/\",\"url\":\"https:\/\/21panorama.com\/index.php\/2022\/04\/22\/la-gente-de-aculco-si-jala-para-hacer-caminos-jorge-osornio\/\",\"name\":\"LA GENTE DE ACULCO SI JALA PARA HACER CAMINOS: JORGE OSORNIO - 21 Panorama\",\"isPartOf\":{\"@id\":\"https:\/\/21panorama.com\/#website\"},\"primaryImageOfPage\":{\"@id\":\"https:\/\/21panorama.com\/index.php\/2022\/04\/22\/la-gente-de-aculco-si-jala-para-hacer-caminos-jorge-osornio\/#primaryimage\"},\"image\":{\"@id\":\"https:\/\/21panorama.com\/index.php\/2022\/04\/22\/la-gente-de-aculco-si-jala-para-hacer-caminos-jorge-osornio\/#primaryimage\"},\"thumbnailUrl\":\"https:\/\/21panorama.com\/wp-content\/uploads\/2022\/06\/23306cdb-e07f-4094-9699-311c56609190.jpeg\",\"datePublished\":\"2022-04-22T15:29:00+00:00\",\"dateModified\":\"2022-06-24T15:32:11+00:00\",\"breadcrumb\":{\"@id\":\"https:\/\/21panorama.com\/index.php\/2022\/04\/22\/la-gente-de-aculco-si-jala-para-hacer-caminos-jorge-osornio\/#breadcrumb\"},\"inLanguage\":\"es\",\"potentialAction\":[{\"@type\":\"ReadAction\",\"target\":[\"https:\/\/21panorama.com\/index.php\/2022\/04\/22\/la-gente-de-aculco-si-jala-para-hacer-caminos-jorge-osornio\/\"]}]},{\"@type\":\"ImageObject\",\"inLanguage\":\"es\",\"@id\":\"https:\/\/21panorama.com\/index.php\/2022\/04\/22\/la-gente-de-aculco-si-jala-para-hacer-caminos-jorge-osornio\/#primaryimage\",\"url\":\"https:\/\/21panorama.com\/wp-content\/uploads\/2022\/06\/23306cdb-e07f-4094-9699-311c56609190.jpeg\",\"contentUrl\":\"https:\/\/21panorama.com\/wp-content\/uploads\/2022\/06\/23306cdb-e07f-4094-9699-311c56609190.jpeg\",\"width\":1024,\"height\":768},{\"@type\":\"BreadcrumbList\",\"@id\":\"https:\/\/21panorama.com\/index.php\/2022\/04\/22\/la-gente-de-aculco-si-jala-para-hacer-caminos-jorge-osornio\/#breadcrumb\",\"itemListElement\":[{\"@type\":\"ListItem\",\"position\":1,\"name\":\"Inicio\",\"item\":\"https:\/\/21panorama.com\/\"},{\"@type\":\"ListItem\",\"position\":2,\"name\":\"LA GENTE DE ACULCO SI JALA PARA HACER CAMINOS: JORGE OSORNIO\"}]},{\"@type\":\"WebSite\",\"@id\":\"https:\/\/21panorama.com\/#website\",\"url\":\"https:\/\/21panorama.com\/\",\"name\":\"21 Panorama\",\"description\":\"La construcci\u00f3n de la opini\u00f3n p\u00fablica merece un mejor Panorama en este siglo 21 para alcanzar una sociedad con mayor transparencia y sin corrupci\u00f3n.\",\"publisher\":{\"@id\":\"https:\/\/21panorama.com\/#organization\"},\"potentialAction\":[{\"@type\":\"SearchAction\",\"target\":{\"@type\":\"EntryPoint\",\"urlTemplate\":\"https:\/\/21panorama.com\/?s={search_term_string}\"},\"query-input\":{\"@type\":\"PropertyValueSpecification\",\"valueRequired\":true,\"valueName\":\"search_term_string\"}}],\"inLanguage\":\"es\"},{\"@type\":\"Organization\",\"@id\":\"https:\/\/21panorama.com\/#organization\",\"name\":\"21 Panorama\",\"url\":\"https:\/\/21panorama.com\/\",\"logo\":{\"@type\":\"ImageObject\",\"inLanguage\":\"es\",\"@id\":\"https:\/\/21panorama.com\/#\/schema\/logo\/image\/\",\"url\":\"https:\/\/21panorama.com\/wp-content\/uploads\/2019\/07\/cropped-Logo-Panorama-01.jpeg\",\"contentUrl\":\"https:\/\/21panorama.com\/wp-content\/uploads\/2019\/07\/cropped-Logo-Panorama-01.jpeg\",\"width\":290,\"height\":70,\"caption\":\"21 Panorama\"},\"image\":{\"@id\":\"https:\/\/21panorama.com\/#\/schema\/logo\/image\/\"}},{\"@type\":\"Person\",\"@id\":\"https:\/\/21panorama.com\/#\/schema\/person\/1afc291b96d5792a158768324287319f\",\"name\":\"admin\",\"image\":{\"@type\":\"ImageObject\",\"inLanguage\":\"es\",\"@id\":\"https:\/\/21panorama.com\/#\/schema\/person\/image\/\",\"url\":\"https:\/\/secure.gravatar.com\/avatar\/ad365d9d9f46719215b0d042cc3df92a5a8683e09ef13d102233e5491985f0f0?s=96&d=mm&r=g\",\"contentUrl\":\"https:\/\/secure.gravatar.com\/avatar\/ad365d9d9f46719215b0d042cc3df92a5a8683e09ef13d102233e5491985f0f0?s=96&d=mm&r=g\",\"caption\":\"admin\"},\"url\":\"https:\/\/21panorama.com\/index.php\/author\/admin\/\"}]}<\/script>\n<!-- \/ Yoast SEO plugin. -->","yoast_head_json":{"title":"LA GENTE DE ACULCO SI JALA PARA HACER CAMINOS: JORGE OSORNIO - 21 Panorama","robots":{"index":"index","follow":"follow","max-snippet":"max-snippet:-1","max-image-preview":"max-image-preview:large","max-video-preview":"max-video-preview:-1"},"canonical":"https:\/\/21panorama.com\/index.php\/2022\/04\/22\/la-gente-de-aculco-si-jala-para-hacer-caminos-jorge-osornio\/","og_locale":"es_MX","og_type":"article","og_title":"LA GENTE DE ACULCO SI JALA PARA HACER CAMINOS: JORGE OSORNIO - 21 Panorama","og_description":"El presidente municipal Jorge Osornio Victoria dej\u00f3 en claro que hombres y mujeres de Aculco est\u00e1n dispuestos siempre a jalar parejo en el desarrollo de su comunidad.","og_url":"https:\/\/21panorama.com\/index.php\/2022\/04\/22\/la-gente-de-aculco-si-jala-para-hacer-caminos-jorge-osornio\/","og_site_name":"21 Panorama","article_published_time":"2022-04-22T15:29:00+00:00","article_modified_time":"2022-06-24T15:32:11+00:00","og_image":[{"width":1024,"height":768,"url":"https:\/\/21panorama.com\/wp-content\/uploads\/2022\/06\/23306cdb-e07f-4094-9699-311c56609190.jpeg","type":"image\/jpeg"}],"author":"admin","twitter_card":"summary_large_image","twitter_misc":{"Escrito por":"admin","Tiempo de lectura":"1 minuto"},"schema":{"@context":"https:\/\/schema.org","@graph":[{"@type":"Article","@id":"https:\/\/21panorama.com\/index.php\/2022\/04\/22\/la-gente-de-aculco-si-jala-para-hacer-caminos-jorge-osornio\/#article","isPartOf":{"@id":"https:\/\/21panorama.com\/index.php\/2022\/04\/22\/la-gente-de-aculco-si-jala-para-hacer-caminos-jorge-osornio\/"},"author":{"name":"admin","@id":"https:\/\/21panorama.com\/#\/schema\/person\/1afc291b96d5792a158768324287319f"},"headline":"LA GENTE DE ACULCO SI JALA PARA HACER CAMINOS: JORGE OSORNIO","datePublished":"2022-04-22T15:29:00+00:00","dateModified":"2022-06-24T15:32:11+00:00","mainEntityOfPage":{"@id":"https:\/\/21panorama.com\/index.php\/2022\/04\/22\/la-gente-de-aculco-si-jala-para-hacer-caminos-jorge-osornio\/"},"wordCount":129,"commentCount":0,"publisher":{"@id":"https:\/\/21panorama.com\/#organization"},"image":{"@id":"https:\/\/21panorama.com\/index.php\/2022\/04\/22\/la-gente-de-aculco-si-jala-para-hacer-caminos-jorge-osornio\/#primaryimage"},"thumbnailUrl":"https:\/\/21panorama.com\/wp-content\/uploads\/2022\/06\/23306cdb-e07f-4094-9699-311c56609190.jpeg","keywords":["aculco"],"articleSection":["Sociedad"],"inLanguage":"es","potentialAction":[{"@type":"CommentAction","name":"Comment","target":["https:\/\/21panorama.com\/index.php\/2022\/04\/22\/la-gente-de-aculco-si-jala-para-hacer-caminos-jorge-osornio\/#respond"]}]},{"@type":"WebPage","@id":"https:\/\/21panorama.com\/index.php\/2022\/04\/22\/la-gente-de-aculco-si-jala-para-hacer-caminos-jorge-osornio\/","url":"https:\/\/21panorama.com\/index.php\/2022\/04\/22\/la-gente-de-aculco-si-jala-para-hacer-caminos-jorge-osornio\/","name":"LA GENTE DE ACULCO SI JALA PARA HACER CAMINOS: JORGE OSORNIO - 21 Panorama","isPartOf":{"@id":"https:\/\/21panorama.com\/#website"},"primaryImageOfPage":{"@id":"https:\/\/21panorama.com\/index.php\/2022\/04\/22\/la-gente-de-aculco-si-jala-para-hacer-caminos-jorge-osornio\/#primaryimage"},"image":{"@id":"https:\/\/21panorama.com\/index.php\/2022\/04\/22\/la-gente-de-aculco-si-jala-para-hacer-caminos-jorge-osornio\/#primaryimage"},"thumbnailUrl":"https:\/\/21panorama.com\/wp-content\/uploads\/2022\/06\/23306cdb-e07f-4094-9699-311c56609190.jpeg","datePublished":"2022-04-22T15:29:00+00:00","dateModified":"2022-06-24T15:32:11+00:00","breadcrumb":{"@id":"https:\/\/21panorama.com\/index.php\/2022\/04\/22\/la-gente-de-aculco-si-jala-para-hacer-caminos-jorge-osornio\/#breadcrumb"},"inLanguage":"es","potentialAction":[{"@type":"ReadAction","target":["https:\/\/21panorama.com\/index.php\/2022\/04\/22\/la-gente-de-aculco-si-jala-para-hacer-caminos-jorge-osornio\/"]}]},{"@type":"ImageObject","inLanguage":"es","@id":"https:\/\/21panorama.com\/index.php\/2022\/04\/22\/la-gente-de-aculco-si-jala-para-hacer-caminos-jorge-osornio\/#primaryimage","url":"https:\/\/21panorama.com\/wp-content\/uploads\/2022\/06\/23306cdb-e07f-4094-9699-311c56609190.jpeg","contentUrl":"https:\/\/21panorama.com\/wp-content\/uploads\/2022\/06\/23306cdb-e07f-4094-9699-311c56609190.jpeg","width":1024,"height":768},{"@type":"BreadcrumbList","@id":"https:\/\/21panorama.com\/index.php\/2022\/04\/22\/la-gente-de-aculco-si-jala-para-hacer-caminos-jorge-osornio\/#breadcrumb","itemListElement":[{"@type":"ListItem","position":1,"name":"Inicio","item":"https:\/\/21panorama.com\/"},{"@type":"ListItem","position":2,"name":"LA GENTE DE ACULCO SI JALA PARA HACER CAMINOS: JORGE OSORNIO"}]},{"@type":"WebSite","@id":"https:\/\/21panorama.com\/#website","url":"https:\/\/21panorama.com\/","name":"21 Panorama","description":"La construcci\u00f3n de la opini\u00f3n p\u00fablica merece un mejor Panorama en este siglo 21 para alcanzar una sociedad con mayor transparencia y sin corrupci\u00f3n.","publisher":{"@id":"https:\/\/21panorama.com\/#organization"},"potentialAction":[{"@type":"SearchAction","target":{"@type":"EntryPoint","urlTemplate":"https:\/\/21panorama.com\/?s={search_term_string}"},"query-input":{"@type":"PropertyValueSpecification","valueRequired":true,"valueName":"search_term_string"}}],"inLanguage":"es"},{"@type":"Organization","@id":"https:\/\/21panorama.com\/#organization","name":"21 Panorama","url":"https:\/\/21panorama.com\/","logo":{"@type":"ImageObject","inLanguage":"es","@id":"https:\/\/21panorama.com\/#\/schema\/logo\/image\/","url":"https:\/\/21panorama.com\/wp-content\/uploads\/2019\/07\/cropped-Logo-Panorama-01.jpeg","contentUrl":"https:\/\/21panorama.com\/wp-content\/uploads\/2019\/07\/cropped-Logo-Panorama-01.jpeg","width":290,"height":70,"caption":"21 Panorama"},"image":{"@id":"https:\/\/21panorama.com\/#\/schema\/logo\/image\/"}},{"@type":"Person","@id":"https:\/\/21panorama.com\/#\/schema\/person\/1afc291b96d5792a158768324287319f","name":"admin","image":{"@type":"ImageObject","inLanguage":"es","@id":"https:\/\/21panorama.com\/#\/schema\/person\/image\/","url":"https:\/\/secure.gravatar.com\/avatar\/ad365d9d9f46719215b0d042cc3df92a5a8683e09ef13d102233e5491985f0f0?s=96&d=mm&r=g","contentUrl":"https:\/\/secure.gravatar.com\/avatar\/ad365d9d9f46719215b0d042cc3df92a5a8683e09ef13d102233e5491985f0f0?s=96&d=mm&r=g","caption":"admin"},"url":"https:\/\/21panorama.com\/index.php\/author\/admin\/"}]}},"_links":{"self":[{"href":"https:\/\/21panorama.com\/index.php\/wp-json\/wp\/v2\/posts\/3842","targetHints":{"allow":["GET"]}}],"collection":[{"href":"https:\/\/21panorama.com\/index.php\/wp-json\/wp\/v2\/posts"}],"about":[{"href":"https:\/\/21panorama.com\/index.php\/wp-json\/wp\/v2\/types\/post"}],"author":[{"embeddable":true,"href":"https:\/\/21panorama.com\/index.php\/wp-json\/wp\/v2\/users\/1"}],"replies":[{"embeddable":true,"href":"https:\/\/21panorama.com\/index.php\/wp-json\/wp\/v2\/comments?post=3842"}],"version-history":[{"count":1,"href":"https:\/\/21panorama.com\/index.php\/wp-json\/wp\/v2\/posts\/3842\/revisions"}],"predecessor-version":[{"id":3845,"href":"https:\/\/21panorama.com\/index.php\/wp-json\/wp\/v2\/posts\/3842\/revisions\/3845"}],"wp:featuredmedia":[{"embeddable":true,"href":"https:\/\/21panorama.com\/index.php\/wp-json\/wp\/v2\/media\/3843"}],"wp:attachment":[{"href":"https:\/\/21panorama.com\/index.php\/wp-json\/wp\/v2\/media?parent=3842"}],"wp:term":[{"taxonomy":"category","embeddable":true,"href":"https:\/\/21panorama.com\/index.php\/wp-json\/wp\/v2\/categories?post=3842"},{"taxonomy":"post_tag","embeddable":true,"href":"https:\/\/21panorama.com\/index.php\/wp-json\/wp\/v2\/tags?post=3842"}],"curies":[{"name":"wp","href":"https:\/\/api.w.org\/{rel}","templated":true}]}}