{"id":3829,"date":"2022-04-08T10:19:00","date_gmt":"2022-04-08T15:19:00","guid":{"rendered":"https:\/\/21panorama.com\/?p=3829"},"modified":"2022-06-24T10:22:11","modified_gmt":"2022-06-24T15:22:11","slug":"aculco-magico-por-sus-productos-y-artesanias","status":"publish","type":"post","link":"https:\/\/21panorama.com\/index.php\/2022\/04\/08\/aculco-magico-por-sus-productos-y-artesanias\/","title":{"rendered":"ACULCO M\u00c1GICO POR SUS PRODUCTOS Y ARTESAN\u00cdAS"},"content":{"rendered":"\n<p>Con una alta expectativa por reactivar la econom\u00eda del municipio de Aculco se realiz\u00f3 con gran \u00e9xito el &#8220;Festival del Queso 2022&#8221;.<\/p>\n\n\n\n<p>Durante la apertura del evento que reuni\u00f3 a productores de la regi\u00f3n, el presidente municipal Jorge Osornio Victoria destac\u00f3 la participaci\u00f3n y el inter\u00e9s de la gente por elevar la calidad del festival.<\/p>\n\n\n\n<p>Al Festival del Queso Aculco 2022 llegaron los alcaldes de Acambay Maribel Alc\u00e1ntara Nu\u00f1ez, Jos\u00e9 Luis Espinoza de Temascalcingo y Teresita Sanchez B\u00e1rcena de Polotitl\u00e1n.<\/p>\n\n\n\n<p>De igual forma estuvieron presentes el Profesor Arturo Osornio S\u00e1nchez y el diputado federal Gustavo C\u00e1rdenas Monroy.<\/p>\n\n\n\n<figure class=\"wp-block-image size-full\"><img decoding=\"async\" width=\"960\" height=\"640\" src=\"https:\/\/21panorama.com\/wp-content\/uploads\/2022\/06\/40ddcdf4-5754-41d2-98ef-b1c87b8fa623.jpeg\" alt=\"\" class=\"wp-image-3831\" srcset=\"https:\/\/21panorama.com\/wp-content\/uploads\/2022\/06\/40ddcdf4-5754-41d2-98ef-b1c87b8fa623.jpeg 960w, https:\/\/21panorama.com\/wp-content\/uploads\/2022\/06\/40ddcdf4-5754-41d2-98ef-b1c87b8fa623-300x200.jpeg 300w, https:\/\/21panorama.com\/wp-content\/uploads\/2022\/06\/40ddcdf4-5754-41d2-98ef-b1c87b8fa623-768x512.jpeg 768w\" sizes=\"(max-width: 960px) 100vw, 960px\" \/><\/figure>\n\n\n\n<p><\/p>\n","protected":false},"excerpt":{"rendered":"<p>Con una alta expectativa por reactivar la econom\u00eda del municipio de Aculco se realiz\u00f3 con gran \u00e9xito el &#8220;Festival del Queso 2022&#8221;.  <\/p>\n","protected":false},"author":1,"featured_media":3830,"comment_status":"open","ping_status":"open","sticky":false,"template":"","format":"standard","meta":{"footnotes":""},"categories":[1],"tags":[166],"class_list":["post-3829","post","type-post","status-publish","format-standard","has-post-thumbnail","hentry","category-sociedad","tag-aculco"],"yoast_head":"<!-- This site is optimized with the Yoast SEO plugin v24.9 - https:\/\/yoast.com\/wordpress\/plugins\/seo\/ -->\n<title>ACULCO M\u00c1GICO POR SUS PRODUCTOS Y ARTESAN\u00cdAS - 21 Panorama<\/title>\n<meta name=\"robots\" content=\"index, follow, max-snippet:-1, max-image-preview:large, max-video-preview:-1\" \/>\n<link rel=\"canonical\" href=\"https:\/\/21panorama.com\/index.php\/2022\/04\/08\/aculco-magico-por-sus-productos-y-artesanias\/\" \/>\n<meta property=\"og:locale\" content=\"es_MX\" \/>\n<meta property=\"og:type\" content=\"article\" \/>\n<meta property=\"og:title\" content=\"ACULCO M\u00c1GICO POR SUS PRODUCTOS Y ARTESAN\u00cdAS - 21 Panorama\" \/>\n<meta property=\"og:description\" content=\"Con una alta expectativa por reactivar la econom\u00eda del municipio de Aculco se realiz\u00f3 con gran \u00e9xito el &quot;Festival del Queso 2022&quot;.\" \/>\n<meta property=\"og:url\" content=\"https:\/\/21panorama.com\/index.php\/2022\/04\/08\/aculco-magico-por-sus-productos-y-artesanias\/\" \/>\n<meta property=\"og:site_name\" content=\"21 Panorama\" \/>\n<meta property=\"article:published_time\" content=\"2022-04-08T15:19:00+00:00\" \/>\n<meta property=\"article:modified_time\" content=\"2022-06-24T15:22:11+00:00\" \/>\n<meta property=\"og:image\" content=\"https:\/\/21panorama.com\/wp-content\/uploads\/2022\/06\/472da9e4-6d81-4457-bb99-d129d6775e51.jpeg\" \/>\n\t<meta property=\"og:image:width\" content=\"960\" \/>\n\t<meta property=\"og:image:height\" content=\"640\" \/>\n\t<meta property=\"og:image:type\" content=\"image\/jpeg\" \/>\n<meta name=\"author\" content=\"admin\" \/>\n<meta name=\"twitter:card\" content=\"summary_large_image\" \/>\n<meta name=\"twitter:label1\" content=\"Escrito por\" \/>\n\t<meta name=\"twitter:data1\" content=\"admin\" \/>\n\t<meta name=\"twitter:label2\" content=\"Tiempo de lectura\" \/>\n\t<meta name=\"twitter:data2\" content=\"1 minuto\" \/>\n<script type=\"application\/ld+json\" class=\"yoast-schema-graph\">{\"@context\":\"https:\/\/schema.org\",\"@graph\":[{\"@type\":\"Article\",\"@id\":\"https:\/\/21panorama.com\/index.php\/2022\/04\/08\/aculco-magico-por-sus-productos-y-artesanias\/#article\",\"isPartOf\":{\"@id\":\"https:\/\/21panorama.com\/index.php\/2022\/04\/08\/aculco-magico-por-sus-productos-y-artesanias\/\"},\"author\":{\"name\":\"admin\",\"@id\":\"https:\/\/21panorama.com\/#\/schema\/person\/1afc291b96d5792a158768324287319f\"},\"headline\":\"ACULCO M\u00c1GICO POR SUS PRODUCTOS Y ARTESAN\u00cdAS\",\"datePublished\":\"2022-04-08T15:19:00+00:00\",\"dateModified\":\"2022-06-24T15:22:11+00:00\",\"mainEntityOfPage\":{\"@id\":\"https:\/\/21panorama.com\/index.php\/2022\/04\/08\/aculco-magico-por-sus-productos-y-artesanias\/\"},\"wordCount\":114,\"commentCount\":0,\"publisher\":{\"@id\":\"https:\/\/21panorama.com\/#organization\"},\"image\":{\"@id\":\"https:\/\/21panorama.com\/index.php\/2022\/04\/08\/aculco-magico-por-sus-productos-y-artesanias\/#primaryimage\"},\"thumbnailUrl\":\"https:\/\/21panorama.com\/wp-content\/uploads\/2022\/06\/472da9e4-6d81-4457-bb99-d129d6775e51.jpeg\",\"keywords\":[\"aculco\"],\"articleSection\":[\"Sociedad\"],\"inLanguage\":\"es\",\"potentialAction\":[{\"@type\":\"CommentAction\",\"name\":\"Comment\",\"target\":[\"https:\/\/21panorama.com\/index.php\/2022\/04\/08\/aculco-magico-por-sus-productos-y-artesanias\/#respond\"]}]},{\"@type\":\"WebPage\",\"@id\":\"https:\/\/21panorama.com\/index.php\/2022\/04\/08\/aculco-magico-por-sus-productos-y-artesanias\/\",\"url\":\"https:\/\/21panorama.com\/index.php\/2022\/04\/08\/aculco-magico-por-sus-productos-y-artesanias\/\",\"name\":\"ACULCO M\u00c1GICO POR SUS PRODUCTOS Y ARTESAN\u00cdAS - 21 Panorama\",\"isPartOf\":{\"@id\":\"https:\/\/21panorama.com\/#website\"},\"primaryImageOfPage\":{\"@id\":\"https:\/\/21panorama.com\/index.php\/2022\/04\/08\/aculco-magico-por-sus-productos-y-artesanias\/#primaryimage\"},\"image\":{\"@id\":\"https:\/\/21panorama.com\/index.php\/2022\/04\/08\/aculco-magico-por-sus-productos-y-artesanias\/#primaryimage\"},\"thumbnailUrl\":\"https:\/\/21panorama.com\/wp-content\/uploads\/2022\/06\/472da9e4-6d81-4457-bb99-d129d6775e51.jpeg\",\"datePublished\":\"2022-04-08T15:19:00+00:00\",\"dateModified\":\"2022-06-24T15:22:11+00:00\",\"breadcrumb\":{\"@id\":\"https:\/\/21panorama.com\/index.php\/2022\/04\/08\/aculco-magico-por-sus-productos-y-artesanias\/#breadcrumb\"},\"inLanguage\":\"es\",\"potentialAction\":[{\"@type\":\"ReadAction\",\"target\":[\"https:\/\/21panorama.com\/index.php\/2022\/04\/08\/aculco-magico-por-sus-productos-y-artesanias\/\"]}]},{\"@type\":\"ImageObject\",\"inLanguage\":\"es\",\"@id\":\"https:\/\/21panorama.com\/index.php\/2022\/04\/08\/aculco-magico-por-sus-productos-y-artesanias\/#primaryimage\",\"url\":\"https:\/\/21panorama.com\/wp-content\/uploads\/2022\/06\/472da9e4-6d81-4457-bb99-d129d6775e51.jpeg\",\"contentUrl\":\"https:\/\/21panorama.com\/wp-content\/uploads\/2022\/06\/472da9e4-6d81-4457-bb99-d129d6775e51.jpeg\",\"width\":960,\"height\":640},{\"@type\":\"BreadcrumbList\",\"@id\":\"https:\/\/21panorama.com\/index.php\/2022\/04\/08\/aculco-magico-por-sus-productos-y-artesanias\/#breadcrumb\",\"itemListElement\":[{\"@type\":\"ListItem\",\"position\":1,\"name\":\"Inicio\",\"item\":\"https:\/\/21panorama.com\/\"},{\"@type\":\"ListItem\",\"position\":2,\"name\":\"ACULCO M\u00c1GICO POR SUS PRODUCTOS Y ARTESAN\u00cdAS\"}]},{\"@type\":\"WebSite\",\"@id\":\"https:\/\/21panorama.com\/#website\",\"url\":\"https:\/\/21panorama.com\/\",\"name\":\"21 Panorama\",\"description\":\"La construcci\u00f3n de la opini\u00f3n p\u00fablica merece un mejor Panorama en este siglo 21 para alcanzar una sociedad con mayor transparencia y sin corrupci\u00f3n.\",\"publisher\":{\"@id\":\"https:\/\/21panorama.com\/#organization\"},\"potentialAction\":[{\"@type\":\"SearchAction\",\"target\":{\"@type\":\"EntryPoint\",\"urlTemplate\":\"https:\/\/21panorama.com\/?s={search_term_string}\"},\"query-input\":{\"@type\":\"PropertyValueSpecification\",\"valueRequired\":true,\"valueName\":\"search_term_string\"}}],\"inLanguage\":\"es\"},{\"@type\":\"Organization\",\"@id\":\"https:\/\/21panorama.com\/#organization\",\"name\":\"21 Panorama\",\"url\":\"https:\/\/21panorama.com\/\",\"logo\":{\"@type\":\"ImageObject\",\"inLanguage\":\"es\",\"@id\":\"https:\/\/21panorama.com\/#\/schema\/logo\/image\/\",\"url\":\"https:\/\/21panorama.com\/wp-content\/uploads\/2019\/07\/cropped-Logo-Panorama-01.jpeg\",\"contentUrl\":\"https:\/\/21panorama.com\/wp-content\/uploads\/2019\/07\/cropped-Logo-Panorama-01.jpeg\",\"width\":290,\"height\":70,\"caption\":\"21 Panorama\"},\"image\":{\"@id\":\"https:\/\/21panorama.com\/#\/schema\/logo\/image\/\"}},{\"@type\":\"Person\",\"@id\":\"https:\/\/21panorama.com\/#\/schema\/person\/1afc291b96d5792a158768324287319f\",\"name\":\"admin\",\"image\":{\"@type\":\"ImageObject\",\"inLanguage\":\"es\",\"@id\":\"https:\/\/21panorama.com\/#\/schema\/person\/image\/\",\"url\":\"https:\/\/secure.gravatar.com\/avatar\/ad365d9d9f46719215b0d042cc3df92a5a8683e09ef13d102233e5491985f0f0?s=96&d=mm&r=g\",\"contentUrl\":\"https:\/\/secure.gravatar.com\/avatar\/ad365d9d9f46719215b0d042cc3df92a5a8683e09ef13d102233e5491985f0f0?s=96&d=mm&r=g\",\"caption\":\"admin\"},\"url\":\"https:\/\/21panorama.com\/index.php\/author\/admin\/\"}]}<\/script>\n<!-- \/ Yoast SEO plugin. -->","yoast_head_json":{"title":"ACULCO M\u00c1GICO POR SUS PRODUCTOS Y ARTESAN\u00cdAS - 21 Panorama","robots":{"index":"index","follow":"follow","max-snippet":"max-snippet:-1","max-image-preview":"max-image-preview:large","max-video-preview":"max-video-preview:-1"},"canonical":"https:\/\/21panorama.com\/index.php\/2022\/04\/08\/aculco-magico-por-sus-productos-y-artesanias\/","og_locale":"es_MX","og_type":"article","og_title":"ACULCO M\u00c1GICO POR SUS PRODUCTOS Y ARTESAN\u00cdAS - 21 Panorama","og_description":"Con una alta expectativa por reactivar la econom\u00eda del municipio de Aculco se realiz\u00f3 con gran \u00e9xito el \"Festival del Queso 2022\".","og_url":"https:\/\/21panorama.com\/index.php\/2022\/04\/08\/aculco-magico-por-sus-productos-y-artesanias\/","og_site_name":"21 Panorama","article_published_time":"2022-04-08T15:19:00+00:00","article_modified_time":"2022-06-24T15:22:11+00:00","og_image":[{"width":960,"height":640,"url":"https:\/\/21panorama.com\/wp-content\/uploads\/2022\/06\/472da9e4-6d81-4457-bb99-d129d6775e51.jpeg","type":"image\/jpeg"}],"author":"admin","twitter_card":"summary_large_image","twitter_misc":{"Escrito por":"admin","Tiempo de lectura":"1 minuto"},"schema":{"@context":"https:\/\/schema.org","@graph":[{"@type":"Article","@id":"https:\/\/21panorama.com\/index.php\/2022\/04\/08\/aculco-magico-por-sus-productos-y-artesanias\/#article","isPartOf":{"@id":"https:\/\/21panorama.com\/index.php\/2022\/04\/08\/aculco-magico-por-sus-productos-y-artesanias\/"},"author":{"name":"admin","@id":"https:\/\/21panorama.com\/#\/schema\/person\/1afc291b96d5792a158768324287319f"},"headline":"ACULCO M\u00c1GICO POR SUS PRODUCTOS Y ARTESAN\u00cdAS","datePublished":"2022-04-08T15:19:00+00:00","dateModified":"2022-06-24T15:22:11+00:00","mainEntityOfPage":{"@id":"https:\/\/21panorama.com\/index.php\/2022\/04\/08\/aculco-magico-por-sus-productos-y-artesanias\/"},"wordCount":114,"commentCount":0,"publisher":{"@id":"https:\/\/21panorama.com\/#organization"},"image":{"@id":"https:\/\/21panorama.com\/index.php\/2022\/04\/08\/aculco-magico-por-sus-productos-y-artesanias\/#primaryimage"},"thumbnailUrl":"https:\/\/21panorama.com\/wp-content\/uploads\/2022\/06\/472da9e4-6d81-4457-bb99-d129d6775e51.jpeg","keywords":["aculco"],"articleSection":["Sociedad"],"inLanguage":"es","potentialAction":[{"@type":"CommentAction","name":"Comment","target":["https:\/\/21panorama.com\/index.php\/2022\/04\/08\/aculco-magico-por-sus-productos-y-artesanias\/#respond"]}]},{"@type":"WebPage","@id":"https:\/\/21panorama.com\/index.php\/2022\/04\/08\/aculco-magico-por-sus-productos-y-artesanias\/","url":"https:\/\/21panorama.com\/index.php\/2022\/04\/08\/aculco-magico-por-sus-productos-y-artesanias\/","name":"ACULCO M\u00c1GICO POR SUS PRODUCTOS Y ARTESAN\u00cdAS - 21 Panorama","isPartOf":{"@id":"https:\/\/21panorama.com\/#website"},"primaryImageOfPage":{"@id":"https:\/\/21panorama.com\/index.php\/2022\/04\/08\/aculco-magico-por-sus-productos-y-artesanias\/#primaryimage"},"image":{"@id":"https:\/\/21panorama.com\/index.php\/2022\/04\/08\/aculco-magico-por-sus-productos-y-artesanias\/#primaryimage"},"thumbnailUrl":"https:\/\/21panorama.com\/wp-content\/uploads\/2022\/06\/472da9e4-6d81-4457-bb99-d129d6775e51.jpeg","datePublished":"2022-04-08T15:19:00+00:00","dateModified":"2022-06-24T15:22:11+00:00","breadcrumb":{"@id":"https:\/\/21panorama.com\/index.php\/2022\/04\/08\/aculco-magico-por-sus-productos-y-artesanias\/#breadcrumb"},"inLanguage":"es","potentialAction":[{"@type":"ReadAction","target":["https:\/\/21panorama.com\/index.php\/2022\/04\/08\/aculco-magico-por-sus-productos-y-artesanias\/"]}]},{"@type":"ImageObject","inLanguage":"es","@id":"https:\/\/21panorama.com\/index.php\/2022\/04\/08\/aculco-magico-por-sus-productos-y-artesanias\/#primaryimage","url":"https:\/\/21panorama.com\/wp-content\/uploads\/2022\/06\/472da9e4-6d81-4457-bb99-d129d6775e51.jpeg","contentUrl":"https:\/\/21panorama.com\/wp-content\/uploads\/2022\/06\/472da9e4-6d81-4457-bb99-d129d6775e51.jpeg","width":960,"height":640},{"@type":"BreadcrumbList","@id":"https:\/\/21panorama.com\/index.php\/2022\/04\/08\/aculco-magico-por-sus-productos-y-artesanias\/#breadcrumb","itemListElement":[{"@type":"ListItem","position":1,"name":"Inicio","item":"https:\/\/21panorama.com\/"},{"@type":"ListItem","position":2,"name":"ACULCO M\u00c1GICO POR SUS PRODUCTOS Y ARTESAN\u00cdAS"}]},{"@type":"WebSite","@id":"https:\/\/21panorama.com\/#website","url":"https:\/\/21panorama.com\/","name":"21 Panorama","description":"La construcci\u00f3n de la opini\u00f3n p\u00fablica merece un mejor Panorama en este siglo 21 para alcanzar una sociedad con mayor transparencia y sin corrupci\u00f3n.","publisher":{"@id":"https:\/\/21panorama.com\/#organization"},"potentialAction":[{"@type":"SearchAction","target":{"@type":"EntryPoint","urlTemplate":"https:\/\/21panorama.com\/?s={search_term_string}"},"query-input":{"@type":"PropertyValueSpecification","valueRequired":true,"valueName":"search_term_string"}}],"inLanguage":"es"},{"@type":"Organization","@id":"https:\/\/21panorama.com\/#organization","name":"21 Panorama","url":"https:\/\/21panorama.com\/","logo":{"@type":"ImageObject","inLanguage":"es","@id":"https:\/\/21panorama.com\/#\/schema\/logo\/image\/","url":"https:\/\/21panorama.com\/wp-content\/uploads\/2019\/07\/cropped-Logo-Panorama-01.jpeg","contentUrl":"https:\/\/21panorama.com\/wp-content\/uploads\/2019\/07\/cropped-Logo-Panorama-01.jpeg","width":290,"height":70,"caption":"21 Panorama"},"image":{"@id":"https:\/\/21panorama.com\/#\/schema\/logo\/image\/"}},{"@type":"Person","@id":"https:\/\/21panorama.com\/#\/schema\/person\/1afc291b96d5792a158768324287319f","name":"admin","image":{"@type":"ImageObject","inLanguage":"es","@id":"https:\/\/21panorama.com\/#\/schema\/person\/image\/","url":"https:\/\/secure.gravatar.com\/avatar\/ad365d9d9f46719215b0d042cc3df92a5a8683e09ef13d102233e5491985f0f0?s=96&d=mm&r=g","contentUrl":"https:\/\/secure.gravatar.com\/avatar\/ad365d9d9f46719215b0d042cc3df92a5a8683e09ef13d102233e5491985f0f0?s=96&d=mm&r=g","caption":"admin"},"url":"https:\/\/21panorama.com\/index.php\/author\/admin\/"}]}},"_links":{"self":[{"href":"https:\/\/21panorama.com\/index.php\/wp-json\/wp\/v2\/posts\/3829","targetHints":{"allow":["GET"]}}],"collection":[{"href":"https:\/\/21panorama.com\/index.php\/wp-json\/wp\/v2\/posts"}],"about":[{"href":"https:\/\/21panorama.com\/index.php\/wp-json\/wp\/v2\/types\/post"}],"author":[{"embeddable":true,"href":"https:\/\/21panorama.com\/index.php\/wp-json\/wp\/v2\/users\/1"}],"replies":[{"embeddable":true,"href":"https:\/\/21panorama.com\/index.php\/wp-json\/wp\/v2\/comments?post=3829"}],"version-history":[{"count":1,"href":"https:\/\/21panorama.com\/index.php\/wp-json\/wp\/v2\/posts\/3829\/revisions"}],"predecessor-version":[{"id":3832,"href":"https:\/\/21panorama.com\/index.php\/wp-json\/wp\/v2\/posts\/3829\/revisions\/3832"}],"wp:featuredmedia":[{"embeddable":true,"href":"https:\/\/21panorama.com\/index.php\/wp-json\/wp\/v2\/media\/3830"}],"wp:attachment":[{"href":"https:\/\/21panorama.com\/index.php\/wp-json\/wp\/v2\/media?parent=3829"}],"wp:term":[{"taxonomy":"category","embeddable":true,"href":"https:\/\/21panorama.com\/index.php\/wp-json\/wp\/v2\/categories?post=3829"},{"taxonomy":"post_tag","embeddable":true,"href":"https:\/\/21panorama.com\/index.php\/wp-json\/wp\/v2\/tags?post=3829"}],"curies":[{"name":"wp","href":"https:\/\/api.w.org\/{rel}","templated":true}]}}