{"id":3809,"date":"2022-05-30T20:40:00","date_gmt":"2022-05-31T01:40:00","guid":{"rendered":"https:\/\/21panorama.com\/?p=3809"},"modified":"2022-06-21T20:43:09","modified_gmt":"2022-06-22T01:43:09","slug":"prioritaria-la-reactivacion-del-campo-gustavo-cardenas","status":"publish","type":"post","link":"https:\/\/21panorama.com\/index.php\/2022\/05\/30\/prioritaria-la-reactivacion-del-campo-gustavo-cardenas\/","title":{"rendered":"PRIORITARIA LA REACTIVACI\u00d3N DEL CAMPO: GUSTAVO C\u00c1RDENAS"},"content":{"rendered":"\n<p>El Diputado Federal Gustavo C\u00e1rdenas Monroy estuvo en una gira por el Municipio de Jocotitl\u00e1n acompa\u00f1ado de la Secretaria del Campo Leticia Mej\u00eda Garc\u00eda, por el Diputado Local Iv\u00e1n Esquer Cruz y el Presidente Municipal Jes\u00fas Cedillo Gonz\u00e1lez para entregar apoyos al sector del campo.<\/p>\n\n\n\n<p>En San Jacinto se entregaron 500 mil cr\u00edas de carpas que beneficiar\u00e1n a 300 familias y en Santiago Casandej\u00e9 se apertur\u00f3 un bordo.<\/p>\n\n\n\n<p>El Diputado Federal agradeci\u00f3 la invitaci\u00f3n a \u00e9sta importante gira destacando que cuando uno regresa a las comunidades y tiene la posibilidad de ver materializado el resultado de la gesti\u00f3n se siente muy satisfecho porque ve que la gente est\u00e1 aprovechando los recursos y que estos recursos son determinantes en el desarrollo de las actividades del campo y sobre todo que est\u00e9 destinado a la producci\u00f3n de granos.<\/p>\n\n\n\n<p>Se congratul\u00f3 que estuviera presente el cabildo porque eso es muy importante porque cuando hay respeto a las diferentes formas de pensar y cuando alguien representa una ideolog\u00eda pol\u00edtica en el Gobierno es un compromiso para trabajar por el Pueblo.<\/p>\n\n\n\n<p>As\u00ed mismo el diputado solicit\u00f3 a la Secretaria del Campo el pr\u00e9stamo de un tractor para que habr\u00e1 las brechas que quieren los comuneros y los ejidatarios, ya que ser\u00e1 muy bien aprovechado por la gente de Casandej\u00e9.<\/p>\n\n\n\n<figure class=\"wp-block-gallery columns-1 is-cropped wp-block-gallery-1 is-layout-flex wp-block-gallery-is-layout-flex\"><ul class=\"blocks-gallery-grid\"><li class=\"blocks-gallery-item\"><figure><img decoding=\"async\" width=\"960\" height=\"720\" src=\"https:\/\/21panorama.com\/wp-content\/uploads\/2022\/06\/abe99be4-0d6f-44a9-98c1-e3a55f1400ba.jpeg\" alt=\"\" data-id=\"3811\" data-full-url=\"https:\/\/21panorama.com\/wp-content\/uploads\/2022\/06\/abe99be4-0d6f-44a9-98c1-e3a55f1400ba.jpeg\" data-link=\"https:\/\/21panorama.com\/?attachment_id=3811\" class=\"wp-image-3811\" srcset=\"https:\/\/21panorama.com\/wp-content\/uploads\/2022\/06\/abe99be4-0d6f-44a9-98c1-e3a55f1400ba.jpeg 960w, https:\/\/21panorama.com\/wp-content\/uploads\/2022\/06\/abe99be4-0d6f-44a9-98c1-e3a55f1400ba-300x225.jpeg 300w, https:\/\/21panorama.com\/wp-content\/uploads\/2022\/06\/abe99be4-0d6f-44a9-98c1-e3a55f1400ba-768x576.jpeg 768w\" sizes=\"(max-width: 960px) 100vw, 960px\" \/><\/figure><\/li><\/ul><\/figure>\n","protected":false},"excerpt":{"rendered":"<p>El Diputado Federal Gustavo C\u00e1rdenas Monroy estuvo en una gira por el Municipio de Jocotitl\u00e1n acompa\u00f1ado de la Secretaria del Campo Leticia Mej\u00eda Garc\u00eda, por el Diputado Local Iv\u00e1n Esquer Cruz y el Presidente Municipal Jes\u00fas Cedillo Gonz\u00e1lez para entregar apoyos al sector del campo. <\/p>\n","protected":false},"author":1,"featured_media":3810,"comment_status":"open","ping_status":"open","sticky":false,"template":"","format":"standard","meta":{"footnotes":""},"categories":[1],"tags":[315],"class_list":["post-3809","post","type-post","status-publish","format-standard","has-post-thumbnail","hentry","category-sociedad","tag-gustavo-cardenas"],"yoast_head":"<!-- This site is optimized with the Yoast SEO plugin v24.9 - https:\/\/yoast.com\/wordpress\/plugins\/seo\/ -->\n<title>PRIORITARIA LA REACTIVACI\u00d3N DEL CAMPO: GUSTAVO C\u00c1RDENAS - 21 Panorama<\/title>\n<meta name=\"robots\" content=\"index, follow, max-snippet:-1, max-image-preview:large, max-video-preview:-1\" \/>\n<link rel=\"canonical\" href=\"https:\/\/21panorama.com\/index.php\/2022\/05\/30\/prioritaria-la-reactivacion-del-campo-gustavo-cardenas\/\" \/>\n<meta property=\"og:locale\" content=\"es_MX\" \/>\n<meta property=\"og:type\" content=\"article\" \/>\n<meta property=\"og:title\" content=\"PRIORITARIA LA REACTIVACI\u00d3N DEL CAMPO: GUSTAVO C\u00c1RDENAS - 21 Panorama\" \/>\n<meta property=\"og:description\" content=\"El Diputado Federal Gustavo C\u00e1rdenas Monroy estuvo en una gira por el Municipio de Jocotitl\u00e1n acompa\u00f1ado de la Secretaria del Campo Leticia Mej\u00eda Garc\u00eda, por el Diputado Local Iv\u00e1n Esquer Cruz y el Presidente Municipal Jes\u00fas Cedillo Gonz\u00e1lez para entregar apoyos al sector del campo.\" \/>\n<meta property=\"og:url\" content=\"https:\/\/21panorama.com\/index.php\/2022\/05\/30\/prioritaria-la-reactivacion-del-campo-gustavo-cardenas\/\" \/>\n<meta property=\"og:site_name\" content=\"21 Panorama\" \/>\n<meta property=\"article:published_time\" content=\"2022-05-31T01:40:00+00:00\" \/>\n<meta property=\"article:modified_time\" content=\"2022-06-22T01:43:09+00:00\" \/>\n<meta property=\"og:image\" content=\"https:\/\/21panorama.com\/wp-content\/uploads\/2022\/06\/63733c4a-58c3-4d96-9bd5-1d8985da66b3.jpeg\" \/>\n\t<meta property=\"og:image:width\" content=\"960\" \/>\n\t<meta property=\"og:image:height\" content=\"640\" \/>\n\t<meta property=\"og:image:type\" content=\"image\/jpeg\" \/>\n<meta name=\"author\" content=\"admin\" \/>\n<meta name=\"twitter:card\" content=\"summary_large_image\" \/>\n<meta name=\"twitter:label1\" content=\"Escrito por\" \/>\n\t<meta name=\"twitter:data1\" content=\"admin\" \/>\n\t<meta name=\"twitter:label2\" content=\"Tiempo de lectura\" \/>\n\t<meta name=\"twitter:data2\" content=\"2 minutos\" \/>\n<script type=\"application\/ld+json\" class=\"yoast-schema-graph\">{\"@context\":\"https:\/\/schema.org\",\"@graph\":[{\"@type\":\"Article\",\"@id\":\"https:\/\/21panorama.com\/index.php\/2022\/05\/30\/prioritaria-la-reactivacion-del-campo-gustavo-cardenas\/#article\",\"isPartOf\":{\"@id\":\"https:\/\/21panorama.com\/index.php\/2022\/05\/30\/prioritaria-la-reactivacion-del-campo-gustavo-cardenas\/\"},\"author\":{\"name\":\"admin\",\"@id\":\"https:\/\/21panorama.com\/#\/schema\/person\/1afc291b96d5792a158768324287319f\"},\"headline\":\"PRIORITARIA LA REACTIVACI\u00d3N DEL CAMPO: GUSTAVO C\u00c1RDENAS\",\"datePublished\":\"2022-05-31T01:40:00+00:00\",\"dateModified\":\"2022-06-22T01:43:09+00:00\",\"mainEntityOfPage\":{\"@id\":\"https:\/\/21panorama.com\/index.php\/2022\/05\/30\/prioritaria-la-reactivacion-del-campo-gustavo-cardenas\/\"},\"wordCount\":237,\"commentCount\":0,\"publisher\":{\"@id\":\"https:\/\/21panorama.com\/#organization\"},\"image\":{\"@id\":\"https:\/\/21panorama.com\/index.php\/2022\/05\/30\/prioritaria-la-reactivacion-del-campo-gustavo-cardenas\/#primaryimage\"},\"thumbnailUrl\":\"https:\/\/21panorama.com\/wp-content\/uploads\/2022\/06\/63733c4a-58c3-4d96-9bd5-1d8985da66b3.jpeg\",\"keywords\":[\"GUSTAVO C\u00c1RDENAS\"],\"articleSection\":[\"Sociedad\"],\"inLanguage\":\"es\",\"potentialAction\":[{\"@type\":\"CommentAction\",\"name\":\"Comment\",\"target\":[\"https:\/\/21panorama.com\/index.php\/2022\/05\/30\/prioritaria-la-reactivacion-del-campo-gustavo-cardenas\/#respond\"]}]},{\"@type\":\"WebPage\",\"@id\":\"https:\/\/21panorama.com\/index.php\/2022\/05\/30\/prioritaria-la-reactivacion-del-campo-gustavo-cardenas\/\",\"url\":\"https:\/\/21panorama.com\/index.php\/2022\/05\/30\/prioritaria-la-reactivacion-del-campo-gustavo-cardenas\/\",\"name\":\"PRIORITARIA LA REACTIVACI\u00d3N DEL CAMPO: GUSTAVO C\u00c1RDENAS - 21 Panorama\",\"isPartOf\":{\"@id\":\"https:\/\/21panorama.com\/#website\"},\"primaryImageOfPage\":{\"@id\":\"https:\/\/21panorama.com\/index.php\/2022\/05\/30\/prioritaria-la-reactivacion-del-campo-gustavo-cardenas\/#primaryimage\"},\"image\":{\"@id\":\"https:\/\/21panorama.com\/index.php\/2022\/05\/30\/prioritaria-la-reactivacion-del-campo-gustavo-cardenas\/#primaryimage\"},\"thumbnailUrl\":\"https:\/\/21panorama.com\/wp-content\/uploads\/2022\/06\/63733c4a-58c3-4d96-9bd5-1d8985da66b3.jpeg\",\"datePublished\":\"2022-05-31T01:40:00+00:00\",\"dateModified\":\"2022-06-22T01:43:09+00:00\",\"breadcrumb\":{\"@id\":\"https:\/\/21panorama.com\/index.php\/2022\/05\/30\/prioritaria-la-reactivacion-del-campo-gustavo-cardenas\/#breadcrumb\"},\"inLanguage\":\"es\",\"potentialAction\":[{\"@type\":\"ReadAction\",\"target\":[\"https:\/\/21panorama.com\/index.php\/2022\/05\/30\/prioritaria-la-reactivacion-del-campo-gustavo-cardenas\/\"]}]},{\"@type\":\"ImageObject\",\"inLanguage\":\"es\",\"@id\":\"https:\/\/21panorama.com\/index.php\/2022\/05\/30\/prioritaria-la-reactivacion-del-campo-gustavo-cardenas\/#primaryimage\",\"url\":\"https:\/\/21panorama.com\/wp-content\/uploads\/2022\/06\/63733c4a-58c3-4d96-9bd5-1d8985da66b3.jpeg\",\"contentUrl\":\"https:\/\/21panorama.com\/wp-content\/uploads\/2022\/06\/63733c4a-58c3-4d96-9bd5-1d8985da66b3.jpeg\",\"width\":960,\"height\":640},{\"@type\":\"BreadcrumbList\",\"@id\":\"https:\/\/21panorama.com\/index.php\/2022\/05\/30\/prioritaria-la-reactivacion-del-campo-gustavo-cardenas\/#breadcrumb\",\"itemListElement\":[{\"@type\":\"ListItem\",\"position\":1,\"name\":\"Inicio\",\"item\":\"https:\/\/21panorama.com\/\"},{\"@type\":\"ListItem\",\"position\":2,\"name\":\"PRIORITARIA LA REACTIVACI\u00d3N DEL CAMPO: GUSTAVO C\u00c1RDENAS\"}]},{\"@type\":\"WebSite\",\"@id\":\"https:\/\/21panorama.com\/#website\",\"url\":\"https:\/\/21panorama.com\/\",\"name\":\"21 Panorama\",\"description\":\"La construcci\u00f3n de la opini\u00f3n p\u00fablica merece un mejor Panorama en este siglo 21 para alcanzar una sociedad con mayor transparencia y sin corrupci\u00f3n.\",\"publisher\":{\"@id\":\"https:\/\/21panorama.com\/#organization\"},\"potentialAction\":[{\"@type\":\"SearchAction\",\"target\":{\"@type\":\"EntryPoint\",\"urlTemplate\":\"https:\/\/21panorama.com\/?s={search_term_string}\"},\"query-input\":{\"@type\":\"PropertyValueSpecification\",\"valueRequired\":true,\"valueName\":\"search_term_string\"}}],\"inLanguage\":\"es\"},{\"@type\":\"Organization\",\"@id\":\"https:\/\/21panorama.com\/#organization\",\"name\":\"21 Panorama\",\"url\":\"https:\/\/21panorama.com\/\",\"logo\":{\"@type\":\"ImageObject\",\"inLanguage\":\"es\",\"@id\":\"https:\/\/21panorama.com\/#\/schema\/logo\/image\/\",\"url\":\"https:\/\/21panorama.com\/wp-content\/uploads\/2019\/07\/cropped-Logo-Panorama-01.jpeg\",\"contentUrl\":\"https:\/\/21panorama.com\/wp-content\/uploads\/2019\/07\/cropped-Logo-Panorama-01.jpeg\",\"width\":290,\"height\":70,\"caption\":\"21 Panorama\"},\"image\":{\"@id\":\"https:\/\/21panorama.com\/#\/schema\/logo\/image\/\"}},{\"@type\":\"Person\",\"@id\":\"https:\/\/21panorama.com\/#\/schema\/person\/1afc291b96d5792a158768324287319f\",\"name\":\"admin\",\"image\":{\"@type\":\"ImageObject\",\"inLanguage\":\"es\",\"@id\":\"https:\/\/21panorama.com\/#\/schema\/person\/image\/\",\"url\":\"https:\/\/secure.gravatar.com\/avatar\/ad365d9d9f46719215b0d042cc3df92a5a8683e09ef13d102233e5491985f0f0?s=96&d=mm&r=g\",\"contentUrl\":\"https:\/\/secure.gravatar.com\/avatar\/ad365d9d9f46719215b0d042cc3df92a5a8683e09ef13d102233e5491985f0f0?s=96&d=mm&r=g\",\"caption\":\"admin\"},\"url\":\"https:\/\/21panorama.com\/index.php\/author\/admin\/\"}]}<\/script>\n<!-- \/ Yoast SEO plugin. -->","yoast_head_json":{"title":"PRIORITARIA LA REACTIVACI\u00d3N DEL CAMPO: GUSTAVO C\u00c1RDENAS - 21 Panorama","robots":{"index":"index","follow":"follow","max-snippet":"max-snippet:-1","max-image-preview":"max-image-preview:large","max-video-preview":"max-video-preview:-1"},"canonical":"https:\/\/21panorama.com\/index.php\/2022\/05\/30\/prioritaria-la-reactivacion-del-campo-gustavo-cardenas\/","og_locale":"es_MX","og_type":"article","og_title":"PRIORITARIA LA REACTIVACI\u00d3N DEL CAMPO: GUSTAVO C\u00c1RDENAS - 21 Panorama","og_description":"El Diputado Federal Gustavo C\u00e1rdenas Monroy estuvo en una gira por el Municipio de Jocotitl\u00e1n acompa\u00f1ado de la Secretaria del Campo Leticia Mej\u00eda Garc\u00eda, por el Diputado Local Iv\u00e1n Esquer Cruz y el Presidente Municipal Jes\u00fas Cedillo Gonz\u00e1lez para entregar apoyos al sector del campo.","og_url":"https:\/\/21panorama.com\/index.php\/2022\/05\/30\/prioritaria-la-reactivacion-del-campo-gustavo-cardenas\/","og_site_name":"21 Panorama","article_published_time":"2022-05-31T01:40:00+00:00","article_modified_time":"2022-06-22T01:43:09+00:00","og_image":[{"width":960,"height":640,"url":"https:\/\/21panorama.com\/wp-content\/uploads\/2022\/06\/63733c4a-58c3-4d96-9bd5-1d8985da66b3.jpeg","type":"image\/jpeg"}],"author":"admin","twitter_card":"summary_large_image","twitter_misc":{"Escrito por":"admin","Tiempo de lectura":"2 minutos"},"schema":{"@context":"https:\/\/schema.org","@graph":[{"@type":"Article","@id":"https:\/\/21panorama.com\/index.php\/2022\/05\/30\/prioritaria-la-reactivacion-del-campo-gustavo-cardenas\/#article","isPartOf":{"@id":"https:\/\/21panorama.com\/index.php\/2022\/05\/30\/prioritaria-la-reactivacion-del-campo-gustavo-cardenas\/"},"author":{"name":"admin","@id":"https:\/\/21panorama.com\/#\/schema\/person\/1afc291b96d5792a158768324287319f"},"headline":"PRIORITARIA LA REACTIVACI\u00d3N DEL CAMPO: GUSTAVO C\u00c1RDENAS","datePublished":"2022-05-31T01:40:00+00:00","dateModified":"2022-06-22T01:43:09+00:00","mainEntityOfPage":{"@id":"https:\/\/21panorama.com\/index.php\/2022\/05\/30\/prioritaria-la-reactivacion-del-campo-gustavo-cardenas\/"},"wordCount":237,"commentCount":0,"publisher":{"@id":"https:\/\/21panorama.com\/#organization"},"image":{"@id":"https:\/\/21panorama.com\/index.php\/2022\/05\/30\/prioritaria-la-reactivacion-del-campo-gustavo-cardenas\/#primaryimage"},"thumbnailUrl":"https:\/\/21panorama.com\/wp-content\/uploads\/2022\/06\/63733c4a-58c3-4d96-9bd5-1d8985da66b3.jpeg","keywords":["GUSTAVO C\u00c1RDENAS"],"articleSection":["Sociedad"],"inLanguage":"es","potentialAction":[{"@type":"CommentAction","name":"Comment","target":["https:\/\/21panorama.com\/index.php\/2022\/05\/30\/prioritaria-la-reactivacion-del-campo-gustavo-cardenas\/#respond"]}]},{"@type":"WebPage","@id":"https:\/\/21panorama.com\/index.php\/2022\/05\/30\/prioritaria-la-reactivacion-del-campo-gustavo-cardenas\/","url":"https:\/\/21panorama.com\/index.php\/2022\/05\/30\/prioritaria-la-reactivacion-del-campo-gustavo-cardenas\/","name":"PRIORITARIA LA REACTIVACI\u00d3N DEL CAMPO: GUSTAVO C\u00c1RDENAS - 21 Panorama","isPartOf":{"@id":"https:\/\/21panorama.com\/#website"},"primaryImageOfPage":{"@id":"https:\/\/21panorama.com\/index.php\/2022\/05\/30\/prioritaria-la-reactivacion-del-campo-gustavo-cardenas\/#primaryimage"},"image":{"@id":"https:\/\/21panorama.com\/index.php\/2022\/05\/30\/prioritaria-la-reactivacion-del-campo-gustavo-cardenas\/#primaryimage"},"thumbnailUrl":"https:\/\/21panorama.com\/wp-content\/uploads\/2022\/06\/63733c4a-58c3-4d96-9bd5-1d8985da66b3.jpeg","datePublished":"2022-05-31T01:40:00+00:00","dateModified":"2022-06-22T01:43:09+00:00","breadcrumb":{"@id":"https:\/\/21panorama.com\/index.php\/2022\/05\/30\/prioritaria-la-reactivacion-del-campo-gustavo-cardenas\/#breadcrumb"},"inLanguage":"es","potentialAction":[{"@type":"ReadAction","target":["https:\/\/21panorama.com\/index.php\/2022\/05\/30\/prioritaria-la-reactivacion-del-campo-gustavo-cardenas\/"]}]},{"@type":"ImageObject","inLanguage":"es","@id":"https:\/\/21panorama.com\/index.php\/2022\/05\/30\/prioritaria-la-reactivacion-del-campo-gustavo-cardenas\/#primaryimage","url":"https:\/\/21panorama.com\/wp-content\/uploads\/2022\/06\/63733c4a-58c3-4d96-9bd5-1d8985da66b3.jpeg","contentUrl":"https:\/\/21panorama.com\/wp-content\/uploads\/2022\/06\/63733c4a-58c3-4d96-9bd5-1d8985da66b3.jpeg","width":960,"height":640},{"@type":"BreadcrumbList","@id":"https:\/\/21panorama.com\/index.php\/2022\/05\/30\/prioritaria-la-reactivacion-del-campo-gustavo-cardenas\/#breadcrumb","itemListElement":[{"@type":"ListItem","position":1,"name":"Inicio","item":"https:\/\/21panorama.com\/"},{"@type":"ListItem","position":2,"name":"PRIORITARIA LA REACTIVACI\u00d3N DEL CAMPO: GUSTAVO C\u00c1RDENAS"}]},{"@type":"WebSite","@id":"https:\/\/21panorama.com\/#website","url":"https:\/\/21panorama.com\/","name":"21 Panorama","description":"La construcci\u00f3n de la opini\u00f3n p\u00fablica merece un mejor Panorama en este siglo 21 para alcanzar una sociedad con mayor transparencia y sin corrupci\u00f3n.","publisher":{"@id":"https:\/\/21panorama.com\/#organization"},"potentialAction":[{"@type":"SearchAction","target":{"@type":"EntryPoint","urlTemplate":"https:\/\/21panorama.com\/?s={search_term_string}"},"query-input":{"@type":"PropertyValueSpecification","valueRequired":true,"valueName":"search_term_string"}}],"inLanguage":"es"},{"@type":"Organization","@id":"https:\/\/21panorama.com\/#organization","name":"21 Panorama","url":"https:\/\/21panorama.com\/","logo":{"@type":"ImageObject","inLanguage":"es","@id":"https:\/\/21panorama.com\/#\/schema\/logo\/image\/","url":"https:\/\/21panorama.com\/wp-content\/uploads\/2019\/07\/cropped-Logo-Panorama-01.jpeg","contentUrl":"https:\/\/21panorama.com\/wp-content\/uploads\/2019\/07\/cropped-Logo-Panorama-01.jpeg","width":290,"height":70,"caption":"21 Panorama"},"image":{"@id":"https:\/\/21panorama.com\/#\/schema\/logo\/image\/"}},{"@type":"Person","@id":"https:\/\/21panorama.com\/#\/schema\/person\/1afc291b96d5792a158768324287319f","name":"admin","image":{"@type":"ImageObject","inLanguage":"es","@id":"https:\/\/21panorama.com\/#\/schema\/person\/image\/","url":"https:\/\/secure.gravatar.com\/avatar\/ad365d9d9f46719215b0d042cc3df92a5a8683e09ef13d102233e5491985f0f0?s=96&d=mm&r=g","contentUrl":"https:\/\/secure.gravatar.com\/avatar\/ad365d9d9f46719215b0d042cc3df92a5a8683e09ef13d102233e5491985f0f0?s=96&d=mm&r=g","caption":"admin"},"url":"https:\/\/21panorama.com\/index.php\/author\/admin\/"}]}},"_links":{"self":[{"href":"https:\/\/21panorama.com\/index.php\/wp-json\/wp\/v2\/posts\/3809","targetHints":{"allow":["GET"]}}],"collection":[{"href":"https:\/\/21panorama.com\/index.php\/wp-json\/wp\/v2\/posts"}],"about":[{"href":"https:\/\/21panorama.com\/index.php\/wp-json\/wp\/v2\/types\/post"}],"author":[{"embeddable":true,"href":"https:\/\/21panorama.com\/index.php\/wp-json\/wp\/v2\/users\/1"}],"replies":[{"embeddable":true,"href":"https:\/\/21panorama.com\/index.php\/wp-json\/wp\/v2\/comments?post=3809"}],"version-history":[{"count":1,"href":"https:\/\/21panorama.com\/index.php\/wp-json\/wp\/v2\/posts\/3809\/revisions"}],"predecessor-version":[{"id":3812,"href":"https:\/\/21panorama.com\/index.php\/wp-json\/wp\/v2\/posts\/3809\/revisions\/3812"}],"wp:featuredmedia":[{"embeddable":true,"href":"https:\/\/21panorama.com\/index.php\/wp-json\/wp\/v2\/media\/3810"}],"wp:attachment":[{"href":"https:\/\/21panorama.com\/index.php\/wp-json\/wp\/v2\/media?parent=3809"}],"wp:term":[{"taxonomy":"category","embeddable":true,"href":"https:\/\/21panorama.com\/index.php\/wp-json\/wp\/v2\/categories?post=3809"},{"taxonomy":"post_tag","embeddable":true,"href":"https:\/\/21panorama.com\/index.php\/wp-json\/wp\/v2\/tags?post=3809"}],"curies":[{"name":"wp","href":"https:\/\/api.w.org\/{rel}","templated":true}]}}