{"id":3799,"date":"2022-06-21T20:33:55","date_gmt":"2022-06-22T01:33:55","guid":{"rendered":"https:\/\/21panorama.com\/?p=3799"},"modified":"2022-06-21T20:33:57","modified_gmt":"2022-06-22T01:33:57","slug":"atestigua-gustavo-cardenas-reapertura-de-clinica-imss","status":"publish","type":"post","link":"https:\/\/21panorama.com\/index.php\/2022\/06\/21\/atestigua-gustavo-cardenas-reapertura-de-clinica-imss\/","title":{"rendered":"ATESTIGUA GUSTAVO C\u00c1RDENAS REAPERTURA DE CL\u00cdNICA IMSS"},"content":{"rendered":"\n<p>El Diputado Federal Gustavo C\u00e1rdenas Monroy asisti\u00f3 a la reapertura de la Cl\u00ednica Rural del IMSS en Santa Mar\u00eda Endare, en donde agradeci\u00f3 al Presidente Municipal Jes\u00fas Cedillo Gonz\u00e1lez, al Diputado Local Iv\u00e1n Esquer Cruz, al Secretario de Salud del Estado de M\u00e9xico, Francisco Javier Fern\u00e1ndez Clamont y de la Titular del IMSS Bienestar Dra. Miranda Aguilar Patraca la invitaci\u00f3n para dar inicio a los trabajos.<\/p>\n\n\n\n<p>Destac\u00f3 que este fue un evento significativo porque es la muestra que los programas trascienden a trav\u00e9s del tiempo y han sido determinantes para fortalecer la salud de quienes viven en las comunidades, siendo \u00e9sta una muestra muy clara que m\u00e1s all\u00e1 de las cuestiones de car\u00e1cter ideol\u00f3gico, que en muchas ocasiones buscan anteponer ante la necesidad de la sociedad, la coordinaci\u00f3n de las acciones es fundamental.<\/p>\n\n\n\n<p>Dijo que los gobiernos deben de ser incluyentes, respetuosos y porque eso lo deben entender en lo que significa la observaci\u00f3n permanente de la ley y de la responsabilidad de cada uno de los servidores p\u00fablicos.<\/p>\n\n\n\n<p>El Legislador destac\u00f3 la importancia fundamental del Seguro Social que es una instituci\u00f3n noble y emblem\u00e1tica del pueblo que tantas satisfacciones que les ha dado y que a tanta gente ha curado, para corresponder al derecho constitucional a la salud y que es un patrimonio de los mexicanos, es muy satisfactorio que la salud es lo principal que debe tener un ser humano.<\/p>\n\n\n\n<p>\u201cHacen un c\u00edrculo virtuoso para que la salud en las comunidades se pueda dar\u201d, as\u00ed mismo detall\u00f3 que la confianza que siente la cercan\u00eda con las autoridades y la visita de las autoridades en esta comunidad, que es una comunidad constructora que no solamente edifica las viviendas, sino que construye su propia infraestructura, realizada con la mano de obra de la gente.<\/p>\n\n\n\n<p>Resalt\u00f3 que la lealtad que debe de existir de parte de las \u00f3rdenes de gobierno con la sociedad se traduce con la cl\u00ednica, esto habla de la importancia de la gesti\u00f3n que han tenido los presidentes municipales anteriores, siendo la respuesta a la demanda de la gente que estuvo planteando permanentemente.<\/p>\n\n\n\n<p>El Diputado mencion\u00f3 que es fundamental reconocer el trabajo de los gobiernos Federal, Estatal y Municipal, y que ojal\u00e1 que, en todos los sectores del desarrollo del pa\u00eds, de los estados y de los municipios trabajen en acciones tan articuladas y coordinadas en beneficio de la gente.<\/p>\n\n\n\n<p>Porque un gobierno que no da beneficio a la gente es un gobierno inexistente, por eso las acciones de gobierno deben estar destinadas y orientadas en brindar los servicios de salud a la sociedad.<\/p>\n\n\n\n<figure class=\"wp-block-gallery columns-1 is-cropped wp-block-gallery-1 is-layout-flex wp-block-gallery-is-layout-flex\"><ul class=\"blocks-gallery-grid\"><li class=\"blocks-gallery-item\"><figure><img decoding=\"async\" width=\"960\" height=\"692\" src=\"https:\/\/21panorama.com\/wp-content\/uploads\/2022\/06\/27992b50-d6b2-45e3-aa37-8f2246693947.jpeg\" alt=\"\" data-id=\"3803\" data-full-url=\"https:\/\/21panorama.com\/wp-content\/uploads\/2022\/06\/27992b50-d6b2-45e3-aa37-8f2246693947.jpeg\" data-link=\"https:\/\/21panorama.com\/?attachment_id=3803\" class=\"wp-image-3803\" srcset=\"https:\/\/21panorama.com\/wp-content\/uploads\/2022\/06\/27992b50-d6b2-45e3-aa37-8f2246693947.jpeg 960w, https:\/\/21panorama.com\/wp-content\/uploads\/2022\/06\/27992b50-d6b2-45e3-aa37-8f2246693947-300x216.jpeg 300w, https:\/\/21panorama.com\/wp-content\/uploads\/2022\/06\/27992b50-d6b2-45e3-aa37-8f2246693947-768x554.jpeg 768w, https:\/\/21panorama.com\/wp-content\/uploads\/2022\/06\/27992b50-d6b2-45e3-aa37-8f2246693947-240x172.jpeg 240w\" sizes=\"(max-width: 960px) 100vw, 960px\" \/><\/figure><\/li><\/ul><\/figure>\n","protected":false},"excerpt":{"rendered":"<p>El Diputado Federal Gustavo C\u00e1rdenas Monroy asisti\u00f3 a la reapertura de la Cl\u00ednica Rural del IMSS en Santa Mar\u00eda Endare, en donde agradeci\u00f3 al Presidente Municipal Jes\u00fas Cedillo Gonz\u00e1lez, al Diputado Local Iv\u00e1n Esquer Cruz, al Secretario de Salud del Estado de M\u00e9xico, Francisco Javier Fern\u00e1ndez Clamont y de la Titular del IMSS Bienestar Dra. Miranda Aguilar Patraca la invitaci\u00f3n para dar inicio a los trabajos.  <\/p>\n","protected":false},"author":1,"featured_media":3800,"comment_status":"open","ping_status":"open","sticky":false,"template":"","format":"standard","meta":{"footnotes":""},"categories":[1],"tags":[314],"class_list":["post-3799","post","type-post","status-publish","format-standard","has-post-thumbnail","hentry","category-sociedad","tag-imss"],"yoast_head":"<!-- This site is optimized with the Yoast SEO plugin v24.9 - https:\/\/yoast.com\/wordpress\/plugins\/seo\/ -->\n<title>ATESTIGUA GUSTAVO C\u00c1RDENAS REAPERTURA DE CL\u00cdNICA IMSS - 21 Panorama<\/title>\n<meta name=\"robots\" content=\"index, follow, max-snippet:-1, max-image-preview:large, max-video-preview:-1\" \/>\n<link rel=\"canonical\" href=\"https:\/\/21panorama.com\/index.php\/2022\/06\/21\/atestigua-gustavo-cardenas-reapertura-de-clinica-imss\/\" \/>\n<meta property=\"og:locale\" content=\"es_MX\" \/>\n<meta property=\"og:type\" content=\"article\" \/>\n<meta property=\"og:title\" content=\"ATESTIGUA GUSTAVO C\u00c1RDENAS REAPERTURA DE CL\u00cdNICA IMSS - 21 Panorama\" \/>\n<meta property=\"og:description\" content=\"El Diputado Federal Gustavo C\u00e1rdenas Monroy asisti\u00f3 a la reapertura de la Cl\u00ednica Rural del IMSS en Santa Mar\u00eda Endare, en donde agradeci\u00f3 al Presidente Municipal Jes\u00fas Cedillo Gonz\u00e1lez, al Diputado Local Iv\u00e1n Esquer Cruz, al Secretario de Salud del Estado de M\u00e9xico, Francisco Javier Fern\u00e1ndez Clamont y de la Titular del IMSS Bienestar Dra. Miranda Aguilar Patraca la invitaci\u00f3n para dar inicio a los trabajos.\" \/>\n<meta property=\"og:url\" content=\"https:\/\/21panorama.com\/index.php\/2022\/06\/21\/atestigua-gustavo-cardenas-reapertura-de-clinica-imss\/\" \/>\n<meta property=\"og:site_name\" content=\"21 Panorama\" \/>\n<meta property=\"article:published_time\" content=\"2022-06-22T01:33:55+00:00\" \/>\n<meta property=\"article:modified_time\" content=\"2022-06-22T01:33:57+00:00\" \/>\n<meta property=\"og:image\" content=\"https:\/\/21panorama.com\/wp-content\/uploads\/2022\/06\/57536135-f542-4c5f-a912-572d6d71fea8.jpeg\" \/>\n\t<meta property=\"og:image:width\" content=\"960\" \/>\n\t<meta property=\"og:image:height\" content=\"640\" \/>\n\t<meta property=\"og:image:type\" content=\"image\/jpeg\" \/>\n<meta name=\"author\" content=\"admin\" \/>\n<meta name=\"twitter:card\" content=\"summary_large_image\" \/>\n<meta name=\"twitter:label1\" content=\"Escrito por\" \/>\n\t<meta name=\"twitter:data1\" content=\"admin\" \/>\n\t<meta name=\"twitter:label2\" content=\"Tiempo de lectura\" \/>\n\t<meta name=\"twitter:data2\" content=\"3 minutos\" \/>\n<script type=\"application\/ld+json\" class=\"yoast-schema-graph\">{\"@context\":\"https:\/\/schema.org\",\"@graph\":[{\"@type\":\"Article\",\"@id\":\"https:\/\/21panorama.com\/index.php\/2022\/06\/21\/atestigua-gustavo-cardenas-reapertura-de-clinica-imss\/#article\",\"isPartOf\":{\"@id\":\"https:\/\/21panorama.com\/index.php\/2022\/06\/21\/atestigua-gustavo-cardenas-reapertura-de-clinica-imss\/\"},\"author\":{\"name\":\"admin\",\"@id\":\"https:\/\/21panorama.com\/#\/schema\/person\/1afc291b96d5792a158768324287319f\"},\"headline\":\"ATESTIGUA GUSTAVO C\u00c1RDENAS REAPERTURA DE CL\u00cdNICA IMSS\",\"datePublished\":\"2022-06-22T01:33:55+00:00\",\"dateModified\":\"2022-06-22T01:33:57+00:00\",\"mainEntityOfPage\":{\"@id\":\"https:\/\/21panorama.com\/index.php\/2022\/06\/21\/atestigua-gustavo-cardenas-reapertura-de-clinica-imss\/\"},\"wordCount\":458,\"commentCount\":0,\"publisher\":{\"@id\":\"https:\/\/21panorama.com\/#organization\"},\"image\":{\"@id\":\"https:\/\/21panorama.com\/index.php\/2022\/06\/21\/atestigua-gustavo-cardenas-reapertura-de-clinica-imss\/#primaryimage\"},\"thumbnailUrl\":\"https:\/\/21panorama.com\/wp-content\/uploads\/2022\/06\/57536135-f542-4c5f-a912-572d6d71fea8.jpeg\",\"keywords\":[\"imss\"],\"articleSection\":[\"Sociedad\"],\"inLanguage\":\"es\",\"potentialAction\":[{\"@type\":\"CommentAction\",\"name\":\"Comment\",\"target\":[\"https:\/\/21panorama.com\/index.php\/2022\/06\/21\/atestigua-gustavo-cardenas-reapertura-de-clinica-imss\/#respond\"]}]},{\"@type\":\"WebPage\",\"@id\":\"https:\/\/21panorama.com\/index.php\/2022\/06\/21\/atestigua-gustavo-cardenas-reapertura-de-clinica-imss\/\",\"url\":\"https:\/\/21panorama.com\/index.php\/2022\/06\/21\/atestigua-gustavo-cardenas-reapertura-de-clinica-imss\/\",\"name\":\"ATESTIGUA GUSTAVO C\u00c1RDENAS REAPERTURA DE CL\u00cdNICA IMSS - 21 Panorama\",\"isPartOf\":{\"@id\":\"https:\/\/21panorama.com\/#website\"},\"primaryImageOfPage\":{\"@id\":\"https:\/\/21panorama.com\/index.php\/2022\/06\/21\/atestigua-gustavo-cardenas-reapertura-de-clinica-imss\/#primaryimage\"},\"image\":{\"@id\":\"https:\/\/21panorama.com\/index.php\/2022\/06\/21\/atestigua-gustavo-cardenas-reapertura-de-clinica-imss\/#primaryimage\"},\"thumbnailUrl\":\"https:\/\/21panorama.com\/wp-content\/uploads\/2022\/06\/57536135-f542-4c5f-a912-572d6d71fea8.jpeg\",\"datePublished\":\"2022-06-22T01:33:55+00:00\",\"dateModified\":\"2022-06-22T01:33:57+00:00\",\"breadcrumb\":{\"@id\":\"https:\/\/21panorama.com\/index.php\/2022\/06\/21\/atestigua-gustavo-cardenas-reapertura-de-clinica-imss\/#breadcrumb\"},\"inLanguage\":\"es\",\"potentialAction\":[{\"@type\":\"ReadAction\",\"target\":[\"https:\/\/21panorama.com\/index.php\/2022\/06\/21\/atestigua-gustavo-cardenas-reapertura-de-clinica-imss\/\"]}]},{\"@type\":\"ImageObject\",\"inLanguage\":\"es\",\"@id\":\"https:\/\/21panorama.com\/index.php\/2022\/06\/21\/atestigua-gustavo-cardenas-reapertura-de-clinica-imss\/#primaryimage\",\"url\":\"https:\/\/21panorama.com\/wp-content\/uploads\/2022\/06\/57536135-f542-4c5f-a912-572d6d71fea8.jpeg\",\"contentUrl\":\"https:\/\/21panorama.com\/wp-content\/uploads\/2022\/06\/57536135-f542-4c5f-a912-572d6d71fea8.jpeg\",\"width\":960,\"height\":640},{\"@type\":\"BreadcrumbList\",\"@id\":\"https:\/\/21panorama.com\/index.php\/2022\/06\/21\/atestigua-gustavo-cardenas-reapertura-de-clinica-imss\/#breadcrumb\",\"itemListElement\":[{\"@type\":\"ListItem\",\"position\":1,\"name\":\"Inicio\",\"item\":\"https:\/\/21panorama.com\/\"},{\"@type\":\"ListItem\",\"position\":2,\"name\":\"ATESTIGUA GUSTAVO C\u00c1RDENAS REAPERTURA DE CL\u00cdNICA IMSS\"}]},{\"@type\":\"WebSite\",\"@id\":\"https:\/\/21panorama.com\/#website\",\"url\":\"https:\/\/21panorama.com\/\",\"name\":\"21 Panorama\",\"description\":\"La construcci\u00f3n de la opini\u00f3n p\u00fablica merece un mejor Panorama en este siglo 21 para alcanzar una sociedad con mayor transparencia y sin corrupci\u00f3n.\",\"publisher\":{\"@id\":\"https:\/\/21panorama.com\/#organization\"},\"potentialAction\":[{\"@type\":\"SearchAction\",\"target\":{\"@type\":\"EntryPoint\",\"urlTemplate\":\"https:\/\/21panorama.com\/?s={search_term_string}\"},\"query-input\":{\"@type\":\"PropertyValueSpecification\",\"valueRequired\":true,\"valueName\":\"search_term_string\"}}],\"inLanguage\":\"es\"},{\"@type\":\"Organization\",\"@id\":\"https:\/\/21panorama.com\/#organization\",\"name\":\"21 Panorama\",\"url\":\"https:\/\/21panorama.com\/\",\"logo\":{\"@type\":\"ImageObject\",\"inLanguage\":\"es\",\"@id\":\"https:\/\/21panorama.com\/#\/schema\/logo\/image\/\",\"url\":\"https:\/\/21panorama.com\/wp-content\/uploads\/2019\/07\/cropped-Logo-Panorama-01.jpeg\",\"contentUrl\":\"https:\/\/21panorama.com\/wp-content\/uploads\/2019\/07\/cropped-Logo-Panorama-01.jpeg\",\"width\":290,\"height\":70,\"caption\":\"21 Panorama\"},\"image\":{\"@id\":\"https:\/\/21panorama.com\/#\/schema\/logo\/image\/\"}},{\"@type\":\"Person\",\"@id\":\"https:\/\/21panorama.com\/#\/schema\/person\/1afc291b96d5792a158768324287319f\",\"name\":\"admin\",\"image\":{\"@type\":\"ImageObject\",\"inLanguage\":\"es\",\"@id\":\"https:\/\/21panorama.com\/#\/schema\/person\/image\/\",\"url\":\"https:\/\/secure.gravatar.com\/avatar\/ad365d9d9f46719215b0d042cc3df92a5a8683e09ef13d102233e5491985f0f0?s=96&d=mm&r=g\",\"contentUrl\":\"https:\/\/secure.gravatar.com\/avatar\/ad365d9d9f46719215b0d042cc3df92a5a8683e09ef13d102233e5491985f0f0?s=96&d=mm&r=g\",\"caption\":\"admin\"},\"url\":\"https:\/\/21panorama.com\/index.php\/author\/admin\/\"}]}<\/script>\n<!-- \/ Yoast SEO plugin. -->","yoast_head_json":{"title":"ATESTIGUA GUSTAVO C\u00c1RDENAS REAPERTURA DE CL\u00cdNICA IMSS - 21 Panorama","robots":{"index":"index","follow":"follow","max-snippet":"max-snippet:-1","max-image-preview":"max-image-preview:large","max-video-preview":"max-video-preview:-1"},"canonical":"https:\/\/21panorama.com\/index.php\/2022\/06\/21\/atestigua-gustavo-cardenas-reapertura-de-clinica-imss\/","og_locale":"es_MX","og_type":"article","og_title":"ATESTIGUA GUSTAVO C\u00c1RDENAS REAPERTURA DE CL\u00cdNICA IMSS - 21 Panorama","og_description":"El Diputado Federal Gustavo C\u00e1rdenas Monroy asisti\u00f3 a la reapertura de la Cl\u00ednica Rural del IMSS en Santa Mar\u00eda Endare, en donde agradeci\u00f3 al Presidente Municipal Jes\u00fas Cedillo Gonz\u00e1lez, al Diputado Local Iv\u00e1n Esquer Cruz, al Secretario de Salud del Estado de M\u00e9xico, Francisco Javier Fern\u00e1ndez Clamont y de la Titular del IMSS Bienestar Dra. Miranda Aguilar Patraca la invitaci\u00f3n para dar inicio a los trabajos.","og_url":"https:\/\/21panorama.com\/index.php\/2022\/06\/21\/atestigua-gustavo-cardenas-reapertura-de-clinica-imss\/","og_site_name":"21 Panorama","article_published_time":"2022-06-22T01:33:55+00:00","article_modified_time":"2022-06-22T01:33:57+00:00","og_image":[{"width":960,"height":640,"url":"https:\/\/21panorama.com\/wp-content\/uploads\/2022\/06\/57536135-f542-4c5f-a912-572d6d71fea8.jpeg","type":"image\/jpeg"}],"author":"admin","twitter_card":"summary_large_image","twitter_misc":{"Escrito por":"admin","Tiempo de lectura":"3 minutos"},"schema":{"@context":"https:\/\/schema.org","@graph":[{"@type":"Article","@id":"https:\/\/21panorama.com\/index.php\/2022\/06\/21\/atestigua-gustavo-cardenas-reapertura-de-clinica-imss\/#article","isPartOf":{"@id":"https:\/\/21panorama.com\/index.php\/2022\/06\/21\/atestigua-gustavo-cardenas-reapertura-de-clinica-imss\/"},"author":{"name":"admin","@id":"https:\/\/21panorama.com\/#\/schema\/person\/1afc291b96d5792a158768324287319f"},"headline":"ATESTIGUA GUSTAVO C\u00c1RDENAS REAPERTURA DE CL\u00cdNICA IMSS","datePublished":"2022-06-22T01:33:55+00:00","dateModified":"2022-06-22T01:33:57+00:00","mainEntityOfPage":{"@id":"https:\/\/21panorama.com\/index.php\/2022\/06\/21\/atestigua-gustavo-cardenas-reapertura-de-clinica-imss\/"},"wordCount":458,"commentCount":0,"publisher":{"@id":"https:\/\/21panorama.com\/#organization"},"image":{"@id":"https:\/\/21panorama.com\/index.php\/2022\/06\/21\/atestigua-gustavo-cardenas-reapertura-de-clinica-imss\/#primaryimage"},"thumbnailUrl":"https:\/\/21panorama.com\/wp-content\/uploads\/2022\/06\/57536135-f542-4c5f-a912-572d6d71fea8.jpeg","keywords":["imss"],"articleSection":["Sociedad"],"inLanguage":"es","potentialAction":[{"@type":"CommentAction","name":"Comment","target":["https:\/\/21panorama.com\/index.php\/2022\/06\/21\/atestigua-gustavo-cardenas-reapertura-de-clinica-imss\/#respond"]}]},{"@type":"WebPage","@id":"https:\/\/21panorama.com\/index.php\/2022\/06\/21\/atestigua-gustavo-cardenas-reapertura-de-clinica-imss\/","url":"https:\/\/21panorama.com\/index.php\/2022\/06\/21\/atestigua-gustavo-cardenas-reapertura-de-clinica-imss\/","name":"ATESTIGUA GUSTAVO C\u00c1RDENAS REAPERTURA DE CL\u00cdNICA IMSS - 21 Panorama","isPartOf":{"@id":"https:\/\/21panorama.com\/#website"},"primaryImageOfPage":{"@id":"https:\/\/21panorama.com\/index.php\/2022\/06\/21\/atestigua-gustavo-cardenas-reapertura-de-clinica-imss\/#primaryimage"},"image":{"@id":"https:\/\/21panorama.com\/index.php\/2022\/06\/21\/atestigua-gustavo-cardenas-reapertura-de-clinica-imss\/#primaryimage"},"thumbnailUrl":"https:\/\/21panorama.com\/wp-content\/uploads\/2022\/06\/57536135-f542-4c5f-a912-572d6d71fea8.jpeg","datePublished":"2022-06-22T01:33:55+00:00","dateModified":"2022-06-22T01:33:57+00:00","breadcrumb":{"@id":"https:\/\/21panorama.com\/index.php\/2022\/06\/21\/atestigua-gustavo-cardenas-reapertura-de-clinica-imss\/#breadcrumb"},"inLanguage":"es","potentialAction":[{"@type":"ReadAction","target":["https:\/\/21panorama.com\/index.php\/2022\/06\/21\/atestigua-gustavo-cardenas-reapertura-de-clinica-imss\/"]}]},{"@type":"ImageObject","inLanguage":"es","@id":"https:\/\/21panorama.com\/index.php\/2022\/06\/21\/atestigua-gustavo-cardenas-reapertura-de-clinica-imss\/#primaryimage","url":"https:\/\/21panorama.com\/wp-content\/uploads\/2022\/06\/57536135-f542-4c5f-a912-572d6d71fea8.jpeg","contentUrl":"https:\/\/21panorama.com\/wp-content\/uploads\/2022\/06\/57536135-f542-4c5f-a912-572d6d71fea8.jpeg","width":960,"height":640},{"@type":"BreadcrumbList","@id":"https:\/\/21panorama.com\/index.php\/2022\/06\/21\/atestigua-gustavo-cardenas-reapertura-de-clinica-imss\/#breadcrumb","itemListElement":[{"@type":"ListItem","position":1,"name":"Inicio","item":"https:\/\/21panorama.com\/"},{"@type":"ListItem","position":2,"name":"ATESTIGUA GUSTAVO C\u00c1RDENAS REAPERTURA DE CL\u00cdNICA IMSS"}]},{"@type":"WebSite","@id":"https:\/\/21panorama.com\/#website","url":"https:\/\/21panorama.com\/","name":"21 Panorama","description":"La construcci\u00f3n de la opini\u00f3n p\u00fablica merece un mejor Panorama en este siglo 21 para alcanzar una sociedad con mayor transparencia y sin corrupci\u00f3n.","publisher":{"@id":"https:\/\/21panorama.com\/#organization"},"potentialAction":[{"@type":"SearchAction","target":{"@type":"EntryPoint","urlTemplate":"https:\/\/21panorama.com\/?s={search_term_string}"},"query-input":{"@type":"PropertyValueSpecification","valueRequired":true,"valueName":"search_term_string"}}],"inLanguage":"es"},{"@type":"Organization","@id":"https:\/\/21panorama.com\/#organization","name":"21 Panorama","url":"https:\/\/21panorama.com\/","logo":{"@type":"ImageObject","inLanguage":"es","@id":"https:\/\/21panorama.com\/#\/schema\/logo\/image\/","url":"https:\/\/21panorama.com\/wp-content\/uploads\/2019\/07\/cropped-Logo-Panorama-01.jpeg","contentUrl":"https:\/\/21panorama.com\/wp-content\/uploads\/2019\/07\/cropped-Logo-Panorama-01.jpeg","width":290,"height":70,"caption":"21 Panorama"},"image":{"@id":"https:\/\/21panorama.com\/#\/schema\/logo\/image\/"}},{"@type":"Person","@id":"https:\/\/21panorama.com\/#\/schema\/person\/1afc291b96d5792a158768324287319f","name":"admin","image":{"@type":"ImageObject","inLanguage":"es","@id":"https:\/\/21panorama.com\/#\/schema\/person\/image\/","url":"https:\/\/secure.gravatar.com\/avatar\/ad365d9d9f46719215b0d042cc3df92a5a8683e09ef13d102233e5491985f0f0?s=96&d=mm&r=g","contentUrl":"https:\/\/secure.gravatar.com\/avatar\/ad365d9d9f46719215b0d042cc3df92a5a8683e09ef13d102233e5491985f0f0?s=96&d=mm&r=g","caption":"admin"},"url":"https:\/\/21panorama.com\/index.php\/author\/admin\/"}]}},"_links":{"self":[{"href":"https:\/\/21panorama.com\/index.php\/wp-json\/wp\/v2\/posts\/3799","targetHints":{"allow":["GET"]}}],"collection":[{"href":"https:\/\/21panorama.com\/index.php\/wp-json\/wp\/v2\/posts"}],"about":[{"href":"https:\/\/21panorama.com\/index.php\/wp-json\/wp\/v2\/types\/post"}],"author":[{"embeddable":true,"href":"https:\/\/21panorama.com\/index.php\/wp-json\/wp\/v2\/users\/1"}],"replies":[{"embeddable":true,"href":"https:\/\/21panorama.com\/index.php\/wp-json\/wp\/v2\/comments?post=3799"}],"version-history":[{"count":1,"href":"https:\/\/21panorama.com\/index.php\/wp-json\/wp\/v2\/posts\/3799\/revisions"}],"predecessor-version":[{"id":3804,"href":"https:\/\/21panorama.com\/index.php\/wp-json\/wp\/v2\/posts\/3799\/revisions\/3804"}],"wp:featuredmedia":[{"embeddable":true,"href":"https:\/\/21panorama.com\/index.php\/wp-json\/wp\/v2\/media\/3800"}],"wp:attachment":[{"href":"https:\/\/21panorama.com\/index.php\/wp-json\/wp\/v2\/media?parent=3799"}],"wp:term":[{"taxonomy":"category","embeddable":true,"href":"https:\/\/21panorama.com\/index.php\/wp-json\/wp\/v2\/categories?post=3799"},{"taxonomy":"post_tag","embeddable":true,"href":"https:\/\/21panorama.com\/index.php\/wp-json\/wp\/v2\/tags?post=3799"}],"curies":[{"name":"wp","href":"https:\/\/api.w.org\/{rel}","templated":true}]}}