{"id":3785,"date":"2022-06-21T20:14:50","date_gmt":"2022-06-22T01:14:50","guid":{"rendered":"https:\/\/21panorama.com\/?p=3785"},"modified":"2022-06-21T20:14:51","modified_gmt":"2022-06-22T01:14:51","slug":"jiquipilco-1er-lugar-en-produccion-de-carpa-en-el-edomex","status":"publish","type":"post","link":"https:\/\/21panorama.com\/index.php\/2022\/06\/21\/jiquipilco-1er-lugar-en-produccion-de-carpa-en-el-edomex\/","title":{"rendered":"JIQUIPILCO 1ER LUGAR EN PRODUCCI\u00d3N DE CARPA EN EL EDOM\u00c9X"},"content":{"rendered":"\n<p>Que Jiquipilco siga siendo referente de la producci\u00f3n de carpa en el estado de M\u00e9xico, sostuvo el presidente municipal Profesor Felipe de Jes\u00fas S\u00e1nchez D\u00e1vila.<\/p>\n\n\n\n<p>El edil, junto con los integrantes del cabildo en gira de trabajo entregaron 300 mil cr\u00edas de Carpa Israel, en beneficio de vecinos de distintas comunidades que cuentan con bordos ejidales, particulares y comunales del municipio.<\/p>\n\n\n\n<p>Destac\u00f3 que Jiquipilco, es el municipio n\u00famero uno de siembra de carpa en la geograf\u00eda mexiquense, en el banco de datos del Ayuntamiento se tiene el registro de 308 bordos que se llenan con aguas pluviales, los cuales se utilizan para el riego de parcelas, abrevaderos de animales y acu\u00edcolas tanto ejidales, comunales y particulares.<\/p>\n\n\n\n<p>Felipe S\u00e1nchez destac\u00f3 que la entrega de carpa es 100 por ciento gratuita por parte del Gobierno del estado de M\u00e9xico a trav\u00e9s de la Secretar\u00eda de Campo que preside la secretaria Lety Mej\u00eda, y es un apoyo directo a los productores del municipio.<\/p>\n\n\n\n<p>La cr\u00eda de carpa tarda hasta 11 meses en crecer, y esta siembre que se llev\u00f3 a cabo se cosechar\u00e1 entre marzo y abril del pr\u00f3ximo 2023.<\/p>\n\n\n\n<p>Cada carpa a la venta es de dos pesos, pero como es un programa gratuito se han entregado un aproximado de m\u00e1s de 9 millones de pesos en el municipio.<\/p>\n\n\n\n<figure class=\"wp-block-gallery columns-2 is-cropped wp-block-gallery-1 is-layout-flex wp-block-gallery-is-layout-flex\"><ul class=\"blocks-gallery-grid\"><li class=\"blocks-gallery-item\"><figure><img decoding=\"async\" width=\"703\" height=\"469\" src=\"https:\/\/21panorama.com\/wp-content\/uploads\/2022\/06\/bc43bf3a-6ee3-4d60-9bd1-fe54f7a1c313.jpeg\" alt=\"\" data-id=\"3787\" data-link=\"https:\/\/21panorama.com\/?attachment_id=3787\" class=\"wp-image-3787\" srcset=\"https:\/\/21panorama.com\/wp-content\/uploads\/2022\/06\/bc43bf3a-6ee3-4d60-9bd1-fe54f7a1c313.jpeg 703w, https:\/\/21panorama.com\/wp-content\/uploads\/2022\/06\/bc43bf3a-6ee3-4d60-9bd1-fe54f7a1c313-300x200.jpeg 300w\" sizes=\"(max-width: 703px) 100vw, 703px\" \/><\/figure><\/li><li class=\"blocks-gallery-item\"><figure><img decoding=\"async\" width=\"797\" height=\"797\" src=\"https:\/\/21panorama.com\/wp-content\/uploads\/2022\/06\/515cfb68-3076-4060-90fe-d1390cc5ebc5.jpeg\" alt=\"\" data-id=\"3788\" data-full-url=\"https:\/\/21panorama.com\/wp-content\/uploads\/2022\/06\/515cfb68-3076-4060-90fe-d1390cc5ebc5.jpeg\" data-link=\"https:\/\/21panorama.com\/?attachment_id=3788\" class=\"wp-image-3788\" srcset=\"https:\/\/21panorama.com\/wp-content\/uploads\/2022\/06\/515cfb68-3076-4060-90fe-d1390cc5ebc5.jpeg 797w, https:\/\/21panorama.com\/wp-content\/uploads\/2022\/06\/515cfb68-3076-4060-90fe-d1390cc5ebc5-300x300.jpeg 300w, https:\/\/21panorama.com\/wp-content\/uploads\/2022\/06\/515cfb68-3076-4060-90fe-d1390cc5ebc5-150x150.jpeg 150w, https:\/\/21panorama.com\/wp-content\/uploads\/2022\/06\/515cfb68-3076-4060-90fe-d1390cc5ebc5-768x768.jpeg 768w\" sizes=\"(max-width: 797px) 100vw, 797px\" \/><\/figure><\/li><\/ul><\/figure>\n","protected":false},"excerpt":{"rendered":"<p>Que Jiquipilco siga siendo referente de la producci\u00f3n de carpa en el estado de M\u00e9xico, sostuvo el presidente municipal Profesor Felipe de Jes\u00fas S\u00e1nchez D\u00e1vila.<\/p>\n","protected":false},"author":1,"featured_media":3786,"comment_status":"open","ping_status":"open","sticky":false,"template":"","format":"standard","meta":{"footnotes":""},"categories":[1],"tags":[257],"class_list":["post-3785","post","type-post","status-publish","format-standard","has-post-thumbnail","hentry","category-sociedad","tag-jiquipilco"],"yoast_head":"<!-- This site is optimized with the Yoast SEO plugin v24.9 - https:\/\/yoast.com\/wordpress\/plugins\/seo\/ -->\n<title>JIQUIPILCO 1ER LUGAR EN PRODUCCI\u00d3N DE CARPA EN EL EDOM\u00c9X - 21 Panorama<\/title>\n<meta name=\"robots\" content=\"index, follow, max-snippet:-1, max-image-preview:large, max-video-preview:-1\" \/>\n<link rel=\"canonical\" href=\"https:\/\/21panorama.com\/index.php\/2022\/06\/21\/jiquipilco-1er-lugar-en-produccion-de-carpa-en-el-edomex\/\" \/>\n<meta property=\"og:locale\" content=\"es_MX\" \/>\n<meta property=\"og:type\" content=\"article\" \/>\n<meta property=\"og:title\" content=\"JIQUIPILCO 1ER LUGAR EN PRODUCCI\u00d3N DE CARPA EN EL EDOM\u00c9X - 21 Panorama\" \/>\n<meta property=\"og:description\" content=\"Que Jiquipilco siga siendo referente de la producci\u00f3n de carpa en el estado de M\u00e9xico, sostuvo el presidente municipal Profesor Felipe de Jes\u00fas S\u00e1nchez D\u00e1vila.\" \/>\n<meta property=\"og:url\" content=\"https:\/\/21panorama.com\/index.php\/2022\/06\/21\/jiquipilco-1er-lugar-en-produccion-de-carpa-en-el-edomex\/\" \/>\n<meta property=\"og:site_name\" content=\"21 Panorama\" \/>\n<meta property=\"article:published_time\" content=\"2022-06-22T01:14:50+00:00\" \/>\n<meta property=\"article:modified_time\" content=\"2022-06-22T01:14:51+00:00\" \/>\n<meta property=\"og:image\" content=\"https:\/\/21panorama.com\/wp-content\/uploads\/2022\/06\/42a6be76-c3c5-471d-a1ce-653857311eeb.jpeg\" \/>\n\t<meta property=\"og:image:width\" content=\"594\" \/>\n\t<meta property=\"og:image:height\" content=\"313\" \/>\n\t<meta property=\"og:image:type\" content=\"image\/jpeg\" \/>\n<meta name=\"author\" content=\"admin\" \/>\n<meta name=\"twitter:card\" content=\"summary_large_image\" \/>\n<meta name=\"twitter:label1\" content=\"Escrito por\" \/>\n\t<meta name=\"twitter:data1\" content=\"admin\" \/>\n\t<meta name=\"twitter:label2\" content=\"Tiempo de lectura\" \/>\n\t<meta name=\"twitter:data2\" content=\"2 minutos\" \/>\n<script type=\"application\/ld+json\" class=\"yoast-schema-graph\">{\"@context\":\"https:\/\/schema.org\",\"@graph\":[{\"@type\":\"Article\",\"@id\":\"https:\/\/21panorama.com\/index.php\/2022\/06\/21\/jiquipilco-1er-lugar-en-produccion-de-carpa-en-el-edomex\/#article\",\"isPartOf\":{\"@id\":\"https:\/\/21panorama.com\/index.php\/2022\/06\/21\/jiquipilco-1er-lugar-en-produccion-de-carpa-en-el-edomex\/\"},\"author\":{\"name\":\"admin\",\"@id\":\"https:\/\/21panorama.com\/#\/schema\/person\/1afc291b96d5792a158768324287319f\"},\"headline\":\"JIQUIPILCO 1ER LUGAR EN PRODUCCI\u00d3N DE CARPA EN EL EDOM\u00c9X\",\"datePublished\":\"2022-06-22T01:14:50+00:00\",\"dateModified\":\"2022-06-22T01:14:51+00:00\",\"mainEntityOfPage\":{\"@id\":\"https:\/\/21panorama.com\/index.php\/2022\/06\/21\/jiquipilco-1er-lugar-en-produccion-de-carpa-en-el-edomex\/\"},\"wordCount\":240,\"commentCount\":0,\"publisher\":{\"@id\":\"https:\/\/21panorama.com\/#organization\"},\"image\":{\"@id\":\"https:\/\/21panorama.com\/index.php\/2022\/06\/21\/jiquipilco-1er-lugar-en-produccion-de-carpa-en-el-edomex\/#primaryimage\"},\"thumbnailUrl\":\"https:\/\/21panorama.com\/wp-content\/uploads\/2022\/06\/42a6be76-c3c5-471d-a1ce-653857311eeb.jpeg\",\"keywords\":[\"Jiquipilco\"],\"articleSection\":[\"Sociedad\"],\"inLanguage\":\"es\",\"potentialAction\":[{\"@type\":\"CommentAction\",\"name\":\"Comment\",\"target\":[\"https:\/\/21panorama.com\/index.php\/2022\/06\/21\/jiquipilco-1er-lugar-en-produccion-de-carpa-en-el-edomex\/#respond\"]}]},{\"@type\":\"WebPage\",\"@id\":\"https:\/\/21panorama.com\/index.php\/2022\/06\/21\/jiquipilco-1er-lugar-en-produccion-de-carpa-en-el-edomex\/\",\"url\":\"https:\/\/21panorama.com\/index.php\/2022\/06\/21\/jiquipilco-1er-lugar-en-produccion-de-carpa-en-el-edomex\/\",\"name\":\"JIQUIPILCO 1ER LUGAR EN PRODUCCI\u00d3N DE CARPA EN EL EDOM\u00c9X - 21 Panorama\",\"isPartOf\":{\"@id\":\"https:\/\/21panorama.com\/#website\"},\"primaryImageOfPage\":{\"@id\":\"https:\/\/21panorama.com\/index.php\/2022\/06\/21\/jiquipilco-1er-lugar-en-produccion-de-carpa-en-el-edomex\/#primaryimage\"},\"image\":{\"@id\":\"https:\/\/21panorama.com\/index.php\/2022\/06\/21\/jiquipilco-1er-lugar-en-produccion-de-carpa-en-el-edomex\/#primaryimage\"},\"thumbnailUrl\":\"https:\/\/21panorama.com\/wp-content\/uploads\/2022\/06\/42a6be76-c3c5-471d-a1ce-653857311eeb.jpeg\",\"datePublished\":\"2022-06-22T01:14:50+00:00\",\"dateModified\":\"2022-06-22T01:14:51+00:00\",\"breadcrumb\":{\"@id\":\"https:\/\/21panorama.com\/index.php\/2022\/06\/21\/jiquipilco-1er-lugar-en-produccion-de-carpa-en-el-edomex\/#breadcrumb\"},\"inLanguage\":\"es\",\"potentialAction\":[{\"@type\":\"ReadAction\",\"target\":[\"https:\/\/21panorama.com\/index.php\/2022\/06\/21\/jiquipilco-1er-lugar-en-produccion-de-carpa-en-el-edomex\/\"]}]},{\"@type\":\"ImageObject\",\"inLanguage\":\"es\",\"@id\":\"https:\/\/21panorama.com\/index.php\/2022\/06\/21\/jiquipilco-1er-lugar-en-produccion-de-carpa-en-el-edomex\/#primaryimage\",\"url\":\"https:\/\/21panorama.com\/wp-content\/uploads\/2022\/06\/42a6be76-c3c5-471d-a1ce-653857311eeb.jpeg\",\"contentUrl\":\"https:\/\/21panorama.com\/wp-content\/uploads\/2022\/06\/42a6be76-c3c5-471d-a1ce-653857311eeb.jpeg\",\"width\":594,\"height\":313},{\"@type\":\"BreadcrumbList\",\"@id\":\"https:\/\/21panorama.com\/index.php\/2022\/06\/21\/jiquipilco-1er-lugar-en-produccion-de-carpa-en-el-edomex\/#breadcrumb\",\"itemListElement\":[{\"@type\":\"ListItem\",\"position\":1,\"name\":\"Inicio\",\"item\":\"https:\/\/21panorama.com\/\"},{\"@type\":\"ListItem\",\"position\":2,\"name\":\"JIQUIPILCO 1ER LUGAR EN PRODUCCI\u00d3N DE CARPA EN EL EDOM\u00c9X\"}]},{\"@type\":\"WebSite\",\"@id\":\"https:\/\/21panorama.com\/#website\",\"url\":\"https:\/\/21panorama.com\/\",\"name\":\"21 Panorama\",\"description\":\"La construcci\u00f3n de la opini\u00f3n p\u00fablica merece un mejor Panorama en este siglo 21 para alcanzar una sociedad con mayor transparencia y sin corrupci\u00f3n.\",\"publisher\":{\"@id\":\"https:\/\/21panorama.com\/#organization\"},\"potentialAction\":[{\"@type\":\"SearchAction\",\"target\":{\"@type\":\"EntryPoint\",\"urlTemplate\":\"https:\/\/21panorama.com\/?s={search_term_string}\"},\"query-input\":{\"@type\":\"PropertyValueSpecification\",\"valueRequired\":true,\"valueName\":\"search_term_string\"}}],\"inLanguage\":\"es\"},{\"@type\":\"Organization\",\"@id\":\"https:\/\/21panorama.com\/#organization\",\"name\":\"21 Panorama\",\"url\":\"https:\/\/21panorama.com\/\",\"logo\":{\"@type\":\"ImageObject\",\"inLanguage\":\"es\",\"@id\":\"https:\/\/21panorama.com\/#\/schema\/logo\/image\/\",\"url\":\"https:\/\/21panorama.com\/wp-content\/uploads\/2019\/07\/cropped-Logo-Panorama-01.jpeg\",\"contentUrl\":\"https:\/\/21panorama.com\/wp-content\/uploads\/2019\/07\/cropped-Logo-Panorama-01.jpeg\",\"width\":290,\"height\":70,\"caption\":\"21 Panorama\"},\"image\":{\"@id\":\"https:\/\/21panorama.com\/#\/schema\/logo\/image\/\"}},{\"@type\":\"Person\",\"@id\":\"https:\/\/21panorama.com\/#\/schema\/person\/1afc291b96d5792a158768324287319f\",\"name\":\"admin\",\"image\":{\"@type\":\"ImageObject\",\"inLanguage\":\"es\",\"@id\":\"https:\/\/21panorama.com\/#\/schema\/person\/image\/\",\"url\":\"https:\/\/secure.gravatar.com\/avatar\/ad365d9d9f46719215b0d042cc3df92a5a8683e09ef13d102233e5491985f0f0?s=96&d=mm&r=g\",\"contentUrl\":\"https:\/\/secure.gravatar.com\/avatar\/ad365d9d9f46719215b0d042cc3df92a5a8683e09ef13d102233e5491985f0f0?s=96&d=mm&r=g\",\"caption\":\"admin\"},\"url\":\"https:\/\/21panorama.com\/index.php\/author\/admin\/\"}]}<\/script>\n<!-- \/ Yoast SEO plugin. -->","yoast_head_json":{"title":"JIQUIPILCO 1ER LUGAR EN PRODUCCI\u00d3N DE CARPA EN EL EDOM\u00c9X - 21 Panorama","robots":{"index":"index","follow":"follow","max-snippet":"max-snippet:-1","max-image-preview":"max-image-preview:large","max-video-preview":"max-video-preview:-1"},"canonical":"https:\/\/21panorama.com\/index.php\/2022\/06\/21\/jiquipilco-1er-lugar-en-produccion-de-carpa-en-el-edomex\/","og_locale":"es_MX","og_type":"article","og_title":"JIQUIPILCO 1ER LUGAR EN PRODUCCI\u00d3N DE CARPA EN EL EDOM\u00c9X - 21 Panorama","og_description":"Que Jiquipilco siga siendo referente de la producci\u00f3n de carpa en el estado de M\u00e9xico, sostuvo el presidente municipal Profesor Felipe de Jes\u00fas S\u00e1nchez D\u00e1vila.","og_url":"https:\/\/21panorama.com\/index.php\/2022\/06\/21\/jiquipilco-1er-lugar-en-produccion-de-carpa-en-el-edomex\/","og_site_name":"21 Panorama","article_published_time":"2022-06-22T01:14:50+00:00","article_modified_time":"2022-06-22T01:14:51+00:00","og_image":[{"width":594,"height":313,"url":"https:\/\/21panorama.com\/wp-content\/uploads\/2022\/06\/42a6be76-c3c5-471d-a1ce-653857311eeb.jpeg","type":"image\/jpeg"}],"author":"admin","twitter_card":"summary_large_image","twitter_misc":{"Escrito por":"admin","Tiempo de lectura":"2 minutos"},"schema":{"@context":"https:\/\/schema.org","@graph":[{"@type":"Article","@id":"https:\/\/21panorama.com\/index.php\/2022\/06\/21\/jiquipilco-1er-lugar-en-produccion-de-carpa-en-el-edomex\/#article","isPartOf":{"@id":"https:\/\/21panorama.com\/index.php\/2022\/06\/21\/jiquipilco-1er-lugar-en-produccion-de-carpa-en-el-edomex\/"},"author":{"name":"admin","@id":"https:\/\/21panorama.com\/#\/schema\/person\/1afc291b96d5792a158768324287319f"},"headline":"JIQUIPILCO 1ER LUGAR EN PRODUCCI\u00d3N DE CARPA EN EL EDOM\u00c9X","datePublished":"2022-06-22T01:14:50+00:00","dateModified":"2022-06-22T01:14:51+00:00","mainEntityOfPage":{"@id":"https:\/\/21panorama.com\/index.php\/2022\/06\/21\/jiquipilco-1er-lugar-en-produccion-de-carpa-en-el-edomex\/"},"wordCount":240,"commentCount":0,"publisher":{"@id":"https:\/\/21panorama.com\/#organization"},"image":{"@id":"https:\/\/21panorama.com\/index.php\/2022\/06\/21\/jiquipilco-1er-lugar-en-produccion-de-carpa-en-el-edomex\/#primaryimage"},"thumbnailUrl":"https:\/\/21panorama.com\/wp-content\/uploads\/2022\/06\/42a6be76-c3c5-471d-a1ce-653857311eeb.jpeg","keywords":["Jiquipilco"],"articleSection":["Sociedad"],"inLanguage":"es","potentialAction":[{"@type":"CommentAction","name":"Comment","target":["https:\/\/21panorama.com\/index.php\/2022\/06\/21\/jiquipilco-1er-lugar-en-produccion-de-carpa-en-el-edomex\/#respond"]}]},{"@type":"WebPage","@id":"https:\/\/21panorama.com\/index.php\/2022\/06\/21\/jiquipilco-1er-lugar-en-produccion-de-carpa-en-el-edomex\/","url":"https:\/\/21panorama.com\/index.php\/2022\/06\/21\/jiquipilco-1er-lugar-en-produccion-de-carpa-en-el-edomex\/","name":"JIQUIPILCO 1ER LUGAR EN PRODUCCI\u00d3N DE CARPA EN EL EDOM\u00c9X - 21 Panorama","isPartOf":{"@id":"https:\/\/21panorama.com\/#website"},"primaryImageOfPage":{"@id":"https:\/\/21panorama.com\/index.php\/2022\/06\/21\/jiquipilco-1er-lugar-en-produccion-de-carpa-en-el-edomex\/#primaryimage"},"image":{"@id":"https:\/\/21panorama.com\/index.php\/2022\/06\/21\/jiquipilco-1er-lugar-en-produccion-de-carpa-en-el-edomex\/#primaryimage"},"thumbnailUrl":"https:\/\/21panorama.com\/wp-content\/uploads\/2022\/06\/42a6be76-c3c5-471d-a1ce-653857311eeb.jpeg","datePublished":"2022-06-22T01:14:50+00:00","dateModified":"2022-06-22T01:14:51+00:00","breadcrumb":{"@id":"https:\/\/21panorama.com\/index.php\/2022\/06\/21\/jiquipilco-1er-lugar-en-produccion-de-carpa-en-el-edomex\/#breadcrumb"},"inLanguage":"es","potentialAction":[{"@type":"ReadAction","target":["https:\/\/21panorama.com\/index.php\/2022\/06\/21\/jiquipilco-1er-lugar-en-produccion-de-carpa-en-el-edomex\/"]}]},{"@type":"ImageObject","inLanguage":"es","@id":"https:\/\/21panorama.com\/index.php\/2022\/06\/21\/jiquipilco-1er-lugar-en-produccion-de-carpa-en-el-edomex\/#primaryimage","url":"https:\/\/21panorama.com\/wp-content\/uploads\/2022\/06\/42a6be76-c3c5-471d-a1ce-653857311eeb.jpeg","contentUrl":"https:\/\/21panorama.com\/wp-content\/uploads\/2022\/06\/42a6be76-c3c5-471d-a1ce-653857311eeb.jpeg","width":594,"height":313},{"@type":"BreadcrumbList","@id":"https:\/\/21panorama.com\/index.php\/2022\/06\/21\/jiquipilco-1er-lugar-en-produccion-de-carpa-en-el-edomex\/#breadcrumb","itemListElement":[{"@type":"ListItem","position":1,"name":"Inicio","item":"https:\/\/21panorama.com\/"},{"@type":"ListItem","position":2,"name":"JIQUIPILCO 1ER LUGAR EN PRODUCCI\u00d3N DE CARPA EN EL EDOM\u00c9X"}]},{"@type":"WebSite","@id":"https:\/\/21panorama.com\/#website","url":"https:\/\/21panorama.com\/","name":"21 Panorama","description":"La construcci\u00f3n de la opini\u00f3n p\u00fablica merece un mejor Panorama en este siglo 21 para alcanzar una sociedad con mayor transparencia y sin corrupci\u00f3n.","publisher":{"@id":"https:\/\/21panorama.com\/#organization"},"potentialAction":[{"@type":"SearchAction","target":{"@type":"EntryPoint","urlTemplate":"https:\/\/21panorama.com\/?s={search_term_string}"},"query-input":{"@type":"PropertyValueSpecification","valueRequired":true,"valueName":"search_term_string"}}],"inLanguage":"es"},{"@type":"Organization","@id":"https:\/\/21panorama.com\/#organization","name":"21 Panorama","url":"https:\/\/21panorama.com\/","logo":{"@type":"ImageObject","inLanguage":"es","@id":"https:\/\/21panorama.com\/#\/schema\/logo\/image\/","url":"https:\/\/21panorama.com\/wp-content\/uploads\/2019\/07\/cropped-Logo-Panorama-01.jpeg","contentUrl":"https:\/\/21panorama.com\/wp-content\/uploads\/2019\/07\/cropped-Logo-Panorama-01.jpeg","width":290,"height":70,"caption":"21 Panorama"},"image":{"@id":"https:\/\/21panorama.com\/#\/schema\/logo\/image\/"}},{"@type":"Person","@id":"https:\/\/21panorama.com\/#\/schema\/person\/1afc291b96d5792a158768324287319f","name":"admin","image":{"@type":"ImageObject","inLanguage":"es","@id":"https:\/\/21panorama.com\/#\/schema\/person\/image\/","url":"https:\/\/secure.gravatar.com\/avatar\/ad365d9d9f46719215b0d042cc3df92a5a8683e09ef13d102233e5491985f0f0?s=96&d=mm&r=g","contentUrl":"https:\/\/secure.gravatar.com\/avatar\/ad365d9d9f46719215b0d042cc3df92a5a8683e09ef13d102233e5491985f0f0?s=96&d=mm&r=g","caption":"admin"},"url":"https:\/\/21panorama.com\/index.php\/author\/admin\/"}]}},"_links":{"self":[{"href":"https:\/\/21panorama.com\/index.php\/wp-json\/wp\/v2\/posts\/3785","targetHints":{"allow":["GET"]}}],"collection":[{"href":"https:\/\/21panorama.com\/index.php\/wp-json\/wp\/v2\/posts"}],"about":[{"href":"https:\/\/21panorama.com\/index.php\/wp-json\/wp\/v2\/types\/post"}],"author":[{"embeddable":true,"href":"https:\/\/21panorama.com\/index.php\/wp-json\/wp\/v2\/users\/1"}],"replies":[{"embeddable":true,"href":"https:\/\/21panorama.com\/index.php\/wp-json\/wp\/v2\/comments?post=3785"}],"version-history":[{"count":1,"href":"https:\/\/21panorama.com\/index.php\/wp-json\/wp\/v2\/posts\/3785\/revisions"}],"predecessor-version":[{"id":3789,"href":"https:\/\/21panorama.com\/index.php\/wp-json\/wp\/v2\/posts\/3785\/revisions\/3789"}],"wp:featuredmedia":[{"embeddable":true,"href":"https:\/\/21panorama.com\/index.php\/wp-json\/wp\/v2\/media\/3786"}],"wp:attachment":[{"href":"https:\/\/21panorama.com\/index.php\/wp-json\/wp\/v2\/media?parent=3785"}],"wp:term":[{"taxonomy":"category","embeddable":true,"href":"https:\/\/21panorama.com\/index.php\/wp-json\/wp\/v2\/categories?post=3785"},{"taxonomy":"post_tag","embeddable":true,"href":"https:\/\/21panorama.com\/index.php\/wp-json\/wp\/v2\/tags?post=3785"}],"curies":[{"name":"wp","href":"https:\/\/api.w.org\/{rel}","templated":true}]}}