{"id":3780,"date":"2022-06-21T20:10:31","date_gmt":"2022-06-22T01:10:31","guid":{"rendered":"https:\/\/21panorama.com\/?p=3780"},"modified":"2022-06-21T20:10:32","modified_gmt":"2022-06-22T01:10:32","slug":"estrecha-uaemex-colaboracion-con-ayuntamiento-de-temascaltepec","status":"publish","type":"post","link":"https:\/\/21panorama.com\/index.php\/2022\/06\/21\/estrecha-uaemex-colaboracion-con-ayuntamiento-de-temascaltepec\/","title":{"rendered":"ESTRECHA UAEM\u00c9X COLABORACI\u00d3N CON AYUNTAMIENTO DE TEMASCALTEPEC"},"content":{"rendered":"\n<p>El rector de la Universidad Aut\u00f3noma del Estado de M\u00e9xico (UAEM\u00e9x), Carlos Eduardo Barrera D\u00edaz, y el presidente municipal de Temascaltepec, Carlos Gonz\u00e1lez Berra, signaron un convenio general de colaboraci\u00f3n.<\/p>\n\n\n\n<p>En instalaciones del palacio municipal, Barrera D\u00edaz sostuvo que, a trav\u00e9s de sus centros universitarios y unidades acad\u00e9micas profesionales, con presencia en varios municipios de la entidad, la Aut\u00f3noma mexiquense imparte educaci\u00f3n medio superior y superior; adem\u00e1s, cumple funciones sustantivas de investigaci\u00f3n, difusi\u00f3n cultural y extensi\u00f3n universitaria.<\/p>\n\n\n\n<p>Por ello, dijo, nos entusiasma continuar estableciendo relaciones de colaboraci\u00f3n con asociaciones civiles, empresas, organizaciones sociales y entidades gubernamentales, como es el caso de los ayuntamientos y los gobiernos estatal y federal.<\/p>\n\n\n\n<p>Acompa\u00f1ado del encargado del despacho de la direcci\u00f3n del Centro Universitario UAEM Temascaltepec, Hugo L\u00f3pez Ben\u00edtez, el rector afirm\u00f3 que \u201cgracias a instrumentos como el que firmamos hoy los universitarios mexiquenses podemos aportar trabajo, conocimiento e innovaci\u00f3n al desarrollo de nuestro estado\u201d.<\/p>\n\n\n\n<p>Refiri\u00f3 que el instrumento de colaboraci\u00f3n signado sentar\u00e1 las bases para colaborar en la pavimentaci\u00f3n de la entrada al rancho que la instituci\u00f3n tiene en el municipio, construir el techo y empastado de la cancha de f\u00fatbol r\u00e1pido, adem\u00e1s de construir una bodega para almacenar materiales y alimentos e iniciar los trabajos para adecuar cub\u00edculos para profesores y construir el taller de gastronom\u00eda para los estudiantes de la Licenciatura en Turismo.<\/p>\n\n\n\n<p>Carlos Eduardo Barrera D\u00edaz refiri\u00f3 que, en la actualidad, profesores del Centro capacitan al personal del municipio con cursos de computaci\u00f3n, y est\u00e1 contemplado que alumnos de las carreras de derecho e ingeniero agr\u00f3nomo zootecnista brinden asesor\u00edas en diversas comunidades del municipio.<br>Por su parte, Carlos Gonz\u00e1lez Berra asever\u00f3 que este convenio general permitir\u00e1 que ambas instancias caminen de manera conjunta en los \u00e1mbitos de intercambio acad\u00e9mico, para llevar a cabo programas espec\u00edficos de docencia, seminarios, cursos de actualizaci\u00f3n, formaci\u00f3n profesional, estudios avanzados y otras actividades afines en campos de inter\u00e9s com\u00fan. De igual manera, resalt\u00f3, realizar investigaciones de aplicaci\u00f3n social y de inter\u00e9s, tambi\u00e9n una difusi\u00f3n y extensi\u00f3n para extender la calidad acad\u00e9mica y cultural de sus integrantes y de la comunidad en general.<\/p>\n\n\n\n<p>Sea este convenio de colaboraci\u00f3n la herramienta para fortalecer el v\u00ednculo de amistad y de intercambio que permita a estas dos instituciones colaborar de manera conjunta para encaminar nuestros esfuerzos y lograr un bien com\u00fan y un Temascaltepec con progreso, concluy\u00f3 el alcalde.<\/p>\n\n\n\n<p>Luego de la firma del convenio general de colaboraci\u00f3n, Carlos Eduardo Barrera D\u00edaz y Carlos Gonz\u00e1lez Berra realizaron un recorrido por las instalaciones del Rancho \u201cEl Salitre\u201d, donde conocieron, en voz de la comunidad universitaria, las necesidades para llevar a cabo diversas actividades en el \u00e1mbito de la producci\u00f3n agropecuaria.<\/p>\n\n\n\n<figure class=\"wp-block-gallery columns-2 is-cropped wp-block-gallery-1 is-layout-flex wp-block-gallery-is-layout-flex\"><ul class=\"blocks-gallery-grid\"><li class=\"blocks-gallery-item\"><figure><img decoding=\"async\" width=\"863\" height=\"575\" src=\"https:\/\/21panorama.com\/wp-content\/uploads\/2022\/06\/24362a95-efc8-486e-a0b8-2f00b92963f7.jpeg\" alt=\"\" data-id=\"3782\" data-link=\"https:\/\/21panorama.com\/?attachment_id=3782\" class=\"wp-image-3782\" srcset=\"https:\/\/21panorama.com\/wp-content\/uploads\/2022\/06\/24362a95-efc8-486e-a0b8-2f00b92963f7.jpeg 863w, https:\/\/21panorama.com\/wp-content\/uploads\/2022\/06\/24362a95-efc8-486e-a0b8-2f00b92963f7-300x200.jpeg 300w, https:\/\/21panorama.com\/wp-content\/uploads\/2022\/06\/24362a95-efc8-486e-a0b8-2f00b92963f7-768x512.jpeg 768w\" sizes=\"(max-width: 863px) 100vw, 863px\" \/><\/figure><\/li><li class=\"blocks-gallery-item\"><figure><img decoding=\"async\" width=\"900\" height=\"600\" src=\"https:\/\/21panorama.com\/wp-content\/uploads\/2022\/06\/52b94756-0a87-4f24-ab63-c81d24742c10.jpeg\" alt=\"\" data-id=\"3783\" data-full-url=\"https:\/\/21panorama.com\/wp-content\/uploads\/2022\/06\/52b94756-0a87-4f24-ab63-c81d24742c10.jpeg\" data-link=\"https:\/\/21panorama.com\/?attachment_id=3783\" class=\"wp-image-3783\" srcset=\"https:\/\/21panorama.com\/wp-content\/uploads\/2022\/06\/52b94756-0a87-4f24-ab63-c81d24742c10.jpeg 900w, https:\/\/21panorama.com\/wp-content\/uploads\/2022\/06\/52b94756-0a87-4f24-ab63-c81d24742c10-300x200.jpeg 300w, https:\/\/21panorama.com\/wp-content\/uploads\/2022\/06\/52b94756-0a87-4f24-ab63-c81d24742c10-768x512.jpeg 768w\" sizes=\"(max-width: 900px) 100vw, 900px\" \/><\/figure><\/li><\/ul><\/figure>\n","protected":false},"excerpt":{"rendered":"<p>El rector Carlos Eduardo Barrera D\u00edaz y el presidente municipal, Carlos Gonz\u00e1lez Berra, firmaron un convenio general de colaboraci\u00f3n. <\/p>\n","protected":false},"author":1,"featured_media":3781,"comment_status":"open","ping_status":"open","sticky":false,"template":"","format":"standard","meta":{"footnotes":""},"categories":[1],"tags":[131],"class_list":["post-3780","post","type-post","status-publish","format-standard","has-post-thumbnail","hentry","category-sociedad","tag-uaem"],"yoast_head":"<!-- This site is optimized with the Yoast SEO plugin v24.9 - https:\/\/yoast.com\/wordpress\/plugins\/seo\/ -->\n<title>ESTRECHA UAEM\u00c9X COLABORACI\u00d3N CON AYUNTAMIENTO DE TEMASCALTEPEC - 21 Panorama<\/title>\n<meta name=\"robots\" content=\"index, follow, max-snippet:-1, max-image-preview:large, max-video-preview:-1\" \/>\n<link rel=\"canonical\" href=\"https:\/\/21panorama.com\/index.php\/2022\/06\/21\/estrecha-uaemex-colaboracion-con-ayuntamiento-de-temascaltepec\/\" \/>\n<meta property=\"og:locale\" content=\"es_MX\" \/>\n<meta property=\"og:type\" content=\"article\" \/>\n<meta property=\"og:title\" content=\"ESTRECHA UAEM\u00c9X COLABORACI\u00d3N CON AYUNTAMIENTO DE TEMASCALTEPEC - 21 Panorama\" \/>\n<meta property=\"og:description\" content=\"El rector Carlos Eduardo Barrera D\u00edaz y el presidente municipal, Carlos Gonz\u00e1lez Berra, firmaron un convenio general de colaboraci\u00f3n.\" \/>\n<meta property=\"og:url\" content=\"https:\/\/21panorama.com\/index.php\/2022\/06\/21\/estrecha-uaemex-colaboracion-con-ayuntamiento-de-temascaltepec\/\" \/>\n<meta property=\"og:site_name\" content=\"21 Panorama\" \/>\n<meta property=\"article:published_time\" content=\"2022-06-22T01:10:31+00:00\" \/>\n<meta property=\"article:modified_time\" content=\"2022-06-22T01:10:32+00:00\" \/>\n<meta property=\"og:image\" content=\"https:\/\/21panorama.com\/wp-content\/uploads\/2022\/06\/5a750888-0c8f-4144-8bcd-3f0a2772542b.jpeg\" \/>\n\t<meta property=\"og:image:width\" content=\"855\" \/>\n\t<meta property=\"og:image:height\" content=\"570\" \/>\n\t<meta property=\"og:image:type\" content=\"image\/jpeg\" \/>\n<meta name=\"author\" content=\"admin\" \/>\n<meta name=\"twitter:card\" content=\"summary_large_image\" \/>\n<meta name=\"twitter:label1\" content=\"Escrito por\" \/>\n\t<meta name=\"twitter:data1\" content=\"admin\" \/>\n\t<meta name=\"twitter:label2\" content=\"Tiempo de lectura\" \/>\n\t<meta name=\"twitter:data2\" content=\"3 minutos\" \/>\n<script type=\"application\/ld+json\" class=\"yoast-schema-graph\">{\"@context\":\"https:\/\/schema.org\",\"@graph\":[{\"@type\":\"Article\",\"@id\":\"https:\/\/21panorama.com\/index.php\/2022\/06\/21\/estrecha-uaemex-colaboracion-con-ayuntamiento-de-temascaltepec\/#article\",\"isPartOf\":{\"@id\":\"https:\/\/21panorama.com\/index.php\/2022\/06\/21\/estrecha-uaemex-colaboracion-con-ayuntamiento-de-temascaltepec\/\"},\"author\":{\"name\":\"admin\",\"@id\":\"https:\/\/21panorama.com\/#\/schema\/person\/1afc291b96d5792a158768324287319f\"},\"headline\":\"ESTRECHA UAEM\u00c9X COLABORACI\u00d3N CON AYUNTAMIENTO DE TEMASCALTEPEC\",\"datePublished\":\"2022-06-22T01:10:31+00:00\",\"dateModified\":\"2022-06-22T01:10:32+00:00\",\"mainEntityOfPage\":{\"@id\":\"https:\/\/21panorama.com\/index.php\/2022\/06\/21\/estrecha-uaemex-colaboracion-con-ayuntamiento-de-temascaltepec\/\"},\"wordCount\":502,\"commentCount\":0,\"publisher\":{\"@id\":\"https:\/\/21panorama.com\/#organization\"},\"image\":{\"@id\":\"https:\/\/21panorama.com\/index.php\/2022\/06\/21\/estrecha-uaemex-colaboracion-con-ayuntamiento-de-temascaltepec\/#primaryimage\"},\"thumbnailUrl\":\"https:\/\/21panorama.com\/wp-content\/uploads\/2022\/06\/5a750888-0c8f-4144-8bcd-3f0a2772542b.jpeg\",\"keywords\":[\"UAEM\"],\"articleSection\":[\"Sociedad\"],\"inLanguage\":\"es\",\"potentialAction\":[{\"@type\":\"CommentAction\",\"name\":\"Comment\",\"target\":[\"https:\/\/21panorama.com\/index.php\/2022\/06\/21\/estrecha-uaemex-colaboracion-con-ayuntamiento-de-temascaltepec\/#respond\"]}]},{\"@type\":\"WebPage\",\"@id\":\"https:\/\/21panorama.com\/index.php\/2022\/06\/21\/estrecha-uaemex-colaboracion-con-ayuntamiento-de-temascaltepec\/\",\"url\":\"https:\/\/21panorama.com\/index.php\/2022\/06\/21\/estrecha-uaemex-colaboracion-con-ayuntamiento-de-temascaltepec\/\",\"name\":\"ESTRECHA UAEM\u00c9X COLABORACI\u00d3N CON AYUNTAMIENTO DE TEMASCALTEPEC - 21 Panorama\",\"isPartOf\":{\"@id\":\"https:\/\/21panorama.com\/#website\"},\"primaryImageOfPage\":{\"@id\":\"https:\/\/21panorama.com\/index.php\/2022\/06\/21\/estrecha-uaemex-colaboracion-con-ayuntamiento-de-temascaltepec\/#primaryimage\"},\"image\":{\"@id\":\"https:\/\/21panorama.com\/index.php\/2022\/06\/21\/estrecha-uaemex-colaboracion-con-ayuntamiento-de-temascaltepec\/#primaryimage\"},\"thumbnailUrl\":\"https:\/\/21panorama.com\/wp-content\/uploads\/2022\/06\/5a750888-0c8f-4144-8bcd-3f0a2772542b.jpeg\",\"datePublished\":\"2022-06-22T01:10:31+00:00\",\"dateModified\":\"2022-06-22T01:10:32+00:00\",\"breadcrumb\":{\"@id\":\"https:\/\/21panorama.com\/index.php\/2022\/06\/21\/estrecha-uaemex-colaboracion-con-ayuntamiento-de-temascaltepec\/#breadcrumb\"},\"inLanguage\":\"es\",\"potentialAction\":[{\"@type\":\"ReadAction\",\"target\":[\"https:\/\/21panorama.com\/index.php\/2022\/06\/21\/estrecha-uaemex-colaboracion-con-ayuntamiento-de-temascaltepec\/\"]}]},{\"@type\":\"ImageObject\",\"inLanguage\":\"es\",\"@id\":\"https:\/\/21panorama.com\/index.php\/2022\/06\/21\/estrecha-uaemex-colaboracion-con-ayuntamiento-de-temascaltepec\/#primaryimage\",\"url\":\"https:\/\/21panorama.com\/wp-content\/uploads\/2022\/06\/5a750888-0c8f-4144-8bcd-3f0a2772542b.jpeg\",\"contentUrl\":\"https:\/\/21panorama.com\/wp-content\/uploads\/2022\/06\/5a750888-0c8f-4144-8bcd-3f0a2772542b.jpeg\",\"width\":855,\"height\":570},{\"@type\":\"BreadcrumbList\",\"@id\":\"https:\/\/21panorama.com\/index.php\/2022\/06\/21\/estrecha-uaemex-colaboracion-con-ayuntamiento-de-temascaltepec\/#breadcrumb\",\"itemListElement\":[{\"@type\":\"ListItem\",\"position\":1,\"name\":\"Inicio\",\"item\":\"https:\/\/21panorama.com\/\"},{\"@type\":\"ListItem\",\"position\":2,\"name\":\"ESTRECHA UAEM\u00c9X COLABORACI\u00d3N CON AYUNTAMIENTO DE TEMASCALTEPEC\"}]},{\"@type\":\"WebSite\",\"@id\":\"https:\/\/21panorama.com\/#website\",\"url\":\"https:\/\/21panorama.com\/\",\"name\":\"21 Panorama\",\"description\":\"La construcci\u00f3n de la opini\u00f3n p\u00fablica merece un mejor Panorama en este siglo 21 para alcanzar una sociedad con mayor transparencia y sin corrupci\u00f3n.\",\"publisher\":{\"@id\":\"https:\/\/21panorama.com\/#organization\"},\"potentialAction\":[{\"@type\":\"SearchAction\",\"target\":{\"@type\":\"EntryPoint\",\"urlTemplate\":\"https:\/\/21panorama.com\/?s={search_term_string}\"},\"query-input\":{\"@type\":\"PropertyValueSpecification\",\"valueRequired\":true,\"valueName\":\"search_term_string\"}}],\"inLanguage\":\"es\"},{\"@type\":\"Organization\",\"@id\":\"https:\/\/21panorama.com\/#organization\",\"name\":\"21 Panorama\",\"url\":\"https:\/\/21panorama.com\/\",\"logo\":{\"@type\":\"ImageObject\",\"inLanguage\":\"es\",\"@id\":\"https:\/\/21panorama.com\/#\/schema\/logo\/image\/\",\"url\":\"https:\/\/21panorama.com\/wp-content\/uploads\/2019\/07\/cropped-Logo-Panorama-01.jpeg\",\"contentUrl\":\"https:\/\/21panorama.com\/wp-content\/uploads\/2019\/07\/cropped-Logo-Panorama-01.jpeg\",\"width\":290,\"height\":70,\"caption\":\"21 Panorama\"},\"image\":{\"@id\":\"https:\/\/21panorama.com\/#\/schema\/logo\/image\/\"}},{\"@type\":\"Person\",\"@id\":\"https:\/\/21panorama.com\/#\/schema\/person\/1afc291b96d5792a158768324287319f\",\"name\":\"admin\",\"image\":{\"@type\":\"ImageObject\",\"inLanguage\":\"es\",\"@id\":\"https:\/\/21panorama.com\/#\/schema\/person\/image\/\",\"url\":\"https:\/\/secure.gravatar.com\/avatar\/ad365d9d9f46719215b0d042cc3df92a5a8683e09ef13d102233e5491985f0f0?s=96&d=mm&r=g\",\"contentUrl\":\"https:\/\/secure.gravatar.com\/avatar\/ad365d9d9f46719215b0d042cc3df92a5a8683e09ef13d102233e5491985f0f0?s=96&d=mm&r=g\",\"caption\":\"admin\"},\"url\":\"https:\/\/21panorama.com\/index.php\/author\/admin\/\"}]}<\/script>\n<!-- \/ Yoast SEO plugin. -->","yoast_head_json":{"title":"ESTRECHA UAEM\u00c9X COLABORACI\u00d3N CON AYUNTAMIENTO DE TEMASCALTEPEC - 21 Panorama","robots":{"index":"index","follow":"follow","max-snippet":"max-snippet:-1","max-image-preview":"max-image-preview:large","max-video-preview":"max-video-preview:-1"},"canonical":"https:\/\/21panorama.com\/index.php\/2022\/06\/21\/estrecha-uaemex-colaboracion-con-ayuntamiento-de-temascaltepec\/","og_locale":"es_MX","og_type":"article","og_title":"ESTRECHA UAEM\u00c9X COLABORACI\u00d3N CON AYUNTAMIENTO DE TEMASCALTEPEC - 21 Panorama","og_description":"El rector Carlos Eduardo Barrera D\u00edaz y el presidente municipal, Carlos Gonz\u00e1lez Berra, firmaron un convenio general de colaboraci\u00f3n.","og_url":"https:\/\/21panorama.com\/index.php\/2022\/06\/21\/estrecha-uaemex-colaboracion-con-ayuntamiento-de-temascaltepec\/","og_site_name":"21 Panorama","article_published_time":"2022-06-22T01:10:31+00:00","article_modified_time":"2022-06-22T01:10:32+00:00","og_image":[{"width":855,"height":570,"url":"https:\/\/21panorama.com\/wp-content\/uploads\/2022\/06\/5a750888-0c8f-4144-8bcd-3f0a2772542b.jpeg","type":"image\/jpeg"}],"author":"admin","twitter_card":"summary_large_image","twitter_misc":{"Escrito por":"admin","Tiempo de lectura":"3 minutos"},"schema":{"@context":"https:\/\/schema.org","@graph":[{"@type":"Article","@id":"https:\/\/21panorama.com\/index.php\/2022\/06\/21\/estrecha-uaemex-colaboracion-con-ayuntamiento-de-temascaltepec\/#article","isPartOf":{"@id":"https:\/\/21panorama.com\/index.php\/2022\/06\/21\/estrecha-uaemex-colaboracion-con-ayuntamiento-de-temascaltepec\/"},"author":{"name":"admin","@id":"https:\/\/21panorama.com\/#\/schema\/person\/1afc291b96d5792a158768324287319f"},"headline":"ESTRECHA UAEM\u00c9X COLABORACI\u00d3N CON AYUNTAMIENTO DE TEMASCALTEPEC","datePublished":"2022-06-22T01:10:31+00:00","dateModified":"2022-06-22T01:10:32+00:00","mainEntityOfPage":{"@id":"https:\/\/21panorama.com\/index.php\/2022\/06\/21\/estrecha-uaemex-colaboracion-con-ayuntamiento-de-temascaltepec\/"},"wordCount":502,"commentCount":0,"publisher":{"@id":"https:\/\/21panorama.com\/#organization"},"image":{"@id":"https:\/\/21panorama.com\/index.php\/2022\/06\/21\/estrecha-uaemex-colaboracion-con-ayuntamiento-de-temascaltepec\/#primaryimage"},"thumbnailUrl":"https:\/\/21panorama.com\/wp-content\/uploads\/2022\/06\/5a750888-0c8f-4144-8bcd-3f0a2772542b.jpeg","keywords":["UAEM"],"articleSection":["Sociedad"],"inLanguage":"es","potentialAction":[{"@type":"CommentAction","name":"Comment","target":["https:\/\/21panorama.com\/index.php\/2022\/06\/21\/estrecha-uaemex-colaboracion-con-ayuntamiento-de-temascaltepec\/#respond"]}]},{"@type":"WebPage","@id":"https:\/\/21panorama.com\/index.php\/2022\/06\/21\/estrecha-uaemex-colaboracion-con-ayuntamiento-de-temascaltepec\/","url":"https:\/\/21panorama.com\/index.php\/2022\/06\/21\/estrecha-uaemex-colaboracion-con-ayuntamiento-de-temascaltepec\/","name":"ESTRECHA UAEM\u00c9X COLABORACI\u00d3N CON AYUNTAMIENTO DE TEMASCALTEPEC - 21 Panorama","isPartOf":{"@id":"https:\/\/21panorama.com\/#website"},"primaryImageOfPage":{"@id":"https:\/\/21panorama.com\/index.php\/2022\/06\/21\/estrecha-uaemex-colaboracion-con-ayuntamiento-de-temascaltepec\/#primaryimage"},"image":{"@id":"https:\/\/21panorama.com\/index.php\/2022\/06\/21\/estrecha-uaemex-colaboracion-con-ayuntamiento-de-temascaltepec\/#primaryimage"},"thumbnailUrl":"https:\/\/21panorama.com\/wp-content\/uploads\/2022\/06\/5a750888-0c8f-4144-8bcd-3f0a2772542b.jpeg","datePublished":"2022-06-22T01:10:31+00:00","dateModified":"2022-06-22T01:10:32+00:00","breadcrumb":{"@id":"https:\/\/21panorama.com\/index.php\/2022\/06\/21\/estrecha-uaemex-colaboracion-con-ayuntamiento-de-temascaltepec\/#breadcrumb"},"inLanguage":"es","potentialAction":[{"@type":"ReadAction","target":["https:\/\/21panorama.com\/index.php\/2022\/06\/21\/estrecha-uaemex-colaboracion-con-ayuntamiento-de-temascaltepec\/"]}]},{"@type":"ImageObject","inLanguage":"es","@id":"https:\/\/21panorama.com\/index.php\/2022\/06\/21\/estrecha-uaemex-colaboracion-con-ayuntamiento-de-temascaltepec\/#primaryimage","url":"https:\/\/21panorama.com\/wp-content\/uploads\/2022\/06\/5a750888-0c8f-4144-8bcd-3f0a2772542b.jpeg","contentUrl":"https:\/\/21panorama.com\/wp-content\/uploads\/2022\/06\/5a750888-0c8f-4144-8bcd-3f0a2772542b.jpeg","width":855,"height":570},{"@type":"BreadcrumbList","@id":"https:\/\/21panorama.com\/index.php\/2022\/06\/21\/estrecha-uaemex-colaboracion-con-ayuntamiento-de-temascaltepec\/#breadcrumb","itemListElement":[{"@type":"ListItem","position":1,"name":"Inicio","item":"https:\/\/21panorama.com\/"},{"@type":"ListItem","position":2,"name":"ESTRECHA UAEM\u00c9X COLABORACI\u00d3N CON AYUNTAMIENTO DE TEMASCALTEPEC"}]},{"@type":"WebSite","@id":"https:\/\/21panorama.com\/#website","url":"https:\/\/21panorama.com\/","name":"21 Panorama","description":"La construcci\u00f3n de la opini\u00f3n p\u00fablica merece un mejor Panorama en este siglo 21 para alcanzar una sociedad con mayor transparencia y sin corrupci\u00f3n.","publisher":{"@id":"https:\/\/21panorama.com\/#organization"},"potentialAction":[{"@type":"SearchAction","target":{"@type":"EntryPoint","urlTemplate":"https:\/\/21panorama.com\/?s={search_term_string}"},"query-input":{"@type":"PropertyValueSpecification","valueRequired":true,"valueName":"search_term_string"}}],"inLanguage":"es"},{"@type":"Organization","@id":"https:\/\/21panorama.com\/#organization","name":"21 Panorama","url":"https:\/\/21panorama.com\/","logo":{"@type":"ImageObject","inLanguage":"es","@id":"https:\/\/21panorama.com\/#\/schema\/logo\/image\/","url":"https:\/\/21panorama.com\/wp-content\/uploads\/2019\/07\/cropped-Logo-Panorama-01.jpeg","contentUrl":"https:\/\/21panorama.com\/wp-content\/uploads\/2019\/07\/cropped-Logo-Panorama-01.jpeg","width":290,"height":70,"caption":"21 Panorama"},"image":{"@id":"https:\/\/21panorama.com\/#\/schema\/logo\/image\/"}},{"@type":"Person","@id":"https:\/\/21panorama.com\/#\/schema\/person\/1afc291b96d5792a158768324287319f","name":"admin","image":{"@type":"ImageObject","inLanguage":"es","@id":"https:\/\/21panorama.com\/#\/schema\/person\/image\/","url":"https:\/\/secure.gravatar.com\/avatar\/ad365d9d9f46719215b0d042cc3df92a5a8683e09ef13d102233e5491985f0f0?s=96&d=mm&r=g","contentUrl":"https:\/\/secure.gravatar.com\/avatar\/ad365d9d9f46719215b0d042cc3df92a5a8683e09ef13d102233e5491985f0f0?s=96&d=mm&r=g","caption":"admin"},"url":"https:\/\/21panorama.com\/index.php\/author\/admin\/"}]}},"_links":{"self":[{"href":"https:\/\/21panorama.com\/index.php\/wp-json\/wp\/v2\/posts\/3780","targetHints":{"allow":["GET"]}}],"collection":[{"href":"https:\/\/21panorama.com\/index.php\/wp-json\/wp\/v2\/posts"}],"about":[{"href":"https:\/\/21panorama.com\/index.php\/wp-json\/wp\/v2\/types\/post"}],"author":[{"embeddable":true,"href":"https:\/\/21panorama.com\/index.php\/wp-json\/wp\/v2\/users\/1"}],"replies":[{"embeddable":true,"href":"https:\/\/21panorama.com\/index.php\/wp-json\/wp\/v2\/comments?post=3780"}],"version-history":[{"count":1,"href":"https:\/\/21panorama.com\/index.php\/wp-json\/wp\/v2\/posts\/3780\/revisions"}],"predecessor-version":[{"id":3784,"href":"https:\/\/21panorama.com\/index.php\/wp-json\/wp\/v2\/posts\/3780\/revisions\/3784"}],"wp:featuredmedia":[{"embeddable":true,"href":"https:\/\/21panorama.com\/index.php\/wp-json\/wp\/v2\/media\/3781"}],"wp:attachment":[{"href":"https:\/\/21panorama.com\/index.php\/wp-json\/wp\/v2\/media?parent=3780"}],"wp:term":[{"taxonomy":"category","embeddable":true,"href":"https:\/\/21panorama.com\/index.php\/wp-json\/wp\/v2\/categories?post=3780"},{"taxonomy":"post_tag","embeddable":true,"href":"https:\/\/21panorama.com\/index.php\/wp-json\/wp\/v2\/tags?post=3780"}],"curies":[{"name":"wp","href":"https:\/\/api.w.org\/{rel}","templated":true}]}}