{"id":3771,"date":"2022-06-21T20:02:34","date_gmt":"2022-06-22T01:02:34","guid":{"rendered":"https:\/\/21panorama.com\/?p=3771"},"modified":"2022-06-21T20:02:36","modified_gmt":"2022-06-22T01:02:36","slug":"reconocen-talento-innovador-de-estudiantes-uaemex","status":"publish","type":"post","link":"https:\/\/21panorama.com\/index.php\/2022\/06\/21\/reconocen-talento-innovador-de-estudiantes-uaemex\/","title":{"rendered":"RECONOCEN TALENTO INNOVADOR DE ESTUDIANTES UAEM\u00c9X"},"content":{"rendered":"\n<p>La comunidad universitaria est\u00e1 capacitada para proponer soluciones creativas donde otros perciben problemas de dif\u00edcil soluci\u00f3n como lo demuestran las y los ganadores del XX Concurso del Universitario Emprendedor, afirm\u00f3 el rector de la Universidad Aut\u00f3noma del Estado de M\u00e9xico (UAEM\u00e9x), Carlos Eduardo Barrera D\u00edaz, al encabezar la ceremonia de premiaci\u00f3n de este certamen de emprendimiento.<\/p>\n\n\n\n<p>Acompa\u00f1ado del titular de la Secretar\u00eda de Desarrollo Econ\u00f3mico en la entidad, Pablo Peralta Garc\u00eda; la directora del Instituto Mexiquense del Emprendedor, Anahy Ram\u00edrez Vilchis; el director general del Consejo Mexiquense de Ciencia y Tecnolog\u00eda, Bernardo Almaraz Calder\u00f3n; el secretario de Extensi\u00f3n y Vinculaci\u00f3n de la UAEM\u00e9x, Francisco Zepeda Mondrag\u00f3n; el vicepresidente de la Fundaci\u00f3n UAEM\u00e9x, Heberto Guzm\u00e1n G\u00f3mez, y el emprendedor Hugo Ari\u00e1n Mar\u00edn Tapia, el rector de la Aut\u00f3noma mexiquense entreg\u00f3 los premios a los ganadores.<\/p>\n\n\n\n<p>En el Auditorio \u201cIng. Jos\u00e9 Yurrieta Vald\u00e9s\u201d del Edificio Administrativo de la Aut\u00f3noma mexiquense, 18 propuestas -nueve de nivel medio superior y nueve de nivel superior- fueron premiadas con los tres primeros lugares en las categor\u00edas Proyecto Verde, Proyecto Social e Innovaci\u00f3n.<\/p>\n\n\n\n<p>Barrera D\u00edaz reconoci\u00f3 el potencial innovador de los universitarios y el esfuerzo que depositaron en sus proyectos, los cuales, asegur\u00f3, fueron evaluados rigurosamente por el jurado, que busc\u00f3 en ellos pertinencia, viabilidad, innovaci\u00f3n, sustentabilidad e inclusi\u00f3n, principalmente.<\/p>\n\n\n\n<p>\u201cEmprender implica desarrollar la capacidad de planeaci\u00f3n, invertir en tu prop\u00f3sito, persuadir al mercado de las soluciones que ofreces, escuchar a tus clientes y poco a poco, convertirte en un experto y ser el mejor promotor de tus productos, entre otras muchas habilidades y competencias\u201d, extern\u00f3 a la comunidad emprendedora presente.<\/p>\n\n\n\n<p>Carlos Eduardo Barrera D\u00edaz agradeci\u00f3 al Instituto Mexiquense del Emprendedor y a la Fundaci\u00f3n UAEM\u00e9x las contribuciones por 166 mil y 79 mil pesos, respectivamente, para premiar los proyectos ganadores.<\/p>\n\n\n\n<figure class=\"wp-block-gallery columns-2 is-cropped wp-block-gallery-1 is-layout-flex wp-block-gallery-is-layout-flex\"><ul class=\"blocks-gallery-grid\"><li class=\"blocks-gallery-item\"><figure><img decoding=\"async\" width=\"756\" height=\"504\" src=\"https:\/\/21panorama.com\/wp-content\/uploads\/2022\/06\/0f7c0125-eb4c-4d59-9d06-c0eb3e13151d.jpeg\" alt=\"\" data-id=\"3773\" data-link=\"https:\/\/21panorama.com\/?attachment_id=3773\" class=\"wp-image-3773\" srcset=\"https:\/\/21panorama.com\/wp-content\/uploads\/2022\/06\/0f7c0125-eb4c-4d59-9d06-c0eb3e13151d.jpeg 756w, https:\/\/21panorama.com\/wp-content\/uploads\/2022\/06\/0f7c0125-eb4c-4d59-9d06-c0eb3e13151d-300x200.jpeg 300w\" sizes=\"(max-width: 756px) 100vw, 756px\" \/><\/figure><\/li><li class=\"blocks-gallery-item\"><figure><img decoding=\"async\" width=\"784\" height=\"523\" src=\"https:\/\/21panorama.com\/wp-content\/uploads\/2022\/06\/1ece492e-1988-4df2-9dbd-eb681d722aec.jpeg\" alt=\"\" data-id=\"3774\" data-full-url=\"https:\/\/21panorama.com\/wp-content\/uploads\/2022\/06\/1ece492e-1988-4df2-9dbd-eb681d722aec.jpeg\" data-link=\"https:\/\/21panorama.com\/?attachment_id=3774\" class=\"wp-image-3774\" srcset=\"https:\/\/21panorama.com\/wp-content\/uploads\/2022\/06\/1ece492e-1988-4df2-9dbd-eb681d722aec.jpeg 784w, https:\/\/21panorama.com\/wp-content\/uploads\/2022\/06\/1ece492e-1988-4df2-9dbd-eb681d722aec-300x200.jpeg 300w, https:\/\/21panorama.com\/wp-content\/uploads\/2022\/06\/1ece492e-1988-4df2-9dbd-eb681d722aec-768x512.jpeg 768w\" sizes=\"(max-width: 784px) 100vw, 784px\" \/><\/figure><\/li><\/ul><\/figure>\n","protected":false},"excerpt":{"rendered":"<p>El rector de la UAEM\u00e9x, Carlos Eduardo Barrera D\u00edaz, acompa\u00f1ado del Secretario de Desarrollo Econ\u00f3mico, Pablo Peralta Garc\u00eda, encabez\u00f3 la ceremonia de premiaci\u00f3n del XX Concurso del Universitario Emprendedor.<\/p>\n","protected":false},"author":1,"featured_media":3772,"comment_status":"open","ping_status":"open","sticky":false,"template":"","format":"standard","meta":{"footnotes":""},"categories":[1],"tags":[131],"class_list":["post-3771","post","type-post","status-publish","format-standard","has-post-thumbnail","hentry","category-sociedad","tag-uaem"],"yoast_head":"<!-- This site is optimized with the Yoast SEO plugin v24.9 - https:\/\/yoast.com\/wordpress\/plugins\/seo\/ -->\n<title>RECONOCEN TALENTO INNOVADOR DE ESTUDIANTES UAEM\u00c9X - 21 Panorama<\/title>\n<meta name=\"robots\" content=\"index, follow, max-snippet:-1, max-image-preview:large, max-video-preview:-1\" \/>\n<link rel=\"canonical\" href=\"https:\/\/21panorama.com\/index.php\/2022\/06\/21\/reconocen-talento-innovador-de-estudiantes-uaemex\/\" \/>\n<meta property=\"og:locale\" content=\"es_MX\" \/>\n<meta property=\"og:type\" content=\"article\" \/>\n<meta property=\"og:title\" content=\"RECONOCEN TALENTO INNOVADOR DE ESTUDIANTES UAEM\u00c9X - 21 Panorama\" \/>\n<meta property=\"og:description\" content=\"El rector de la UAEM\u00e9x, Carlos Eduardo Barrera D\u00edaz, acompa\u00f1ado del Secretario de Desarrollo Econ\u00f3mico, Pablo Peralta Garc\u00eda, encabez\u00f3 la ceremonia de premiaci\u00f3n del XX Concurso del Universitario Emprendedor.\" \/>\n<meta property=\"og:url\" content=\"https:\/\/21panorama.com\/index.php\/2022\/06\/21\/reconocen-talento-innovador-de-estudiantes-uaemex\/\" \/>\n<meta property=\"og:site_name\" content=\"21 Panorama\" \/>\n<meta property=\"article:published_time\" content=\"2022-06-22T01:02:34+00:00\" \/>\n<meta property=\"article:modified_time\" content=\"2022-06-22T01:02:36+00:00\" \/>\n<meta property=\"og:image\" content=\"https:\/\/21panorama.com\/wp-content\/uploads\/2022\/06\/ec04d4dc-7a9e-47ea-97df-990df9595cf7.jpeg\" \/>\n\t<meta property=\"og:image:width\" content=\"711\" \/>\n\t<meta property=\"og:image:height\" content=\"474\" \/>\n\t<meta property=\"og:image:type\" content=\"image\/jpeg\" \/>\n<meta name=\"author\" content=\"admin\" \/>\n<meta name=\"twitter:card\" content=\"summary_large_image\" \/>\n<meta name=\"twitter:label1\" content=\"Escrito por\" \/>\n\t<meta name=\"twitter:data1\" content=\"admin\" \/>\n\t<meta name=\"twitter:label2\" content=\"Tiempo de lectura\" \/>\n\t<meta name=\"twitter:data2\" content=\"2 minutos\" \/>\n<script type=\"application\/ld+json\" class=\"yoast-schema-graph\">{\"@context\":\"https:\/\/schema.org\",\"@graph\":[{\"@type\":\"Article\",\"@id\":\"https:\/\/21panorama.com\/index.php\/2022\/06\/21\/reconocen-talento-innovador-de-estudiantes-uaemex\/#article\",\"isPartOf\":{\"@id\":\"https:\/\/21panorama.com\/index.php\/2022\/06\/21\/reconocen-talento-innovador-de-estudiantes-uaemex\/\"},\"author\":{\"name\":\"admin\",\"@id\":\"https:\/\/21panorama.com\/#\/schema\/person\/1afc291b96d5792a158768324287319f\"},\"headline\":\"RECONOCEN TALENTO INNOVADOR DE ESTUDIANTES UAEM\u00c9X\",\"datePublished\":\"2022-06-22T01:02:34+00:00\",\"dateModified\":\"2022-06-22T01:02:36+00:00\",\"mainEntityOfPage\":{\"@id\":\"https:\/\/21panorama.com\/index.php\/2022\/06\/21\/reconocen-talento-innovador-de-estudiantes-uaemex\/\"},\"wordCount\":335,\"commentCount\":0,\"publisher\":{\"@id\":\"https:\/\/21panorama.com\/#organization\"},\"image\":{\"@id\":\"https:\/\/21panorama.com\/index.php\/2022\/06\/21\/reconocen-talento-innovador-de-estudiantes-uaemex\/#primaryimage\"},\"thumbnailUrl\":\"https:\/\/21panorama.com\/wp-content\/uploads\/2022\/06\/ec04d4dc-7a9e-47ea-97df-990df9595cf7.jpeg\",\"keywords\":[\"UAEM\"],\"articleSection\":[\"Sociedad\"],\"inLanguage\":\"es\",\"potentialAction\":[{\"@type\":\"CommentAction\",\"name\":\"Comment\",\"target\":[\"https:\/\/21panorama.com\/index.php\/2022\/06\/21\/reconocen-talento-innovador-de-estudiantes-uaemex\/#respond\"]}]},{\"@type\":\"WebPage\",\"@id\":\"https:\/\/21panorama.com\/index.php\/2022\/06\/21\/reconocen-talento-innovador-de-estudiantes-uaemex\/\",\"url\":\"https:\/\/21panorama.com\/index.php\/2022\/06\/21\/reconocen-talento-innovador-de-estudiantes-uaemex\/\",\"name\":\"RECONOCEN TALENTO INNOVADOR DE ESTUDIANTES UAEM\u00c9X - 21 Panorama\",\"isPartOf\":{\"@id\":\"https:\/\/21panorama.com\/#website\"},\"primaryImageOfPage\":{\"@id\":\"https:\/\/21panorama.com\/index.php\/2022\/06\/21\/reconocen-talento-innovador-de-estudiantes-uaemex\/#primaryimage\"},\"image\":{\"@id\":\"https:\/\/21panorama.com\/index.php\/2022\/06\/21\/reconocen-talento-innovador-de-estudiantes-uaemex\/#primaryimage\"},\"thumbnailUrl\":\"https:\/\/21panorama.com\/wp-content\/uploads\/2022\/06\/ec04d4dc-7a9e-47ea-97df-990df9595cf7.jpeg\",\"datePublished\":\"2022-06-22T01:02:34+00:00\",\"dateModified\":\"2022-06-22T01:02:36+00:00\",\"breadcrumb\":{\"@id\":\"https:\/\/21panorama.com\/index.php\/2022\/06\/21\/reconocen-talento-innovador-de-estudiantes-uaemex\/#breadcrumb\"},\"inLanguage\":\"es\",\"potentialAction\":[{\"@type\":\"ReadAction\",\"target\":[\"https:\/\/21panorama.com\/index.php\/2022\/06\/21\/reconocen-talento-innovador-de-estudiantes-uaemex\/\"]}]},{\"@type\":\"ImageObject\",\"inLanguage\":\"es\",\"@id\":\"https:\/\/21panorama.com\/index.php\/2022\/06\/21\/reconocen-talento-innovador-de-estudiantes-uaemex\/#primaryimage\",\"url\":\"https:\/\/21panorama.com\/wp-content\/uploads\/2022\/06\/ec04d4dc-7a9e-47ea-97df-990df9595cf7.jpeg\",\"contentUrl\":\"https:\/\/21panorama.com\/wp-content\/uploads\/2022\/06\/ec04d4dc-7a9e-47ea-97df-990df9595cf7.jpeg\",\"width\":711,\"height\":474},{\"@type\":\"BreadcrumbList\",\"@id\":\"https:\/\/21panorama.com\/index.php\/2022\/06\/21\/reconocen-talento-innovador-de-estudiantes-uaemex\/#breadcrumb\",\"itemListElement\":[{\"@type\":\"ListItem\",\"position\":1,\"name\":\"Inicio\",\"item\":\"https:\/\/21panorama.com\/\"},{\"@type\":\"ListItem\",\"position\":2,\"name\":\"RECONOCEN TALENTO INNOVADOR DE ESTUDIANTES UAEM\u00c9X\"}]},{\"@type\":\"WebSite\",\"@id\":\"https:\/\/21panorama.com\/#website\",\"url\":\"https:\/\/21panorama.com\/\",\"name\":\"21 Panorama\",\"description\":\"La construcci\u00f3n de la opini\u00f3n p\u00fablica merece un mejor Panorama en este siglo 21 para alcanzar una sociedad con mayor transparencia y sin corrupci\u00f3n.\",\"publisher\":{\"@id\":\"https:\/\/21panorama.com\/#organization\"},\"potentialAction\":[{\"@type\":\"SearchAction\",\"target\":{\"@type\":\"EntryPoint\",\"urlTemplate\":\"https:\/\/21panorama.com\/?s={search_term_string}\"},\"query-input\":{\"@type\":\"PropertyValueSpecification\",\"valueRequired\":true,\"valueName\":\"search_term_string\"}}],\"inLanguage\":\"es\"},{\"@type\":\"Organization\",\"@id\":\"https:\/\/21panorama.com\/#organization\",\"name\":\"21 Panorama\",\"url\":\"https:\/\/21panorama.com\/\",\"logo\":{\"@type\":\"ImageObject\",\"inLanguage\":\"es\",\"@id\":\"https:\/\/21panorama.com\/#\/schema\/logo\/image\/\",\"url\":\"https:\/\/21panorama.com\/wp-content\/uploads\/2019\/07\/cropped-Logo-Panorama-01.jpeg\",\"contentUrl\":\"https:\/\/21panorama.com\/wp-content\/uploads\/2019\/07\/cropped-Logo-Panorama-01.jpeg\",\"width\":290,\"height\":70,\"caption\":\"21 Panorama\"},\"image\":{\"@id\":\"https:\/\/21panorama.com\/#\/schema\/logo\/image\/\"}},{\"@type\":\"Person\",\"@id\":\"https:\/\/21panorama.com\/#\/schema\/person\/1afc291b96d5792a158768324287319f\",\"name\":\"admin\",\"image\":{\"@type\":\"ImageObject\",\"inLanguage\":\"es\",\"@id\":\"https:\/\/21panorama.com\/#\/schema\/person\/image\/\",\"url\":\"https:\/\/secure.gravatar.com\/avatar\/ad365d9d9f46719215b0d042cc3df92a5a8683e09ef13d102233e5491985f0f0?s=96&d=mm&r=g\",\"contentUrl\":\"https:\/\/secure.gravatar.com\/avatar\/ad365d9d9f46719215b0d042cc3df92a5a8683e09ef13d102233e5491985f0f0?s=96&d=mm&r=g\",\"caption\":\"admin\"},\"url\":\"https:\/\/21panorama.com\/index.php\/author\/admin\/\"}]}<\/script>\n<!-- \/ Yoast SEO plugin. -->","yoast_head_json":{"title":"RECONOCEN TALENTO INNOVADOR DE ESTUDIANTES UAEM\u00c9X - 21 Panorama","robots":{"index":"index","follow":"follow","max-snippet":"max-snippet:-1","max-image-preview":"max-image-preview:large","max-video-preview":"max-video-preview:-1"},"canonical":"https:\/\/21panorama.com\/index.php\/2022\/06\/21\/reconocen-talento-innovador-de-estudiantes-uaemex\/","og_locale":"es_MX","og_type":"article","og_title":"RECONOCEN TALENTO INNOVADOR DE ESTUDIANTES UAEM\u00c9X - 21 Panorama","og_description":"El rector de la UAEM\u00e9x, Carlos Eduardo Barrera D\u00edaz, acompa\u00f1ado del Secretario de Desarrollo Econ\u00f3mico, Pablo Peralta Garc\u00eda, encabez\u00f3 la ceremonia de premiaci\u00f3n del XX Concurso del Universitario Emprendedor.","og_url":"https:\/\/21panorama.com\/index.php\/2022\/06\/21\/reconocen-talento-innovador-de-estudiantes-uaemex\/","og_site_name":"21 Panorama","article_published_time":"2022-06-22T01:02:34+00:00","article_modified_time":"2022-06-22T01:02:36+00:00","og_image":[{"width":711,"height":474,"url":"https:\/\/21panorama.com\/wp-content\/uploads\/2022\/06\/ec04d4dc-7a9e-47ea-97df-990df9595cf7.jpeg","type":"image\/jpeg"}],"author":"admin","twitter_card":"summary_large_image","twitter_misc":{"Escrito por":"admin","Tiempo de lectura":"2 minutos"},"schema":{"@context":"https:\/\/schema.org","@graph":[{"@type":"Article","@id":"https:\/\/21panorama.com\/index.php\/2022\/06\/21\/reconocen-talento-innovador-de-estudiantes-uaemex\/#article","isPartOf":{"@id":"https:\/\/21panorama.com\/index.php\/2022\/06\/21\/reconocen-talento-innovador-de-estudiantes-uaemex\/"},"author":{"name":"admin","@id":"https:\/\/21panorama.com\/#\/schema\/person\/1afc291b96d5792a158768324287319f"},"headline":"RECONOCEN TALENTO INNOVADOR DE ESTUDIANTES UAEM\u00c9X","datePublished":"2022-06-22T01:02:34+00:00","dateModified":"2022-06-22T01:02:36+00:00","mainEntityOfPage":{"@id":"https:\/\/21panorama.com\/index.php\/2022\/06\/21\/reconocen-talento-innovador-de-estudiantes-uaemex\/"},"wordCount":335,"commentCount":0,"publisher":{"@id":"https:\/\/21panorama.com\/#organization"},"image":{"@id":"https:\/\/21panorama.com\/index.php\/2022\/06\/21\/reconocen-talento-innovador-de-estudiantes-uaemex\/#primaryimage"},"thumbnailUrl":"https:\/\/21panorama.com\/wp-content\/uploads\/2022\/06\/ec04d4dc-7a9e-47ea-97df-990df9595cf7.jpeg","keywords":["UAEM"],"articleSection":["Sociedad"],"inLanguage":"es","potentialAction":[{"@type":"CommentAction","name":"Comment","target":["https:\/\/21panorama.com\/index.php\/2022\/06\/21\/reconocen-talento-innovador-de-estudiantes-uaemex\/#respond"]}]},{"@type":"WebPage","@id":"https:\/\/21panorama.com\/index.php\/2022\/06\/21\/reconocen-talento-innovador-de-estudiantes-uaemex\/","url":"https:\/\/21panorama.com\/index.php\/2022\/06\/21\/reconocen-talento-innovador-de-estudiantes-uaemex\/","name":"RECONOCEN TALENTO INNOVADOR DE ESTUDIANTES UAEM\u00c9X - 21 Panorama","isPartOf":{"@id":"https:\/\/21panorama.com\/#website"},"primaryImageOfPage":{"@id":"https:\/\/21panorama.com\/index.php\/2022\/06\/21\/reconocen-talento-innovador-de-estudiantes-uaemex\/#primaryimage"},"image":{"@id":"https:\/\/21panorama.com\/index.php\/2022\/06\/21\/reconocen-talento-innovador-de-estudiantes-uaemex\/#primaryimage"},"thumbnailUrl":"https:\/\/21panorama.com\/wp-content\/uploads\/2022\/06\/ec04d4dc-7a9e-47ea-97df-990df9595cf7.jpeg","datePublished":"2022-06-22T01:02:34+00:00","dateModified":"2022-06-22T01:02:36+00:00","breadcrumb":{"@id":"https:\/\/21panorama.com\/index.php\/2022\/06\/21\/reconocen-talento-innovador-de-estudiantes-uaemex\/#breadcrumb"},"inLanguage":"es","potentialAction":[{"@type":"ReadAction","target":["https:\/\/21panorama.com\/index.php\/2022\/06\/21\/reconocen-talento-innovador-de-estudiantes-uaemex\/"]}]},{"@type":"ImageObject","inLanguage":"es","@id":"https:\/\/21panorama.com\/index.php\/2022\/06\/21\/reconocen-talento-innovador-de-estudiantes-uaemex\/#primaryimage","url":"https:\/\/21panorama.com\/wp-content\/uploads\/2022\/06\/ec04d4dc-7a9e-47ea-97df-990df9595cf7.jpeg","contentUrl":"https:\/\/21panorama.com\/wp-content\/uploads\/2022\/06\/ec04d4dc-7a9e-47ea-97df-990df9595cf7.jpeg","width":711,"height":474},{"@type":"BreadcrumbList","@id":"https:\/\/21panorama.com\/index.php\/2022\/06\/21\/reconocen-talento-innovador-de-estudiantes-uaemex\/#breadcrumb","itemListElement":[{"@type":"ListItem","position":1,"name":"Inicio","item":"https:\/\/21panorama.com\/"},{"@type":"ListItem","position":2,"name":"RECONOCEN TALENTO INNOVADOR DE ESTUDIANTES UAEM\u00c9X"}]},{"@type":"WebSite","@id":"https:\/\/21panorama.com\/#website","url":"https:\/\/21panorama.com\/","name":"21 Panorama","description":"La construcci\u00f3n de la opini\u00f3n p\u00fablica merece un mejor Panorama en este siglo 21 para alcanzar una sociedad con mayor transparencia y sin corrupci\u00f3n.","publisher":{"@id":"https:\/\/21panorama.com\/#organization"},"potentialAction":[{"@type":"SearchAction","target":{"@type":"EntryPoint","urlTemplate":"https:\/\/21panorama.com\/?s={search_term_string}"},"query-input":{"@type":"PropertyValueSpecification","valueRequired":true,"valueName":"search_term_string"}}],"inLanguage":"es"},{"@type":"Organization","@id":"https:\/\/21panorama.com\/#organization","name":"21 Panorama","url":"https:\/\/21panorama.com\/","logo":{"@type":"ImageObject","inLanguage":"es","@id":"https:\/\/21panorama.com\/#\/schema\/logo\/image\/","url":"https:\/\/21panorama.com\/wp-content\/uploads\/2019\/07\/cropped-Logo-Panorama-01.jpeg","contentUrl":"https:\/\/21panorama.com\/wp-content\/uploads\/2019\/07\/cropped-Logo-Panorama-01.jpeg","width":290,"height":70,"caption":"21 Panorama"},"image":{"@id":"https:\/\/21panorama.com\/#\/schema\/logo\/image\/"}},{"@type":"Person","@id":"https:\/\/21panorama.com\/#\/schema\/person\/1afc291b96d5792a158768324287319f","name":"admin","image":{"@type":"ImageObject","inLanguage":"es","@id":"https:\/\/21panorama.com\/#\/schema\/person\/image\/","url":"https:\/\/secure.gravatar.com\/avatar\/ad365d9d9f46719215b0d042cc3df92a5a8683e09ef13d102233e5491985f0f0?s=96&d=mm&r=g","contentUrl":"https:\/\/secure.gravatar.com\/avatar\/ad365d9d9f46719215b0d042cc3df92a5a8683e09ef13d102233e5491985f0f0?s=96&d=mm&r=g","caption":"admin"},"url":"https:\/\/21panorama.com\/index.php\/author\/admin\/"}]}},"_links":{"self":[{"href":"https:\/\/21panorama.com\/index.php\/wp-json\/wp\/v2\/posts\/3771","targetHints":{"allow":["GET"]}}],"collection":[{"href":"https:\/\/21panorama.com\/index.php\/wp-json\/wp\/v2\/posts"}],"about":[{"href":"https:\/\/21panorama.com\/index.php\/wp-json\/wp\/v2\/types\/post"}],"author":[{"embeddable":true,"href":"https:\/\/21panorama.com\/index.php\/wp-json\/wp\/v2\/users\/1"}],"replies":[{"embeddable":true,"href":"https:\/\/21panorama.com\/index.php\/wp-json\/wp\/v2\/comments?post=3771"}],"version-history":[{"count":1,"href":"https:\/\/21panorama.com\/index.php\/wp-json\/wp\/v2\/posts\/3771\/revisions"}],"predecessor-version":[{"id":3775,"href":"https:\/\/21panorama.com\/index.php\/wp-json\/wp\/v2\/posts\/3771\/revisions\/3775"}],"wp:featuredmedia":[{"embeddable":true,"href":"https:\/\/21panorama.com\/index.php\/wp-json\/wp\/v2\/media\/3772"}],"wp:attachment":[{"href":"https:\/\/21panorama.com\/index.php\/wp-json\/wp\/v2\/media?parent=3771"}],"wp:term":[{"taxonomy":"category","embeddable":true,"href":"https:\/\/21panorama.com\/index.php\/wp-json\/wp\/v2\/categories?post=3771"},{"taxonomy":"post_tag","embeddable":true,"href":"https:\/\/21panorama.com\/index.php\/wp-json\/wp\/v2\/tags?post=3771"}],"curies":[{"name":"wp","href":"https:\/\/api.w.org\/{rel}","templated":true}]}}