{"id":3757,"date":"2022-06-21T09:27:55","date_gmt":"2022-06-21T14:27:55","guid":{"rendered":"https:\/\/21panorama.com\/?p=3757"},"modified":"2022-06-21T09:27:57","modified_gmt":"2022-06-21T14:27:57","slug":"investigacion-socialmente-pertinente-proposito-de-la-uaemex-cebd","status":"publish","type":"post","link":"https:\/\/21panorama.com\/index.php\/2022\/06\/21\/investigacion-socialmente-pertinente-proposito-de-la-uaemex-cebd\/","title":{"rendered":"Investigaci\u00f3n socialmente pertinente, prop\u00f3sito de la UAEM\u00e9x: CEBD"},"content":{"rendered":"\n<p>Es importante seguir realizando investigaci\u00f3n socialmente pertinente, en cuerpos acad\u00e9micos sobre estudios regionales; fisiolog\u00eda y protecci\u00f3n social sostenible; an\u00e1lisis, rescate y aprovechamiento de recursos locales, y conservaci\u00f3n y manejo de recursos bi\u00f3ticos y culturales, enfatiz\u00f3 el rector de la Universidad Aut\u00f3noma del Estado de M\u00e9xico (UAEM\u00e9x), Carlos Eduardo Barrera D\u00edaz, al encabezar la lectura del cuarto informe de actividades del director del Centro Universitario UAEM Tenancingo, Sotero Aguilar Medel.<\/p>\n\n\n\n<p>En este evento, en el que se dio cita el presidente municipal de Tenancingo, H\u00e9ctor Gordillo S\u00e1nchez, el rector resalt\u00f3 que durante el periodo de gesti\u00f3n (2018-2022) del director de este espacio universitario fen\u00f3menos externos de diversa \u00edndole afectaron la vida institucional y se tuvieron que dejar de hacer muchas cosas, pero tambi\u00e9n se particip\u00f3 de nuevos aprendizajes: innovadores usos para los dispositivos que ya conoc\u00edamos y nuevos lazos de solidaridad y acompa\u00f1amiento desde la distancia.<\/p>\n\n\n\n<p>Subray\u00f3 que en el periodo 2022 hubo un incremento de 34 por ciento en la matr\u00edcula de este espacio universitario y que se contin\u00faa con los trabajos de reconstrucci\u00f3n, reestructuraci\u00f3n, mantenimiento preventivo y correctivo e infraestructura de seguridad y educativa para todo el centro universitario, particularmente del hist\u00f3rico casco de la ex hacienda.<\/p>\n\n\n\n<p>Por otra parte, consider\u00f3, es un gran orgullo saber que los cinco programas educativos de estudios profesionales que se imparten en el Centro cuentan con certificaci\u00f3n de calidad, lo cual da una garant\u00eda a quienes conf\u00edan en nuestra alma m\u00e1ter para formarse como profesionistas y como ciudadanos.<\/p>\n\n\n\n<p>No menos importante es saber, dijo Carlos Eduardo Barrera D\u00edaz, que hace unos d\u00edas la Asociaci\u00f3n para la Acreditaci\u00f3n y la Certificaci\u00f3n de las Ciencias Sociales otorg\u00f3, por segunda vez, la acreditaci\u00f3n de calidad a la Licenciatura en Arqueolog\u00eda y que una profesora y dos egresados de esta carrera participan en los trabajos arqueol\u00f3gicos y muse\u00edsticos que el Gobierno de M\u00e9xico lleva a cabo en la zona aleda\u00f1a al Aeropuerto Internacional Felipe \u00c1ngeles.<\/p>\n\n\n\n<p>Sotero Aguilar Medel refiri\u00f3 que en el inicio de esta administraci\u00f3n se propusieron grandes retos, tanto en el \u00e1mbito acad\u00e9mico, como de infraestructura. \u201cEn el \u00e1mbito acad\u00e9mico nos propusimos mejorar la calidad de las cinco licenciaturas, por lo que se trabaj\u00f3 intensamente, logrando, a la fecha, la reacreditaci\u00f3n de tres de ellas, mientras que dos est\u00e1n en proceso de reacreditaci\u00f3n.<\/p>\n\n\n\n<p>En el \u00e1mbito de infraestructura, inform\u00f3, ten\u00edamos muy presente que nos correspond\u00eda hacer las gestiones para la reconstrucci\u00f3n de cuatro inmuebles severamente afectados por el sismo de septiembre de 2017. De los cuatro, tres se reconstruyeron al 100 por ciento y solo falt\u00f3 concluir la reconstrucci\u00f3n del casco de la ex hacienda, inmueble emblem\u00e1tico de 200 a\u00f1os, muy importante para el Centro Universitario y para la UAEM\u00e9x, y que presenta un avance de 50 por ciento en su reconstrucci\u00f3n.<\/p>\n\n\n\n<p>En infraestructura, refiri\u00f3, se logr\u00f3 ir m\u00e1s all\u00e1 de lo propuesto, ya que se gestion\u00f3 con el ayuntamiento de Tenancingo la construcci\u00f3n de 1.5 kil\u00f3metros de ciclov\u00eda, que no solo benefician a la comunidad UAEM\u00e9x, sino tambi\u00e9n a las instituciones vecinas y a la poblaci\u00f3n en general; asimismo, se est\u00e1 construyendo la techumbre del \u00e1rea deportiva, con recursos de la administraci\u00f3n municipal 2022-2024, encabezada por el presidente H\u00e9ctor Gordillo S\u00e1nchez y pr\u00f3ximamente se iniciar\u00e1 la pavimentaci\u00f3n del acceso al Centro Universitario.<\/p>\n\n\n\n<figure class=\"wp-block-gallery columns-2 is-cropped wp-block-gallery-1 is-layout-flex wp-block-gallery-is-layout-flex\"><ul class=\"blocks-gallery-grid\"><li class=\"blocks-gallery-item\"><figure><img decoding=\"async\" width=\"884\" height=\"590\" src=\"https:\/\/21panorama.com\/wp-content\/uploads\/2022\/06\/e685a707-5034-414e-86ac-c9e8f28515aa.jpeg\" alt=\"\" data-id=\"3759\" data-link=\"https:\/\/21panorama.com\/?attachment_id=3759\" class=\"wp-image-3759\" srcset=\"https:\/\/21panorama.com\/wp-content\/uploads\/2022\/06\/e685a707-5034-414e-86ac-c9e8f28515aa.jpeg 884w, https:\/\/21panorama.com\/wp-content\/uploads\/2022\/06\/e685a707-5034-414e-86ac-c9e8f28515aa-300x200.jpeg 300w, https:\/\/21panorama.com\/wp-content\/uploads\/2022\/06\/e685a707-5034-414e-86ac-c9e8f28515aa-768x513.jpeg 768w\" sizes=\"(max-width: 884px) 100vw, 884px\" \/><\/figure><\/li><li class=\"blocks-gallery-item\"><figure><img decoding=\"async\" width=\"788\" height=\"525\" src=\"https:\/\/21panorama.com\/wp-content\/uploads\/2022\/06\/2a617cae-93ac-47b8-b36e-42063cb096c7.jpeg\" alt=\"\" data-id=\"3760\" data-full-url=\"https:\/\/21panorama.com\/wp-content\/uploads\/2022\/06\/2a617cae-93ac-47b8-b36e-42063cb096c7.jpeg\" data-link=\"https:\/\/21panorama.com\/?attachment_id=3760\" class=\"wp-image-3760\" srcset=\"https:\/\/21panorama.com\/wp-content\/uploads\/2022\/06\/2a617cae-93ac-47b8-b36e-42063cb096c7.jpeg 788w, https:\/\/21panorama.com\/wp-content\/uploads\/2022\/06\/2a617cae-93ac-47b8-b36e-42063cb096c7-300x200.jpeg 300w, https:\/\/21panorama.com\/wp-content\/uploads\/2022\/06\/2a617cae-93ac-47b8-b36e-42063cb096c7-768x512.jpeg 768w\" sizes=\"(max-width: 788px) 100vw, 788px\" \/><\/figure><\/li><\/ul><\/figure>\n","protected":false},"excerpt":{"rendered":"<p>El rector de la Universidad Aut\u00f3noma del Estado de M\u00e9xico, Carlos Eduardo Barrera D\u00edaz, encabez\u00f3 la lectura del cuarto informe de actividades del director del Centro Universitario UAEM Tenancingo, Sotero Aguilar Medel.<\/p>\n","protected":false},"author":1,"featured_media":3758,"comment_status":"open","ping_status":"open","sticky":false,"template":"","format":"standard","meta":{"footnotes":""},"categories":[1],"tags":[131],"class_list":["post-3757","post","type-post","status-publish","format-standard","has-post-thumbnail","hentry","category-sociedad","tag-uaem"],"yoast_head":"<!-- This site is optimized with the Yoast SEO plugin v24.9 - https:\/\/yoast.com\/wordpress\/plugins\/seo\/ -->\n<title>Investigaci\u00f3n socialmente pertinente, prop\u00f3sito de la UAEM\u00e9x: CEBD - 21 Panorama<\/title>\n<meta name=\"robots\" content=\"index, follow, max-snippet:-1, max-image-preview:large, max-video-preview:-1\" \/>\n<link rel=\"canonical\" href=\"https:\/\/21panorama.com\/index.php\/2022\/06\/21\/investigacion-socialmente-pertinente-proposito-de-la-uaemex-cebd\/\" \/>\n<meta property=\"og:locale\" content=\"es_MX\" \/>\n<meta property=\"og:type\" content=\"article\" \/>\n<meta property=\"og:title\" content=\"Investigaci\u00f3n socialmente pertinente, prop\u00f3sito de la UAEM\u00e9x: CEBD - 21 Panorama\" \/>\n<meta property=\"og:description\" content=\"El rector de la Universidad Aut\u00f3noma del Estado de M\u00e9xico, Carlos Eduardo Barrera D\u00edaz, encabez\u00f3 la lectura del cuarto informe de actividades del director del Centro Universitario UAEM Tenancingo, Sotero Aguilar Medel.\" \/>\n<meta property=\"og:url\" content=\"https:\/\/21panorama.com\/index.php\/2022\/06\/21\/investigacion-socialmente-pertinente-proposito-de-la-uaemex-cebd\/\" \/>\n<meta property=\"og:site_name\" content=\"21 Panorama\" \/>\n<meta property=\"article:published_time\" content=\"2022-06-21T14:27:55+00:00\" \/>\n<meta property=\"article:modified_time\" content=\"2022-06-21T14:27:57+00:00\" \/>\n<meta property=\"og:image\" content=\"https:\/\/21panorama.com\/wp-content\/uploads\/2022\/06\/cb27fcb0-d333-4b7a-979c-88b0ff50988d.jpeg\" \/>\n\t<meta property=\"og:image:width\" content=\"921\" \/>\n\t<meta property=\"og:image:height\" content=\"613\" \/>\n\t<meta property=\"og:image:type\" content=\"image\/jpeg\" \/>\n<meta name=\"author\" content=\"admin\" \/>\n<meta name=\"twitter:card\" content=\"summary_large_image\" \/>\n<meta name=\"twitter:label1\" content=\"Escrito por\" \/>\n\t<meta name=\"twitter:data1\" content=\"admin\" \/>\n\t<meta name=\"twitter:label2\" content=\"Tiempo de lectura\" \/>\n\t<meta name=\"twitter:data2\" content=\"3 minutos\" \/>\n<script type=\"application\/ld+json\" class=\"yoast-schema-graph\">{\"@context\":\"https:\/\/schema.org\",\"@graph\":[{\"@type\":\"Article\",\"@id\":\"https:\/\/21panorama.com\/index.php\/2022\/06\/21\/investigacion-socialmente-pertinente-proposito-de-la-uaemex-cebd\/#article\",\"isPartOf\":{\"@id\":\"https:\/\/21panorama.com\/index.php\/2022\/06\/21\/investigacion-socialmente-pertinente-proposito-de-la-uaemex-cebd\/\"},\"author\":{\"name\":\"admin\",\"@id\":\"https:\/\/21panorama.com\/#\/schema\/person\/1afc291b96d5792a158768324287319f\"},\"headline\":\"Investigaci\u00f3n socialmente pertinente, prop\u00f3sito de la UAEM\u00e9x: CEBD\",\"datePublished\":\"2022-06-21T14:27:55+00:00\",\"dateModified\":\"2022-06-21T14:27:57+00:00\",\"mainEntityOfPage\":{\"@id\":\"https:\/\/21panorama.com\/index.php\/2022\/06\/21\/investigacion-socialmente-pertinente-proposito-de-la-uaemex-cebd\/\"},\"wordCount\":606,\"commentCount\":0,\"publisher\":{\"@id\":\"https:\/\/21panorama.com\/#organization\"},\"image\":{\"@id\":\"https:\/\/21panorama.com\/index.php\/2022\/06\/21\/investigacion-socialmente-pertinente-proposito-de-la-uaemex-cebd\/#primaryimage\"},\"thumbnailUrl\":\"https:\/\/21panorama.com\/wp-content\/uploads\/2022\/06\/cb27fcb0-d333-4b7a-979c-88b0ff50988d.jpeg\",\"keywords\":[\"UAEM\"],\"articleSection\":[\"Sociedad\"],\"inLanguage\":\"es\",\"potentialAction\":[{\"@type\":\"CommentAction\",\"name\":\"Comment\",\"target\":[\"https:\/\/21panorama.com\/index.php\/2022\/06\/21\/investigacion-socialmente-pertinente-proposito-de-la-uaemex-cebd\/#respond\"]}]},{\"@type\":\"WebPage\",\"@id\":\"https:\/\/21panorama.com\/index.php\/2022\/06\/21\/investigacion-socialmente-pertinente-proposito-de-la-uaemex-cebd\/\",\"url\":\"https:\/\/21panorama.com\/index.php\/2022\/06\/21\/investigacion-socialmente-pertinente-proposito-de-la-uaemex-cebd\/\",\"name\":\"Investigaci\u00f3n socialmente pertinente, prop\u00f3sito de la UAEM\u00e9x: CEBD - 21 Panorama\",\"isPartOf\":{\"@id\":\"https:\/\/21panorama.com\/#website\"},\"primaryImageOfPage\":{\"@id\":\"https:\/\/21panorama.com\/index.php\/2022\/06\/21\/investigacion-socialmente-pertinente-proposito-de-la-uaemex-cebd\/#primaryimage\"},\"image\":{\"@id\":\"https:\/\/21panorama.com\/index.php\/2022\/06\/21\/investigacion-socialmente-pertinente-proposito-de-la-uaemex-cebd\/#primaryimage\"},\"thumbnailUrl\":\"https:\/\/21panorama.com\/wp-content\/uploads\/2022\/06\/cb27fcb0-d333-4b7a-979c-88b0ff50988d.jpeg\",\"datePublished\":\"2022-06-21T14:27:55+00:00\",\"dateModified\":\"2022-06-21T14:27:57+00:00\",\"breadcrumb\":{\"@id\":\"https:\/\/21panorama.com\/index.php\/2022\/06\/21\/investigacion-socialmente-pertinente-proposito-de-la-uaemex-cebd\/#breadcrumb\"},\"inLanguage\":\"es\",\"potentialAction\":[{\"@type\":\"ReadAction\",\"target\":[\"https:\/\/21panorama.com\/index.php\/2022\/06\/21\/investigacion-socialmente-pertinente-proposito-de-la-uaemex-cebd\/\"]}]},{\"@type\":\"ImageObject\",\"inLanguage\":\"es\",\"@id\":\"https:\/\/21panorama.com\/index.php\/2022\/06\/21\/investigacion-socialmente-pertinente-proposito-de-la-uaemex-cebd\/#primaryimage\",\"url\":\"https:\/\/21panorama.com\/wp-content\/uploads\/2022\/06\/cb27fcb0-d333-4b7a-979c-88b0ff50988d.jpeg\",\"contentUrl\":\"https:\/\/21panorama.com\/wp-content\/uploads\/2022\/06\/cb27fcb0-d333-4b7a-979c-88b0ff50988d.jpeg\",\"width\":921,\"height\":613},{\"@type\":\"BreadcrumbList\",\"@id\":\"https:\/\/21panorama.com\/index.php\/2022\/06\/21\/investigacion-socialmente-pertinente-proposito-de-la-uaemex-cebd\/#breadcrumb\",\"itemListElement\":[{\"@type\":\"ListItem\",\"position\":1,\"name\":\"Inicio\",\"item\":\"https:\/\/21panorama.com\/\"},{\"@type\":\"ListItem\",\"position\":2,\"name\":\"Investigaci\u00f3n socialmente pertinente, prop\u00f3sito de la UAEM\u00e9x: CEBD\"}]},{\"@type\":\"WebSite\",\"@id\":\"https:\/\/21panorama.com\/#website\",\"url\":\"https:\/\/21panorama.com\/\",\"name\":\"21 Panorama\",\"description\":\"La construcci\u00f3n de la opini\u00f3n p\u00fablica merece un mejor Panorama en este siglo 21 para alcanzar una sociedad con mayor transparencia y sin corrupci\u00f3n.\",\"publisher\":{\"@id\":\"https:\/\/21panorama.com\/#organization\"},\"potentialAction\":[{\"@type\":\"SearchAction\",\"target\":{\"@type\":\"EntryPoint\",\"urlTemplate\":\"https:\/\/21panorama.com\/?s={search_term_string}\"},\"query-input\":{\"@type\":\"PropertyValueSpecification\",\"valueRequired\":true,\"valueName\":\"search_term_string\"}}],\"inLanguage\":\"es\"},{\"@type\":\"Organization\",\"@id\":\"https:\/\/21panorama.com\/#organization\",\"name\":\"21 Panorama\",\"url\":\"https:\/\/21panorama.com\/\",\"logo\":{\"@type\":\"ImageObject\",\"inLanguage\":\"es\",\"@id\":\"https:\/\/21panorama.com\/#\/schema\/logo\/image\/\",\"url\":\"https:\/\/21panorama.com\/wp-content\/uploads\/2019\/07\/cropped-Logo-Panorama-01.jpeg\",\"contentUrl\":\"https:\/\/21panorama.com\/wp-content\/uploads\/2019\/07\/cropped-Logo-Panorama-01.jpeg\",\"width\":290,\"height\":70,\"caption\":\"21 Panorama\"},\"image\":{\"@id\":\"https:\/\/21panorama.com\/#\/schema\/logo\/image\/\"}},{\"@type\":\"Person\",\"@id\":\"https:\/\/21panorama.com\/#\/schema\/person\/1afc291b96d5792a158768324287319f\",\"name\":\"admin\",\"image\":{\"@type\":\"ImageObject\",\"inLanguage\":\"es\",\"@id\":\"https:\/\/21panorama.com\/#\/schema\/person\/image\/\",\"url\":\"https:\/\/secure.gravatar.com\/avatar\/ad365d9d9f46719215b0d042cc3df92a5a8683e09ef13d102233e5491985f0f0?s=96&d=mm&r=g\",\"contentUrl\":\"https:\/\/secure.gravatar.com\/avatar\/ad365d9d9f46719215b0d042cc3df92a5a8683e09ef13d102233e5491985f0f0?s=96&d=mm&r=g\",\"caption\":\"admin\"},\"url\":\"https:\/\/21panorama.com\/index.php\/author\/admin\/\"}]}<\/script>\n<!-- \/ Yoast SEO plugin. -->","yoast_head_json":{"title":"Investigaci\u00f3n socialmente pertinente, prop\u00f3sito de la UAEM\u00e9x: CEBD - 21 Panorama","robots":{"index":"index","follow":"follow","max-snippet":"max-snippet:-1","max-image-preview":"max-image-preview:large","max-video-preview":"max-video-preview:-1"},"canonical":"https:\/\/21panorama.com\/index.php\/2022\/06\/21\/investigacion-socialmente-pertinente-proposito-de-la-uaemex-cebd\/","og_locale":"es_MX","og_type":"article","og_title":"Investigaci\u00f3n socialmente pertinente, prop\u00f3sito de la UAEM\u00e9x: CEBD - 21 Panorama","og_description":"El rector de la Universidad Aut\u00f3noma del Estado de M\u00e9xico, Carlos Eduardo Barrera D\u00edaz, encabez\u00f3 la lectura del cuarto informe de actividades del director del Centro Universitario UAEM Tenancingo, Sotero Aguilar Medel.","og_url":"https:\/\/21panorama.com\/index.php\/2022\/06\/21\/investigacion-socialmente-pertinente-proposito-de-la-uaemex-cebd\/","og_site_name":"21 Panorama","article_published_time":"2022-06-21T14:27:55+00:00","article_modified_time":"2022-06-21T14:27:57+00:00","og_image":[{"width":921,"height":613,"url":"https:\/\/21panorama.com\/wp-content\/uploads\/2022\/06\/cb27fcb0-d333-4b7a-979c-88b0ff50988d.jpeg","type":"image\/jpeg"}],"author":"admin","twitter_card":"summary_large_image","twitter_misc":{"Escrito por":"admin","Tiempo de lectura":"3 minutos"},"schema":{"@context":"https:\/\/schema.org","@graph":[{"@type":"Article","@id":"https:\/\/21panorama.com\/index.php\/2022\/06\/21\/investigacion-socialmente-pertinente-proposito-de-la-uaemex-cebd\/#article","isPartOf":{"@id":"https:\/\/21panorama.com\/index.php\/2022\/06\/21\/investigacion-socialmente-pertinente-proposito-de-la-uaemex-cebd\/"},"author":{"name":"admin","@id":"https:\/\/21panorama.com\/#\/schema\/person\/1afc291b96d5792a158768324287319f"},"headline":"Investigaci\u00f3n socialmente pertinente, prop\u00f3sito de la UAEM\u00e9x: CEBD","datePublished":"2022-06-21T14:27:55+00:00","dateModified":"2022-06-21T14:27:57+00:00","mainEntityOfPage":{"@id":"https:\/\/21panorama.com\/index.php\/2022\/06\/21\/investigacion-socialmente-pertinente-proposito-de-la-uaemex-cebd\/"},"wordCount":606,"commentCount":0,"publisher":{"@id":"https:\/\/21panorama.com\/#organization"},"image":{"@id":"https:\/\/21panorama.com\/index.php\/2022\/06\/21\/investigacion-socialmente-pertinente-proposito-de-la-uaemex-cebd\/#primaryimage"},"thumbnailUrl":"https:\/\/21panorama.com\/wp-content\/uploads\/2022\/06\/cb27fcb0-d333-4b7a-979c-88b0ff50988d.jpeg","keywords":["UAEM"],"articleSection":["Sociedad"],"inLanguage":"es","potentialAction":[{"@type":"CommentAction","name":"Comment","target":["https:\/\/21panorama.com\/index.php\/2022\/06\/21\/investigacion-socialmente-pertinente-proposito-de-la-uaemex-cebd\/#respond"]}]},{"@type":"WebPage","@id":"https:\/\/21panorama.com\/index.php\/2022\/06\/21\/investigacion-socialmente-pertinente-proposito-de-la-uaemex-cebd\/","url":"https:\/\/21panorama.com\/index.php\/2022\/06\/21\/investigacion-socialmente-pertinente-proposito-de-la-uaemex-cebd\/","name":"Investigaci\u00f3n socialmente pertinente, prop\u00f3sito de la UAEM\u00e9x: CEBD - 21 Panorama","isPartOf":{"@id":"https:\/\/21panorama.com\/#website"},"primaryImageOfPage":{"@id":"https:\/\/21panorama.com\/index.php\/2022\/06\/21\/investigacion-socialmente-pertinente-proposito-de-la-uaemex-cebd\/#primaryimage"},"image":{"@id":"https:\/\/21panorama.com\/index.php\/2022\/06\/21\/investigacion-socialmente-pertinente-proposito-de-la-uaemex-cebd\/#primaryimage"},"thumbnailUrl":"https:\/\/21panorama.com\/wp-content\/uploads\/2022\/06\/cb27fcb0-d333-4b7a-979c-88b0ff50988d.jpeg","datePublished":"2022-06-21T14:27:55+00:00","dateModified":"2022-06-21T14:27:57+00:00","breadcrumb":{"@id":"https:\/\/21panorama.com\/index.php\/2022\/06\/21\/investigacion-socialmente-pertinente-proposito-de-la-uaemex-cebd\/#breadcrumb"},"inLanguage":"es","potentialAction":[{"@type":"ReadAction","target":["https:\/\/21panorama.com\/index.php\/2022\/06\/21\/investigacion-socialmente-pertinente-proposito-de-la-uaemex-cebd\/"]}]},{"@type":"ImageObject","inLanguage":"es","@id":"https:\/\/21panorama.com\/index.php\/2022\/06\/21\/investigacion-socialmente-pertinente-proposito-de-la-uaemex-cebd\/#primaryimage","url":"https:\/\/21panorama.com\/wp-content\/uploads\/2022\/06\/cb27fcb0-d333-4b7a-979c-88b0ff50988d.jpeg","contentUrl":"https:\/\/21panorama.com\/wp-content\/uploads\/2022\/06\/cb27fcb0-d333-4b7a-979c-88b0ff50988d.jpeg","width":921,"height":613},{"@type":"BreadcrumbList","@id":"https:\/\/21panorama.com\/index.php\/2022\/06\/21\/investigacion-socialmente-pertinente-proposito-de-la-uaemex-cebd\/#breadcrumb","itemListElement":[{"@type":"ListItem","position":1,"name":"Inicio","item":"https:\/\/21panorama.com\/"},{"@type":"ListItem","position":2,"name":"Investigaci\u00f3n socialmente pertinente, prop\u00f3sito de la UAEM\u00e9x: CEBD"}]},{"@type":"WebSite","@id":"https:\/\/21panorama.com\/#website","url":"https:\/\/21panorama.com\/","name":"21 Panorama","description":"La construcci\u00f3n de la opini\u00f3n p\u00fablica merece un mejor Panorama en este siglo 21 para alcanzar una sociedad con mayor transparencia y sin corrupci\u00f3n.","publisher":{"@id":"https:\/\/21panorama.com\/#organization"},"potentialAction":[{"@type":"SearchAction","target":{"@type":"EntryPoint","urlTemplate":"https:\/\/21panorama.com\/?s={search_term_string}"},"query-input":{"@type":"PropertyValueSpecification","valueRequired":true,"valueName":"search_term_string"}}],"inLanguage":"es"},{"@type":"Organization","@id":"https:\/\/21panorama.com\/#organization","name":"21 Panorama","url":"https:\/\/21panorama.com\/","logo":{"@type":"ImageObject","inLanguage":"es","@id":"https:\/\/21panorama.com\/#\/schema\/logo\/image\/","url":"https:\/\/21panorama.com\/wp-content\/uploads\/2019\/07\/cropped-Logo-Panorama-01.jpeg","contentUrl":"https:\/\/21panorama.com\/wp-content\/uploads\/2019\/07\/cropped-Logo-Panorama-01.jpeg","width":290,"height":70,"caption":"21 Panorama"},"image":{"@id":"https:\/\/21panorama.com\/#\/schema\/logo\/image\/"}},{"@type":"Person","@id":"https:\/\/21panorama.com\/#\/schema\/person\/1afc291b96d5792a158768324287319f","name":"admin","image":{"@type":"ImageObject","inLanguage":"es","@id":"https:\/\/21panorama.com\/#\/schema\/person\/image\/","url":"https:\/\/secure.gravatar.com\/avatar\/ad365d9d9f46719215b0d042cc3df92a5a8683e09ef13d102233e5491985f0f0?s=96&d=mm&r=g","contentUrl":"https:\/\/secure.gravatar.com\/avatar\/ad365d9d9f46719215b0d042cc3df92a5a8683e09ef13d102233e5491985f0f0?s=96&d=mm&r=g","caption":"admin"},"url":"https:\/\/21panorama.com\/index.php\/author\/admin\/"}]}},"_links":{"self":[{"href":"https:\/\/21panorama.com\/index.php\/wp-json\/wp\/v2\/posts\/3757","targetHints":{"allow":["GET"]}}],"collection":[{"href":"https:\/\/21panorama.com\/index.php\/wp-json\/wp\/v2\/posts"}],"about":[{"href":"https:\/\/21panorama.com\/index.php\/wp-json\/wp\/v2\/types\/post"}],"author":[{"embeddable":true,"href":"https:\/\/21panorama.com\/index.php\/wp-json\/wp\/v2\/users\/1"}],"replies":[{"embeddable":true,"href":"https:\/\/21panorama.com\/index.php\/wp-json\/wp\/v2\/comments?post=3757"}],"version-history":[{"count":1,"href":"https:\/\/21panorama.com\/index.php\/wp-json\/wp\/v2\/posts\/3757\/revisions"}],"predecessor-version":[{"id":3761,"href":"https:\/\/21panorama.com\/index.php\/wp-json\/wp\/v2\/posts\/3757\/revisions\/3761"}],"wp:featuredmedia":[{"embeddable":true,"href":"https:\/\/21panorama.com\/index.php\/wp-json\/wp\/v2\/media\/3758"}],"wp:attachment":[{"href":"https:\/\/21panorama.com\/index.php\/wp-json\/wp\/v2\/media?parent=3757"}],"wp:term":[{"taxonomy":"category","embeddable":true,"href":"https:\/\/21panorama.com\/index.php\/wp-json\/wp\/v2\/categories?post=3757"},{"taxonomy":"post_tag","embeddable":true,"href":"https:\/\/21panorama.com\/index.php\/wp-json\/wp\/v2\/tags?post=3757"}],"curies":[{"name":"wp","href":"https:\/\/api.w.org\/{rel}","templated":true}]}}