{"id":3752,"date":"2022-06-21T09:22:55","date_gmt":"2022-06-21T14:22:55","guid":{"rendered":"https:\/\/21panorama.com\/?p=3752"},"modified":"2022-06-21T09:22:57","modified_gmt":"2022-06-21T14:22:57","slug":"el-priismo-se-morira-en-la-raya-para-reconstruir-a-mexico-eric-sevilla","status":"publish","type":"post","link":"https:\/\/21panorama.com\/index.php\/2022\/06\/21\/el-priismo-se-morira-en-la-raya-para-reconstruir-a-mexico-eric-sevilla\/","title":{"rendered":"EL PRIISMO SE MORIR\u00c1 EN LA RAYA PARA RECONSTRUIR A M\u00c9XICO: ERIC SEVILLA"},"content":{"rendered":"\n<p>Al dejar en claro que el PRI ganar\u00e1 con el esfuerzo de todos, el Presidente del Comit\u00e9 Directivo Estatal (CDE), Eric Sevilla, asegur\u00f3 que este instituto pol\u00edtico tiene la gran oportunidad de reconstruir a M\u00e9xico y no debe existir la menor duda que para lograrlo su militancia mexiquense se morir\u00e1 en la raya.<\/p>\n\n\n\n<p>En la toma de protesta del nuevo dirigente de la Fundaci\u00f3n Colosio, el jefe del priismo del Estado de M\u00e9xico, sostuvo que en esta parte de la historia del pa\u00eds \u201cnos toca llevar la responsabilidad y dar la pelea por el proyecto de naci\u00f3n que anhelamos para nuestras familias\u201d.<\/p>\n\n\n\n<p>\u201cLo haremos los pr\u00f3ximos meses con el orgullo en alto sin temerle al futuro, lo haremos porque la historia del PRI del Siglo XXI apenas comienza y tiene para muchos a\u00f1os\u201d, destac\u00f3 el dirigente estatal del CDE ante el presidente nacional de la Fundaci\u00f3n Colosio, Jos\u00e9 Murat Casab.<\/p>\n\n\n\n<p>En el Recinto de la Revoluci\u00f3n donde se congreg\u00f3 la militancia, Eric Sevilla asegur\u00f3 que en los pr\u00f3ximos meses \u201cvamos a dar una gran batalla y lo haremos con el liderazgo del primer prisita Alfredo del Mazo, hombre de instituciones y de Estado de Derecho que le cumple a los mexiquenses\u201d.<\/p>\n\n\n\n<p>Al partido le corresponde generar un proyecto que sea socialmente atractivo y fortalecer la estructura para poner en marcha al mayor activismo pol\u00edtico que ha tenido con el fin de reconstruir el pa\u00eds desde el Estado de M\u00e9xico, plante\u00f3 el presidente del PRI estatal.<\/p>\n\n\n\n<p>En su momento, Jos\u00e9 Murat convoc\u00f3 a los priistas a cuidar el Estado de M\u00e9xico y encabezar la demanda social y las causas ciudadanas. Afirm\u00f3 que el gobernador hace su trabajo con grandeza y est\u00e1 llevando bien la estafeta en una importante tarea.<\/p>\n\n\n\n<p>Finalmente, Alfredo Baranda manifest\u00f3 que los priistas ser\u00e1n convocados a participar en la integraci\u00f3n de la plataforma electoral del 2023, temas que ser\u00e1n tomados en cuenta para la agenda p\u00fablica.<\/p>\n\n\n\n<figure class=\"wp-block-gallery columns-2 is-cropped wp-block-gallery-1 is-layout-flex wp-block-gallery-is-layout-flex\"><ul class=\"blocks-gallery-grid\"><li class=\"blocks-gallery-item\"><figure><img decoding=\"async\" width=\"1024\" height=\"654\" src=\"https:\/\/21panorama.com\/wp-content\/uploads\/2022\/06\/2786f9a7-98e3-419b-8703-5a20d53320fa-1024x654.jpeg\" alt=\"\" data-id=\"3754\" data-link=\"https:\/\/21panorama.com\/?attachment_id=3754\" class=\"wp-image-3754\" srcset=\"https:\/\/21panorama.com\/wp-content\/uploads\/2022\/06\/2786f9a7-98e3-419b-8703-5a20d53320fa-1024x654.jpeg 1024w, https:\/\/21panorama.com\/wp-content\/uploads\/2022\/06\/2786f9a7-98e3-419b-8703-5a20d53320fa-300x192.jpeg 300w, https:\/\/21panorama.com\/wp-content\/uploads\/2022\/06\/2786f9a7-98e3-419b-8703-5a20d53320fa-768x491.jpeg 768w, https:\/\/21panorama.com\/wp-content\/uploads\/2022\/06\/2786f9a7-98e3-419b-8703-5a20d53320fa-1536x981.jpeg 1536w, https:\/\/21panorama.com\/wp-content\/uploads\/2022\/06\/2786f9a7-98e3-419b-8703-5a20d53320fa.jpeg 1600w\" sizes=\"(max-width: 1024px) 100vw, 1024px\" \/><\/figure><\/li><li class=\"blocks-gallery-item\"><figure><img decoding=\"async\" width=\"1024\" height=\"682\" src=\"https:\/\/21panorama.com\/wp-content\/uploads\/2022\/06\/79fb8cf9-839b-4efe-927d-b74bd86fa7f6-1024x682.jpeg\" alt=\"\" data-id=\"3755\" data-full-url=\"https:\/\/21panorama.com\/wp-content\/uploads\/2022\/06\/79fb8cf9-839b-4efe-927d-b74bd86fa7f6.jpeg\" data-link=\"https:\/\/21panorama.com\/?attachment_id=3755\" class=\"wp-image-3755\" srcset=\"https:\/\/21panorama.com\/wp-content\/uploads\/2022\/06\/79fb8cf9-839b-4efe-927d-b74bd86fa7f6-1024x682.jpeg 1024w, https:\/\/21panorama.com\/wp-content\/uploads\/2022\/06\/79fb8cf9-839b-4efe-927d-b74bd86fa7f6-300x200.jpeg 300w, https:\/\/21panorama.com\/wp-content\/uploads\/2022\/06\/79fb8cf9-839b-4efe-927d-b74bd86fa7f6-768x512.jpeg 768w, https:\/\/21panorama.com\/wp-content\/uploads\/2022\/06\/79fb8cf9-839b-4efe-927d-b74bd86fa7f6.jpeg 1280w\" sizes=\"(max-width: 1024px) 100vw, 1024px\" \/><\/figure><\/li><\/ul><\/figure>\n","protected":false},"excerpt":{"rendered":"<p>La historia del PRI del Siglo XXI apenas comienza y tiene para muchos a\u00f1os, dijo el presidente del CDE del PRI durante la toma de protesta a Alfredo Baranda Saenz como dirigente Estatal de Fundaci\u00f3n Colosio filial Estado de M\u00e9xico.<\/p>\n","protected":false},"author":1,"featured_media":3753,"comment_status":"open","ping_status":"open","sticky":false,"template":"","format":"standard","meta":{"footnotes":""},"categories":[12],"tags":[33],"class_list":["post-3752","post","type-post","status-publish","format-standard","has-post-thumbnail","hentry","category-politica","tag-pri"],"yoast_head":"<!-- This site is optimized with the Yoast SEO plugin v24.9 - https:\/\/yoast.com\/wordpress\/plugins\/seo\/ -->\n<title>EL PRIISMO SE MORIR\u00c1 EN LA RAYA PARA RECONSTRUIR A M\u00c9XICO: ERIC SEVILLA - 21 Panorama<\/title>\n<meta name=\"robots\" content=\"index, follow, max-snippet:-1, max-image-preview:large, max-video-preview:-1\" \/>\n<link rel=\"canonical\" href=\"https:\/\/21panorama.com\/index.php\/2022\/06\/21\/el-priismo-se-morira-en-la-raya-para-reconstruir-a-mexico-eric-sevilla\/\" \/>\n<meta property=\"og:locale\" content=\"es_MX\" \/>\n<meta property=\"og:type\" content=\"article\" \/>\n<meta property=\"og:title\" content=\"EL PRIISMO SE MORIR\u00c1 EN LA RAYA PARA RECONSTRUIR A M\u00c9XICO: ERIC SEVILLA - 21 Panorama\" \/>\n<meta property=\"og:description\" content=\"La historia del PRI del Siglo XXI apenas comienza y tiene para muchos a\u00f1os, dijo el presidente del CDE del PRI durante la toma de protesta a Alfredo Baranda Saenz como dirigente Estatal de Fundaci\u00f3n Colosio filial Estado de M\u00e9xico.\" \/>\n<meta property=\"og:url\" content=\"https:\/\/21panorama.com\/index.php\/2022\/06\/21\/el-priismo-se-morira-en-la-raya-para-reconstruir-a-mexico-eric-sevilla\/\" \/>\n<meta property=\"og:site_name\" content=\"21 Panorama\" \/>\n<meta property=\"article:published_time\" content=\"2022-06-21T14:22:55+00:00\" \/>\n<meta property=\"article:modified_time\" content=\"2022-06-21T14:22:57+00:00\" \/>\n<meta property=\"og:image\" content=\"https:\/\/21panorama.com\/wp-content\/uploads\/2022\/06\/c939ab0b-0ae0-4841-9779-552b59ba6f5e.jpeg\" \/>\n\t<meta property=\"og:image:width\" content=\"1280\" \/>\n\t<meta property=\"og:image:height\" content=\"853\" \/>\n\t<meta property=\"og:image:type\" content=\"image\/jpeg\" \/>\n<meta name=\"author\" content=\"admin\" \/>\n<meta name=\"twitter:card\" content=\"summary_large_image\" \/>\n<meta name=\"twitter:label1\" content=\"Escrito por\" \/>\n\t<meta name=\"twitter:data1\" content=\"admin\" \/>\n\t<meta name=\"twitter:label2\" content=\"Tiempo de lectura\" \/>\n\t<meta name=\"twitter:data2\" content=\"2 minutos\" \/>\n<script type=\"application\/ld+json\" class=\"yoast-schema-graph\">{\"@context\":\"https:\/\/schema.org\",\"@graph\":[{\"@type\":\"Article\",\"@id\":\"https:\/\/21panorama.com\/index.php\/2022\/06\/21\/el-priismo-se-morira-en-la-raya-para-reconstruir-a-mexico-eric-sevilla\/#article\",\"isPartOf\":{\"@id\":\"https:\/\/21panorama.com\/index.php\/2022\/06\/21\/el-priismo-se-morira-en-la-raya-para-reconstruir-a-mexico-eric-sevilla\/\"},\"author\":{\"name\":\"admin\",\"@id\":\"https:\/\/21panorama.com\/#\/schema\/person\/1afc291b96d5792a158768324287319f\"},\"headline\":\"EL PRIISMO SE MORIR\u00c1 EN LA RAYA PARA RECONSTRUIR A M\u00c9XICO: ERIC SEVILLA\",\"datePublished\":\"2022-06-21T14:22:55+00:00\",\"dateModified\":\"2022-06-21T14:22:57+00:00\",\"mainEntityOfPage\":{\"@id\":\"https:\/\/21panorama.com\/index.php\/2022\/06\/21\/el-priismo-se-morira-en-la-raya-para-reconstruir-a-mexico-eric-sevilla\/\"},\"wordCount\":350,\"commentCount\":0,\"publisher\":{\"@id\":\"https:\/\/21panorama.com\/#organization\"},\"image\":{\"@id\":\"https:\/\/21panorama.com\/index.php\/2022\/06\/21\/el-priismo-se-morira-en-la-raya-para-reconstruir-a-mexico-eric-sevilla\/#primaryimage\"},\"thumbnailUrl\":\"https:\/\/21panorama.com\/wp-content\/uploads\/2022\/06\/c939ab0b-0ae0-4841-9779-552b59ba6f5e.jpeg\",\"keywords\":[\"PRI\"],\"articleSection\":[\"Politica\"],\"inLanguage\":\"es\",\"potentialAction\":[{\"@type\":\"CommentAction\",\"name\":\"Comment\",\"target\":[\"https:\/\/21panorama.com\/index.php\/2022\/06\/21\/el-priismo-se-morira-en-la-raya-para-reconstruir-a-mexico-eric-sevilla\/#respond\"]}]},{\"@type\":\"WebPage\",\"@id\":\"https:\/\/21panorama.com\/index.php\/2022\/06\/21\/el-priismo-se-morira-en-la-raya-para-reconstruir-a-mexico-eric-sevilla\/\",\"url\":\"https:\/\/21panorama.com\/index.php\/2022\/06\/21\/el-priismo-se-morira-en-la-raya-para-reconstruir-a-mexico-eric-sevilla\/\",\"name\":\"EL PRIISMO SE MORIR\u00c1 EN LA RAYA PARA RECONSTRUIR A M\u00c9XICO: ERIC SEVILLA - 21 Panorama\",\"isPartOf\":{\"@id\":\"https:\/\/21panorama.com\/#website\"},\"primaryImageOfPage\":{\"@id\":\"https:\/\/21panorama.com\/index.php\/2022\/06\/21\/el-priismo-se-morira-en-la-raya-para-reconstruir-a-mexico-eric-sevilla\/#primaryimage\"},\"image\":{\"@id\":\"https:\/\/21panorama.com\/index.php\/2022\/06\/21\/el-priismo-se-morira-en-la-raya-para-reconstruir-a-mexico-eric-sevilla\/#primaryimage\"},\"thumbnailUrl\":\"https:\/\/21panorama.com\/wp-content\/uploads\/2022\/06\/c939ab0b-0ae0-4841-9779-552b59ba6f5e.jpeg\",\"datePublished\":\"2022-06-21T14:22:55+00:00\",\"dateModified\":\"2022-06-21T14:22:57+00:00\",\"breadcrumb\":{\"@id\":\"https:\/\/21panorama.com\/index.php\/2022\/06\/21\/el-priismo-se-morira-en-la-raya-para-reconstruir-a-mexico-eric-sevilla\/#breadcrumb\"},\"inLanguage\":\"es\",\"potentialAction\":[{\"@type\":\"ReadAction\",\"target\":[\"https:\/\/21panorama.com\/index.php\/2022\/06\/21\/el-priismo-se-morira-en-la-raya-para-reconstruir-a-mexico-eric-sevilla\/\"]}]},{\"@type\":\"ImageObject\",\"inLanguage\":\"es\",\"@id\":\"https:\/\/21panorama.com\/index.php\/2022\/06\/21\/el-priismo-se-morira-en-la-raya-para-reconstruir-a-mexico-eric-sevilla\/#primaryimage\",\"url\":\"https:\/\/21panorama.com\/wp-content\/uploads\/2022\/06\/c939ab0b-0ae0-4841-9779-552b59ba6f5e.jpeg\",\"contentUrl\":\"https:\/\/21panorama.com\/wp-content\/uploads\/2022\/06\/c939ab0b-0ae0-4841-9779-552b59ba6f5e.jpeg\",\"width\":1280,\"height\":853},{\"@type\":\"BreadcrumbList\",\"@id\":\"https:\/\/21panorama.com\/index.php\/2022\/06\/21\/el-priismo-se-morira-en-la-raya-para-reconstruir-a-mexico-eric-sevilla\/#breadcrumb\",\"itemListElement\":[{\"@type\":\"ListItem\",\"position\":1,\"name\":\"Inicio\",\"item\":\"https:\/\/21panorama.com\/\"},{\"@type\":\"ListItem\",\"position\":2,\"name\":\"EL PRIISMO SE MORIR\u00c1 EN LA RAYA PARA RECONSTRUIR A M\u00c9XICO: ERIC SEVILLA\"}]},{\"@type\":\"WebSite\",\"@id\":\"https:\/\/21panorama.com\/#website\",\"url\":\"https:\/\/21panorama.com\/\",\"name\":\"21 Panorama\",\"description\":\"La construcci\u00f3n de la opini\u00f3n p\u00fablica merece un mejor Panorama en este siglo 21 para alcanzar una sociedad con mayor transparencia y sin corrupci\u00f3n.\",\"publisher\":{\"@id\":\"https:\/\/21panorama.com\/#organization\"},\"potentialAction\":[{\"@type\":\"SearchAction\",\"target\":{\"@type\":\"EntryPoint\",\"urlTemplate\":\"https:\/\/21panorama.com\/?s={search_term_string}\"},\"query-input\":{\"@type\":\"PropertyValueSpecification\",\"valueRequired\":true,\"valueName\":\"search_term_string\"}}],\"inLanguage\":\"es\"},{\"@type\":\"Organization\",\"@id\":\"https:\/\/21panorama.com\/#organization\",\"name\":\"21 Panorama\",\"url\":\"https:\/\/21panorama.com\/\",\"logo\":{\"@type\":\"ImageObject\",\"inLanguage\":\"es\",\"@id\":\"https:\/\/21panorama.com\/#\/schema\/logo\/image\/\",\"url\":\"https:\/\/21panorama.com\/wp-content\/uploads\/2019\/07\/cropped-Logo-Panorama-01.jpeg\",\"contentUrl\":\"https:\/\/21panorama.com\/wp-content\/uploads\/2019\/07\/cropped-Logo-Panorama-01.jpeg\",\"width\":290,\"height\":70,\"caption\":\"21 Panorama\"},\"image\":{\"@id\":\"https:\/\/21panorama.com\/#\/schema\/logo\/image\/\"}},{\"@type\":\"Person\",\"@id\":\"https:\/\/21panorama.com\/#\/schema\/person\/1afc291b96d5792a158768324287319f\",\"name\":\"admin\",\"image\":{\"@type\":\"ImageObject\",\"inLanguage\":\"es\",\"@id\":\"https:\/\/21panorama.com\/#\/schema\/person\/image\/\",\"url\":\"https:\/\/secure.gravatar.com\/avatar\/ad365d9d9f46719215b0d042cc3df92a5a8683e09ef13d102233e5491985f0f0?s=96&d=mm&r=g\",\"contentUrl\":\"https:\/\/secure.gravatar.com\/avatar\/ad365d9d9f46719215b0d042cc3df92a5a8683e09ef13d102233e5491985f0f0?s=96&d=mm&r=g\",\"caption\":\"admin\"},\"url\":\"https:\/\/21panorama.com\/index.php\/author\/admin\/\"}]}<\/script>\n<!-- \/ Yoast SEO plugin. -->","yoast_head_json":{"title":"EL PRIISMO SE MORIR\u00c1 EN LA RAYA PARA RECONSTRUIR A M\u00c9XICO: ERIC SEVILLA - 21 Panorama","robots":{"index":"index","follow":"follow","max-snippet":"max-snippet:-1","max-image-preview":"max-image-preview:large","max-video-preview":"max-video-preview:-1"},"canonical":"https:\/\/21panorama.com\/index.php\/2022\/06\/21\/el-priismo-se-morira-en-la-raya-para-reconstruir-a-mexico-eric-sevilla\/","og_locale":"es_MX","og_type":"article","og_title":"EL PRIISMO SE MORIR\u00c1 EN LA RAYA PARA RECONSTRUIR A M\u00c9XICO: ERIC SEVILLA - 21 Panorama","og_description":"La historia del PRI del Siglo XXI apenas comienza y tiene para muchos a\u00f1os, dijo el presidente del CDE del PRI durante la toma de protesta a Alfredo Baranda Saenz como dirigente Estatal de Fundaci\u00f3n Colosio filial Estado de M\u00e9xico.","og_url":"https:\/\/21panorama.com\/index.php\/2022\/06\/21\/el-priismo-se-morira-en-la-raya-para-reconstruir-a-mexico-eric-sevilla\/","og_site_name":"21 Panorama","article_published_time":"2022-06-21T14:22:55+00:00","article_modified_time":"2022-06-21T14:22:57+00:00","og_image":[{"width":1280,"height":853,"url":"https:\/\/21panorama.com\/wp-content\/uploads\/2022\/06\/c939ab0b-0ae0-4841-9779-552b59ba6f5e.jpeg","type":"image\/jpeg"}],"author":"admin","twitter_card":"summary_large_image","twitter_misc":{"Escrito por":"admin","Tiempo de lectura":"2 minutos"},"schema":{"@context":"https:\/\/schema.org","@graph":[{"@type":"Article","@id":"https:\/\/21panorama.com\/index.php\/2022\/06\/21\/el-priismo-se-morira-en-la-raya-para-reconstruir-a-mexico-eric-sevilla\/#article","isPartOf":{"@id":"https:\/\/21panorama.com\/index.php\/2022\/06\/21\/el-priismo-se-morira-en-la-raya-para-reconstruir-a-mexico-eric-sevilla\/"},"author":{"name":"admin","@id":"https:\/\/21panorama.com\/#\/schema\/person\/1afc291b96d5792a158768324287319f"},"headline":"EL PRIISMO SE MORIR\u00c1 EN LA RAYA PARA RECONSTRUIR A M\u00c9XICO: ERIC SEVILLA","datePublished":"2022-06-21T14:22:55+00:00","dateModified":"2022-06-21T14:22:57+00:00","mainEntityOfPage":{"@id":"https:\/\/21panorama.com\/index.php\/2022\/06\/21\/el-priismo-se-morira-en-la-raya-para-reconstruir-a-mexico-eric-sevilla\/"},"wordCount":350,"commentCount":0,"publisher":{"@id":"https:\/\/21panorama.com\/#organization"},"image":{"@id":"https:\/\/21panorama.com\/index.php\/2022\/06\/21\/el-priismo-se-morira-en-la-raya-para-reconstruir-a-mexico-eric-sevilla\/#primaryimage"},"thumbnailUrl":"https:\/\/21panorama.com\/wp-content\/uploads\/2022\/06\/c939ab0b-0ae0-4841-9779-552b59ba6f5e.jpeg","keywords":["PRI"],"articleSection":["Politica"],"inLanguage":"es","potentialAction":[{"@type":"CommentAction","name":"Comment","target":["https:\/\/21panorama.com\/index.php\/2022\/06\/21\/el-priismo-se-morira-en-la-raya-para-reconstruir-a-mexico-eric-sevilla\/#respond"]}]},{"@type":"WebPage","@id":"https:\/\/21panorama.com\/index.php\/2022\/06\/21\/el-priismo-se-morira-en-la-raya-para-reconstruir-a-mexico-eric-sevilla\/","url":"https:\/\/21panorama.com\/index.php\/2022\/06\/21\/el-priismo-se-morira-en-la-raya-para-reconstruir-a-mexico-eric-sevilla\/","name":"EL PRIISMO SE MORIR\u00c1 EN LA RAYA PARA RECONSTRUIR A M\u00c9XICO: ERIC SEVILLA - 21 Panorama","isPartOf":{"@id":"https:\/\/21panorama.com\/#website"},"primaryImageOfPage":{"@id":"https:\/\/21panorama.com\/index.php\/2022\/06\/21\/el-priismo-se-morira-en-la-raya-para-reconstruir-a-mexico-eric-sevilla\/#primaryimage"},"image":{"@id":"https:\/\/21panorama.com\/index.php\/2022\/06\/21\/el-priismo-se-morira-en-la-raya-para-reconstruir-a-mexico-eric-sevilla\/#primaryimage"},"thumbnailUrl":"https:\/\/21panorama.com\/wp-content\/uploads\/2022\/06\/c939ab0b-0ae0-4841-9779-552b59ba6f5e.jpeg","datePublished":"2022-06-21T14:22:55+00:00","dateModified":"2022-06-21T14:22:57+00:00","breadcrumb":{"@id":"https:\/\/21panorama.com\/index.php\/2022\/06\/21\/el-priismo-se-morira-en-la-raya-para-reconstruir-a-mexico-eric-sevilla\/#breadcrumb"},"inLanguage":"es","potentialAction":[{"@type":"ReadAction","target":["https:\/\/21panorama.com\/index.php\/2022\/06\/21\/el-priismo-se-morira-en-la-raya-para-reconstruir-a-mexico-eric-sevilla\/"]}]},{"@type":"ImageObject","inLanguage":"es","@id":"https:\/\/21panorama.com\/index.php\/2022\/06\/21\/el-priismo-se-morira-en-la-raya-para-reconstruir-a-mexico-eric-sevilla\/#primaryimage","url":"https:\/\/21panorama.com\/wp-content\/uploads\/2022\/06\/c939ab0b-0ae0-4841-9779-552b59ba6f5e.jpeg","contentUrl":"https:\/\/21panorama.com\/wp-content\/uploads\/2022\/06\/c939ab0b-0ae0-4841-9779-552b59ba6f5e.jpeg","width":1280,"height":853},{"@type":"BreadcrumbList","@id":"https:\/\/21panorama.com\/index.php\/2022\/06\/21\/el-priismo-se-morira-en-la-raya-para-reconstruir-a-mexico-eric-sevilla\/#breadcrumb","itemListElement":[{"@type":"ListItem","position":1,"name":"Inicio","item":"https:\/\/21panorama.com\/"},{"@type":"ListItem","position":2,"name":"EL PRIISMO SE MORIR\u00c1 EN LA RAYA PARA RECONSTRUIR A M\u00c9XICO: ERIC SEVILLA"}]},{"@type":"WebSite","@id":"https:\/\/21panorama.com\/#website","url":"https:\/\/21panorama.com\/","name":"21 Panorama","description":"La construcci\u00f3n de la opini\u00f3n p\u00fablica merece un mejor Panorama en este siglo 21 para alcanzar una sociedad con mayor transparencia y sin corrupci\u00f3n.","publisher":{"@id":"https:\/\/21panorama.com\/#organization"},"potentialAction":[{"@type":"SearchAction","target":{"@type":"EntryPoint","urlTemplate":"https:\/\/21panorama.com\/?s={search_term_string}"},"query-input":{"@type":"PropertyValueSpecification","valueRequired":true,"valueName":"search_term_string"}}],"inLanguage":"es"},{"@type":"Organization","@id":"https:\/\/21panorama.com\/#organization","name":"21 Panorama","url":"https:\/\/21panorama.com\/","logo":{"@type":"ImageObject","inLanguage":"es","@id":"https:\/\/21panorama.com\/#\/schema\/logo\/image\/","url":"https:\/\/21panorama.com\/wp-content\/uploads\/2019\/07\/cropped-Logo-Panorama-01.jpeg","contentUrl":"https:\/\/21panorama.com\/wp-content\/uploads\/2019\/07\/cropped-Logo-Panorama-01.jpeg","width":290,"height":70,"caption":"21 Panorama"},"image":{"@id":"https:\/\/21panorama.com\/#\/schema\/logo\/image\/"}},{"@type":"Person","@id":"https:\/\/21panorama.com\/#\/schema\/person\/1afc291b96d5792a158768324287319f","name":"admin","image":{"@type":"ImageObject","inLanguage":"es","@id":"https:\/\/21panorama.com\/#\/schema\/person\/image\/","url":"https:\/\/secure.gravatar.com\/avatar\/ad365d9d9f46719215b0d042cc3df92a5a8683e09ef13d102233e5491985f0f0?s=96&d=mm&r=g","contentUrl":"https:\/\/secure.gravatar.com\/avatar\/ad365d9d9f46719215b0d042cc3df92a5a8683e09ef13d102233e5491985f0f0?s=96&d=mm&r=g","caption":"admin"},"url":"https:\/\/21panorama.com\/index.php\/author\/admin\/"}]}},"_links":{"self":[{"href":"https:\/\/21panorama.com\/index.php\/wp-json\/wp\/v2\/posts\/3752","targetHints":{"allow":["GET"]}}],"collection":[{"href":"https:\/\/21panorama.com\/index.php\/wp-json\/wp\/v2\/posts"}],"about":[{"href":"https:\/\/21panorama.com\/index.php\/wp-json\/wp\/v2\/types\/post"}],"author":[{"embeddable":true,"href":"https:\/\/21panorama.com\/index.php\/wp-json\/wp\/v2\/users\/1"}],"replies":[{"embeddable":true,"href":"https:\/\/21panorama.com\/index.php\/wp-json\/wp\/v2\/comments?post=3752"}],"version-history":[{"count":1,"href":"https:\/\/21panorama.com\/index.php\/wp-json\/wp\/v2\/posts\/3752\/revisions"}],"predecessor-version":[{"id":3756,"href":"https:\/\/21panorama.com\/index.php\/wp-json\/wp\/v2\/posts\/3752\/revisions\/3756"}],"wp:featuredmedia":[{"embeddable":true,"href":"https:\/\/21panorama.com\/index.php\/wp-json\/wp\/v2\/media\/3753"}],"wp:attachment":[{"href":"https:\/\/21panorama.com\/index.php\/wp-json\/wp\/v2\/media?parent=3752"}],"wp:term":[{"taxonomy":"category","embeddable":true,"href":"https:\/\/21panorama.com\/index.php\/wp-json\/wp\/v2\/categories?post=3752"},{"taxonomy":"post_tag","embeddable":true,"href":"https:\/\/21panorama.com\/index.php\/wp-json\/wp\/v2\/tags?post=3752"}],"curies":[{"name":"wp","href":"https:\/\/api.w.org\/{rel}","templated":true}]}}