{"id":3747,"date":"2022-06-19T22:27:08","date_gmt":"2022-06-20T03:27:08","guid":{"rendered":"https:\/\/21panorama.com\/?p=3747"},"modified":"2022-06-19T22:27:10","modified_gmt":"2022-06-20T03:27:10","slug":"vamos-a-entregar-el-poder-a-otro-priista-en-el-estado-de-mexico-eric-sevilla","status":"publish","type":"post","link":"https:\/\/21panorama.com\/index.php\/2022\/06\/19\/vamos-a-entregar-el-poder-a-otro-priista-en-el-estado-de-mexico-eric-sevilla\/","title":{"rendered":"VAMOS A ENTREGAR EL PODER A OTRO PRIISTA EN EL ESTADO DE M\u00c9XICO: ERIC SEVILLA"},"content":{"rendered":"\n<p>Luego de convocar a corregir el rumbo del pa\u00eds, el Presidente del Comit\u00e9 Directivo Estatal (CDE) del PRI, Eric Sevilla, asegur\u00f3 que la palabra de los priistas es la m\u00e1s valiosa y se comprometi\u00f3 a ganar la gubernatura del Estado de M\u00e9xico en el 2023.<\/p>\n\n\n\n<p>En la entrega de notas laudatorias para reconocer el orgullo de ser priista, sostuvo que la militancia tiene la misi\u00f3n m\u00e1s importante y es la de conservar la gubernatura de la entidad mexiquense con el mejor gobernador de la Rep\u00fablica Mexicana, Alfredo del Mazo.<\/p>\n\n\n\n<p>\u201cJuro proteger a mi Estado, salvaguardarlo, entregarle el poder a otro priista para salvar a M\u00e9xico\u201d, exalt\u00f3 Eric Sevilla. tras destacar que los priistas van a pelear electoralmente \u201cmano a mano, mujer a mujer, hombre a hombre y vamos a demostrar de que tama\u00f1o es el priismo del Estado de M\u00e9xico\u201d.<\/p>\n\n\n\n<p>Ante el primer priista de San Felipe del Progreso, Javier Jer\u00f3nimo Apolonio, y la diputada Josefina Aguilar S\u00e1nchez, puntualiz\u00f3 que el PRI pondr\u00e1 un alto a las injusticias y encauzar\u00e1 el destino de la patria, pues \u201cestamos del lado correcto de la historia, y el \u00fanico partido que lo va a lograr es el Revolucionario Institucional\u201d.<\/p>\n\n\n\n<p>\u201cVamos a ganar porque M\u00e9xico merece mucho m\u00e1s y porque detr\u00e1s del PRI hay historia, vamos a ganar porque detr\u00e1s del PRI est\u00e1n las entra\u00f1as de la patria, porque tenemos que darle rumbo al pa\u00eds\u201d, manifest\u00f3 el dirigente estatal en un municipio al que calific\u00f3 como el coraz\u00f3n de la tierra mazahua.<\/p>\n\n\n\n<p>En su momento, el alcalde Javier Jer\u00f3nimo alent\u00f3 a la militancia priista a trabajar con pasi\u00f3n y sin descanso a favor del partido, \u201cporque queremos lo mejor para nosotros los mazahuas, lo mejor para nuestro Estado y sobre todo para M\u00e9xico; somos una nueva generaci\u00f3n de priistas que con trabajo se han ganado el liderazgo\u201d.<\/p>\n\n\n\n<p>Dijo, finalmente, que es el momento de mayor participaci\u00f3n que han demandado mujeres y j\u00f3venes; \u201cy a ellos les digo el PRI los necesita para construir un presente seguro y un futuro mejor\u201d.<\/p>\n\n\n\n<p>Al acto de unidad acudieron expresidentes municipales, entre ellos Olegario Romero, actual Secretario de Acci\u00f3n Ind\u00edgena del PRI, Abraham Monroy Esquivel y Juan Manuel Mart\u00ednez Nava.<\/p>\n\n\n\n<figure class=\"wp-block-gallery columns-2 is-cropped wp-block-gallery-1 is-layout-flex wp-block-gallery-is-layout-flex\"><ul class=\"blocks-gallery-grid\"><li class=\"blocks-gallery-item\"><figure><img decoding=\"async\" width=\"1024\" height=\"705\" src=\"https:\/\/21panorama.com\/wp-content\/uploads\/2022\/06\/5926cabb-6ec6-49a5-939d-806a66a9f6b8-1024x705.jpeg\" alt=\"\" data-id=\"3749\" data-link=\"https:\/\/21panorama.com\/?attachment_id=3749\" class=\"wp-image-3749\" srcset=\"https:\/\/21panorama.com\/wp-content\/uploads\/2022\/06\/5926cabb-6ec6-49a5-939d-806a66a9f6b8-1024x705.jpeg 1024w, https:\/\/21panorama.com\/wp-content\/uploads\/2022\/06\/5926cabb-6ec6-49a5-939d-806a66a9f6b8-300x207.jpeg 300w, https:\/\/21panorama.com\/wp-content\/uploads\/2022\/06\/5926cabb-6ec6-49a5-939d-806a66a9f6b8-768x529.jpeg 768w, https:\/\/21panorama.com\/wp-content\/uploads\/2022\/06\/5926cabb-6ec6-49a5-939d-806a66a9f6b8-1536x1058.jpeg 1536w, https:\/\/21panorama.com\/wp-content\/uploads\/2022\/06\/5926cabb-6ec6-49a5-939d-806a66a9f6b8.jpeg 1600w\" sizes=\"(max-width: 1024px) 100vw, 1024px\" \/><\/figure><\/li><li class=\"blocks-gallery-item\"><figure><img decoding=\"async\" width=\"1024\" height=\"682\" src=\"https:\/\/21panorama.com\/wp-content\/uploads\/2022\/06\/f7ee7ede-c5b6-4ca2-ad4b-ec53f4509645-1024x682.jpeg\" alt=\"\" data-id=\"3750\" data-full-url=\"https:\/\/21panorama.com\/wp-content\/uploads\/2022\/06\/f7ee7ede-c5b6-4ca2-ad4b-ec53f4509645.jpeg\" data-link=\"https:\/\/21panorama.com\/?attachment_id=3750\" class=\"wp-image-3750\" srcset=\"https:\/\/21panorama.com\/wp-content\/uploads\/2022\/06\/f7ee7ede-c5b6-4ca2-ad4b-ec53f4509645-1024x682.jpeg 1024w, https:\/\/21panorama.com\/wp-content\/uploads\/2022\/06\/f7ee7ede-c5b6-4ca2-ad4b-ec53f4509645-300x200.jpeg 300w, https:\/\/21panorama.com\/wp-content\/uploads\/2022\/06\/f7ee7ede-c5b6-4ca2-ad4b-ec53f4509645-768x512.jpeg 768w, https:\/\/21panorama.com\/wp-content\/uploads\/2022\/06\/f7ee7ede-c5b6-4ca2-ad4b-ec53f4509645-1536x1023.jpeg 1536w, https:\/\/21panorama.com\/wp-content\/uploads\/2022\/06\/f7ee7ede-c5b6-4ca2-ad4b-ec53f4509645.jpeg 1600w\" sizes=\"(max-width: 1024px) 100vw, 1024px\" \/><\/figure><\/li><\/ul><\/figure>\n","protected":false},"excerpt":{"rendered":"<p>La militancia pelear\u00e1 electoralmente mano a mano para demostrar de que estamos hechos, firm\u00f3 el dirigente estatal del PRI.<\/p>\n","protected":false},"author":1,"featured_media":3748,"comment_status":"open","ping_status":"open","sticky":false,"template":"","format":"standard","meta":{"footnotes":""},"categories":[12],"tags":[33],"class_list":["post-3747","post","type-post","status-publish","format-standard","has-post-thumbnail","hentry","category-politica","tag-pri"],"yoast_head":"<!-- This site is optimized with the Yoast SEO plugin v24.9 - https:\/\/yoast.com\/wordpress\/plugins\/seo\/ -->\n<title>VAMOS A ENTREGAR EL PODER A OTRO PRIISTA EN EL ESTADO DE M\u00c9XICO: ERIC SEVILLA - 21 Panorama<\/title>\n<meta name=\"robots\" content=\"index, follow, max-snippet:-1, max-image-preview:large, max-video-preview:-1\" \/>\n<link rel=\"canonical\" href=\"https:\/\/21panorama.com\/index.php\/2022\/06\/19\/vamos-a-entregar-el-poder-a-otro-priista-en-el-estado-de-mexico-eric-sevilla\/\" \/>\n<meta property=\"og:locale\" content=\"es_MX\" \/>\n<meta property=\"og:type\" content=\"article\" \/>\n<meta property=\"og:title\" content=\"VAMOS A ENTREGAR EL PODER A OTRO PRIISTA EN EL ESTADO DE M\u00c9XICO: ERIC SEVILLA - 21 Panorama\" \/>\n<meta property=\"og:description\" content=\"La militancia pelear\u00e1 electoralmente mano a mano para demostrar de que estamos hechos, firm\u00f3 el dirigente estatal del PRI.\" \/>\n<meta property=\"og:url\" content=\"https:\/\/21panorama.com\/index.php\/2022\/06\/19\/vamos-a-entregar-el-poder-a-otro-priista-en-el-estado-de-mexico-eric-sevilla\/\" \/>\n<meta property=\"og:site_name\" content=\"21 Panorama\" \/>\n<meta property=\"article:published_time\" content=\"2022-06-20T03:27:08+00:00\" \/>\n<meta property=\"article:modified_time\" content=\"2022-06-20T03:27:10+00:00\" \/>\n<meta property=\"og:image\" content=\"https:\/\/21panorama.com\/wp-content\/uploads\/2022\/06\/ba6d17c1-05ae-44fd-9c0f-51b1618a0cee.jpeg\" \/>\n\t<meta property=\"og:image:width\" content=\"1600\" \/>\n\t<meta property=\"og:image:height\" content=\"1066\" \/>\n\t<meta property=\"og:image:type\" content=\"image\/jpeg\" \/>\n<meta name=\"author\" content=\"admin\" \/>\n<meta name=\"twitter:card\" content=\"summary_large_image\" \/>\n<meta name=\"twitter:label1\" content=\"Escrito por\" \/>\n\t<meta name=\"twitter:data1\" content=\"admin\" \/>\n\t<meta name=\"twitter:label2\" content=\"Tiempo de lectura\" \/>\n\t<meta name=\"twitter:data2\" content=\"2 minutos\" \/>\n<script type=\"application\/ld+json\" class=\"yoast-schema-graph\">{\"@context\":\"https:\/\/schema.org\",\"@graph\":[{\"@type\":\"Article\",\"@id\":\"https:\/\/21panorama.com\/index.php\/2022\/06\/19\/vamos-a-entregar-el-poder-a-otro-priista-en-el-estado-de-mexico-eric-sevilla\/#article\",\"isPartOf\":{\"@id\":\"https:\/\/21panorama.com\/index.php\/2022\/06\/19\/vamos-a-entregar-el-poder-a-otro-priista-en-el-estado-de-mexico-eric-sevilla\/\"},\"author\":{\"name\":\"admin\",\"@id\":\"https:\/\/21panorama.com\/#\/schema\/person\/1afc291b96d5792a158768324287319f\"},\"headline\":\"VAMOS A ENTREGAR EL PODER A OTRO PRIISTA EN EL ESTADO DE M\u00c9XICO: ERIC SEVILLA\",\"datePublished\":\"2022-06-20T03:27:08+00:00\",\"dateModified\":\"2022-06-20T03:27:10+00:00\",\"mainEntityOfPage\":{\"@id\":\"https:\/\/21panorama.com\/index.php\/2022\/06\/19\/vamos-a-entregar-el-poder-a-otro-priista-en-el-estado-de-mexico-eric-sevilla\/\"},\"wordCount\":405,\"commentCount\":0,\"publisher\":{\"@id\":\"https:\/\/21panorama.com\/#organization\"},\"image\":{\"@id\":\"https:\/\/21panorama.com\/index.php\/2022\/06\/19\/vamos-a-entregar-el-poder-a-otro-priista-en-el-estado-de-mexico-eric-sevilla\/#primaryimage\"},\"thumbnailUrl\":\"https:\/\/21panorama.com\/wp-content\/uploads\/2022\/06\/ba6d17c1-05ae-44fd-9c0f-51b1618a0cee.jpeg\",\"keywords\":[\"PRI\"],\"articleSection\":[\"Politica\"],\"inLanguage\":\"es\",\"potentialAction\":[{\"@type\":\"CommentAction\",\"name\":\"Comment\",\"target\":[\"https:\/\/21panorama.com\/index.php\/2022\/06\/19\/vamos-a-entregar-el-poder-a-otro-priista-en-el-estado-de-mexico-eric-sevilla\/#respond\"]}]},{\"@type\":\"WebPage\",\"@id\":\"https:\/\/21panorama.com\/index.php\/2022\/06\/19\/vamos-a-entregar-el-poder-a-otro-priista-en-el-estado-de-mexico-eric-sevilla\/\",\"url\":\"https:\/\/21panorama.com\/index.php\/2022\/06\/19\/vamos-a-entregar-el-poder-a-otro-priista-en-el-estado-de-mexico-eric-sevilla\/\",\"name\":\"VAMOS A ENTREGAR EL PODER A OTRO PRIISTA EN EL ESTADO DE M\u00c9XICO: ERIC SEVILLA - 21 Panorama\",\"isPartOf\":{\"@id\":\"https:\/\/21panorama.com\/#website\"},\"primaryImageOfPage\":{\"@id\":\"https:\/\/21panorama.com\/index.php\/2022\/06\/19\/vamos-a-entregar-el-poder-a-otro-priista-en-el-estado-de-mexico-eric-sevilla\/#primaryimage\"},\"image\":{\"@id\":\"https:\/\/21panorama.com\/index.php\/2022\/06\/19\/vamos-a-entregar-el-poder-a-otro-priista-en-el-estado-de-mexico-eric-sevilla\/#primaryimage\"},\"thumbnailUrl\":\"https:\/\/21panorama.com\/wp-content\/uploads\/2022\/06\/ba6d17c1-05ae-44fd-9c0f-51b1618a0cee.jpeg\",\"datePublished\":\"2022-06-20T03:27:08+00:00\",\"dateModified\":\"2022-06-20T03:27:10+00:00\",\"breadcrumb\":{\"@id\":\"https:\/\/21panorama.com\/index.php\/2022\/06\/19\/vamos-a-entregar-el-poder-a-otro-priista-en-el-estado-de-mexico-eric-sevilla\/#breadcrumb\"},\"inLanguage\":\"es\",\"potentialAction\":[{\"@type\":\"ReadAction\",\"target\":[\"https:\/\/21panorama.com\/index.php\/2022\/06\/19\/vamos-a-entregar-el-poder-a-otro-priista-en-el-estado-de-mexico-eric-sevilla\/\"]}]},{\"@type\":\"ImageObject\",\"inLanguage\":\"es\",\"@id\":\"https:\/\/21panorama.com\/index.php\/2022\/06\/19\/vamos-a-entregar-el-poder-a-otro-priista-en-el-estado-de-mexico-eric-sevilla\/#primaryimage\",\"url\":\"https:\/\/21panorama.com\/wp-content\/uploads\/2022\/06\/ba6d17c1-05ae-44fd-9c0f-51b1618a0cee.jpeg\",\"contentUrl\":\"https:\/\/21panorama.com\/wp-content\/uploads\/2022\/06\/ba6d17c1-05ae-44fd-9c0f-51b1618a0cee.jpeg\",\"width\":1600,\"height\":1066},{\"@type\":\"BreadcrumbList\",\"@id\":\"https:\/\/21panorama.com\/index.php\/2022\/06\/19\/vamos-a-entregar-el-poder-a-otro-priista-en-el-estado-de-mexico-eric-sevilla\/#breadcrumb\",\"itemListElement\":[{\"@type\":\"ListItem\",\"position\":1,\"name\":\"Inicio\",\"item\":\"https:\/\/21panorama.com\/\"},{\"@type\":\"ListItem\",\"position\":2,\"name\":\"VAMOS A ENTREGAR EL PODER A OTRO PRIISTA EN EL ESTADO DE M\u00c9XICO: ERIC SEVILLA\"}]},{\"@type\":\"WebSite\",\"@id\":\"https:\/\/21panorama.com\/#website\",\"url\":\"https:\/\/21panorama.com\/\",\"name\":\"21 Panorama\",\"description\":\"La construcci\u00f3n de la opini\u00f3n p\u00fablica merece un mejor Panorama en este siglo 21 para alcanzar una sociedad con mayor transparencia y sin corrupci\u00f3n.\",\"publisher\":{\"@id\":\"https:\/\/21panorama.com\/#organization\"},\"potentialAction\":[{\"@type\":\"SearchAction\",\"target\":{\"@type\":\"EntryPoint\",\"urlTemplate\":\"https:\/\/21panorama.com\/?s={search_term_string}\"},\"query-input\":{\"@type\":\"PropertyValueSpecification\",\"valueRequired\":true,\"valueName\":\"search_term_string\"}}],\"inLanguage\":\"es\"},{\"@type\":\"Organization\",\"@id\":\"https:\/\/21panorama.com\/#organization\",\"name\":\"21 Panorama\",\"url\":\"https:\/\/21panorama.com\/\",\"logo\":{\"@type\":\"ImageObject\",\"inLanguage\":\"es\",\"@id\":\"https:\/\/21panorama.com\/#\/schema\/logo\/image\/\",\"url\":\"https:\/\/21panorama.com\/wp-content\/uploads\/2019\/07\/cropped-Logo-Panorama-01.jpeg\",\"contentUrl\":\"https:\/\/21panorama.com\/wp-content\/uploads\/2019\/07\/cropped-Logo-Panorama-01.jpeg\",\"width\":290,\"height\":70,\"caption\":\"21 Panorama\"},\"image\":{\"@id\":\"https:\/\/21panorama.com\/#\/schema\/logo\/image\/\"}},{\"@type\":\"Person\",\"@id\":\"https:\/\/21panorama.com\/#\/schema\/person\/1afc291b96d5792a158768324287319f\",\"name\":\"admin\",\"image\":{\"@type\":\"ImageObject\",\"inLanguage\":\"es\",\"@id\":\"https:\/\/21panorama.com\/#\/schema\/person\/image\/\",\"url\":\"https:\/\/secure.gravatar.com\/avatar\/ad365d9d9f46719215b0d042cc3df92a5a8683e09ef13d102233e5491985f0f0?s=96&d=mm&r=g\",\"contentUrl\":\"https:\/\/secure.gravatar.com\/avatar\/ad365d9d9f46719215b0d042cc3df92a5a8683e09ef13d102233e5491985f0f0?s=96&d=mm&r=g\",\"caption\":\"admin\"},\"url\":\"https:\/\/21panorama.com\/index.php\/author\/admin\/\"}]}<\/script>\n<!-- \/ Yoast SEO plugin. -->","yoast_head_json":{"title":"VAMOS A ENTREGAR EL PODER A OTRO PRIISTA EN EL ESTADO DE M\u00c9XICO: ERIC SEVILLA - 21 Panorama","robots":{"index":"index","follow":"follow","max-snippet":"max-snippet:-1","max-image-preview":"max-image-preview:large","max-video-preview":"max-video-preview:-1"},"canonical":"https:\/\/21panorama.com\/index.php\/2022\/06\/19\/vamos-a-entregar-el-poder-a-otro-priista-en-el-estado-de-mexico-eric-sevilla\/","og_locale":"es_MX","og_type":"article","og_title":"VAMOS A ENTREGAR EL PODER A OTRO PRIISTA EN EL ESTADO DE M\u00c9XICO: ERIC SEVILLA - 21 Panorama","og_description":"La militancia pelear\u00e1 electoralmente mano a mano para demostrar de que estamos hechos, firm\u00f3 el dirigente estatal del PRI.","og_url":"https:\/\/21panorama.com\/index.php\/2022\/06\/19\/vamos-a-entregar-el-poder-a-otro-priista-en-el-estado-de-mexico-eric-sevilla\/","og_site_name":"21 Panorama","article_published_time":"2022-06-20T03:27:08+00:00","article_modified_time":"2022-06-20T03:27:10+00:00","og_image":[{"width":1600,"height":1066,"url":"https:\/\/21panorama.com\/wp-content\/uploads\/2022\/06\/ba6d17c1-05ae-44fd-9c0f-51b1618a0cee.jpeg","type":"image\/jpeg"}],"author":"admin","twitter_card":"summary_large_image","twitter_misc":{"Escrito por":"admin","Tiempo de lectura":"2 minutos"},"schema":{"@context":"https:\/\/schema.org","@graph":[{"@type":"Article","@id":"https:\/\/21panorama.com\/index.php\/2022\/06\/19\/vamos-a-entregar-el-poder-a-otro-priista-en-el-estado-de-mexico-eric-sevilla\/#article","isPartOf":{"@id":"https:\/\/21panorama.com\/index.php\/2022\/06\/19\/vamos-a-entregar-el-poder-a-otro-priista-en-el-estado-de-mexico-eric-sevilla\/"},"author":{"name":"admin","@id":"https:\/\/21panorama.com\/#\/schema\/person\/1afc291b96d5792a158768324287319f"},"headline":"VAMOS A ENTREGAR EL PODER A OTRO PRIISTA EN EL ESTADO DE M\u00c9XICO: ERIC SEVILLA","datePublished":"2022-06-20T03:27:08+00:00","dateModified":"2022-06-20T03:27:10+00:00","mainEntityOfPage":{"@id":"https:\/\/21panorama.com\/index.php\/2022\/06\/19\/vamos-a-entregar-el-poder-a-otro-priista-en-el-estado-de-mexico-eric-sevilla\/"},"wordCount":405,"commentCount":0,"publisher":{"@id":"https:\/\/21panorama.com\/#organization"},"image":{"@id":"https:\/\/21panorama.com\/index.php\/2022\/06\/19\/vamos-a-entregar-el-poder-a-otro-priista-en-el-estado-de-mexico-eric-sevilla\/#primaryimage"},"thumbnailUrl":"https:\/\/21panorama.com\/wp-content\/uploads\/2022\/06\/ba6d17c1-05ae-44fd-9c0f-51b1618a0cee.jpeg","keywords":["PRI"],"articleSection":["Politica"],"inLanguage":"es","potentialAction":[{"@type":"CommentAction","name":"Comment","target":["https:\/\/21panorama.com\/index.php\/2022\/06\/19\/vamos-a-entregar-el-poder-a-otro-priista-en-el-estado-de-mexico-eric-sevilla\/#respond"]}]},{"@type":"WebPage","@id":"https:\/\/21panorama.com\/index.php\/2022\/06\/19\/vamos-a-entregar-el-poder-a-otro-priista-en-el-estado-de-mexico-eric-sevilla\/","url":"https:\/\/21panorama.com\/index.php\/2022\/06\/19\/vamos-a-entregar-el-poder-a-otro-priista-en-el-estado-de-mexico-eric-sevilla\/","name":"VAMOS A ENTREGAR EL PODER A OTRO PRIISTA EN EL ESTADO DE M\u00c9XICO: ERIC SEVILLA - 21 Panorama","isPartOf":{"@id":"https:\/\/21panorama.com\/#website"},"primaryImageOfPage":{"@id":"https:\/\/21panorama.com\/index.php\/2022\/06\/19\/vamos-a-entregar-el-poder-a-otro-priista-en-el-estado-de-mexico-eric-sevilla\/#primaryimage"},"image":{"@id":"https:\/\/21panorama.com\/index.php\/2022\/06\/19\/vamos-a-entregar-el-poder-a-otro-priista-en-el-estado-de-mexico-eric-sevilla\/#primaryimage"},"thumbnailUrl":"https:\/\/21panorama.com\/wp-content\/uploads\/2022\/06\/ba6d17c1-05ae-44fd-9c0f-51b1618a0cee.jpeg","datePublished":"2022-06-20T03:27:08+00:00","dateModified":"2022-06-20T03:27:10+00:00","breadcrumb":{"@id":"https:\/\/21panorama.com\/index.php\/2022\/06\/19\/vamos-a-entregar-el-poder-a-otro-priista-en-el-estado-de-mexico-eric-sevilla\/#breadcrumb"},"inLanguage":"es","potentialAction":[{"@type":"ReadAction","target":["https:\/\/21panorama.com\/index.php\/2022\/06\/19\/vamos-a-entregar-el-poder-a-otro-priista-en-el-estado-de-mexico-eric-sevilla\/"]}]},{"@type":"ImageObject","inLanguage":"es","@id":"https:\/\/21panorama.com\/index.php\/2022\/06\/19\/vamos-a-entregar-el-poder-a-otro-priista-en-el-estado-de-mexico-eric-sevilla\/#primaryimage","url":"https:\/\/21panorama.com\/wp-content\/uploads\/2022\/06\/ba6d17c1-05ae-44fd-9c0f-51b1618a0cee.jpeg","contentUrl":"https:\/\/21panorama.com\/wp-content\/uploads\/2022\/06\/ba6d17c1-05ae-44fd-9c0f-51b1618a0cee.jpeg","width":1600,"height":1066},{"@type":"BreadcrumbList","@id":"https:\/\/21panorama.com\/index.php\/2022\/06\/19\/vamos-a-entregar-el-poder-a-otro-priista-en-el-estado-de-mexico-eric-sevilla\/#breadcrumb","itemListElement":[{"@type":"ListItem","position":1,"name":"Inicio","item":"https:\/\/21panorama.com\/"},{"@type":"ListItem","position":2,"name":"VAMOS A ENTREGAR EL PODER A OTRO PRIISTA EN EL ESTADO DE M\u00c9XICO: ERIC SEVILLA"}]},{"@type":"WebSite","@id":"https:\/\/21panorama.com\/#website","url":"https:\/\/21panorama.com\/","name":"21 Panorama","description":"La construcci\u00f3n de la opini\u00f3n p\u00fablica merece un mejor Panorama en este siglo 21 para alcanzar una sociedad con mayor transparencia y sin corrupci\u00f3n.","publisher":{"@id":"https:\/\/21panorama.com\/#organization"},"potentialAction":[{"@type":"SearchAction","target":{"@type":"EntryPoint","urlTemplate":"https:\/\/21panorama.com\/?s={search_term_string}"},"query-input":{"@type":"PropertyValueSpecification","valueRequired":true,"valueName":"search_term_string"}}],"inLanguage":"es"},{"@type":"Organization","@id":"https:\/\/21panorama.com\/#organization","name":"21 Panorama","url":"https:\/\/21panorama.com\/","logo":{"@type":"ImageObject","inLanguage":"es","@id":"https:\/\/21panorama.com\/#\/schema\/logo\/image\/","url":"https:\/\/21panorama.com\/wp-content\/uploads\/2019\/07\/cropped-Logo-Panorama-01.jpeg","contentUrl":"https:\/\/21panorama.com\/wp-content\/uploads\/2019\/07\/cropped-Logo-Panorama-01.jpeg","width":290,"height":70,"caption":"21 Panorama"},"image":{"@id":"https:\/\/21panorama.com\/#\/schema\/logo\/image\/"}},{"@type":"Person","@id":"https:\/\/21panorama.com\/#\/schema\/person\/1afc291b96d5792a158768324287319f","name":"admin","image":{"@type":"ImageObject","inLanguage":"es","@id":"https:\/\/21panorama.com\/#\/schema\/person\/image\/","url":"https:\/\/secure.gravatar.com\/avatar\/ad365d9d9f46719215b0d042cc3df92a5a8683e09ef13d102233e5491985f0f0?s=96&d=mm&r=g","contentUrl":"https:\/\/secure.gravatar.com\/avatar\/ad365d9d9f46719215b0d042cc3df92a5a8683e09ef13d102233e5491985f0f0?s=96&d=mm&r=g","caption":"admin"},"url":"https:\/\/21panorama.com\/index.php\/author\/admin\/"}]}},"_links":{"self":[{"href":"https:\/\/21panorama.com\/index.php\/wp-json\/wp\/v2\/posts\/3747","targetHints":{"allow":["GET"]}}],"collection":[{"href":"https:\/\/21panorama.com\/index.php\/wp-json\/wp\/v2\/posts"}],"about":[{"href":"https:\/\/21panorama.com\/index.php\/wp-json\/wp\/v2\/types\/post"}],"author":[{"embeddable":true,"href":"https:\/\/21panorama.com\/index.php\/wp-json\/wp\/v2\/users\/1"}],"replies":[{"embeddable":true,"href":"https:\/\/21panorama.com\/index.php\/wp-json\/wp\/v2\/comments?post=3747"}],"version-history":[{"count":1,"href":"https:\/\/21panorama.com\/index.php\/wp-json\/wp\/v2\/posts\/3747\/revisions"}],"predecessor-version":[{"id":3751,"href":"https:\/\/21panorama.com\/index.php\/wp-json\/wp\/v2\/posts\/3747\/revisions\/3751"}],"wp:featuredmedia":[{"embeddable":true,"href":"https:\/\/21panorama.com\/index.php\/wp-json\/wp\/v2\/media\/3748"}],"wp:attachment":[{"href":"https:\/\/21panorama.com\/index.php\/wp-json\/wp\/v2\/media?parent=3747"}],"wp:term":[{"taxonomy":"category","embeddable":true,"href":"https:\/\/21panorama.com\/index.php\/wp-json\/wp\/v2\/categories?post=3747"},{"taxonomy":"post_tag","embeddable":true,"href":"https:\/\/21panorama.com\/index.php\/wp-json\/wp\/v2\/tags?post=3747"}],"curies":[{"name":"wp","href":"https:\/\/api.w.org\/{rel}","templated":true}]}}