{"id":3742,"date":"2022-06-19T22:19:41","date_gmt":"2022-06-20T03:19:41","guid":{"rendered":"https:\/\/21panorama.com\/?p=3742"},"modified":"2022-06-19T22:19:43","modified_gmt":"2022-06-20T03:19:43","slug":"afianzan-colaboracion-de-gran-impacto-uaemex-y-secretaria-de-seguridad","status":"publish","type":"post","link":"https:\/\/21panorama.com\/index.php\/2022\/06\/19\/afianzan-colaboracion-de-gran-impacto-uaemex-y-secretaria-de-seguridad\/","title":{"rendered":"AFIANZAN COLABORACI\u00d3N DE GRAN IMPACTO UAEM\u00c9X Y SECRETAR\u00cdA DE SEGURIDAD"},"content":{"rendered":"\n<p>Con el prop\u00f3sito de consolidar la estrategia de seguridad en territorio estatal y salvaguardar la integridad de la comunidad universitaria, la Universidad Aut\u00f3noma del Estado de M\u00e9xico (UAEM\u00e9x) y la Secretar\u00eda de Seguridad de la entidad firmaron un convenio de colaboraci\u00f3n.<\/p>\n\n\n\n<p>Acompa\u00f1ado del secretario de Rector\u00eda de la UAEM\u00e9x, Marco Aurelio Cienfuegos Terr\u00f3n y del subsecretario de Control Penitenciario, Manuel Palma Rangel, el rector de la M\u00e1xima Casa de Estudios mexiquense, Carlos Eduardo Barrera D\u00edaz, destac\u00f3 que este convenio fomenta una relaci\u00f3n interinstitucional colaborativa y de gran impacto.<\/p>\n\n\n\n<p>En la Sala de Ex Rectores del Edificio de Rector\u00eda, Barrera D\u00edaz refiri\u00f3 que este instrumento permitir\u00e1 ofrecer la asesor\u00eda para el mejoramiento de la seguridad universitaria, as\u00ed como la formaci\u00f3n acad\u00e9mica del personal de la Secretar\u00eda como el que labora en los centros penitenciarios de la entidad; adem\u00e1s, se dise\u00f1ar\u00e1 una metodolog\u00eda para establecer el observatorio ciudadano, para la evaluaci\u00f3n de las pol\u00edticas de prevenci\u00f3n contra el delito, la violencia y la delincuencia. \u201cMediante este instrumento que signamos confirmamos las bases generales y mecanismos de colaboraci\u00f3n e interoperabilidad entre nuestras instituciones\u201d, enfatiz\u00f3.<\/p>\n\n\n\n<p>Este convenio de colaboraci\u00f3n tambi\u00e9n favorece al estudiantado de diversas licenciaturas, as\u00ed como personas egresadas de la Aut\u00f3noma mexiquense para que realicen pr\u00e1cticas profesionales dentro de la Secretar\u00eda de Seguridad, con el objetivo de enriquecer su formaci\u00f3n profesional, ejemplo de ello es el alumnado de la Facultad de Medicina Veterinaria y Zootecnia, que ayudar\u00e1 en las revisiones de equinos y perros con que cuenta esta dependencia.<\/p>\n\n\n\n<p>Por su parte, el secretario de Seguridad, Rodrigo Sigfrid Mart\u00ednez-Celis Wogau, mencion\u00f3 que mediante este mecanismo se favorece la construcci\u00f3n de una seguridad ciudadana m\u00e1s s\u00f3lida y mejor preparada con la aplicaci\u00f3n de medidas para implementar la perspectiva de g\u00e9nero, la igualdad sustantiva, la eliminaci\u00f3n de toda forma de discriminaci\u00f3n y el respeto a los derechos humanos.<\/p>\n\n\n\n<p>&#8220;Esta suma de voluntades nos permitir\u00e1 desarrollar acciones encaminadas a la profesionalizaci\u00f3n, capacitaci\u00f3n, actualizaci\u00f3n y especializaci\u00f3n de las y los servidores p\u00fablicos de la UAEM\u00e9x y de la Secretar\u00eda de Seguridad para brindar una mejor seguridad a la comunidad universitaria y a la entidad&#8221;, resalt\u00f3.<br>Al acto acudieron miembros del gabinete e invitados especiales como el director de Seguridad y Protecci\u00f3n Universitaria, Fernando Javier Aparicio Gonz\u00e1lez; el titular del \u00d3rgano Interno de Control de la UAEM\u00e9x, Victorino Barrios D\u00e1valos; la rectora de la Universidad Mexiquense de Seguridad, Griselda Camacho T\u00e9llez, y el director General de Sistemas de Desarrollo Judicial, Gabriel Reyes Galv\u00e1n.<\/p>\n\n\n\n<figure class=\"wp-block-gallery columns-2 is-cropped wp-block-gallery-1 is-layout-flex wp-block-gallery-is-layout-flex\"><ul class=\"blocks-gallery-grid\"><li class=\"blocks-gallery-item\"><figure><img decoding=\"async\" width=\"683\" height=\"1024\" src=\"https:\/\/21panorama.com\/wp-content\/uploads\/2022\/06\/344aa626-a25f-4541-9525-8a2cf926ef2a-683x1024.jpeg\" alt=\"\" data-id=\"3744\" data-link=\"https:\/\/21panorama.com\/?attachment_id=3744\" class=\"wp-image-3744\" srcset=\"https:\/\/21panorama.com\/wp-content\/uploads\/2022\/06\/344aa626-a25f-4541-9525-8a2cf926ef2a-683x1024.jpeg 683w, https:\/\/21panorama.com\/wp-content\/uploads\/2022\/06\/344aa626-a25f-4541-9525-8a2cf926ef2a-200x300.jpeg 200w, https:\/\/21panorama.com\/wp-content\/uploads\/2022\/06\/344aa626-a25f-4541-9525-8a2cf926ef2a.jpeg 720w\" sizes=\"(max-width: 683px) 100vw, 683px\" \/><\/figure><\/li><li class=\"blocks-gallery-item\"><figure><img decoding=\"async\" width=\"720\" height=\"480\" src=\"https:\/\/21panorama.com\/wp-content\/uploads\/2022\/06\/eb3eb088-7877-4fee-815d-404ed4a44fd0.jpeg\" alt=\"\" data-id=\"3745\" data-full-url=\"https:\/\/21panorama.com\/wp-content\/uploads\/2022\/06\/eb3eb088-7877-4fee-815d-404ed4a44fd0.jpeg\" data-link=\"https:\/\/21panorama.com\/?attachment_id=3745\" class=\"wp-image-3745\" srcset=\"https:\/\/21panorama.com\/wp-content\/uploads\/2022\/06\/eb3eb088-7877-4fee-815d-404ed4a44fd0.jpeg 720w, https:\/\/21panorama.com\/wp-content\/uploads\/2022\/06\/eb3eb088-7877-4fee-815d-404ed4a44fd0-300x200.jpeg 300w\" sizes=\"(max-width: 720px) 100vw, 720px\" \/><\/figure><\/li><\/ul><\/figure>\n","protected":false},"excerpt":{"rendered":"<p>El rector Carlos Eduardo Barrera D\u00edaz enfatiz\u00f3 que este instrumento permitir\u00e1 el dise\u00f1o de una metodolog\u00eda para establecer el observatorio ciudadano, para la evaluaci\u00f3n de las pol\u00edticas de prevenci\u00f3n contra el delito, la violencia y la delincuencia. <\/p>\n","protected":false},"author":1,"featured_media":3743,"comment_status":"open","ping_status":"open","sticky":false,"template":"","format":"standard","meta":{"footnotes":""},"categories":[1],"tags":[131],"class_list":["post-3742","post","type-post","status-publish","format-standard","has-post-thumbnail","hentry","category-sociedad","tag-uaem"],"yoast_head":"<!-- This site is optimized with the Yoast SEO plugin v24.9 - https:\/\/yoast.com\/wordpress\/plugins\/seo\/ -->\n<title>AFIANZAN COLABORACI\u00d3N DE GRAN IMPACTO UAEM\u00c9X Y SECRETAR\u00cdA DE SEGURIDAD - 21 Panorama<\/title>\n<meta name=\"robots\" content=\"index, follow, max-snippet:-1, max-image-preview:large, max-video-preview:-1\" \/>\n<link rel=\"canonical\" href=\"https:\/\/21panorama.com\/index.php\/2022\/06\/19\/afianzan-colaboracion-de-gran-impacto-uaemex-y-secretaria-de-seguridad\/\" \/>\n<meta property=\"og:locale\" content=\"es_MX\" \/>\n<meta property=\"og:type\" content=\"article\" \/>\n<meta property=\"og:title\" content=\"AFIANZAN COLABORACI\u00d3N DE GRAN IMPACTO UAEM\u00c9X Y SECRETAR\u00cdA DE SEGURIDAD - 21 Panorama\" \/>\n<meta property=\"og:description\" content=\"El rector Carlos Eduardo Barrera D\u00edaz enfatiz\u00f3 que este instrumento permitir\u00e1 el dise\u00f1o de una metodolog\u00eda para establecer el observatorio ciudadano, para la evaluaci\u00f3n de las pol\u00edticas de prevenci\u00f3n contra el delito, la violencia y la delincuencia.\" \/>\n<meta property=\"og:url\" content=\"https:\/\/21panorama.com\/index.php\/2022\/06\/19\/afianzan-colaboracion-de-gran-impacto-uaemex-y-secretaria-de-seguridad\/\" \/>\n<meta property=\"og:site_name\" content=\"21 Panorama\" \/>\n<meta property=\"article:published_time\" content=\"2022-06-20T03:19:41+00:00\" \/>\n<meta property=\"article:modified_time\" content=\"2022-06-20T03:19:43+00:00\" \/>\n<meta property=\"og:image\" content=\"https:\/\/21panorama.com\/wp-content\/uploads\/2022\/06\/b7726321-5449-47fa-9637-df8e4a73e2b0.jpeg\" \/>\n\t<meta property=\"og:image:width\" content=\"720\" \/>\n\t<meta property=\"og:image:height\" content=\"480\" \/>\n\t<meta property=\"og:image:type\" content=\"image\/jpeg\" \/>\n<meta name=\"author\" content=\"admin\" \/>\n<meta name=\"twitter:card\" content=\"summary_large_image\" \/>\n<meta name=\"twitter:label1\" content=\"Escrito por\" \/>\n\t<meta name=\"twitter:data1\" content=\"admin\" \/>\n\t<meta name=\"twitter:label2\" content=\"Tiempo de lectura\" \/>\n\t<meta name=\"twitter:data2\" content=\"3 minutos\" \/>\n<script type=\"application\/ld+json\" class=\"yoast-schema-graph\">{\"@context\":\"https:\/\/schema.org\",\"@graph\":[{\"@type\":\"Article\",\"@id\":\"https:\/\/21panorama.com\/index.php\/2022\/06\/19\/afianzan-colaboracion-de-gran-impacto-uaemex-y-secretaria-de-seguridad\/#article\",\"isPartOf\":{\"@id\":\"https:\/\/21panorama.com\/index.php\/2022\/06\/19\/afianzan-colaboracion-de-gran-impacto-uaemex-y-secretaria-de-seguridad\/\"},\"author\":{\"name\":\"admin\",\"@id\":\"https:\/\/21panorama.com\/#\/schema\/person\/1afc291b96d5792a158768324287319f\"},\"headline\":\"AFIANZAN COLABORACI\u00d3N DE GRAN IMPACTO UAEM\u00c9X Y SECRETAR\u00cdA DE SEGURIDAD\",\"datePublished\":\"2022-06-20T03:19:41+00:00\",\"dateModified\":\"2022-06-20T03:19:43+00:00\",\"mainEntityOfPage\":{\"@id\":\"https:\/\/21panorama.com\/index.php\/2022\/06\/19\/afianzan-colaboracion-de-gran-impacto-uaemex-y-secretaria-de-seguridad\/\"},\"wordCount\":472,\"commentCount\":0,\"publisher\":{\"@id\":\"https:\/\/21panorama.com\/#organization\"},\"image\":{\"@id\":\"https:\/\/21panorama.com\/index.php\/2022\/06\/19\/afianzan-colaboracion-de-gran-impacto-uaemex-y-secretaria-de-seguridad\/#primaryimage\"},\"thumbnailUrl\":\"https:\/\/21panorama.com\/wp-content\/uploads\/2022\/06\/b7726321-5449-47fa-9637-df8e4a73e2b0.jpeg\",\"keywords\":[\"UAEM\"],\"articleSection\":[\"Sociedad\"],\"inLanguage\":\"es\",\"potentialAction\":[{\"@type\":\"CommentAction\",\"name\":\"Comment\",\"target\":[\"https:\/\/21panorama.com\/index.php\/2022\/06\/19\/afianzan-colaboracion-de-gran-impacto-uaemex-y-secretaria-de-seguridad\/#respond\"]}]},{\"@type\":\"WebPage\",\"@id\":\"https:\/\/21panorama.com\/index.php\/2022\/06\/19\/afianzan-colaboracion-de-gran-impacto-uaemex-y-secretaria-de-seguridad\/\",\"url\":\"https:\/\/21panorama.com\/index.php\/2022\/06\/19\/afianzan-colaboracion-de-gran-impacto-uaemex-y-secretaria-de-seguridad\/\",\"name\":\"AFIANZAN COLABORACI\u00d3N DE GRAN IMPACTO UAEM\u00c9X Y SECRETAR\u00cdA DE SEGURIDAD - 21 Panorama\",\"isPartOf\":{\"@id\":\"https:\/\/21panorama.com\/#website\"},\"primaryImageOfPage\":{\"@id\":\"https:\/\/21panorama.com\/index.php\/2022\/06\/19\/afianzan-colaboracion-de-gran-impacto-uaemex-y-secretaria-de-seguridad\/#primaryimage\"},\"image\":{\"@id\":\"https:\/\/21panorama.com\/index.php\/2022\/06\/19\/afianzan-colaboracion-de-gran-impacto-uaemex-y-secretaria-de-seguridad\/#primaryimage\"},\"thumbnailUrl\":\"https:\/\/21panorama.com\/wp-content\/uploads\/2022\/06\/b7726321-5449-47fa-9637-df8e4a73e2b0.jpeg\",\"datePublished\":\"2022-06-20T03:19:41+00:00\",\"dateModified\":\"2022-06-20T03:19:43+00:00\",\"breadcrumb\":{\"@id\":\"https:\/\/21panorama.com\/index.php\/2022\/06\/19\/afianzan-colaboracion-de-gran-impacto-uaemex-y-secretaria-de-seguridad\/#breadcrumb\"},\"inLanguage\":\"es\",\"potentialAction\":[{\"@type\":\"ReadAction\",\"target\":[\"https:\/\/21panorama.com\/index.php\/2022\/06\/19\/afianzan-colaboracion-de-gran-impacto-uaemex-y-secretaria-de-seguridad\/\"]}]},{\"@type\":\"ImageObject\",\"inLanguage\":\"es\",\"@id\":\"https:\/\/21panorama.com\/index.php\/2022\/06\/19\/afianzan-colaboracion-de-gran-impacto-uaemex-y-secretaria-de-seguridad\/#primaryimage\",\"url\":\"https:\/\/21panorama.com\/wp-content\/uploads\/2022\/06\/b7726321-5449-47fa-9637-df8e4a73e2b0.jpeg\",\"contentUrl\":\"https:\/\/21panorama.com\/wp-content\/uploads\/2022\/06\/b7726321-5449-47fa-9637-df8e4a73e2b0.jpeg\",\"width\":720,\"height\":480},{\"@type\":\"BreadcrumbList\",\"@id\":\"https:\/\/21panorama.com\/index.php\/2022\/06\/19\/afianzan-colaboracion-de-gran-impacto-uaemex-y-secretaria-de-seguridad\/#breadcrumb\",\"itemListElement\":[{\"@type\":\"ListItem\",\"position\":1,\"name\":\"Inicio\",\"item\":\"https:\/\/21panorama.com\/\"},{\"@type\":\"ListItem\",\"position\":2,\"name\":\"AFIANZAN COLABORACI\u00d3N DE GRAN IMPACTO UAEM\u00c9X Y SECRETAR\u00cdA DE SEGURIDAD\"}]},{\"@type\":\"WebSite\",\"@id\":\"https:\/\/21panorama.com\/#website\",\"url\":\"https:\/\/21panorama.com\/\",\"name\":\"21 Panorama\",\"description\":\"La construcci\u00f3n de la opini\u00f3n p\u00fablica merece un mejor Panorama en este siglo 21 para alcanzar una sociedad con mayor transparencia y sin corrupci\u00f3n.\",\"publisher\":{\"@id\":\"https:\/\/21panorama.com\/#organization\"},\"potentialAction\":[{\"@type\":\"SearchAction\",\"target\":{\"@type\":\"EntryPoint\",\"urlTemplate\":\"https:\/\/21panorama.com\/?s={search_term_string}\"},\"query-input\":{\"@type\":\"PropertyValueSpecification\",\"valueRequired\":true,\"valueName\":\"search_term_string\"}}],\"inLanguage\":\"es\"},{\"@type\":\"Organization\",\"@id\":\"https:\/\/21panorama.com\/#organization\",\"name\":\"21 Panorama\",\"url\":\"https:\/\/21panorama.com\/\",\"logo\":{\"@type\":\"ImageObject\",\"inLanguage\":\"es\",\"@id\":\"https:\/\/21panorama.com\/#\/schema\/logo\/image\/\",\"url\":\"https:\/\/21panorama.com\/wp-content\/uploads\/2019\/07\/cropped-Logo-Panorama-01.jpeg\",\"contentUrl\":\"https:\/\/21panorama.com\/wp-content\/uploads\/2019\/07\/cropped-Logo-Panorama-01.jpeg\",\"width\":290,\"height\":70,\"caption\":\"21 Panorama\"},\"image\":{\"@id\":\"https:\/\/21panorama.com\/#\/schema\/logo\/image\/\"}},{\"@type\":\"Person\",\"@id\":\"https:\/\/21panorama.com\/#\/schema\/person\/1afc291b96d5792a158768324287319f\",\"name\":\"admin\",\"image\":{\"@type\":\"ImageObject\",\"inLanguage\":\"es\",\"@id\":\"https:\/\/21panorama.com\/#\/schema\/person\/image\/\",\"url\":\"https:\/\/secure.gravatar.com\/avatar\/ad365d9d9f46719215b0d042cc3df92a5a8683e09ef13d102233e5491985f0f0?s=96&d=mm&r=g\",\"contentUrl\":\"https:\/\/secure.gravatar.com\/avatar\/ad365d9d9f46719215b0d042cc3df92a5a8683e09ef13d102233e5491985f0f0?s=96&d=mm&r=g\",\"caption\":\"admin\"},\"url\":\"https:\/\/21panorama.com\/index.php\/author\/admin\/\"}]}<\/script>\n<!-- \/ Yoast SEO plugin. -->","yoast_head_json":{"title":"AFIANZAN COLABORACI\u00d3N DE GRAN IMPACTO UAEM\u00c9X Y SECRETAR\u00cdA DE SEGURIDAD - 21 Panorama","robots":{"index":"index","follow":"follow","max-snippet":"max-snippet:-1","max-image-preview":"max-image-preview:large","max-video-preview":"max-video-preview:-1"},"canonical":"https:\/\/21panorama.com\/index.php\/2022\/06\/19\/afianzan-colaboracion-de-gran-impacto-uaemex-y-secretaria-de-seguridad\/","og_locale":"es_MX","og_type":"article","og_title":"AFIANZAN COLABORACI\u00d3N DE GRAN IMPACTO UAEM\u00c9X Y SECRETAR\u00cdA DE SEGURIDAD - 21 Panorama","og_description":"El rector Carlos Eduardo Barrera D\u00edaz enfatiz\u00f3 que este instrumento permitir\u00e1 el dise\u00f1o de una metodolog\u00eda para establecer el observatorio ciudadano, para la evaluaci\u00f3n de las pol\u00edticas de prevenci\u00f3n contra el delito, la violencia y la delincuencia.","og_url":"https:\/\/21panorama.com\/index.php\/2022\/06\/19\/afianzan-colaboracion-de-gran-impacto-uaemex-y-secretaria-de-seguridad\/","og_site_name":"21 Panorama","article_published_time":"2022-06-20T03:19:41+00:00","article_modified_time":"2022-06-20T03:19:43+00:00","og_image":[{"width":720,"height":480,"url":"https:\/\/21panorama.com\/wp-content\/uploads\/2022\/06\/b7726321-5449-47fa-9637-df8e4a73e2b0.jpeg","type":"image\/jpeg"}],"author":"admin","twitter_card":"summary_large_image","twitter_misc":{"Escrito por":"admin","Tiempo de lectura":"3 minutos"},"schema":{"@context":"https:\/\/schema.org","@graph":[{"@type":"Article","@id":"https:\/\/21panorama.com\/index.php\/2022\/06\/19\/afianzan-colaboracion-de-gran-impacto-uaemex-y-secretaria-de-seguridad\/#article","isPartOf":{"@id":"https:\/\/21panorama.com\/index.php\/2022\/06\/19\/afianzan-colaboracion-de-gran-impacto-uaemex-y-secretaria-de-seguridad\/"},"author":{"name":"admin","@id":"https:\/\/21panorama.com\/#\/schema\/person\/1afc291b96d5792a158768324287319f"},"headline":"AFIANZAN COLABORACI\u00d3N DE GRAN IMPACTO UAEM\u00c9X Y SECRETAR\u00cdA DE SEGURIDAD","datePublished":"2022-06-20T03:19:41+00:00","dateModified":"2022-06-20T03:19:43+00:00","mainEntityOfPage":{"@id":"https:\/\/21panorama.com\/index.php\/2022\/06\/19\/afianzan-colaboracion-de-gran-impacto-uaemex-y-secretaria-de-seguridad\/"},"wordCount":472,"commentCount":0,"publisher":{"@id":"https:\/\/21panorama.com\/#organization"},"image":{"@id":"https:\/\/21panorama.com\/index.php\/2022\/06\/19\/afianzan-colaboracion-de-gran-impacto-uaemex-y-secretaria-de-seguridad\/#primaryimage"},"thumbnailUrl":"https:\/\/21panorama.com\/wp-content\/uploads\/2022\/06\/b7726321-5449-47fa-9637-df8e4a73e2b0.jpeg","keywords":["UAEM"],"articleSection":["Sociedad"],"inLanguage":"es","potentialAction":[{"@type":"CommentAction","name":"Comment","target":["https:\/\/21panorama.com\/index.php\/2022\/06\/19\/afianzan-colaboracion-de-gran-impacto-uaemex-y-secretaria-de-seguridad\/#respond"]}]},{"@type":"WebPage","@id":"https:\/\/21panorama.com\/index.php\/2022\/06\/19\/afianzan-colaboracion-de-gran-impacto-uaemex-y-secretaria-de-seguridad\/","url":"https:\/\/21panorama.com\/index.php\/2022\/06\/19\/afianzan-colaboracion-de-gran-impacto-uaemex-y-secretaria-de-seguridad\/","name":"AFIANZAN COLABORACI\u00d3N DE GRAN IMPACTO UAEM\u00c9X Y SECRETAR\u00cdA DE SEGURIDAD - 21 Panorama","isPartOf":{"@id":"https:\/\/21panorama.com\/#website"},"primaryImageOfPage":{"@id":"https:\/\/21panorama.com\/index.php\/2022\/06\/19\/afianzan-colaboracion-de-gran-impacto-uaemex-y-secretaria-de-seguridad\/#primaryimage"},"image":{"@id":"https:\/\/21panorama.com\/index.php\/2022\/06\/19\/afianzan-colaboracion-de-gran-impacto-uaemex-y-secretaria-de-seguridad\/#primaryimage"},"thumbnailUrl":"https:\/\/21panorama.com\/wp-content\/uploads\/2022\/06\/b7726321-5449-47fa-9637-df8e4a73e2b0.jpeg","datePublished":"2022-06-20T03:19:41+00:00","dateModified":"2022-06-20T03:19:43+00:00","breadcrumb":{"@id":"https:\/\/21panorama.com\/index.php\/2022\/06\/19\/afianzan-colaboracion-de-gran-impacto-uaemex-y-secretaria-de-seguridad\/#breadcrumb"},"inLanguage":"es","potentialAction":[{"@type":"ReadAction","target":["https:\/\/21panorama.com\/index.php\/2022\/06\/19\/afianzan-colaboracion-de-gran-impacto-uaemex-y-secretaria-de-seguridad\/"]}]},{"@type":"ImageObject","inLanguage":"es","@id":"https:\/\/21panorama.com\/index.php\/2022\/06\/19\/afianzan-colaboracion-de-gran-impacto-uaemex-y-secretaria-de-seguridad\/#primaryimage","url":"https:\/\/21panorama.com\/wp-content\/uploads\/2022\/06\/b7726321-5449-47fa-9637-df8e4a73e2b0.jpeg","contentUrl":"https:\/\/21panorama.com\/wp-content\/uploads\/2022\/06\/b7726321-5449-47fa-9637-df8e4a73e2b0.jpeg","width":720,"height":480},{"@type":"BreadcrumbList","@id":"https:\/\/21panorama.com\/index.php\/2022\/06\/19\/afianzan-colaboracion-de-gran-impacto-uaemex-y-secretaria-de-seguridad\/#breadcrumb","itemListElement":[{"@type":"ListItem","position":1,"name":"Inicio","item":"https:\/\/21panorama.com\/"},{"@type":"ListItem","position":2,"name":"AFIANZAN COLABORACI\u00d3N DE GRAN IMPACTO UAEM\u00c9X Y SECRETAR\u00cdA DE SEGURIDAD"}]},{"@type":"WebSite","@id":"https:\/\/21panorama.com\/#website","url":"https:\/\/21panorama.com\/","name":"21 Panorama","description":"La construcci\u00f3n de la opini\u00f3n p\u00fablica merece un mejor Panorama en este siglo 21 para alcanzar una sociedad con mayor transparencia y sin corrupci\u00f3n.","publisher":{"@id":"https:\/\/21panorama.com\/#organization"},"potentialAction":[{"@type":"SearchAction","target":{"@type":"EntryPoint","urlTemplate":"https:\/\/21panorama.com\/?s={search_term_string}"},"query-input":{"@type":"PropertyValueSpecification","valueRequired":true,"valueName":"search_term_string"}}],"inLanguage":"es"},{"@type":"Organization","@id":"https:\/\/21panorama.com\/#organization","name":"21 Panorama","url":"https:\/\/21panorama.com\/","logo":{"@type":"ImageObject","inLanguage":"es","@id":"https:\/\/21panorama.com\/#\/schema\/logo\/image\/","url":"https:\/\/21panorama.com\/wp-content\/uploads\/2019\/07\/cropped-Logo-Panorama-01.jpeg","contentUrl":"https:\/\/21panorama.com\/wp-content\/uploads\/2019\/07\/cropped-Logo-Panorama-01.jpeg","width":290,"height":70,"caption":"21 Panorama"},"image":{"@id":"https:\/\/21panorama.com\/#\/schema\/logo\/image\/"}},{"@type":"Person","@id":"https:\/\/21panorama.com\/#\/schema\/person\/1afc291b96d5792a158768324287319f","name":"admin","image":{"@type":"ImageObject","inLanguage":"es","@id":"https:\/\/21panorama.com\/#\/schema\/person\/image\/","url":"https:\/\/secure.gravatar.com\/avatar\/ad365d9d9f46719215b0d042cc3df92a5a8683e09ef13d102233e5491985f0f0?s=96&d=mm&r=g","contentUrl":"https:\/\/secure.gravatar.com\/avatar\/ad365d9d9f46719215b0d042cc3df92a5a8683e09ef13d102233e5491985f0f0?s=96&d=mm&r=g","caption":"admin"},"url":"https:\/\/21panorama.com\/index.php\/author\/admin\/"}]}},"_links":{"self":[{"href":"https:\/\/21panorama.com\/index.php\/wp-json\/wp\/v2\/posts\/3742","targetHints":{"allow":["GET"]}}],"collection":[{"href":"https:\/\/21panorama.com\/index.php\/wp-json\/wp\/v2\/posts"}],"about":[{"href":"https:\/\/21panorama.com\/index.php\/wp-json\/wp\/v2\/types\/post"}],"author":[{"embeddable":true,"href":"https:\/\/21panorama.com\/index.php\/wp-json\/wp\/v2\/users\/1"}],"replies":[{"embeddable":true,"href":"https:\/\/21panorama.com\/index.php\/wp-json\/wp\/v2\/comments?post=3742"}],"version-history":[{"count":1,"href":"https:\/\/21panorama.com\/index.php\/wp-json\/wp\/v2\/posts\/3742\/revisions"}],"predecessor-version":[{"id":3746,"href":"https:\/\/21panorama.com\/index.php\/wp-json\/wp\/v2\/posts\/3742\/revisions\/3746"}],"wp:featuredmedia":[{"embeddable":true,"href":"https:\/\/21panorama.com\/index.php\/wp-json\/wp\/v2\/media\/3743"}],"wp:attachment":[{"href":"https:\/\/21panorama.com\/index.php\/wp-json\/wp\/v2\/media?parent=3742"}],"wp:term":[{"taxonomy":"category","embeddable":true,"href":"https:\/\/21panorama.com\/index.php\/wp-json\/wp\/v2\/categories?post=3742"},{"taxonomy":"post_tag","embeddable":true,"href":"https:\/\/21panorama.com\/index.php\/wp-json\/wp\/v2\/tags?post=3742"}],"curies":[{"name":"wp","href":"https:\/\/api.w.org\/{rel}","templated":true}]}}