{"id":3732,"date":"2022-06-19T22:08:59","date_gmt":"2022-06-20T03:08:59","guid":{"rendered":"https:\/\/21panorama.com\/?p=3732"},"modified":"2022-06-19T22:09:01","modified_gmt":"2022-06-20T03:09:01","slug":"pondra-el-pri-un-freno-a-la-ruina-del-pais","status":"publish","type":"post","link":"https:\/\/21panorama.com\/index.php\/2022\/06\/19\/pondra-el-pri-un-freno-a-la-ruina-del-pais\/","title":{"rendered":"PONDR\u00c1 EL PRI UN FRENO A LA RUINA DEL PA\u00cdS"},"content":{"rendered":"\n<p>El priismo mexiquense est\u00e1 preparado para ponerle un hasta aqu\u00ed a los que enga\u00f1aron al pa\u00eds, \u201cen el Estado de M\u00e9xico les vamos a decir se acab\u00f3, se acab\u00f3 la ruina en la que tienen al pa\u00eds, ganando el pr\u00f3ximo a\u00f1o la gubernatura del Estado de M\u00e9xico\u201d, asegur\u00f3 el presidente del Comit\u00e9 Directivo Estatal del PRI, Eric Sevilla.<\/p>\n\n\n\n<p>Al exaltar la presencia de cientos de priistas en el pueblo m\u00e1gico mazahua, el dirigente estatal de este instituto pol\u00edtico manifest\u00f3 que la militancia no esconde la cara en tiempos dif\u00edciles y est\u00e1 puesta a convencer a la gente que se debe cambiar el rumbo de la patria.<\/p>\n\n\n\n<p>En el \u201cEncuentro para Reconocer la Identidad y el Orgullo de ser Priista\u201d, el l\u00edder del Revolucionario Institucional se\u00f1al\u00f3 que en M\u00e9xico no hay obras ni inversiones, \u201cellos mintieron, est\u00e1n heridos y lo saben, porque acabaron con todo como el seguro popular y los comedores comunitarios\u201d.<\/p>\n\n\n\n<p>El PRI siempre estuvo presente en el progreso del pa\u00eds, enfatiz\u00f3 Eric Sevilla, luego de afirmar que detr\u00e1s de este instituto pol\u00edtico est\u00e1n las entra\u00f1as y el coraz\u00f3n de M\u00e9xico y \u201cese es el PRI que saldr\u00e1 a las calles a trabajar, no somos iguales van a ver como la historia los juzgar\u00e1 cuando acabe este sexenio\u201d.<\/p>\n\n\n\n<p>\u201cVamos a demostrar de que tama\u00f1o es el PRI y se ganar\u00e1 no solo la gubernatura sino que con ello se salvar\u00e1 al Estado de M\u00e9xico y le daremos rumbo al pa\u00eds para el futuro de nuestros hijos, no vamos a seguir con ocurrencias y dando saltos al vac\u00edo\u201d, puntualiz\u00f3.<\/p>\n\n\n\n<p>En su participaci\u00f3n, el diputado Iv\u00e1n Esquer Cruz pidi\u00f3 a la militancia priista seguir adelante pese a las adversidades que se presentan en el contexto nacional y que dejan un \u00e1nimo de decepci\u00f3n ante la ciudadan\u00eda como por ejemplo la cancelaci\u00f3n de las escuelas de tiempo completo.<\/p>\n\n\n\n<p>De igual manera, estableci\u00f3 que el llamado a la unidad es para estar sumados a la decisi\u00f3n de la militancia con el fin de tener un partido fuerte e incluyente, pues \u201ca trav\u00e9s de nuestras acciones tendremos un PRI de pie\u201d.<\/p>\n\n\n\n<figure class=\"wp-block-gallery columns-2 is-cropped wp-block-gallery-1 is-layout-flex wp-block-gallery-is-layout-flex\"><ul class=\"blocks-gallery-grid\"><li class=\"blocks-gallery-item\"><figure><img decoding=\"async\" width=\"884\" height=\"1024\" src=\"https:\/\/21panorama.com\/wp-content\/uploads\/2022\/06\/49356273-43d9-4c9f-adcb-aa2c8a9641f0-884x1024.jpeg\" alt=\"\" data-id=\"3734\" data-link=\"https:\/\/21panorama.com\/?attachment_id=3734\" class=\"wp-image-3734\" srcset=\"https:\/\/21panorama.com\/wp-content\/uploads\/2022\/06\/49356273-43d9-4c9f-adcb-aa2c8a9641f0-884x1024.jpeg 884w, https:\/\/21panorama.com\/wp-content\/uploads\/2022\/06\/49356273-43d9-4c9f-adcb-aa2c8a9641f0-259x300.jpeg 259w, https:\/\/21panorama.com\/wp-content\/uploads\/2022\/06\/49356273-43d9-4c9f-adcb-aa2c8a9641f0-768x889.jpeg 768w, https:\/\/21panorama.com\/wp-content\/uploads\/2022\/06\/49356273-43d9-4c9f-adcb-aa2c8a9641f0-1327x1536.jpeg 1327w, https:\/\/21panorama.com\/wp-content\/uploads\/2022\/06\/49356273-43d9-4c9f-adcb-aa2c8a9641f0.jpeg 1382w\" sizes=\"(max-width: 884px) 100vw, 884px\" \/><\/figure><\/li><li class=\"blocks-gallery-item\"><figure><img decoding=\"async\" width=\"833\" height=\"853\" src=\"https:\/\/21panorama.com\/wp-content\/uploads\/2022\/06\/11c21bbb-c9d2-4dc7-b3bc-5eafebafc842.jpeg\" alt=\"\" data-id=\"3735\" data-full-url=\"https:\/\/21panorama.com\/wp-content\/uploads\/2022\/06\/11c21bbb-c9d2-4dc7-b3bc-5eafebafc842.jpeg\" data-link=\"https:\/\/21panorama.com\/?attachment_id=3735\" class=\"wp-image-3735\" srcset=\"https:\/\/21panorama.com\/wp-content\/uploads\/2022\/06\/11c21bbb-c9d2-4dc7-b3bc-5eafebafc842.jpeg 833w, https:\/\/21panorama.com\/wp-content\/uploads\/2022\/06\/11c21bbb-c9d2-4dc7-b3bc-5eafebafc842-293x300.jpeg 293w, https:\/\/21panorama.com\/wp-content\/uploads\/2022\/06\/11c21bbb-c9d2-4dc7-b3bc-5eafebafc842-768x786.jpeg 768w\" sizes=\"(max-width: 833px) 100vw, 833px\" \/><\/figure><\/li><\/ul><\/figure>\n","protected":false},"excerpt":{"rendered":"<p>El dirigente estatal Eric Sevilla dijo que el Revolucionario Institucional siempre estuvo presente en el progreso de M\u00e9xico.<\/p>\n","protected":false},"author":1,"featured_media":3733,"comment_status":"open","ping_status":"open","sticky":false,"template":"","format":"standard","meta":{"footnotes":""},"categories":[12],"tags":[33],"class_list":["post-3732","post","type-post","status-publish","format-standard","has-post-thumbnail","hentry","category-politica","tag-pri"],"yoast_head":"<!-- This site is optimized with the Yoast SEO plugin v24.9 - https:\/\/yoast.com\/wordpress\/plugins\/seo\/ -->\n<title>PONDR\u00c1 EL PRI UN FRENO A LA RUINA DEL PA\u00cdS - 21 Panorama<\/title>\n<meta name=\"robots\" content=\"index, follow, max-snippet:-1, max-image-preview:large, max-video-preview:-1\" \/>\n<link rel=\"canonical\" href=\"https:\/\/21panorama.com\/index.php\/2022\/06\/19\/pondra-el-pri-un-freno-a-la-ruina-del-pais\/\" \/>\n<meta property=\"og:locale\" content=\"es_MX\" \/>\n<meta property=\"og:type\" content=\"article\" \/>\n<meta property=\"og:title\" content=\"PONDR\u00c1 EL PRI UN FRENO A LA RUINA DEL PA\u00cdS - 21 Panorama\" \/>\n<meta property=\"og:description\" content=\"El dirigente estatal Eric Sevilla dijo que el Revolucionario Institucional siempre estuvo presente en el progreso de M\u00e9xico.\" \/>\n<meta property=\"og:url\" content=\"https:\/\/21panorama.com\/index.php\/2022\/06\/19\/pondra-el-pri-un-freno-a-la-ruina-del-pais\/\" \/>\n<meta property=\"og:site_name\" content=\"21 Panorama\" \/>\n<meta property=\"article:published_time\" content=\"2022-06-20T03:08:59+00:00\" \/>\n<meta property=\"article:modified_time\" content=\"2022-06-20T03:09:01+00:00\" \/>\n<meta property=\"og:image\" content=\"https:\/\/21panorama.com\/wp-content\/uploads\/2022\/06\/cda8db38-2f77-4d54-8077-65ef34006cc9.jpeg\" \/>\n\t<meta property=\"og:image:width\" content=\"1280\" \/>\n\t<meta property=\"og:image:height\" content=\"853\" \/>\n\t<meta property=\"og:image:type\" content=\"image\/jpeg\" \/>\n<meta name=\"author\" content=\"admin\" \/>\n<meta name=\"twitter:card\" content=\"summary_large_image\" \/>\n<meta name=\"twitter:label1\" content=\"Escrito por\" \/>\n\t<meta name=\"twitter:data1\" content=\"admin\" \/>\n\t<meta name=\"twitter:label2\" content=\"Tiempo de lectura\" \/>\n\t<meta name=\"twitter:data2\" content=\"2 minutos\" \/>\n<script type=\"application\/ld+json\" class=\"yoast-schema-graph\">{\"@context\":\"https:\/\/schema.org\",\"@graph\":[{\"@type\":\"Article\",\"@id\":\"https:\/\/21panorama.com\/index.php\/2022\/06\/19\/pondra-el-pri-un-freno-a-la-ruina-del-pais\/#article\",\"isPartOf\":{\"@id\":\"https:\/\/21panorama.com\/index.php\/2022\/06\/19\/pondra-el-pri-un-freno-a-la-ruina-del-pais\/\"},\"author\":{\"name\":\"admin\",\"@id\":\"https:\/\/21panorama.com\/#\/schema\/person\/1afc291b96d5792a158768324287319f\"},\"headline\":\"PONDR\u00c1 EL PRI UN FRENO A LA RUINA DEL PA\u00cdS\",\"datePublished\":\"2022-06-20T03:08:59+00:00\",\"dateModified\":\"2022-06-20T03:09:01+00:00\",\"mainEntityOfPage\":{\"@id\":\"https:\/\/21panorama.com\/index.php\/2022\/06\/19\/pondra-el-pri-un-freno-a-la-ruina-del-pais\/\"},\"wordCount\":390,\"commentCount\":0,\"publisher\":{\"@id\":\"https:\/\/21panorama.com\/#organization\"},\"image\":{\"@id\":\"https:\/\/21panorama.com\/index.php\/2022\/06\/19\/pondra-el-pri-un-freno-a-la-ruina-del-pais\/#primaryimage\"},\"thumbnailUrl\":\"https:\/\/21panorama.com\/wp-content\/uploads\/2022\/06\/cda8db38-2f77-4d54-8077-65ef34006cc9.jpeg\",\"keywords\":[\"PRI\"],\"articleSection\":[\"Politica\"],\"inLanguage\":\"es\",\"potentialAction\":[{\"@type\":\"CommentAction\",\"name\":\"Comment\",\"target\":[\"https:\/\/21panorama.com\/index.php\/2022\/06\/19\/pondra-el-pri-un-freno-a-la-ruina-del-pais\/#respond\"]}]},{\"@type\":\"WebPage\",\"@id\":\"https:\/\/21panorama.com\/index.php\/2022\/06\/19\/pondra-el-pri-un-freno-a-la-ruina-del-pais\/\",\"url\":\"https:\/\/21panorama.com\/index.php\/2022\/06\/19\/pondra-el-pri-un-freno-a-la-ruina-del-pais\/\",\"name\":\"PONDR\u00c1 EL PRI UN FRENO A LA RUINA DEL PA\u00cdS - 21 Panorama\",\"isPartOf\":{\"@id\":\"https:\/\/21panorama.com\/#website\"},\"primaryImageOfPage\":{\"@id\":\"https:\/\/21panorama.com\/index.php\/2022\/06\/19\/pondra-el-pri-un-freno-a-la-ruina-del-pais\/#primaryimage\"},\"image\":{\"@id\":\"https:\/\/21panorama.com\/index.php\/2022\/06\/19\/pondra-el-pri-un-freno-a-la-ruina-del-pais\/#primaryimage\"},\"thumbnailUrl\":\"https:\/\/21panorama.com\/wp-content\/uploads\/2022\/06\/cda8db38-2f77-4d54-8077-65ef34006cc9.jpeg\",\"datePublished\":\"2022-06-20T03:08:59+00:00\",\"dateModified\":\"2022-06-20T03:09:01+00:00\",\"breadcrumb\":{\"@id\":\"https:\/\/21panorama.com\/index.php\/2022\/06\/19\/pondra-el-pri-un-freno-a-la-ruina-del-pais\/#breadcrumb\"},\"inLanguage\":\"es\",\"potentialAction\":[{\"@type\":\"ReadAction\",\"target\":[\"https:\/\/21panorama.com\/index.php\/2022\/06\/19\/pondra-el-pri-un-freno-a-la-ruina-del-pais\/\"]}]},{\"@type\":\"ImageObject\",\"inLanguage\":\"es\",\"@id\":\"https:\/\/21panorama.com\/index.php\/2022\/06\/19\/pondra-el-pri-un-freno-a-la-ruina-del-pais\/#primaryimage\",\"url\":\"https:\/\/21panorama.com\/wp-content\/uploads\/2022\/06\/cda8db38-2f77-4d54-8077-65ef34006cc9.jpeg\",\"contentUrl\":\"https:\/\/21panorama.com\/wp-content\/uploads\/2022\/06\/cda8db38-2f77-4d54-8077-65ef34006cc9.jpeg\",\"width\":1280,\"height\":853},{\"@type\":\"BreadcrumbList\",\"@id\":\"https:\/\/21panorama.com\/index.php\/2022\/06\/19\/pondra-el-pri-un-freno-a-la-ruina-del-pais\/#breadcrumb\",\"itemListElement\":[{\"@type\":\"ListItem\",\"position\":1,\"name\":\"Inicio\",\"item\":\"https:\/\/21panorama.com\/\"},{\"@type\":\"ListItem\",\"position\":2,\"name\":\"PONDR\u00c1 EL PRI UN FRENO A LA RUINA DEL PA\u00cdS\"}]},{\"@type\":\"WebSite\",\"@id\":\"https:\/\/21panorama.com\/#website\",\"url\":\"https:\/\/21panorama.com\/\",\"name\":\"21 Panorama\",\"description\":\"La construcci\u00f3n de la opini\u00f3n p\u00fablica merece un mejor Panorama en este siglo 21 para alcanzar una sociedad con mayor transparencia y sin corrupci\u00f3n.\",\"publisher\":{\"@id\":\"https:\/\/21panorama.com\/#organization\"},\"potentialAction\":[{\"@type\":\"SearchAction\",\"target\":{\"@type\":\"EntryPoint\",\"urlTemplate\":\"https:\/\/21panorama.com\/?s={search_term_string}\"},\"query-input\":{\"@type\":\"PropertyValueSpecification\",\"valueRequired\":true,\"valueName\":\"search_term_string\"}}],\"inLanguage\":\"es\"},{\"@type\":\"Organization\",\"@id\":\"https:\/\/21panorama.com\/#organization\",\"name\":\"21 Panorama\",\"url\":\"https:\/\/21panorama.com\/\",\"logo\":{\"@type\":\"ImageObject\",\"inLanguage\":\"es\",\"@id\":\"https:\/\/21panorama.com\/#\/schema\/logo\/image\/\",\"url\":\"https:\/\/21panorama.com\/wp-content\/uploads\/2019\/07\/cropped-Logo-Panorama-01.jpeg\",\"contentUrl\":\"https:\/\/21panorama.com\/wp-content\/uploads\/2019\/07\/cropped-Logo-Panorama-01.jpeg\",\"width\":290,\"height\":70,\"caption\":\"21 Panorama\"},\"image\":{\"@id\":\"https:\/\/21panorama.com\/#\/schema\/logo\/image\/\"}},{\"@type\":\"Person\",\"@id\":\"https:\/\/21panorama.com\/#\/schema\/person\/1afc291b96d5792a158768324287319f\",\"name\":\"admin\",\"image\":{\"@type\":\"ImageObject\",\"inLanguage\":\"es\",\"@id\":\"https:\/\/21panorama.com\/#\/schema\/person\/image\/\",\"url\":\"https:\/\/secure.gravatar.com\/avatar\/ad365d9d9f46719215b0d042cc3df92a5a8683e09ef13d102233e5491985f0f0?s=96&d=mm&r=g\",\"contentUrl\":\"https:\/\/secure.gravatar.com\/avatar\/ad365d9d9f46719215b0d042cc3df92a5a8683e09ef13d102233e5491985f0f0?s=96&d=mm&r=g\",\"caption\":\"admin\"},\"url\":\"https:\/\/21panorama.com\/index.php\/author\/admin\/\"}]}<\/script>\n<!-- \/ Yoast SEO plugin. -->","yoast_head_json":{"title":"PONDR\u00c1 EL PRI UN FRENO A LA RUINA DEL PA\u00cdS - 21 Panorama","robots":{"index":"index","follow":"follow","max-snippet":"max-snippet:-1","max-image-preview":"max-image-preview:large","max-video-preview":"max-video-preview:-1"},"canonical":"https:\/\/21panorama.com\/index.php\/2022\/06\/19\/pondra-el-pri-un-freno-a-la-ruina-del-pais\/","og_locale":"es_MX","og_type":"article","og_title":"PONDR\u00c1 EL PRI UN FRENO A LA RUINA DEL PA\u00cdS - 21 Panorama","og_description":"El dirigente estatal Eric Sevilla dijo que el Revolucionario Institucional siempre estuvo presente en el progreso de M\u00e9xico.","og_url":"https:\/\/21panorama.com\/index.php\/2022\/06\/19\/pondra-el-pri-un-freno-a-la-ruina-del-pais\/","og_site_name":"21 Panorama","article_published_time":"2022-06-20T03:08:59+00:00","article_modified_time":"2022-06-20T03:09:01+00:00","og_image":[{"width":1280,"height":853,"url":"https:\/\/21panorama.com\/wp-content\/uploads\/2022\/06\/cda8db38-2f77-4d54-8077-65ef34006cc9.jpeg","type":"image\/jpeg"}],"author":"admin","twitter_card":"summary_large_image","twitter_misc":{"Escrito por":"admin","Tiempo de lectura":"2 minutos"},"schema":{"@context":"https:\/\/schema.org","@graph":[{"@type":"Article","@id":"https:\/\/21panorama.com\/index.php\/2022\/06\/19\/pondra-el-pri-un-freno-a-la-ruina-del-pais\/#article","isPartOf":{"@id":"https:\/\/21panorama.com\/index.php\/2022\/06\/19\/pondra-el-pri-un-freno-a-la-ruina-del-pais\/"},"author":{"name":"admin","@id":"https:\/\/21panorama.com\/#\/schema\/person\/1afc291b96d5792a158768324287319f"},"headline":"PONDR\u00c1 EL PRI UN FRENO A LA RUINA DEL PA\u00cdS","datePublished":"2022-06-20T03:08:59+00:00","dateModified":"2022-06-20T03:09:01+00:00","mainEntityOfPage":{"@id":"https:\/\/21panorama.com\/index.php\/2022\/06\/19\/pondra-el-pri-un-freno-a-la-ruina-del-pais\/"},"wordCount":390,"commentCount":0,"publisher":{"@id":"https:\/\/21panorama.com\/#organization"},"image":{"@id":"https:\/\/21panorama.com\/index.php\/2022\/06\/19\/pondra-el-pri-un-freno-a-la-ruina-del-pais\/#primaryimage"},"thumbnailUrl":"https:\/\/21panorama.com\/wp-content\/uploads\/2022\/06\/cda8db38-2f77-4d54-8077-65ef34006cc9.jpeg","keywords":["PRI"],"articleSection":["Politica"],"inLanguage":"es","potentialAction":[{"@type":"CommentAction","name":"Comment","target":["https:\/\/21panorama.com\/index.php\/2022\/06\/19\/pondra-el-pri-un-freno-a-la-ruina-del-pais\/#respond"]}]},{"@type":"WebPage","@id":"https:\/\/21panorama.com\/index.php\/2022\/06\/19\/pondra-el-pri-un-freno-a-la-ruina-del-pais\/","url":"https:\/\/21panorama.com\/index.php\/2022\/06\/19\/pondra-el-pri-un-freno-a-la-ruina-del-pais\/","name":"PONDR\u00c1 EL PRI UN FRENO A LA RUINA DEL PA\u00cdS - 21 Panorama","isPartOf":{"@id":"https:\/\/21panorama.com\/#website"},"primaryImageOfPage":{"@id":"https:\/\/21panorama.com\/index.php\/2022\/06\/19\/pondra-el-pri-un-freno-a-la-ruina-del-pais\/#primaryimage"},"image":{"@id":"https:\/\/21panorama.com\/index.php\/2022\/06\/19\/pondra-el-pri-un-freno-a-la-ruina-del-pais\/#primaryimage"},"thumbnailUrl":"https:\/\/21panorama.com\/wp-content\/uploads\/2022\/06\/cda8db38-2f77-4d54-8077-65ef34006cc9.jpeg","datePublished":"2022-06-20T03:08:59+00:00","dateModified":"2022-06-20T03:09:01+00:00","breadcrumb":{"@id":"https:\/\/21panorama.com\/index.php\/2022\/06\/19\/pondra-el-pri-un-freno-a-la-ruina-del-pais\/#breadcrumb"},"inLanguage":"es","potentialAction":[{"@type":"ReadAction","target":["https:\/\/21panorama.com\/index.php\/2022\/06\/19\/pondra-el-pri-un-freno-a-la-ruina-del-pais\/"]}]},{"@type":"ImageObject","inLanguage":"es","@id":"https:\/\/21panorama.com\/index.php\/2022\/06\/19\/pondra-el-pri-un-freno-a-la-ruina-del-pais\/#primaryimage","url":"https:\/\/21panorama.com\/wp-content\/uploads\/2022\/06\/cda8db38-2f77-4d54-8077-65ef34006cc9.jpeg","contentUrl":"https:\/\/21panorama.com\/wp-content\/uploads\/2022\/06\/cda8db38-2f77-4d54-8077-65ef34006cc9.jpeg","width":1280,"height":853},{"@type":"BreadcrumbList","@id":"https:\/\/21panorama.com\/index.php\/2022\/06\/19\/pondra-el-pri-un-freno-a-la-ruina-del-pais\/#breadcrumb","itemListElement":[{"@type":"ListItem","position":1,"name":"Inicio","item":"https:\/\/21panorama.com\/"},{"@type":"ListItem","position":2,"name":"PONDR\u00c1 EL PRI UN FRENO A LA RUINA DEL PA\u00cdS"}]},{"@type":"WebSite","@id":"https:\/\/21panorama.com\/#website","url":"https:\/\/21panorama.com\/","name":"21 Panorama","description":"La construcci\u00f3n de la opini\u00f3n p\u00fablica merece un mejor Panorama en este siglo 21 para alcanzar una sociedad con mayor transparencia y sin corrupci\u00f3n.","publisher":{"@id":"https:\/\/21panorama.com\/#organization"},"potentialAction":[{"@type":"SearchAction","target":{"@type":"EntryPoint","urlTemplate":"https:\/\/21panorama.com\/?s={search_term_string}"},"query-input":{"@type":"PropertyValueSpecification","valueRequired":true,"valueName":"search_term_string"}}],"inLanguage":"es"},{"@type":"Organization","@id":"https:\/\/21panorama.com\/#organization","name":"21 Panorama","url":"https:\/\/21panorama.com\/","logo":{"@type":"ImageObject","inLanguage":"es","@id":"https:\/\/21panorama.com\/#\/schema\/logo\/image\/","url":"https:\/\/21panorama.com\/wp-content\/uploads\/2019\/07\/cropped-Logo-Panorama-01.jpeg","contentUrl":"https:\/\/21panorama.com\/wp-content\/uploads\/2019\/07\/cropped-Logo-Panorama-01.jpeg","width":290,"height":70,"caption":"21 Panorama"},"image":{"@id":"https:\/\/21panorama.com\/#\/schema\/logo\/image\/"}},{"@type":"Person","@id":"https:\/\/21panorama.com\/#\/schema\/person\/1afc291b96d5792a158768324287319f","name":"admin","image":{"@type":"ImageObject","inLanguage":"es","@id":"https:\/\/21panorama.com\/#\/schema\/person\/image\/","url":"https:\/\/secure.gravatar.com\/avatar\/ad365d9d9f46719215b0d042cc3df92a5a8683e09ef13d102233e5491985f0f0?s=96&d=mm&r=g","contentUrl":"https:\/\/secure.gravatar.com\/avatar\/ad365d9d9f46719215b0d042cc3df92a5a8683e09ef13d102233e5491985f0f0?s=96&d=mm&r=g","caption":"admin"},"url":"https:\/\/21panorama.com\/index.php\/author\/admin\/"}]}},"_links":{"self":[{"href":"https:\/\/21panorama.com\/index.php\/wp-json\/wp\/v2\/posts\/3732","targetHints":{"allow":["GET"]}}],"collection":[{"href":"https:\/\/21panorama.com\/index.php\/wp-json\/wp\/v2\/posts"}],"about":[{"href":"https:\/\/21panorama.com\/index.php\/wp-json\/wp\/v2\/types\/post"}],"author":[{"embeddable":true,"href":"https:\/\/21panorama.com\/index.php\/wp-json\/wp\/v2\/users\/1"}],"replies":[{"embeddable":true,"href":"https:\/\/21panorama.com\/index.php\/wp-json\/wp\/v2\/comments?post=3732"}],"version-history":[{"count":1,"href":"https:\/\/21panorama.com\/index.php\/wp-json\/wp\/v2\/posts\/3732\/revisions"}],"predecessor-version":[{"id":3736,"href":"https:\/\/21panorama.com\/index.php\/wp-json\/wp\/v2\/posts\/3732\/revisions\/3736"}],"wp:featuredmedia":[{"embeddable":true,"href":"https:\/\/21panorama.com\/index.php\/wp-json\/wp\/v2\/media\/3733"}],"wp:attachment":[{"href":"https:\/\/21panorama.com\/index.php\/wp-json\/wp\/v2\/media?parent=3732"}],"wp:term":[{"taxonomy":"category","embeddable":true,"href":"https:\/\/21panorama.com\/index.php\/wp-json\/wp\/v2\/categories?post=3732"},{"taxonomy":"post_tag","embeddable":true,"href":"https:\/\/21panorama.com\/index.php\/wp-json\/wp\/v2\/tags?post=3732"}],"curies":[{"name":"wp","href":"https:\/\/api.w.org\/{rel}","templated":true}]}}