{"id":3727,"date":"2022-06-12T12:52:34","date_gmt":"2022-06-12T17:52:34","guid":{"rendered":"https:\/\/21panorama.com\/?p=3727"},"modified":"2022-06-12T12:52:36","modified_gmt":"2022-06-12T17:52:36","slug":"nada-ni-nadie-impedira-que-en-2023-el-pri-gane-el-estado-de-mexico-paloma-sanchez","status":"publish","type":"post","link":"https:\/\/21panorama.com\/index.php\/2022\/06\/12\/nada-ni-nadie-impedira-que-en-2023-el-pri-gane-el-estado-de-mexico-paloma-sanchez\/","title":{"rendered":"NADA NI NADIE IMPEDIR\u00c1 QUE EN 2023 EL PRI GANE EL ESTADO DE M\u00c9XICO: PALOMA S\u00c1NCHEZ"},"content":{"rendered":"\n<p>La Presidenta del Movimiento PRI Mx tom\u00f3 protesta a la nueva dirigente de esa organizaci\u00f3n en el estado, Mariana Ruiz, junto con el l\u00edder del CDE del partido, Eric Sevilla.<\/p>\n\n\n\n<p>Nada ni nadie nos va a detener. Ni las operaciones de Estado ni las amenazas que recibimos evitar\u00e1n que ganemos el Estado de M\u00e9xico en 2023 y la Presidencia de la Rep\u00fablica en 2024, afirm\u00f3 la diputada federal priista Paloma S\u00e1nchez, Presidenta del Movimiento PRI Mx, al tomar protesta a Mariana Ruiz como nueva dirigente de la organizaci\u00f3n encargada del activismo digital del partido en esta entidad.<\/p>\n\n\n\n<p>En un acto que encabez\u00f3 junto con el Presidente del Comit\u00e9 Directivo Estatal del PRI, Eric Sevilla, la tambi\u00e9n Secretaria de Comunicaci\u00f3n Institucional del tricolor advirti\u00f3 que no podemos permitir que el desastre que representa Morena llegue al gobierno mexiquense.<\/p>\n\n\n\n<p>\u201cEllos ya gobernaron algunos municipios mexiquenses y no s\u00f3lo dejaron deudas hist\u00f3ricas, sino que la inseguridad y la violencia aumentaron\u201d, dijo.<\/p>\n\n\n\n<p>Paloma S\u00e1nchez destac\u00f3 que el PRI representa la experiencia para gobernar, \u201cpor lo que los mexiquenses, estoy segura, volver\u00e1n a darnos su voto de confianza\u201d.<\/p>\n\n\n\n<p>Anticip\u00f3 que, como ha se\u00f1alado el l\u00edder nacional del tricolor, Alejandro Moreno, \u201cllegaremos a la elecci\u00f3n fortalecidos, gracias a la alianza hist\u00f3rica que nos mantiene como una oposici\u00f3n firme y potente, que no s\u00f3lo detuvo la reforma el\u00e9ctrica que amenazaba al pa\u00eds, sino que ahora est\u00e1 comprometida con evitar que M\u00e9xico colapse por las malas decisiones de su gobierno\u201d.<\/p>\n\n\n\n<p>Tras desearle \u00e9xito a la nueva presidenta del Movimiento PRI Mx en el Estado de M\u00e9xico, Paloma S\u00e1nchez subray\u00f3 que la elecci\u00f3n para gobernador ser\u00e1 decisiva no s\u00f3lo para el partido, sino para M\u00e9xico.<\/p>\n\n\n\n<p>Por su parte, el Presidente del CDE del PRI mexiquense, Eric Sevilla, llam\u00f3 a apoyar con determinaci\u00f3n al Movimiento PRI Mx, adem\u00e1s de destacar el trabajo del priismo del estado, especialmente el del gobernador Alfredo del Mazo, quien es &#8220;un gran l\u00edder que desarrolla un trabajo intenso a favor de los mexiquenses&#8221;.<\/p>\n\n\n\n<p>Recalc\u00f3 que el objetivo para el 2023 es \u201cno s\u00f3lo ganar la elecci\u00f3n en el Estado de M\u00e9xico, sino defender a nuestro pa\u00eds, poniendo un freno a las ocurrencias de un gobierno que ha fracasado, es corrupto y ha fallado a los mexicanos\u201d.<\/p>\n\n\n\n<p>\u201cEn el Estado de M\u00e9xico vamos a dar una intensa lucha electoral contra quienes han demostrado que no respetan la ley, las instituciones ni la democracia, para defender los derechos que nos hemos ganado\u201d, puntualiz\u00f3.<\/p>\n\n\n\n<figure class=\"wp-block-gallery columns-2 is-cropped wp-block-gallery-1 is-layout-flex wp-block-gallery-is-layout-flex\"><ul class=\"blocks-gallery-grid\"><li class=\"blocks-gallery-item\"><figure><img decoding=\"async\" width=\"1024\" height=\"682\" src=\"https:\/\/21panorama.com\/wp-content\/uploads\/2022\/06\/44bb7e88-3cae-4403-abbb-bb439fb19a51-1024x682.jpeg\" alt=\"\" data-id=\"3729\" data-link=\"https:\/\/21panorama.com\/?attachment_id=3729\" class=\"wp-image-3729\" srcset=\"https:\/\/21panorama.com\/wp-content\/uploads\/2022\/06\/44bb7e88-3cae-4403-abbb-bb439fb19a51-1024x682.jpeg 1024w, https:\/\/21panorama.com\/wp-content\/uploads\/2022\/06\/44bb7e88-3cae-4403-abbb-bb439fb19a51-300x200.jpeg 300w, https:\/\/21panorama.com\/wp-content\/uploads\/2022\/06\/44bb7e88-3cae-4403-abbb-bb439fb19a51-768x512.jpeg 768w, https:\/\/21panorama.com\/wp-content\/uploads\/2022\/06\/44bb7e88-3cae-4403-abbb-bb439fb19a51.jpeg 1280w\" sizes=\"(max-width: 1024px) 100vw, 1024px\" \/><\/figure><\/li><li class=\"blocks-gallery-item\"><figure><img decoding=\"async\" width=\"1024\" height=\"682\" src=\"https:\/\/21panorama.com\/wp-content\/uploads\/2022\/06\/36564ea5-2e58-43ca-9974-af759ffeb1fd-1024x682.jpeg\" alt=\"\" data-id=\"3730\" data-full-url=\"https:\/\/21panorama.com\/wp-content\/uploads\/2022\/06\/36564ea5-2e58-43ca-9974-af759ffeb1fd.jpeg\" data-link=\"https:\/\/21panorama.com\/?attachment_id=3730\" class=\"wp-image-3730\" srcset=\"https:\/\/21panorama.com\/wp-content\/uploads\/2022\/06\/36564ea5-2e58-43ca-9974-af759ffeb1fd-1024x682.jpeg 1024w, https:\/\/21panorama.com\/wp-content\/uploads\/2022\/06\/36564ea5-2e58-43ca-9974-af759ffeb1fd-300x200.jpeg 300w, https:\/\/21panorama.com\/wp-content\/uploads\/2022\/06\/36564ea5-2e58-43ca-9974-af759ffeb1fd-768x512.jpeg 768w, https:\/\/21panorama.com\/wp-content\/uploads\/2022\/06\/36564ea5-2e58-43ca-9974-af759ffeb1fd.jpeg 1280w\" sizes=\"(max-width: 1024px) 100vw, 1024px\" \/><\/figure><\/li><\/ul><\/figure>\n","protected":false},"excerpt":{"rendered":"<p>La Presidenta del Movimiento PRI Mx tom\u00f3 protesta a la nueva dirigente de esa organizaci\u00f3n en el estado, Mariana Ruiz, junto con el l\u00edder del CDE del partido, Eric Sevilla.<\/p>\n","protected":false},"author":1,"featured_media":3728,"comment_status":"open","ping_status":"open","sticky":false,"template":"","format":"standard","meta":{"footnotes":""},"categories":[12],"tags":[33],"class_list":["post-3727","post","type-post","status-publish","format-standard","has-post-thumbnail","hentry","category-politica","tag-pri"],"yoast_head":"<!-- This site is optimized with the Yoast SEO plugin v24.9 - https:\/\/yoast.com\/wordpress\/plugins\/seo\/ -->\n<title>NADA NI NADIE IMPEDIR\u00c1 QUE EN 2023 EL PRI GANE EL ESTADO DE M\u00c9XICO: PALOMA S\u00c1NCHEZ - 21 Panorama<\/title>\n<meta name=\"robots\" content=\"index, follow, max-snippet:-1, max-image-preview:large, max-video-preview:-1\" \/>\n<link rel=\"canonical\" href=\"https:\/\/21panorama.com\/index.php\/2022\/06\/12\/nada-ni-nadie-impedira-que-en-2023-el-pri-gane-el-estado-de-mexico-paloma-sanchez\/\" \/>\n<meta property=\"og:locale\" content=\"es_MX\" \/>\n<meta property=\"og:type\" content=\"article\" \/>\n<meta property=\"og:title\" content=\"NADA NI NADIE IMPEDIR\u00c1 QUE EN 2023 EL PRI GANE EL ESTADO DE M\u00c9XICO: PALOMA S\u00c1NCHEZ - 21 Panorama\" \/>\n<meta property=\"og:description\" content=\"La Presidenta del Movimiento PRI Mx tom\u00f3 protesta a la nueva dirigente de esa organizaci\u00f3n en el estado, Mariana Ruiz, junto con el l\u00edder del CDE del partido, Eric Sevilla.\" \/>\n<meta property=\"og:url\" content=\"https:\/\/21panorama.com\/index.php\/2022\/06\/12\/nada-ni-nadie-impedira-que-en-2023-el-pri-gane-el-estado-de-mexico-paloma-sanchez\/\" \/>\n<meta property=\"og:site_name\" content=\"21 Panorama\" \/>\n<meta property=\"article:published_time\" content=\"2022-06-12T17:52:34+00:00\" \/>\n<meta property=\"article:modified_time\" content=\"2022-06-12T17:52:36+00:00\" \/>\n<meta property=\"og:image\" content=\"https:\/\/21panorama.com\/wp-content\/uploads\/2022\/06\/2660c837-e4e2-4483-a5ca-eceab38264ee.jpeg\" \/>\n\t<meta property=\"og:image:width\" content=\"1280\" \/>\n\t<meta property=\"og:image:height\" content=\"853\" \/>\n\t<meta property=\"og:image:type\" content=\"image\/jpeg\" \/>\n<meta name=\"author\" content=\"admin\" \/>\n<meta name=\"twitter:card\" content=\"summary_large_image\" \/>\n<meta name=\"twitter:label1\" content=\"Escrito por\" \/>\n\t<meta name=\"twitter:data1\" content=\"admin\" \/>\n\t<meta name=\"twitter:label2\" content=\"Tiempo de lectura\" \/>\n\t<meta name=\"twitter:data2\" content=\"3 minutos\" \/>\n<script type=\"application\/ld+json\" class=\"yoast-schema-graph\">{\"@context\":\"https:\/\/schema.org\",\"@graph\":[{\"@type\":\"Article\",\"@id\":\"https:\/\/21panorama.com\/index.php\/2022\/06\/12\/nada-ni-nadie-impedira-que-en-2023-el-pri-gane-el-estado-de-mexico-paloma-sanchez\/#article\",\"isPartOf\":{\"@id\":\"https:\/\/21panorama.com\/index.php\/2022\/06\/12\/nada-ni-nadie-impedira-que-en-2023-el-pri-gane-el-estado-de-mexico-paloma-sanchez\/\"},\"author\":{\"name\":\"admin\",\"@id\":\"https:\/\/21panorama.com\/#\/schema\/person\/1afc291b96d5792a158768324287319f\"},\"headline\":\"NADA NI NADIE IMPEDIR\u00c1 QUE EN 2023 EL PRI GANE EL ESTADO DE M\u00c9XICO: PALOMA S\u00c1NCHEZ\",\"datePublished\":\"2022-06-12T17:52:34+00:00\",\"dateModified\":\"2022-06-12T17:52:36+00:00\",\"mainEntityOfPage\":{\"@id\":\"https:\/\/21panorama.com\/index.php\/2022\/06\/12\/nada-ni-nadie-impedira-que-en-2023-el-pri-gane-el-estado-de-mexico-paloma-sanchez\/\"},\"wordCount\":455,\"commentCount\":0,\"publisher\":{\"@id\":\"https:\/\/21panorama.com\/#organization\"},\"image\":{\"@id\":\"https:\/\/21panorama.com\/index.php\/2022\/06\/12\/nada-ni-nadie-impedira-que-en-2023-el-pri-gane-el-estado-de-mexico-paloma-sanchez\/#primaryimage\"},\"thumbnailUrl\":\"https:\/\/21panorama.com\/wp-content\/uploads\/2022\/06\/2660c837-e4e2-4483-a5ca-eceab38264ee.jpeg\",\"keywords\":[\"PRI\"],\"articleSection\":[\"Politica\"],\"inLanguage\":\"es\",\"potentialAction\":[{\"@type\":\"CommentAction\",\"name\":\"Comment\",\"target\":[\"https:\/\/21panorama.com\/index.php\/2022\/06\/12\/nada-ni-nadie-impedira-que-en-2023-el-pri-gane-el-estado-de-mexico-paloma-sanchez\/#respond\"]}]},{\"@type\":\"WebPage\",\"@id\":\"https:\/\/21panorama.com\/index.php\/2022\/06\/12\/nada-ni-nadie-impedira-que-en-2023-el-pri-gane-el-estado-de-mexico-paloma-sanchez\/\",\"url\":\"https:\/\/21panorama.com\/index.php\/2022\/06\/12\/nada-ni-nadie-impedira-que-en-2023-el-pri-gane-el-estado-de-mexico-paloma-sanchez\/\",\"name\":\"NADA NI NADIE IMPEDIR\u00c1 QUE EN 2023 EL PRI GANE EL ESTADO DE M\u00c9XICO: PALOMA S\u00c1NCHEZ - 21 Panorama\",\"isPartOf\":{\"@id\":\"https:\/\/21panorama.com\/#website\"},\"primaryImageOfPage\":{\"@id\":\"https:\/\/21panorama.com\/index.php\/2022\/06\/12\/nada-ni-nadie-impedira-que-en-2023-el-pri-gane-el-estado-de-mexico-paloma-sanchez\/#primaryimage\"},\"image\":{\"@id\":\"https:\/\/21panorama.com\/index.php\/2022\/06\/12\/nada-ni-nadie-impedira-que-en-2023-el-pri-gane-el-estado-de-mexico-paloma-sanchez\/#primaryimage\"},\"thumbnailUrl\":\"https:\/\/21panorama.com\/wp-content\/uploads\/2022\/06\/2660c837-e4e2-4483-a5ca-eceab38264ee.jpeg\",\"datePublished\":\"2022-06-12T17:52:34+00:00\",\"dateModified\":\"2022-06-12T17:52:36+00:00\",\"breadcrumb\":{\"@id\":\"https:\/\/21panorama.com\/index.php\/2022\/06\/12\/nada-ni-nadie-impedira-que-en-2023-el-pri-gane-el-estado-de-mexico-paloma-sanchez\/#breadcrumb\"},\"inLanguage\":\"es\",\"potentialAction\":[{\"@type\":\"ReadAction\",\"target\":[\"https:\/\/21panorama.com\/index.php\/2022\/06\/12\/nada-ni-nadie-impedira-que-en-2023-el-pri-gane-el-estado-de-mexico-paloma-sanchez\/\"]}]},{\"@type\":\"ImageObject\",\"inLanguage\":\"es\",\"@id\":\"https:\/\/21panorama.com\/index.php\/2022\/06\/12\/nada-ni-nadie-impedira-que-en-2023-el-pri-gane-el-estado-de-mexico-paloma-sanchez\/#primaryimage\",\"url\":\"https:\/\/21panorama.com\/wp-content\/uploads\/2022\/06\/2660c837-e4e2-4483-a5ca-eceab38264ee.jpeg\",\"contentUrl\":\"https:\/\/21panorama.com\/wp-content\/uploads\/2022\/06\/2660c837-e4e2-4483-a5ca-eceab38264ee.jpeg\",\"width\":1280,\"height\":853},{\"@type\":\"BreadcrumbList\",\"@id\":\"https:\/\/21panorama.com\/index.php\/2022\/06\/12\/nada-ni-nadie-impedira-que-en-2023-el-pri-gane-el-estado-de-mexico-paloma-sanchez\/#breadcrumb\",\"itemListElement\":[{\"@type\":\"ListItem\",\"position\":1,\"name\":\"Inicio\",\"item\":\"https:\/\/21panorama.com\/\"},{\"@type\":\"ListItem\",\"position\":2,\"name\":\"NADA NI NADIE IMPEDIR\u00c1 QUE EN 2023 EL PRI GANE EL ESTADO DE M\u00c9XICO: PALOMA S\u00c1NCHEZ\"}]},{\"@type\":\"WebSite\",\"@id\":\"https:\/\/21panorama.com\/#website\",\"url\":\"https:\/\/21panorama.com\/\",\"name\":\"21 Panorama\",\"description\":\"La construcci\u00f3n de la opini\u00f3n p\u00fablica merece un mejor Panorama en este siglo 21 para alcanzar una sociedad con mayor transparencia y sin corrupci\u00f3n.\",\"publisher\":{\"@id\":\"https:\/\/21panorama.com\/#organization\"},\"potentialAction\":[{\"@type\":\"SearchAction\",\"target\":{\"@type\":\"EntryPoint\",\"urlTemplate\":\"https:\/\/21panorama.com\/?s={search_term_string}\"},\"query-input\":{\"@type\":\"PropertyValueSpecification\",\"valueRequired\":true,\"valueName\":\"search_term_string\"}}],\"inLanguage\":\"es\"},{\"@type\":\"Organization\",\"@id\":\"https:\/\/21panorama.com\/#organization\",\"name\":\"21 Panorama\",\"url\":\"https:\/\/21panorama.com\/\",\"logo\":{\"@type\":\"ImageObject\",\"inLanguage\":\"es\",\"@id\":\"https:\/\/21panorama.com\/#\/schema\/logo\/image\/\",\"url\":\"https:\/\/21panorama.com\/wp-content\/uploads\/2019\/07\/cropped-Logo-Panorama-01.jpeg\",\"contentUrl\":\"https:\/\/21panorama.com\/wp-content\/uploads\/2019\/07\/cropped-Logo-Panorama-01.jpeg\",\"width\":290,\"height\":70,\"caption\":\"21 Panorama\"},\"image\":{\"@id\":\"https:\/\/21panorama.com\/#\/schema\/logo\/image\/\"}},{\"@type\":\"Person\",\"@id\":\"https:\/\/21panorama.com\/#\/schema\/person\/1afc291b96d5792a158768324287319f\",\"name\":\"admin\",\"image\":{\"@type\":\"ImageObject\",\"inLanguage\":\"es\",\"@id\":\"https:\/\/21panorama.com\/#\/schema\/person\/image\/\",\"url\":\"https:\/\/secure.gravatar.com\/avatar\/ad365d9d9f46719215b0d042cc3df92a5a8683e09ef13d102233e5491985f0f0?s=96&d=mm&r=g\",\"contentUrl\":\"https:\/\/secure.gravatar.com\/avatar\/ad365d9d9f46719215b0d042cc3df92a5a8683e09ef13d102233e5491985f0f0?s=96&d=mm&r=g\",\"caption\":\"admin\"},\"url\":\"https:\/\/21panorama.com\/index.php\/author\/admin\/\"}]}<\/script>\n<!-- \/ Yoast SEO plugin. -->","yoast_head_json":{"title":"NADA NI NADIE IMPEDIR\u00c1 QUE EN 2023 EL PRI GANE EL ESTADO DE M\u00c9XICO: PALOMA S\u00c1NCHEZ - 21 Panorama","robots":{"index":"index","follow":"follow","max-snippet":"max-snippet:-1","max-image-preview":"max-image-preview:large","max-video-preview":"max-video-preview:-1"},"canonical":"https:\/\/21panorama.com\/index.php\/2022\/06\/12\/nada-ni-nadie-impedira-que-en-2023-el-pri-gane-el-estado-de-mexico-paloma-sanchez\/","og_locale":"es_MX","og_type":"article","og_title":"NADA NI NADIE IMPEDIR\u00c1 QUE EN 2023 EL PRI GANE EL ESTADO DE M\u00c9XICO: PALOMA S\u00c1NCHEZ - 21 Panorama","og_description":"La Presidenta del Movimiento PRI Mx tom\u00f3 protesta a la nueva dirigente de esa organizaci\u00f3n en el estado, Mariana Ruiz, junto con el l\u00edder del CDE del partido, Eric Sevilla.","og_url":"https:\/\/21panorama.com\/index.php\/2022\/06\/12\/nada-ni-nadie-impedira-que-en-2023-el-pri-gane-el-estado-de-mexico-paloma-sanchez\/","og_site_name":"21 Panorama","article_published_time":"2022-06-12T17:52:34+00:00","article_modified_time":"2022-06-12T17:52:36+00:00","og_image":[{"width":1280,"height":853,"url":"https:\/\/21panorama.com\/wp-content\/uploads\/2022\/06\/2660c837-e4e2-4483-a5ca-eceab38264ee.jpeg","type":"image\/jpeg"}],"author":"admin","twitter_card":"summary_large_image","twitter_misc":{"Escrito por":"admin","Tiempo de lectura":"3 minutos"},"schema":{"@context":"https:\/\/schema.org","@graph":[{"@type":"Article","@id":"https:\/\/21panorama.com\/index.php\/2022\/06\/12\/nada-ni-nadie-impedira-que-en-2023-el-pri-gane-el-estado-de-mexico-paloma-sanchez\/#article","isPartOf":{"@id":"https:\/\/21panorama.com\/index.php\/2022\/06\/12\/nada-ni-nadie-impedira-que-en-2023-el-pri-gane-el-estado-de-mexico-paloma-sanchez\/"},"author":{"name":"admin","@id":"https:\/\/21panorama.com\/#\/schema\/person\/1afc291b96d5792a158768324287319f"},"headline":"NADA NI NADIE IMPEDIR\u00c1 QUE EN 2023 EL PRI GANE EL ESTADO DE M\u00c9XICO: PALOMA S\u00c1NCHEZ","datePublished":"2022-06-12T17:52:34+00:00","dateModified":"2022-06-12T17:52:36+00:00","mainEntityOfPage":{"@id":"https:\/\/21panorama.com\/index.php\/2022\/06\/12\/nada-ni-nadie-impedira-que-en-2023-el-pri-gane-el-estado-de-mexico-paloma-sanchez\/"},"wordCount":455,"commentCount":0,"publisher":{"@id":"https:\/\/21panorama.com\/#organization"},"image":{"@id":"https:\/\/21panorama.com\/index.php\/2022\/06\/12\/nada-ni-nadie-impedira-que-en-2023-el-pri-gane-el-estado-de-mexico-paloma-sanchez\/#primaryimage"},"thumbnailUrl":"https:\/\/21panorama.com\/wp-content\/uploads\/2022\/06\/2660c837-e4e2-4483-a5ca-eceab38264ee.jpeg","keywords":["PRI"],"articleSection":["Politica"],"inLanguage":"es","potentialAction":[{"@type":"CommentAction","name":"Comment","target":["https:\/\/21panorama.com\/index.php\/2022\/06\/12\/nada-ni-nadie-impedira-que-en-2023-el-pri-gane-el-estado-de-mexico-paloma-sanchez\/#respond"]}]},{"@type":"WebPage","@id":"https:\/\/21panorama.com\/index.php\/2022\/06\/12\/nada-ni-nadie-impedira-que-en-2023-el-pri-gane-el-estado-de-mexico-paloma-sanchez\/","url":"https:\/\/21panorama.com\/index.php\/2022\/06\/12\/nada-ni-nadie-impedira-que-en-2023-el-pri-gane-el-estado-de-mexico-paloma-sanchez\/","name":"NADA NI NADIE IMPEDIR\u00c1 QUE EN 2023 EL PRI GANE EL ESTADO DE M\u00c9XICO: PALOMA S\u00c1NCHEZ - 21 Panorama","isPartOf":{"@id":"https:\/\/21panorama.com\/#website"},"primaryImageOfPage":{"@id":"https:\/\/21panorama.com\/index.php\/2022\/06\/12\/nada-ni-nadie-impedira-que-en-2023-el-pri-gane-el-estado-de-mexico-paloma-sanchez\/#primaryimage"},"image":{"@id":"https:\/\/21panorama.com\/index.php\/2022\/06\/12\/nada-ni-nadie-impedira-que-en-2023-el-pri-gane-el-estado-de-mexico-paloma-sanchez\/#primaryimage"},"thumbnailUrl":"https:\/\/21panorama.com\/wp-content\/uploads\/2022\/06\/2660c837-e4e2-4483-a5ca-eceab38264ee.jpeg","datePublished":"2022-06-12T17:52:34+00:00","dateModified":"2022-06-12T17:52:36+00:00","breadcrumb":{"@id":"https:\/\/21panorama.com\/index.php\/2022\/06\/12\/nada-ni-nadie-impedira-que-en-2023-el-pri-gane-el-estado-de-mexico-paloma-sanchez\/#breadcrumb"},"inLanguage":"es","potentialAction":[{"@type":"ReadAction","target":["https:\/\/21panorama.com\/index.php\/2022\/06\/12\/nada-ni-nadie-impedira-que-en-2023-el-pri-gane-el-estado-de-mexico-paloma-sanchez\/"]}]},{"@type":"ImageObject","inLanguage":"es","@id":"https:\/\/21panorama.com\/index.php\/2022\/06\/12\/nada-ni-nadie-impedira-que-en-2023-el-pri-gane-el-estado-de-mexico-paloma-sanchez\/#primaryimage","url":"https:\/\/21panorama.com\/wp-content\/uploads\/2022\/06\/2660c837-e4e2-4483-a5ca-eceab38264ee.jpeg","contentUrl":"https:\/\/21panorama.com\/wp-content\/uploads\/2022\/06\/2660c837-e4e2-4483-a5ca-eceab38264ee.jpeg","width":1280,"height":853},{"@type":"BreadcrumbList","@id":"https:\/\/21panorama.com\/index.php\/2022\/06\/12\/nada-ni-nadie-impedira-que-en-2023-el-pri-gane-el-estado-de-mexico-paloma-sanchez\/#breadcrumb","itemListElement":[{"@type":"ListItem","position":1,"name":"Inicio","item":"https:\/\/21panorama.com\/"},{"@type":"ListItem","position":2,"name":"NADA NI NADIE IMPEDIR\u00c1 QUE EN 2023 EL PRI GANE EL ESTADO DE M\u00c9XICO: PALOMA S\u00c1NCHEZ"}]},{"@type":"WebSite","@id":"https:\/\/21panorama.com\/#website","url":"https:\/\/21panorama.com\/","name":"21 Panorama","description":"La construcci\u00f3n de la opini\u00f3n p\u00fablica merece un mejor Panorama en este siglo 21 para alcanzar una sociedad con mayor transparencia y sin corrupci\u00f3n.","publisher":{"@id":"https:\/\/21panorama.com\/#organization"},"potentialAction":[{"@type":"SearchAction","target":{"@type":"EntryPoint","urlTemplate":"https:\/\/21panorama.com\/?s={search_term_string}"},"query-input":{"@type":"PropertyValueSpecification","valueRequired":true,"valueName":"search_term_string"}}],"inLanguage":"es"},{"@type":"Organization","@id":"https:\/\/21panorama.com\/#organization","name":"21 Panorama","url":"https:\/\/21panorama.com\/","logo":{"@type":"ImageObject","inLanguage":"es","@id":"https:\/\/21panorama.com\/#\/schema\/logo\/image\/","url":"https:\/\/21panorama.com\/wp-content\/uploads\/2019\/07\/cropped-Logo-Panorama-01.jpeg","contentUrl":"https:\/\/21panorama.com\/wp-content\/uploads\/2019\/07\/cropped-Logo-Panorama-01.jpeg","width":290,"height":70,"caption":"21 Panorama"},"image":{"@id":"https:\/\/21panorama.com\/#\/schema\/logo\/image\/"}},{"@type":"Person","@id":"https:\/\/21panorama.com\/#\/schema\/person\/1afc291b96d5792a158768324287319f","name":"admin","image":{"@type":"ImageObject","inLanguage":"es","@id":"https:\/\/21panorama.com\/#\/schema\/person\/image\/","url":"https:\/\/secure.gravatar.com\/avatar\/ad365d9d9f46719215b0d042cc3df92a5a8683e09ef13d102233e5491985f0f0?s=96&d=mm&r=g","contentUrl":"https:\/\/secure.gravatar.com\/avatar\/ad365d9d9f46719215b0d042cc3df92a5a8683e09ef13d102233e5491985f0f0?s=96&d=mm&r=g","caption":"admin"},"url":"https:\/\/21panorama.com\/index.php\/author\/admin\/"}]}},"_links":{"self":[{"href":"https:\/\/21panorama.com\/index.php\/wp-json\/wp\/v2\/posts\/3727","targetHints":{"allow":["GET"]}}],"collection":[{"href":"https:\/\/21panorama.com\/index.php\/wp-json\/wp\/v2\/posts"}],"about":[{"href":"https:\/\/21panorama.com\/index.php\/wp-json\/wp\/v2\/types\/post"}],"author":[{"embeddable":true,"href":"https:\/\/21panorama.com\/index.php\/wp-json\/wp\/v2\/users\/1"}],"replies":[{"embeddable":true,"href":"https:\/\/21panorama.com\/index.php\/wp-json\/wp\/v2\/comments?post=3727"}],"version-history":[{"count":1,"href":"https:\/\/21panorama.com\/index.php\/wp-json\/wp\/v2\/posts\/3727\/revisions"}],"predecessor-version":[{"id":3731,"href":"https:\/\/21panorama.com\/index.php\/wp-json\/wp\/v2\/posts\/3727\/revisions\/3731"}],"wp:featuredmedia":[{"embeddable":true,"href":"https:\/\/21panorama.com\/index.php\/wp-json\/wp\/v2\/media\/3728"}],"wp:attachment":[{"href":"https:\/\/21panorama.com\/index.php\/wp-json\/wp\/v2\/media?parent=3727"}],"wp:term":[{"taxonomy":"category","embeddable":true,"href":"https:\/\/21panorama.com\/index.php\/wp-json\/wp\/v2\/categories?post=3727"},{"taxonomy":"post_tag","embeddable":true,"href":"https:\/\/21panorama.com\/index.php\/wp-json\/wp\/v2\/tags?post=3727"}],"curies":[{"name":"wp","href":"https:\/\/api.w.org\/{rel}","templated":true}]}}