{"id":3712,"date":"2022-06-05T19:53:24","date_gmt":"2022-06-06T00:53:24","guid":{"rendered":"https:\/\/21panorama.com\/?p=3712"},"modified":"2022-06-05T19:53:25","modified_gmt":"2022-06-06T00:53:25","slug":"vamos-a-cerrar-filas-por-un-mexico-libre-eric-sevilla","status":"publish","type":"post","link":"https:\/\/21panorama.com\/index.php\/2022\/06\/05\/vamos-a-cerrar-filas-por-un-mexico-libre-eric-sevilla\/","title":{"rendered":"VAMOS A CERRAR FILAS POR UN M\u00c9XICO LIBRE: ERIC SEVILLA"},"content":{"rendered":"\n<p>El PRI quiere un M\u00e9xico libre, destac\u00f3 Eric Sevilla, dirigente estatal del Partido<br>Revolucionario Institucional (PRI), al reunirse con liderazgos y militantes de la zona<br>norte de la entidad, a quienes convoc\u00f3 a cerrar filas y trabajar en unidad para ganar<br>la gubernatura del Estado de M\u00e9xico en 2023.<br>Durante su visita a Chapa de Mota y Villa del Carb\u00f3n, Eric Sevilla llam\u00f3 a militantes<br>y clase pol\u00edtica \u201cal trabajo, a la unidad, al esfuerzo compartido; un trabajo que nos<br>debe llenar de emoci\u00f3n porque lo que est\u00e1 en juego es nuestra patria, nuestros hijos,<br>el proyecto de naci\u00f3n\u201d.<\/p>\n\n\n\n<p>\u201c\u00a1Ya basta! no hay hoja de ruta, no hay br\u00fajula\u201d en el gobierno federal, continu\u00f3 el<br>dirigente priista. En tres a\u00f1os y medio han destrozado al pa\u00eds por lo que hay que<br>hacer un gran esfuerzo para salvar a nuestra patria, porque en el 2023 no se trata<br>solo de una gubernatura, o de un partido pol\u00edtico, es salvar a M\u00e9xico, dijo.<br>Lo que se define en el Estado de M\u00e9xico el a\u00f1o que entra es el proyecto de naci\u00f3n,<br>aqu\u00ed le vamos a dar el primer golpe de mando a los de la cuarta y les vamos a decir:<br>hasta aqu\u00ed llegaron, asever\u00f3, tras referir que \u201clo vamos a hacer como lo hacen los<br>mexiquenses, trabajando, convenciendo, saliendo a las calles\u201d.<\/p>\n\n\n\n<p>M\u00e9xico no crece desde el 2018, no hay crecimiento econ\u00f3mico, pero s\u00ed inflaci\u00f3n,<br>precis\u00f3 Eric Sevilla y puntualiz\u00f3 que desde el a\u00f1o 1929 no se sufr\u00eda una crisis<br>econ\u00f3mica tan grande. Eso se acab\u00f3, no lo vamos a permitir m\u00e1s, precis\u00f3.<br>Detall\u00f3 que detr\u00e1s del PRI est\u00e1n las instituciones y la construcci\u00f3n de un M\u00e9xico que<br>cost\u00f3 mucho trabajo a nuestros padres y abuelos y no lo vamos a perder. \u201cVamos a<br>reconstruir este pa\u00eds y vamos a empezar por nuestra casa, el Estado de M\u00e9xico\u201d,<br>apunt\u00f3.<\/p>\n\n\n\n<p>En Villa del Carb\u00f3n se entregaron notas laudatorias a militantes que honran al partido<br>con su trabajo de manos del dirigente estatal. Le acompa\u00f1aron la secretaria General<br>del CDE, Monserrath Sobreyra; el diputado federal, Miguel S\u00e1mano; el presidente<br>municipal de Villa del Carb\u00f3n, Andri Guadalupe Correa; y los secretarios, de<br>Organizaci\u00f3n, Pablo Bedolla; y de Operaci\u00f3n Pol\u00edtica, Alejandro Fern\u00e1ndez Campillo,<br>entre otros.<\/p>\n\n\n\n<p>Andri Guadalupe Correa Rodr\u00edguez expuso que \u201clos priistas hoy tenemos una gran<br>responsabilidad, la de sacar a flote todas las necesidades que durante los \u00faltimos<br>tres a\u00f1os no fueron atendidas por malos gobiernos. Hoy los priistas caminamos<br>juntos, de la mano\u201d, finaliz\u00f3.<br>El diputado federal Miguel S\u00e1mano, coordinador de la bancada mexiquense, asegur\u00f3<br>que el PRI dio la cara y defendi\u00f3 a M\u00e9xico por encima de la cerraz\u00f3n y de la<br>ignorancia, en la votaci\u00f3n de la iniciativa de reforma el\u00e9ctrica, pero, sobre todo, el<br>partido siempre ha tenido la capacidad para salir adelante en momentos adversos.<br>\u201cYo no puedo apoyar nada que venga a traicionar los intereses superiores que son<br>los mexicanos y los mexiquenses\u201d, concluy\u00f3.<\/p>\n\n\n\n<figure class=\"wp-block-gallery columns-2 is-cropped wp-block-gallery-1 is-layout-flex wp-block-gallery-is-layout-flex\"><ul class=\"blocks-gallery-grid\"><li class=\"blocks-gallery-item\"><figure><img decoding=\"async\" width=\"1024\" height=\"734\" src=\"https:\/\/21panorama.com\/wp-content\/uploads\/2022\/06\/db7583c7-52f5-42eb-b9e6-56e3bff4630a-1024x734.jpeg\" alt=\"\" data-id=\"3714\" data-link=\"https:\/\/21panorama.com\/?attachment_id=3714\" class=\"wp-image-3714\" srcset=\"https:\/\/21panorama.com\/wp-content\/uploads\/2022\/06\/db7583c7-52f5-42eb-b9e6-56e3bff4630a-1024x734.jpeg 1024w, https:\/\/21panorama.com\/wp-content\/uploads\/2022\/06\/db7583c7-52f5-42eb-b9e6-56e3bff4630a-300x215.jpeg 300w, https:\/\/21panorama.com\/wp-content\/uploads\/2022\/06\/db7583c7-52f5-42eb-b9e6-56e3bff4630a-768x551.jpeg 768w, https:\/\/21panorama.com\/wp-content\/uploads\/2022\/06\/db7583c7-52f5-42eb-b9e6-56e3bff4630a-240x172.jpeg 240w, https:\/\/21panorama.com\/wp-content\/uploads\/2022\/06\/db7583c7-52f5-42eb-b9e6-56e3bff4630a.jpeg 1272w\" sizes=\"(max-width: 1024px) 100vw, 1024px\" \/><\/figure><\/li><li class=\"blocks-gallery-item\"><figure><img decoding=\"async\" width=\"832\" height=\"1024\" src=\"https:\/\/21panorama.com\/wp-content\/uploads\/2022\/06\/20c9f83e-54e3-4f2b-bd94-53290fbd08ab-832x1024.jpeg\" alt=\"\" data-id=\"3715\" data-full-url=\"https:\/\/21panorama.com\/wp-content\/uploads\/2022\/06\/20c9f83e-54e3-4f2b-bd94-53290fbd08ab.jpeg\" data-link=\"https:\/\/21panorama.com\/?attachment_id=3715\" class=\"wp-image-3715\" srcset=\"https:\/\/21panorama.com\/wp-content\/uploads\/2022\/06\/20c9f83e-54e3-4f2b-bd94-53290fbd08ab-832x1024.jpeg 832w, https:\/\/21panorama.com\/wp-content\/uploads\/2022\/06\/20c9f83e-54e3-4f2b-bd94-53290fbd08ab-244x300.jpeg 244w, https:\/\/21panorama.com\/wp-content\/uploads\/2022\/06\/20c9f83e-54e3-4f2b-bd94-53290fbd08ab-768x945.jpeg 768w, https:\/\/21panorama.com\/wp-content\/uploads\/2022\/06\/20c9f83e-54e3-4f2b-bd94-53290fbd08ab.jpeg 1040w\" sizes=\"(max-width: 832px) 100vw, 832px\" \/><\/figure><\/li><\/ul><\/figure>\n","protected":false},"excerpt":{"rendered":"<p>El l\u00edder priista llam\u00f3 a los militantes a la unidad y al esfuerzo compartido, porque el a\u00f1o entrante no solo est\u00e1 en juego una gubernatura, es el pa\u00eds.<\/p>\n","protected":false},"author":1,"featured_media":3713,"comment_status":"open","ping_status":"open","sticky":false,"template":"","format":"standard","meta":{"footnotes":""},"categories":[12],"tags":[310],"class_list":["post-3712","post","type-post","status-publish","format-standard","has-post-thumbnail","hentry","category-politica","tag-eric-sevilla"],"yoast_head":"<!-- This site is optimized with the Yoast SEO plugin v24.9 - https:\/\/yoast.com\/wordpress\/plugins\/seo\/ -->\n<title>VAMOS A CERRAR FILAS POR UN M\u00c9XICO LIBRE: ERIC SEVILLA - 21 Panorama<\/title>\n<meta name=\"robots\" content=\"index, follow, max-snippet:-1, max-image-preview:large, max-video-preview:-1\" \/>\n<link rel=\"canonical\" href=\"https:\/\/21panorama.com\/index.php\/2022\/06\/05\/vamos-a-cerrar-filas-por-un-mexico-libre-eric-sevilla\/\" \/>\n<meta property=\"og:locale\" content=\"es_MX\" \/>\n<meta property=\"og:type\" content=\"article\" \/>\n<meta property=\"og:title\" content=\"VAMOS A CERRAR FILAS POR UN M\u00c9XICO LIBRE: ERIC SEVILLA - 21 Panorama\" \/>\n<meta property=\"og:description\" content=\"El l\u00edder priista llam\u00f3 a los militantes a la unidad y al esfuerzo compartido, porque el a\u00f1o entrante no solo est\u00e1 en juego una gubernatura, es el pa\u00eds.\" \/>\n<meta property=\"og:url\" content=\"https:\/\/21panorama.com\/index.php\/2022\/06\/05\/vamos-a-cerrar-filas-por-un-mexico-libre-eric-sevilla\/\" \/>\n<meta property=\"og:site_name\" content=\"21 Panorama\" \/>\n<meta property=\"article:published_time\" content=\"2022-06-06T00:53:24+00:00\" \/>\n<meta property=\"article:modified_time\" content=\"2022-06-06T00:53:25+00:00\" \/>\n<meta property=\"og:image\" content=\"https:\/\/21panorama.com\/wp-content\/uploads\/2022\/06\/68a102e1-ea7c-4bb0-8b27-900e3ab73fe9.jpeg\" \/>\n\t<meta property=\"og:image:width\" content=\"1368\" \/>\n\t<meta property=\"og:image:height\" content=\"912\" \/>\n\t<meta property=\"og:image:type\" content=\"image\/jpeg\" \/>\n<meta name=\"author\" content=\"admin\" \/>\n<meta name=\"twitter:card\" content=\"summary_large_image\" \/>\n<meta name=\"twitter:label1\" content=\"Escrito por\" \/>\n\t<meta name=\"twitter:data1\" content=\"admin\" \/>\n\t<meta name=\"twitter:label2\" content=\"Tiempo de lectura\" \/>\n\t<meta name=\"twitter:data2\" content=\"3 minutos\" \/>\n<script type=\"application\/ld+json\" class=\"yoast-schema-graph\">{\"@context\":\"https:\/\/schema.org\",\"@graph\":[{\"@type\":\"Article\",\"@id\":\"https:\/\/21panorama.com\/index.php\/2022\/06\/05\/vamos-a-cerrar-filas-por-un-mexico-libre-eric-sevilla\/#article\",\"isPartOf\":{\"@id\":\"https:\/\/21panorama.com\/index.php\/2022\/06\/05\/vamos-a-cerrar-filas-por-un-mexico-libre-eric-sevilla\/\"},\"author\":{\"name\":\"admin\",\"@id\":\"https:\/\/21panorama.com\/#\/schema\/person\/1afc291b96d5792a158768324287319f\"},\"headline\":\"VAMOS A CERRAR FILAS POR UN M\u00c9XICO LIBRE: ERIC SEVILLA\",\"datePublished\":\"2022-06-06T00:53:24+00:00\",\"dateModified\":\"2022-06-06T00:53:25+00:00\",\"mainEntityOfPage\":{\"@id\":\"https:\/\/21panorama.com\/index.php\/2022\/06\/05\/vamos-a-cerrar-filas-por-un-mexico-libre-eric-sevilla\/\"},\"wordCount\":514,\"commentCount\":0,\"publisher\":{\"@id\":\"https:\/\/21panorama.com\/#organization\"},\"image\":{\"@id\":\"https:\/\/21panorama.com\/index.php\/2022\/06\/05\/vamos-a-cerrar-filas-por-un-mexico-libre-eric-sevilla\/#primaryimage\"},\"thumbnailUrl\":\"https:\/\/21panorama.com\/wp-content\/uploads\/2022\/06\/68a102e1-ea7c-4bb0-8b27-900e3ab73fe9.jpeg\",\"keywords\":[\"ERIC SEVILLA\"],\"articleSection\":[\"Politica\"],\"inLanguage\":\"es\",\"potentialAction\":[{\"@type\":\"CommentAction\",\"name\":\"Comment\",\"target\":[\"https:\/\/21panorama.com\/index.php\/2022\/06\/05\/vamos-a-cerrar-filas-por-un-mexico-libre-eric-sevilla\/#respond\"]}]},{\"@type\":\"WebPage\",\"@id\":\"https:\/\/21panorama.com\/index.php\/2022\/06\/05\/vamos-a-cerrar-filas-por-un-mexico-libre-eric-sevilla\/\",\"url\":\"https:\/\/21panorama.com\/index.php\/2022\/06\/05\/vamos-a-cerrar-filas-por-un-mexico-libre-eric-sevilla\/\",\"name\":\"VAMOS A CERRAR FILAS POR UN M\u00c9XICO LIBRE: ERIC SEVILLA - 21 Panorama\",\"isPartOf\":{\"@id\":\"https:\/\/21panorama.com\/#website\"},\"primaryImageOfPage\":{\"@id\":\"https:\/\/21panorama.com\/index.php\/2022\/06\/05\/vamos-a-cerrar-filas-por-un-mexico-libre-eric-sevilla\/#primaryimage\"},\"image\":{\"@id\":\"https:\/\/21panorama.com\/index.php\/2022\/06\/05\/vamos-a-cerrar-filas-por-un-mexico-libre-eric-sevilla\/#primaryimage\"},\"thumbnailUrl\":\"https:\/\/21panorama.com\/wp-content\/uploads\/2022\/06\/68a102e1-ea7c-4bb0-8b27-900e3ab73fe9.jpeg\",\"datePublished\":\"2022-06-06T00:53:24+00:00\",\"dateModified\":\"2022-06-06T00:53:25+00:00\",\"breadcrumb\":{\"@id\":\"https:\/\/21panorama.com\/index.php\/2022\/06\/05\/vamos-a-cerrar-filas-por-un-mexico-libre-eric-sevilla\/#breadcrumb\"},\"inLanguage\":\"es\",\"potentialAction\":[{\"@type\":\"ReadAction\",\"target\":[\"https:\/\/21panorama.com\/index.php\/2022\/06\/05\/vamos-a-cerrar-filas-por-un-mexico-libre-eric-sevilla\/\"]}]},{\"@type\":\"ImageObject\",\"inLanguage\":\"es\",\"@id\":\"https:\/\/21panorama.com\/index.php\/2022\/06\/05\/vamos-a-cerrar-filas-por-un-mexico-libre-eric-sevilla\/#primaryimage\",\"url\":\"https:\/\/21panorama.com\/wp-content\/uploads\/2022\/06\/68a102e1-ea7c-4bb0-8b27-900e3ab73fe9.jpeg\",\"contentUrl\":\"https:\/\/21panorama.com\/wp-content\/uploads\/2022\/06\/68a102e1-ea7c-4bb0-8b27-900e3ab73fe9.jpeg\",\"width\":1368,\"height\":912},{\"@type\":\"BreadcrumbList\",\"@id\":\"https:\/\/21panorama.com\/index.php\/2022\/06\/05\/vamos-a-cerrar-filas-por-un-mexico-libre-eric-sevilla\/#breadcrumb\",\"itemListElement\":[{\"@type\":\"ListItem\",\"position\":1,\"name\":\"Inicio\",\"item\":\"https:\/\/21panorama.com\/\"},{\"@type\":\"ListItem\",\"position\":2,\"name\":\"VAMOS A CERRAR FILAS POR UN M\u00c9XICO LIBRE: ERIC SEVILLA\"}]},{\"@type\":\"WebSite\",\"@id\":\"https:\/\/21panorama.com\/#website\",\"url\":\"https:\/\/21panorama.com\/\",\"name\":\"21 Panorama\",\"description\":\"La construcci\u00f3n de la opini\u00f3n p\u00fablica merece un mejor Panorama en este siglo 21 para alcanzar una sociedad con mayor transparencia y sin corrupci\u00f3n.\",\"publisher\":{\"@id\":\"https:\/\/21panorama.com\/#organization\"},\"potentialAction\":[{\"@type\":\"SearchAction\",\"target\":{\"@type\":\"EntryPoint\",\"urlTemplate\":\"https:\/\/21panorama.com\/?s={search_term_string}\"},\"query-input\":{\"@type\":\"PropertyValueSpecification\",\"valueRequired\":true,\"valueName\":\"search_term_string\"}}],\"inLanguage\":\"es\"},{\"@type\":\"Organization\",\"@id\":\"https:\/\/21panorama.com\/#organization\",\"name\":\"21 Panorama\",\"url\":\"https:\/\/21panorama.com\/\",\"logo\":{\"@type\":\"ImageObject\",\"inLanguage\":\"es\",\"@id\":\"https:\/\/21panorama.com\/#\/schema\/logo\/image\/\",\"url\":\"https:\/\/21panorama.com\/wp-content\/uploads\/2019\/07\/cropped-Logo-Panorama-01.jpeg\",\"contentUrl\":\"https:\/\/21panorama.com\/wp-content\/uploads\/2019\/07\/cropped-Logo-Panorama-01.jpeg\",\"width\":290,\"height\":70,\"caption\":\"21 Panorama\"},\"image\":{\"@id\":\"https:\/\/21panorama.com\/#\/schema\/logo\/image\/\"}},{\"@type\":\"Person\",\"@id\":\"https:\/\/21panorama.com\/#\/schema\/person\/1afc291b96d5792a158768324287319f\",\"name\":\"admin\",\"image\":{\"@type\":\"ImageObject\",\"inLanguage\":\"es\",\"@id\":\"https:\/\/21panorama.com\/#\/schema\/person\/image\/\",\"url\":\"https:\/\/secure.gravatar.com\/avatar\/ad365d9d9f46719215b0d042cc3df92a5a8683e09ef13d102233e5491985f0f0?s=96&d=mm&r=g\",\"contentUrl\":\"https:\/\/secure.gravatar.com\/avatar\/ad365d9d9f46719215b0d042cc3df92a5a8683e09ef13d102233e5491985f0f0?s=96&d=mm&r=g\",\"caption\":\"admin\"},\"url\":\"https:\/\/21panorama.com\/index.php\/author\/admin\/\"}]}<\/script>\n<!-- \/ Yoast SEO plugin. -->","yoast_head_json":{"title":"VAMOS A CERRAR FILAS POR UN M\u00c9XICO LIBRE: ERIC SEVILLA - 21 Panorama","robots":{"index":"index","follow":"follow","max-snippet":"max-snippet:-1","max-image-preview":"max-image-preview:large","max-video-preview":"max-video-preview:-1"},"canonical":"https:\/\/21panorama.com\/index.php\/2022\/06\/05\/vamos-a-cerrar-filas-por-un-mexico-libre-eric-sevilla\/","og_locale":"es_MX","og_type":"article","og_title":"VAMOS A CERRAR FILAS POR UN M\u00c9XICO LIBRE: ERIC SEVILLA - 21 Panorama","og_description":"El l\u00edder priista llam\u00f3 a los militantes a la unidad y al esfuerzo compartido, porque el a\u00f1o entrante no solo est\u00e1 en juego una gubernatura, es el pa\u00eds.","og_url":"https:\/\/21panorama.com\/index.php\/2022\/06\/05\/vamos-a-cerrar-filas-por-un-mexico-libre-eric-sevilla\/","og_site_name":"21 Panorama","article_published_time":"2022-06-06T00:53:24+00:00","article_modified_time":"2022-06-06T00:53:25+00:00","og_image":[{"width":1368,"height":912,"url":"https:\/\/21panorama.com\/wp-content\/uploads\/2022\/06\/68a102e1-ea7c-4bb0-8b27-900e3ab73fe9.jpeg","type":"image\/jpeg"}],"author":"admin","twitter_card":"summary_large_image","twitter_misc":{"Escrito por":"admin","Tiempo de lectura":"3 minutos"},"schema":{"@context":"https:\/\/schema.org","@graph":[{"@type":"Article","@id":"https:\/\/21panorama.com\/index.php\/2022\/06\/05\/vamos-a-cerrar-filas-por-un-mexico-libre-eric-sevilla\/#article","isPartOf":{"@id":"https:\/\/21panorama.com\/index.php\/2022\/06\/05\/vamos-a-cerrar-filas-por-un-mexico-libre-eric-sevilla\/"},"author":{"name":"admin","@id":"https:\/\/21panorama.com\/#\/schema\/person\/1afc291b96d5792a158768324287319f"},"headline":"VAMOS A CERRAR FILAS POR UN M\u00c9XICO LIBRE: ERIC SEVILLA","datePublished":"2022-06-06T00:53:24+00:00","dateModified":"2022-06-06T00:53:25+00:00","mainEntityOfPage":{"@id":"https:\/\/21panorama.com\/index.php\/2022\/06\/05\/vamos-a-cerrar-filas-por-un-mexico-libre-eric-sevilla\/"},"wordCount":514,"commentCount":0,"publisher":{"@id":"https:\/\/21panorama.com\/#organization"},"image":{"@id":"https:\/\/21panorama.com\/index.php\/2022\/06\/05\/vamos-a-cerrar-filas-por-un-mexico-libre-eric-sevilla\/#primaryimage"},"thumbnailUrl":"https:\/\/21panorama.com\/wp-content\/uploads\/2022\/06\/68a102e1-ea7c-4bb0-8b27-900e3ab73fe9.jpeg","keywords":["ERIC SEVILLA"],"articleSection":["Politica"],"inLanguage":"es","potentialAction":[{"@type":"CommentAction","name":"Comment","target":["https:\/\/21panorama.com\/index.php\/2022\/06\/05\/vamos-a-cerrar-filas-por-un-mexico-libre-eric-sevilla\/#respond"]}]},{"@type":"WebPage","@id":"https:\/\/21panorama.com\/index.php\/2022\/06\/05\/vamos-a-cerrar-filas-por-un-mexico-libre-eric-sevilla\/","url":"https:\/\/21panorama.com\/index.php\/2022\/06\/05\/vamos-a-cerrar-filas-por-un-mexico-libre-eric-sevilla\/","name":"VAMOS A CERRAR FILAS POR UN M\u00c9XICO LIBRE: ERIC SEVILLA - 21 Panorama","isPartOf":{"@id":"https:\/\/21panorama.com\/#website"},"primaryImageOfPage":{"@id":"https:\/\/21panorama.com\/index.php\/2022\/06\/05\/vamos-a-cerrar-filas-por-un-mexico-libre-eric-sevilla\/#primaryimage"},"image":{"@id":"https:\/\/21panorama.com\/index.php\/2022\/06\/05\/vamos-a-cerrar-filas-por-un-mexico-libre-eric-sevilla\/#primaryimage"},"thumbnailUrl":"https:\/\/21panorama.com\/wp-content\/uploads\/2022\/06\/68a102e1-ea7c-4bb0-8b27-900e3ab73fe9.jpeg","datePublished":"2022-06-06T00:53:24+00:00","dateModified":"2022-06-06T00:53:25+00:00","breadcrumb":{"@id":"https:\/\/21panorama.com\/index.php\/2022\/06\/05\/vamos-a-cerrar-filas-por-un-mexico-libre-eric-sevilla\/#breadcrumb"},"inLanguage":"es","potentialAction":[{"@type":"ReadAction","target":["https:\/\/21panorama.com\/index.php\/2022\/06\/05\/vamos-a-cerrar-filas-por-un-mexico-libre-eric-sevilla\/"]}]},{"@type":"ImageObject","inLanguage":"es","@id":"https:\/\/21panorama.com\/index.php\/2022\/06\/05\/vamos-a-cerrar-filas-por-un-mexico-libre-eric-sevilla\/#primaryimage","url":"https:\/\/21panorama.com\/wp-content\/uploads\/2022\/06\/68a102e1-ea7c-4bb0-8b27-900e3ab73fe9.jpeg","contentUrl":"https:\/\/21panorama.com\/wp-content\/uploads\/2022\/06\/68a102e1-ea7c-4bb0-8b27-900e3ab73fe9.jpeg","width":1368,"height":912},{"@type":"BreadcrumbList","@id":"https:\/\/21panorama.com\/index.php\/2022\/06\/05\/vamos-a-cerrar-filas-por-un-mexico-libre-eric-sevilla\/#breadcrumb","itemListElement":[{"@type":"ListItem","position":1,"name":"Inicio","item":"https:\/\/21panorama.com\/"},{"@type":"ListItem","position":2,"name":"VAMOS A CERRAR FILAS POR UN M\u00c9XICO LIBRE: ERIC SEVILLA"}]},{"@type":"WebSite","@id":"https:\/\/21panorama.com\/#website","url":"https:\/\/21panorama.com\/","name":"21 Panorama","description":"La construcci\u00f3n de la opini\u00f3n p\u00fablica merece un mejor Panorama en este siglo 21 para alcanzar una sociedad con mayor transparencia y sin corrupci\u00f3n.","publisher":{"@id":"https:\/\/21panorama.com\/#organization"},"potentialAction":[{"@type":"SearchAction","target":{"@type":"EntryPoint","urlTemplate":"https:\/\/21panorama.com\/?s={search_term_string}"},"query-input":{"@type":"PropertyValueSpecification","valueRequired":true,"valueName":"search_term_string"}}],"inLanguage":"es"},{"@type":"Organization","@id":"https:\/\/21panorama.com\/#organization","name":"21 Panorama","url":"https:\/\/21panorama.com\/","logo":{"@type":"ImageObject","inLanguage":"es","@id":"https:\/\/21panorama.com\/#\/schema\/logo\/image\/","url":"https:\/\/21panorama.com\/wp-content\/uploads\/2019\/07\/cropped-Logo-Panorama-01.jpeg","contentUrl":"https:\/\/21panorama.com\/wp-content\/uploads\/2019\/07\/cropped-Logo-Panorama-01.jpeg","width":290,"height":70,"caption":"21 Panorama"},"image":{"@id":"https:\/\/21panorama.com\/#\/schema\/logo\/image\/"}},{"@type":"Person","@id":"https:\/\/21panorama.com\/#\/schema\/person\/1afc291b96d5792a158768324287319f","name":"admin","image":{"@type":"ImageObject","inLanguage":"es","@id":"https:\/\/21panorama.com\/#\/schema\/person\/image\/","url":"https:\/\/secure.gravatar.com\/avatar\/ad365d9d9f46719215b0d042cc3df92a5a8683e09ef13d102233e5491985f0f0?s=96&d=mm&r=g","contentUrl":"https:\/\/secure.gravatar.com\/avatar\/ad365d9d9f46719215b0d042cc3df92a5a8683e09ef13d102233e5491985f0f0?s=96&d=mm&r=g","caption":"admin"},"url":"https:\/\/21panorama.com\/index.php\/author\/admin\/"}]}},"_links":{"self":[{"href":"https:\/\/21panorama.com\/index.php\/wp-json\/wp\/v2\/posts\/3712","targetHints":{"allow":["GET"]}}],"collection":[{"href":"https:\/\/21panorama.com\/index.php\/wp-json\/wp\/v2\/posts"}],"about":[{"href":"https:\/\/21panorama.com\/index.php\/wp-json\/wp\/v2\/types\/post"}],"author":[{"embeddable":true,"href":"https:\/\/21panorama.com\/index.php\/wp-json\/wp\/v2\/users\/1"}],"replies":[{"embeddable":true,"href":"https:\/\/21panorama.com\/index.php\/wp-json\/wp\/v2\/comments?post=3712"}],"version-history":[{"count":1,"href":"https:\/\/21panorama.com\/index.php\/wp-json\/wp\/v2\/posts\/3712\/revisions"}],"predecessor-version":[{"id":3716,"href":"https:\/\/21panorama.com\/index.php\/wp-json\/wp\/v2\/posts\/3712\/revisions\/3716"}],"wp:featuredmedia":[{"embeddable":true,"href":"https:\/\/21panorama.com\/index.php\/wp-json\/wp\/v2\/media\/3713"}],"wp:attachment":[{"href":"https:\/\/21panorama.com\/index.php\/wp-json\/wp\/v2\/media?parent=3712"}],"wp:term":[{"taxonomy":"category","embeddable":true,"href":"https:\/\/21panorama.com\/index.php\/wp-json\/wp\/v2\/categories?post=3712"},{"taxonomy":"post_tag","embeddable":true,"href":"https:\/\/21panorama.com\/index.php\/wp-json\/wp\/v2\/tags?post=3712"}],"curies":[{"name":"wp","href":"https:\/\/api.w.org\/{rel}","templated":true}]}}