{"id":370,"date":"2019-10-31T21:27:53","date_gmt":"2019-11-01T03:27:53","guid":{"rendered":"http:\/\/21panorama.com\/?p=370"},"modified":"2019-10-31T21:27:58","modified_gmt":"2019-11-01T03:27:58","slug":"capta-issemym-al-residente-mejor-calificado-del-pais","status":"publish","type":"post","link":"https:\/\/21panorama.com\/index.php\/2019\/10\/31\/capta-issemym-al-residente-mejor-calificado-del-pais\/","title":{"rendered":"CAPTA ISSEMYM AL RESIDENTE MEJOR CALIFICADO DEL PA\u00cdS"},"content":{"rendered":"\n<p>Arturo Jes\u00fas Alan\u00eds N\u00fa\u00f1ez, especialista en&nbsp; Otorrinolaringolog\u00eda y Cirug\u00eda de Cabeza y Cuello, realiz\u00f3 su residencia m\u00e9dica en el Hospital Regional de Tlalnepantla del Instituto de Seguridad Social del Estado de M\u00e9xico y Municipios (ISSEMyM) y recientemente obtuvo el primer lugar en el examen de ingreso al Consejo Mexicano en materia.<\/p>\n\n\n\n<p>Luego de calificar con el promedio m\u00e1s alto en el Examen Nacional de Residencias M\u00e9dicas, Alan\u00eds N\u00fa\u00f1ez eligi\u00f3 expresamente al ISSEMyM como la instituci\u00f3n escuela que le diera la capacitaci\u00f3n y el entrenamiento m\u00e9dico para poder ejercer con excelencia su profesi\u00f3n.<\/p>\n\n\n\n<p>\u201cTen\u00eda ganas de aprender de grandes m\u00e9dicos y es bien sabido en nuestro \u00e1mbito que aqu\u00ed tiene una gran infraestructura hospitalaria y tecnol\u00f3gica, adem\u00e1s de rotaciones y convenios con otras instituciones y eso me llam\u00f3 la atenci\u00f3n\u201d, puntualiz\u00f3.<\/p>\n\n\n\n<p>\u201cLos derechohabientes pueden estar contentos, ya que la instituci\u00f3n les brinda lo mejor para el servicio m\u00e9dico, en pocas palabras es fant\u00e1stica, ya que tiene muchas cosas, no se ven carencias como en otros hospitales, nos dan material de lo mejor, en fin, me voy muy contento de haber pertenecido aqu\u00ed\u201d, agreg\u00f3 el m\u00e9dico.<\/p>\n\n\n\n<p>Por su parte, el Director de Educaci\u00f3n e Investigaci\u00f3n en Salud de esta instituci\u00f3n, Guillermo Victal V\u00e1zquez, indic\u00f3 que ISSEMyM es una instituci\u00f3n formadora de capital humano, y es una gran plataforma de conocimiento que cuenta con infraestructura, tanto humana como de servicios de salud, por lo que anualmente egresan alrededor de 700 residentes de 22 especialidades y cuatro cursos de alta especialidad.<\/p>\n\n\n\n<p>\u201cEn la actualidad somos una instituci\u00f3n muy demandada para acceder a los campos cl\u00ednicos, ya que tenemos relevancia a nivel nacional por equipamiento y funcionabilidad en muchos servicios, sobre todo en atenci\u00f3n m\u00e9dica y esto permite que los m\u00e9dicos residentes puedan entrenarse mejor y despu\u00e9s puedan trabajar en un \u00e1mbito en el cual ya tengan un conocimiento mejor fundamentado\u201d, se\u00f1al\u00f3 Victal V\u00e1zquez.<\/p>\n\n\n\n<p>El funcionario agreg\u00f3 que, debido al posicionamiento del Instituto a nivel nacional por sus grandes servicios m\u00e9dicos, se han firmado convenios con instituciones educativas de estados como Chiapas, Puebla, Zacatecas, Veracruz y Tamaulipas para que sus alumnos vengan a realizar pr\u00e1cticas, servicio social e internado de Pregrado.<\/p>\n","protected":false},"excerpt":{"rendered":"<p>Arturo Jes\u00fas Alan\u00eds N\u00fa\u00f1ez, especialista en&nbsp; Otorrinolaringolog\u00eda y Cirug\u00eda de Cabeza y Cuello, realiz\u00f3 su residencia m\u00e9dica en el Hospital Regional de Tlalnepantla del Instituto de Seguridad Social del Estado de M\u00e9xico y Municipios (ISSEMyM) y recientemente obtuvo el primer lugar en el examen de ingreso al Consejo Mexicano en materia. Luego de calificar con el promedio m\u00e1s alto en el Examen Nacional de Residencias M\u00e9dicas, Alan\u00eds N\u00fa\u00f1ez eligi\u00f3 expresamente al ISSEMyM como la instituci\u00f3n escuela que le diera la capacitaci\u00f3n y el entrenamiento m\u00e9dico para poder ejercer con excelencia&hellip;<\/p>\n","protected":false},"author":1,"featured_media":371,"comment_status":"open","ping_status":"open","sticky":false,"template":"","format":"standard","meta":{"footnotes":""},"categories":[6],"tags":[],"class_list":["post-370","post","type-post","status-publish","format-standard","has-post-thumbnail","hentry","category-cienciaysalud"],"yoast_head":"<!-- This site is optimized with the Yoast SEO plugin v24.9 - https:\/\/yoast.com\/wordpress\/plugins\/seo\/ -->\n<title>CAPTA ISSEMYM AL RESIDENTE MEJOR CALIFICADO DEL PA\u00cdS - 21 Panorama<\/title>\n<meta name=\"robots\" content=\"index, follow, max-snippet:-1, max-image-preview:large, max-video-preview:-1\" \/>\n<link rel=\"canonical\" href=\"https:\/\/21panorama.com\/index.php\/2019\/10\/31\/capta-issemym-al-residente-mejor-calificado-del-pais\/\" \/>\n<meta property=\"og:locale\" content=\"es_MX\" \/>\n<meta property=\"og:type\" content=\"article\" \/>\n<meta property=\"og:title\" content=\"CAPTA ISSEMYM AL RESIDENTE MEJOR CALIFICADO DEL PA\u00cdS - 21 Panorama\" \/>\n<meta property=\"og:description\" content=\"Arturo Jes\u00fas Alan\u00eds N\u00fa\u00f1ez, especialista en&nbsp; Otorrinolaringolog\u00eda y Cirug\u00eda de Cabeza y Cuello, realiz\u00f3 su residencia m\u00e9dica en el Hospital Regional de Tlalnepantla del Instituto de Seguridad Social del Estado de M\u00e9xico y Municipios (ISSEMyM) y recientemente obtuvo el primer lugar en el examen de ingreso al Consejo Mexicano en materia. Luego de calificar con el promedio m\u00e1s alto en el Examen Nacional de Residencias M\u00e9dicas, Alan\u00eds N\u00fa\u00f1ez eligi\u00f3 expresamente al ISSEMyM como la instituci\u00f3n escuela que le diera la capacitaci\u00f3n y el entrenamiento m\u00e9dico para poder ejercer con excelencia&hellip;\" \/>\n<meta property=\"og:url\" content=\"https:\/\/21panorama.com\/index.php\/2019\/10\/31\/capta-issemym-al-residente-mejor-calificado-del-pais\/\" \/>\n<meta property=\"og:site_name\" content=\"21 Panorama\" \/>\n<meta property=\"article:published_time\" content=\"2019-11-01T03:27:53+00:00\" \/>\n<meta property=\"article:modified_time\" content=\"2019-11-01T03:27:58+00:00\" \/>\n<meta property=\"og:image\" content=\"https:\/\/21panorama.com\/wp-content\/uploads\/2019\/10\/w2_10252_1.jpg\" \/>\n\t<meta property=\"og:image:width\" content=\"2027\" \/>\n\t<meta property=\"og:image:height\" content=\"1140\" \/>\n\t<meta property=\"og:image:type\" content=\"image\/jpeg\" \/>\n<meta name=\"author\" content=\"admin\" \/>\n<meta name=\"twitter:card\" content=\"summary_large_image\" \/>\n<meta name=\"twitter:label1\" content=\"Escrito por\" \/>\n\t<meta name=\"twitter:data1\" content=\"admin\" \/>\n\t<meta name=\"twitter:label2\" content=\"Tiempo de lectura\" \/>\n\t<meta name=\"twitter:data2\" content=\"2 minutos\" \/>\n<script type=\"application\/ld+json\" class=\"yoast-schema-graph\">{\"@context\":\"https:\/\/schema.org\",\"@graph\":[{\"@type\":\"Article\",\"@id\":\"https:\/\/21panorama.com\/index.php\/2019\/10\/31\/capta-issemym-al-residente-mejor-calificado-del-pais\/#article\",\"isPartOf\":{\"@id\":\"https:\/\/21panorama.com\/index.php\/2019\/10\/31\/capta-issemym-al-residente-mejor-calificado-del-pais\/\"},\"author\":{\"name\":\"admin\",\"@id\":\"https:\/\/21panorama.com\/#\/schema\/person\/1afc291b96d5792a158768324287319f\"},\"headline\":\"CAPTA ISSEMYM AL RESIDENTE MEJOR CALIFICADO DEL PA\u00cdS\",\"datePublished\":\"2019-11-01T03:27:53+00:00\",\"dateModified\":\"2019-11-01T03:27:58+00:00\",\"mainEntityOfPage\":{\"@id\":\"https:\/\/21panorama.com\/index.php\/2019\/10\/31\/capta-issemym-al-residente-mejor-calificado-del-pais\/\"},\"wordCount\":403,\"commentCount\":0,\"publisher\":{\"@id\":\"https:\/\/21panorama.com\/#organization\"},\"image\":{\"@id\":\"https:\/\/21panorama.com\/index.php\/2019\/10\/31\/capta-issemym-al-residente-mejor-calificado-del-pais\/#primaryimage\"},\"thumbnailUrl\":\"https:\/\/21panorama.com\/wp-content\/uploads\/2019\/10\/w2_10252_1.jpg\",\"articleSection\":[\"Ciencia y Salud\"],\"inLanguage\":\"es\",\"potentialAction\":[{\"@type\":\"CommentAction\",\"name\":\"Comment\",\"target\":[\"https:\/\/21panorama.com\/index.php\/2019\/10\/31\/capta-issemym-al-residente-mejor-calificado-del-pais\/#respond\"]}]},{\"@type\":\"WebPage\",\"@id\":\"https:\/\/21panorama.com\/index.php\/2019\/10\/31\/capta-issemym-al-residente-mejor-calificado-del-pais\/\",\"url\":\"https:\/\/21panorama.com\/index.php\/2019\/10\/31\/capta-issemym-al-residente-mejor-calificado-del-pais\/\",\"name\":\"CAPTA ISSEMYM AL RESIDENTE MEJOR CALIFICADO DEL PA\u00cdS - 21 Panorama\",\"isPartOf\":{\"@id\":\"https:\/\/21panorama.com\/#website\"},\"primaryImageOfPage\":{\"@id\":\"https:\/\/21panorama.com\/index.php\/2019\/10\/31\/capta-issemym-al-residente-mejor-calificado-del-pais\/#primaryimage\"},\"image\":{\"@id\":\"https:\/\/21panorama.com\/index.php\/2019\/10\/31\/capta-issemym-al-residente-mejor-calificado-del-pais\/#primaryimage\"},\"thumbnailUrl\":\"https:\/\/21panorama.com\/wp-content\/uploads\/2019\/10\/w2_10252_1.jpg\",\"datePublished\":\"2019-11-01T03:27:53+00:00\",\"dateModified\":\"2019-11-01T03:27:58+00:00\",\"breadcrumb\":{\"@id\":\"https:\/\/21panorama.com\/index.php\/2019\/10\/31\/capta-issemym-al-residente-mejor-calificado-del-pais\/#breadcrumb\"},\"inLanguage\":\"es\",\"potentialAction\":[{\"@type\":\"ReadAction\",\"target\":[\"https:\/\/21panorama.com\/index.php\/2019\/10\/31\/capta-issemym-al-residente-mejor-calificado-del-pais\/\"]}]},{\"@type\":\"ImageObject\",\"inLanguage\":\"es\",\"@id\":\"https:\/\/21panorama.com\/index.php\/2019\/10\/31\/capta-issemym-al-residente-mejor-calificado-del-pais\/#primaryimage\",\"url\":\"https:\/\/21panorama.com\/wp-content\/uploads\/2019\/10\/w2_10252_1.jpg\",\"contentUrl\":\"https:\/\/21panorama.com\/wp-content\/uploads\/2019\/10\/w2_10252_1.jpg\",\"width\":2027,\"height\":1140},{\"@type\":\"BreadcrumbList\",\"@id\":\"https:\/\/21panorama.com\/index.php\/2019\/10\/31\/capta-issemym-al-residente-mejor-calificado-del-pais\/#breadcrumb\",\"itemListElement\":[{\"@type\":\"ListItem\",\"position\":1,\"name\":\"Inicio\",\"item\":\"https:\/\/21panorama.com\/\"},{\"@type\":\"ListItem\",\"position\":2,\"name\":\"CAPTA ISSEMYM AL RESIDENTE MEJOR CALIFICADO DEL PA\u00cdS\"}]},{\"@type\":\"WebSite\",\"@id\":\"https:\/\/21panorama.com\/#website\",\"url\":\"https:\/\/21panorama.com\/\",\"name\":\"21 Panorama\",\"description\":\"La construcci\u00f3n de la opini\u00f3n p\u00fablica merece un mejor Panorama en este siglo 21 para alcanzar una sociedad con mayor transparencia y sin corrupci\u00f3n.\",\"publisher\":{\"@id\":\"https:\/\/21panorama.com\/#organization\"},\"potentialAction\":[{\"@type\":\"SearchAction\",\"target\":{\"@type\":\"EntryPoint\",\"urlTemplate\":\"https:\/\/21panorama.com\/?s={search_term_string}\"},\"query-input\":{\"@type\":\"PropertyValueSpecification\",\"valueRequired\":true,\"valueName\":\"search_term_string\"}}],\"inLanguage\":\"es\"},{\"@type\":\"Organization\",\"@id\":\"https:\/\/21panorama.com\/#organization\",\"name\":\"21 Panorama\",\"url\":\"https:\/\/21panorama.com\/\",\"logo\":{\"@type\":\"ImageObject\",\"inLanguage\":\"es\",\"@id\":\"https:\/\/21panorama.com\/#\/schema\/logo\/image\/\",\"url\":\"https:\/\/21panorama.com\/wp-content\/uploads\/2019\/07\/cropped-Logo-Panorama-01.jpeg\",\"contentUrl\":\"https:\/\/21panorama.com\/wp-content\/uploads\/2019\/07\/cropped-Logo-Panorama-01.jpeg\",\"width\":290,\"height\":70,\"caption\":\"21 Panorama\"},\"image\":{\"@id\":\"https:\/\/21panorama.com\/#\/schema\/logo\/image\/\"}},{\"@type\":\"Person\",\"@id\":\"https:\/\/21panorama.com\/#\/schema\/person\/1afc291b96d5792a158768324287319f\",\"name\":\"admin\",\"image\":{\"@type\":\"ImageObject\",\"inLanguage\":\"es\",\"@id\":\"https:\/\/21panorama.com\/#\/schema\/person\/image\/\",\"url\":\"https:\/\/secure.gravatar.com\/avatar\/ad365d9d9f46719215b0d042cc3df92a5a8683e09ef13d102233e5491985f0f0?s=96&d=mm&r=g\",\"contentUrl\":\"https:\/\/secure.gravatar.com\/avatar\/ad365d9d9f46719215b0d042cc3df92a5a8683e09ef13d102233e5491985f0f0?s=96&d=mm&r=g\",\"caption\":\"admin\"},\"url\":\"https:\/\/21panorama.com\/index.php\/author\/admin\/\"}]}<\/script>\n<!-- \/ Yoast SEO plugin. -->","yoast_head_json":{"title":"CAPTA ISSEMYM AL RESIDENTE MEJOR CALIFICADO DEL PA\u00cdS - 21 Panorama","robots":{"index":"index","follow":"follow","max-snippet":"max-snippet:-1","max-image-preview":"max-image-preview:large","max-video-preview":"max-video-preview:-1"},"canonical":"https:\/\/21panorama.com\/index.php\/2019\/10\/31\/capta-issemym-al-residente-mejor-calificado-del-pais\/","og_locale":"es_MX","og_type":"article","og_title":"CAPTA ISSEMYM AL RESIDENTE MEJOR CALIFICADO DEL PA\u00cdS - 21 Panorama","og_description":"Arturo Jes\u00fas Alan\u00eds N\u00fa\u00f1ez, especialista en&nbsp; Otorrinolaringolog\u00eda y Cirug\u00eda de Cabeza y Cuello, realiz\u00f3 su residencia m\u00e9dica en el Hospital Regional de Tlalnepantla del Instituto de Seguridad Social del Estado de M\u00e9xico y Municipios (ISSEMyM) y recientemente obtuvo el primer lugar en el examen de ingreso al Consejo Mexicano en materia. Luego de calificar con el promedio m\u00e1s alto en el Examen Nacional de Residencias M\u00e9dicas, Alan\u00eds N\u00fa\u00f1ez eligi\u00f3 expresamente al ISSEMyM como la instituci\u00f3n escuela que le diera la capacitaci\u00f3n y el entrenamiento m\u00e9dico para poder ejercer con excelencia&hellip;","og_url":"https:\/\/21panorama.com\/index.php\/2019\/10\/31\/capta-issemym-al-residente-mejor-calificado-del-pais\/","og_site_name":"21 Panorama","article_published_time":"2019-11-01T03:27:53+00:00","article_modified_time":"2019-11-01T03:27:58+00:00","og_image":[{"width":2027,"height":1140,"url":"https:\/\/21panorama.com\/wp-content\/uploads\/2019\/10\/w2_10252_1.jpg","type":"image\/jpeg"}],"author":"admin","twitter_card":"summary_large_image","twitter_misc":{"Escrito por":"admin","Tiempo de lectura":"2 minutos"},"schema":{"@context":"https:\/\/schema.org","@graph":[{"@type":"Article","@id":"https:\/\/21panorama.com\/index.php\/2019\/10\/31\/capta-issemym-al-residente-mejor-calificado-del-pais\/#article","isPartOf":{"@id":"https:\/\/21panorama.com\/index.php\/2019\/10\/31\/capta-issemym-al-residente-mejor-calificado-del-pais\/"},"author":{"name":"admin","@id":"https:\/\/21panorama.com\/#\/schema\/person\/1afc291b96d5792a158768324287319f"},"headline":"CAPTA ISSEMYM AL RESIDENTE MEJOR CALIFICADO DEL PA\u00cdS","datePublished":"2019-11-01T03:27:53+00:00","dateModified":"2019-11-01T03:27:58+00:00","mainEntityOfPage":{"@id":"https:\/\/21panorama.com\/index.php\/2019\/10\/31\/capta-issemym-al-residente-mejor-calificado-del-pais\/"},"wordCount":403,"commentCount":0,"publisher":{"@id":"https:\/\/21panorama.com\/#organization"},"image":{"@id":"https:\/\/21panorama.com\/index.php\/2019\/10\/31\/capta-issemym-al-residente-mejor-calificado-del-pais\/#primaryimage"},"thumbnailUrl":"https:\/\/21panorama.com\/wp-content\/uploads\/2019\/10\/w2_10252_1.jpg","articleSection":["Ciencia y Salud"],"inLanguage":"es","potentialAction":[{"@type":"CommentAction","name":"Comment","target":["https:\/\/21panorama.com\/index.php\/2019\/10\/31\/capta-issemym-al-residente-mejor-calificado-del-pais\/#respond"]}]},{"@type":"WebPage","@id":"https:\/\/21panorama.com\/index.php\/2019\/10\/31\/capta-issemym-al-residente-mejor-calificado-del-pais\/","url":"https:\/\/21panorama.com\/index.php\/2019\/10\/31\/capta-issemym-al-residente-mejor-calificado-del-pais\/","name":"CAPTA ISSEMYM AL RESIDENTE MEJOR CALIFICADO DEL PA\u00cdS - 21 Panorama","isPartOf":{"@id":"https:\/\/21panorama.com\/#website"},"primaryImageOfPage":{"@id":"https:\/\/21panorama.com\/index.php\/2019\/10\/31\/capta-issemym-al-residente-mejor-calificado-del-pais\/#primaryimage"},"image":{"@id":"https:\/\/21panorama.com\/index.php\/2019\/10\/31\/capta-issemym-al-residente-mejor-calificado-del-pais\/#primaryimage"},"thumbnailUrl":"https:\/\/21panorama.com\/wp-content\/uploads\/2019\/10\/w2_10252_1.jpg","datePublished":"2019-11-01T03:27:53+00:00","dateModified":"2019-11-01T03:27:58+00:00","breadcrumb":{"@id":"https:\/\/21panorama.com\/index.php\/2019\/10\/31\/capta-issemym-al-residente-mejor-calificado-del-pais\/#breadcrumb"},"inLanguage":"es","potentialAction":[{"@type":"ReadAction","target":["https:\/\/21panorama.com\/index.php\/2019\/10\/31\/capta-issemym-al-residente-mejor-calificado-del-pais\/"]}]},{"@type":"ImageObject","inLanguage":"es","@id":"https:\/\/21panorama.com\/index.php\/2019\/10\/31\/capta-issemym-al-residente-mejor-calificado-del-pais\/#primaryimage","url":"https:\/\/21panorama.com\/wp-content\/uploads\/2019\/10\/w2_10252_1.jpg","contentUrl":"https:\/\/21panorama.com\/wp-content\/uploads\/2019\/10\/w2_10252_1.jpg","width":2027,"height":1140},{"@type":"BreadcrumbList","@id":"https:\/\/21panorama.com\/index.php\/2019\/10\/31\/capta-issemym-al-residente-mejor-calificado-del-pais\/#breadcrumb","itemListElement":[{"@type":"ListItem","position":1,"name":"Inicio","item":"https:\/\/21panorama.com\/"},{"@type":"ListItem","position":2,"name":"CAPTA ISSEMYM AL RESIDENTE MEJOR CALIFICADO DEL PA\u00cdS"}]},{"@type":"WebSite","@id":"https:\/\/21panorama.com\/#website","url":"https:\/\/21panorama.com\/","name":"21 Panorama","description":"La construcci\u00f3n de la opini\u00f3n p\u00fablica merece un mejor Panorama en este siglo 21 para alcanzar una sociedad con mayor transparencia y sin corrupci\u00f3n.","publisher":{"@id":"https:\/\/21panorama.com\/#organization"},"potentialAction":[{"@type":"SearchAction","target":{"@type":"EntryPoint","urlTemplate":"https:\/\/21panorama.com\/?s={search_term_string}"},"query-input":{"@type":"PropertyValueSpecification","valueRequired":true,"valueName":"search_term_string"}}],"inLanguage":"es"},{"@type":"Organization","@id":"https:\/\/21panorama.com\/#organization","name":"21 Panorama","url":"https:\/\/21panorama.com\/","logo":{"@type":"ImageObject","inLanguage":"es","@id":"https:\/\/21panorama.com\/#\/schema\/logo\/image\/","url":"https:\/\/21panorama.com\/wp-content\/uploads\/2019\/07\/cropped-Logo-Panorama-01.jpeg","contentUrl":"https:\/\/21panorama.com\/wp-content\/uploads\/2019\/07\/cropped-Logo-Panorama-01.jpeg","width":290,"height":70,"caption":"21 Panorama"},"image":{"@id":"https:\/\/21panorama.com\/#\/schema\/logo\/image\/"}},{"@type":"Person","@id":"https:\/\/21panorama.com\/#\/schema\/person\/1afc291b96d5792a158768324287319f","name":"admin","image":{"@type":"ImageObject","inLanguage":"es","@id":"https:\/\/21panorama.com\/#\/schema\/person\/image\/","url":"https:\/\/secure.gravatar.com\/avatar\/ad365d9d9f46719215b0d042cc3df92a5a8683e09ef13d102233e5491985f0f0?s=96&d=mm&r=g","contentUrl":"https:\/\/secure.gravatar.com\/avatar\/ad365d9d9f46719215b0d042cc3df92a5a8683e09ef13d102233e5491985f0f0?s=96&d=mm&r=g","caption":"admin"},"url":"https:\/\/21panorama.com\/index.php\/author\/admin\/"}]}},"_links":{"self":[{"href":"https:\/\/21panorama.com\/index.php\/wp-json\/wp\/v2\/posts\/370","targetHints":{"allow":["GET"]}}],"collection":[{"href":"https:\/\/21panorama.com\/index.php\/wp-json\/wp\/v2\/posts"}],"about":[{"href":"https:\/\/21panorama.com\/index.php\/wp-json\/wp\/v2\/types\/post"}],"author":[{"embeddable":true,"href":"https:\/\/21panorama.com\/index.php\/wp-json\/wp\/v2\/users\/1"}],"replies":[{"embeddable":true,"href":"https:\/\/21panorama.com\/index.php\/wp-json\/wp\/v2\/comments?post=370"}],"version-history":[{"count":1,"href":"https:\/\/21panorama.com\/index.php\/wp-json\/wp\/v2\/posts\/370\/revisions"}],"predecessor-version":[{"id":372,"href":"https:\/\/21panorama.com\/index.php\/wp-json\/wp\/v2\/posts\/370\/revisions\/372"}],"wp:featuredmedia":[{"embeddable":true,"href":"https:\/\/21panorama.com\/index.php\/wp-json\/wp\/v2\/media\/371"}],"wp:attachment":[{"href":"https:\/\/21panorama.com\/index.php\/wp-json\/wp\/v2\/media?parent=370"}],"wp:term":[{"taxonomy":"category","embeddable":true,"href":"https:\/\/21panorama.com\/index.php\/wp-json\/wp\/v2\/categories?post=370"},{"taxonomy":"post_tag","embeddable":true,"href":"https:\/\/21panorama.com\/index.php\/wp-json\/wp\/v2\/tags?post=370"}],"curies":[{"name":"wp","href":"https:\/\/api.w.org\/{rel}","templated":true}]}}