{"id":3681,"date":"2022-05-29T13:10:26","date_gmt":"2022-05-29T18:10:26","guid":{"rendered":"https:\/\/21panorama.com\/?p=3681"},"modified":"2022-05-29T13:10:28","modified_gmt":"2022-05-29T18:10:28","slug":"el-gran-patrimonio-del-pri-esta-en-su-militancia-eric-sevilla","status":"publish","type":"post","link":"https:\/\/21panorama.com\/index.php\/2022\/05\/29\/el-gran-patrimonio-del-pri-esta-en-su-militancia-eric-sevilla\/","title":{"rendered":"EL GRAN PATRIMONIO DEL PRI EST\u00c1 EN SU MILITANCIA: ERIC SEVILLA"},"content":{"rendered":"\n<p>El Presidente del Partido Revolucionario Institucional (PRI), Eric Sevilla, hizo un llamado al mejor ej\u00e9rcito: la militancia priista. Es el gran patrimonio que tiene el partido, \u201csu experiencia es insuperable, la distingue su trabajo y su reputaci\u00f3n\u201d, dijo, al reunirse con liderazgos pol\u00edticos del partido en el sur de la entidad.<br>\u201cLa experiencia no se jubila, los necesita el partido m\u00e1s que nunca, ustedes acumulan mucha experiencia a sus espaldas, hombres y mujeres\u201d, les expres\u00f3, tras convocarlos a trabajar con esfuerzo y dedicaci\u00f3n porque \u201ccuando los priistas trabajamos no nos gana nadie\u201d.<br>El llamado en Ixtapan de la Sal y Villa Guerrero, continu\u00f3, es a empezar de cero, a tocar la calle, a trabajar, a cumplirle a la gente, a regresar a los barrios, a las comunidades, a las colonias.<br>&nbsp;Convoc\u00f3 a la unidad, a una unidad plena; a hacer un esfuerzo compartido, conjunto, porque el PRI tiene liderazgos naturales, con experiencia y con trayectoria para hacer un PRI m\u00e1s fuerte.<br>Eric Sevilla, tras escuchar a cada uno de los participantes en el encuentro denominado \u201cDi\u00e1logos para celebrar la unidad priista\u201d, y con la presencia de la diputada local Ana Karen Guadarrama, y el secretario de Organizaci\u00f3n, Pablo Bedolla, enfatiz\u00f3 que el PRI es un partido vivo, que tiene hoja de ruta, y abund\u00f3: vamos a \u201crenovarnos para reforzarnos, para estar listos, para que el PRI est\u00e9 preparado para lo que viene\u201d. &nbsp; &nbsp; &nbsp;<br>Para enfrentar al gobierno federal actual hay que hacerlo con energ\u00eda, con clase, con proyecto y trabajo, por lo que el llamado, se\u00f1al\u00f3, es para decir: \u201csi se pierde el estado, se pierde la naci\u00f3n, el pa\u00eds\u201d. \u201cLo que est\u00e1 en juego es un proyecto de vida, lo que est\u00e1 en juego es el proyecto de naci\u00f3n de este pa\u00eds\u201d, finaliz\u00f3.<\/p>\n","protected":false},"excerpt":{"rendered":"<p>La experiencia no se jubila, los necesita el partido m\u00e1s que nunca, dijo el dirigente priista a liderazgos de Ixtapan de la Sal y Villa Guerrero.<\/p>\n","protected":false},"author":1,"featured_media":3682,"comment_status":"open","ping_status":"open","sticky":false,"template":"","format":"standard","meta":{"footnotes":""},"categories":[12],"tags":[33],"class_list":["post-3681","post","type-post","status-publish","format-standard","has-post-thumbnail","hentry","category-politica","tag-pri"],"yoast_head":"<!-- This site is optimized with the Yoast SEO plugin v24.9 - https:\/\/yoast.com\/wordpress\/plugins\/seo\/ -->\n<title>EL GRAN PATRIMONIO DEL PRI EST\u00c1 EN SU MILITANCIA: ERIC SEVILLA - 21 Panorama<\/title>\n<meta name=\"robots\" content=\"index, follow, max-snippet:-1, max-image-preview:large, max-video-preview:-1\" \/>\n<link rel=\"canonical\" href=\"https:\/\/21panorama.com\/index.php\/2022\/05\/29\/el-gran-patrimonio-del-pri-esta-en-su-militancia-eric-sevilla\/\" \/>\n<meta property=\"og:locale\" content=\"es_MX\" \/>\n<meta property=\"og:type\" content=\"article\" \/>\n<meta property=\"og:title\" content=\"EL GRAN PATRIMONIO DEL PRI EST\u00c1 EN SU MILITANCIA: ERIC SEVILLA - 21 Panorama\" \/>\n<meta property=\"og:description\" content=\"La experiencia no se jubila, los necesita el partido m\u00e1s que nunca, dijo el dirigente priista a liderazgos de Ixtapan de la Sal y Villa Guerrero.\" \/>\n<meta property=\"og:url\" content=\"https:\/\/21panorama.com\/index.php\/2022\/05\/29\/el-gran-patrimonio-del-pri-esta-en-su-militancia-eric-sevilla\/\" \/>\n<meta property=\"og:site_name\" content=\"21 Panorama\" \/>\n<meta property=\"article:published_time\" content=\"2022-05-29T18:10:26+00:00\" \/>\n<meta property=\"article:modified_time\" content=\"2022-05-29T18:10:28+00:00\" \/>\n<meta property=\"og:image\" content=\"https:\/\/21panorama.com\/wp-content\/uploads\/2022\/05\/975409fd-309d-40f7-9fbd-cff7e6c54087.jpeg\" \/>\n\t<meta property=\"og:image:width\" content=\"715\" \/>\n\t<meta property=\"og:image:height\" content=\"675\" \/>\n\t<meta property=\"og:image:type\" content=\"image\/jpeg\" \/>\n<meta name=\"author\" content=\"admin\" \/>\n<meta name=\"twitter:card\" content=\"summary_large_image\" \/>\n<meta name=\"twitter:label1\" content=\"Escrito por\" \/>\n\t<meta name=\"twitter:data1\" content=\"admin\" \/>\n\t<meta name=\"twitter:label2\" content=\"Tiempo de lectura\" \/>\n\t<meta name=\"twitter:data2\" content=\"2 minutos\" \/>\n<script type=\"application\/ld+json\" class=\"yoast-schema-graph\">{\"@context\":\"https:\/\/schema.org\",\"@graph\":[{\"@type\":\"Article\",\"@id\":\"https:\/\/21panorama.com\/index.php\/2022\/05\/29\/el-gran-patrimonio-del-pri-esta-en-su-militancia-eric-sevilla\/#article\",\"isPartOf\":{\"@id\":\"https:\/\/21panorama.com\/index.php\/2022\/05\/29\/el-gran-patrimonio-del-pri-esta-en-su-militancia-eric-sevilla\/\"},\"author\":{\"name\":\"admin\",\"@id\":\"https:\/\/21panorama.com\/#\/schema\/person\/1afc291b96d5792a158768324287319f\"},\"headline\":\"EL GRAN PATRIMONIO DEL PRI EST\u00c1 EN SU MILITANCIA: ERIC SEVILLA\",\"datePublished\":\"2022-05-29T18:10:26+00:00\",\"dateModified\":\"2022-05-29T18:10:28+00:00\",\"mainEntityOfPage\":{\"@id\":\"https:\/\/21panorama.com\/index.php\/2022\/05\/29\/el-gran-patrimonio-del-pri-esta-en-su-militancia-eric-sevilla\/\"},\"wordCount\":322,\"commentCount\":0,\"publisher\":{\"@id\":\"https:\/\/21panorama.com\/#organization\"},\"image\":{\"@id\":\"https:\/\/21panorama.com\/index.php\/2022\/05\/29\/el-gran-patrimonio-del-pri-esta-en-su-militancia-eric-sevilla\/#primaryimage\"},\"thumbnailUrl\":\"https:\/\/21panorama.com\/wp-content\/uploads\/2022\/05\/975409fd-309d-40f7-9fbd-cff7e6c54087.jpeg\",\"keywords\":[\"PRI\"],\"articleSection\":[\"Politica\"],\"inLanguage\":\"es\",\"potentialAction\":[{\"@type\":\"CommentAction\",\"name\":\"Comment\",\"target\":[\"https:\/\/21panorama.com\/index.php\/2022\/05\/29\/el-gran-patrimonio-del-pri-esta-en-su-militancia-eric-sevilla\/#respond\"]}]},{\"@type\":\"WebPage\",\"@id\":\"https:\/\/21panorama.com\/index.php\/2022\/05\/29\/el-gran-patrimonio-del-pri-esta-en-su-militancia-eric-sevilla\/\",\"url\":\"https:\/\/21panorama.com\/index.php\/2022\/05\/29\/el-gran-patrimonio-del-pri-esta-en-su-militancia-eric-sevilla\/\",\"name\":\"EL GRAN PATRIMONIO DEL PRI EST\u00c1 EN SU MILITANCIA: ERIC SEVILLA - 21 Panorama\",\"isPartOf\":{\"@id\":\"https:\/\/21panorama.com\/#website\"},\"primaryImageOfPage\":{\"@id\":\"https:\/\/21panorama.com\/index.php\/2022\/05\/29\/el-gran-patrimonio-del-pri-esta-en-su-militancia-eric-sevilla\/#primaryimage\"},\"image\":{\"@id\":\"https:\/\/21panorama.com\/index.php\/2022\/05\/29\/el-gran-patrimonio-del-pri-esta-en-su-militancia-eric-sevilla\/#primaryimage\"},\"thumbnailUrl\":\"https:\/\/21panorama.com\/wp-content\/uploads\/2022\/05\/975409fd-309d-40f7-9fbd-cff7e6c54087.jpeg\",\"datePublished\":\"2022-05-29T18:10:26+00:00\",\"dateModified\":\"2022-05-29T18:10:28+00:00\",\"breadcrumb\":{\"@id\":\"https:\/\/21panorama.com\/index.php\/2022\/05\/29\/el-gran-patrimonio-del-pri-esta-en-su-militancia-eric-sevilla\/#breadcrumb\"},\"inLanguage\":\"es\",\"potentialAction\":[{\"@type\":\"ReadAction\",\"target\":[\"https:\/\/21panorama.com\/index.php\/2022\/05\/29\/el-gran-patrimonio-del-pri-esta-en-su-militancia-eric-sevilla\/\"]}]},{\"@type\":\"ImageObject\",\"inLanguage\":\"es\",\"@id\":\"https:\/\/21panorama.com\/index.php\/2022\/05\/29\/el-gran-patrimonio-del-pri-esta-en-su-militancia-eric-sevilla\/#primaryimage\",\"url\":\"https:\/\/21panorama.com\/wp-content\/uploads\/2022\/05\/975409fd-309d-40f7-9fbd-cff7e6c54087.jpeg\",\"contentUrl\":\"https:\/\/21panorama.com\/wp-content\/uploads\/2022\/05\/975409fd-309d-40f7-9fbd-cff7e6c54087.jpeg\",\"width\":715,\"height\":675},{\"@type\":\"BreadcrumbList\",\"@id\":\"https:\/\/21panorama.com\/index.php\/2022\/05\/29\/el-gran-patrimonio-del-pri-esta-en-su-militancia-eric-sevilla\/#breadcrumb\",\"itemListElement\":[{\"@type\":\"ListItem\",\"position\":1,\"name\":\"Inicio\",\"item\":\"https:\/\/21panorama.com\/\"},{\"@type\":\"ListItem\",\"position\":2,\"name\":\"EL GRAN PATRIMONIO DEL PRI EST\u00c1 EN SU MILITANCIA: ERIC SEVILLA\"}]},{\"@type\":\"WebSite\",\"@id\":\"https:\/\/21panorama.com\/#website\",\"url\":\"https:\/\/21panorama.com\/\",\"name\":\"21 Panorama\",\"description\":\"La construcci\u00f3n de la opini\u00f3n p\u00fablica merece un mejor Panorama en este siglo 21 para alcanzar una sociedad con mayor transparencia y sin corrupci\u00f3n.\",\"publisher\":{\"@id\":\"https:\/\/21panorama.com\/#organization\"},\"potentialAction\":[{\"@type\":\"SearchAction\",\"target\":{\"@type\":\"EntryPoint\",\"urlTemplate\":\"https:\/\/21panorama.com\/?s={search_term_string}\"},\"query-input\":{\"@type\":\"PropertyValueSpecification\",\"valueRequired\":true,\"valueName\":\"search_term_string\"}}],\"inLanguage\":\"es\"},{\"@type\":\"Organization\",\"@id\":\"https:\/\/21panorama.com\/#organization\",\"name\":\"21 Panorama\",\"url\":\"https:\/\/21panorama.com\/\",\"logo\":{\"@type\":\"ImageObject\",\"inLanguage\":\"es\",\"@id\":\"https:\/\/21panorama.com\/#\/schema\/logo\/image\/\",\"url\":\"https:\/\/21panorama.com\/wp-content\/uploads\/2019\/07\/cropped-Logo-Panorama-01.jpeg\",\"contentUrl\":\"https:\/\/21panorama.com\/wp-content\/uploads\/2019\/07\/cropped-Logo-Panorama-01.jpeg\",\"width\":290,\"height\":70,\"caption\":\"21 Panorama\"},\"image\":{\"@id\":\"https:\/\/21panorama.com\/#\/schema\/logo\/image\/\"}},{\"@type\":\"Person\",\"@id\":\"https:\/\/21panorama.com\/#\/schema\/person\/1afc291b96d5792a158768324287319f\",\"name\":\"admin\",\"image\":{\"@type\":\"ImageObject\",\"inLanguage\":\"es\",\"@id\":\"https:\/\/21panorama.com\/#\/schema\/person\/image\/\",\"url\":\"https:\/\/secure.gravatar.com\/avatar\/ad365d9d9f46719215b0d042cc3df92a5a8683e09ef13d102233e5491985f0f0?s=96&d=mm&r=g\",\"contentUrl\":\"https:\/\/secure.gravatar.com\/avatar\/ad365d9d9f46719215b0d042cc3df92a5a8683e09ef13d102233e5491985f0f0?s=96&d=mm&r=g\",\"caption\":\"admin\"},\"url\":\"https:\/\/21panorama.com\/index.php\/author\/admin\/\"}]}<\/script>\n<!-- \/ Yoast SEO plugin. -->","yoast_head_json":{"title":"EL GRAN PATRIMONIO DEL PRI EST\u00c1 EN SU MILITANCIA: ERIC SEVILLA - 21 Panorama","robots":{"index":"index","follow":"follow","max-snippet":"max-snippet:-1","max-image-preview":"max-image-preview:large","max-video-preview":"max-video-preview:-1"},"canonical":"https:\/\/21panorama.com\/index.php\/2022\/05\/29\/el-gran-patrimonio-del-pri-esta-en-su-militancia-eric-sevilla\/","og_locale":"es_MX","og_type":"article","og_title":"EL GRAN PATRIMONIO DEL PRI EST\u00c1 EN SU MILITANCIA: ERIC SEVILLA - 21 Panorama","og_description":"La experiencia no se jubila, los necesita el partido m\u00e1s que nunca, dijo el dirigente priista a liderazgos de Ixtapan de la Sal y Villa Guerrero.","og_url":"https:\/\/21panorama.com\/index.php\/2022\/05\/29\/el-gran-patrimonio-del-pri-esta-en-su-militancia-eric-sevilla\/","og_site_name":"21 Panorama","article_published_time":"2022-05-29T18:10:26+00:00","article_modified_time":"2022-05-29T18:10:28+00:00","og_image":[{"width":715,"height":675,"url":"https:\/\/21panorama.com\/wp-content\/uploads\/2022\/05\/975409fd-309d-40f7-9fbd-cff7e6c54087.jpeg","type":"image\/jpeg"}],"author":"admin","twitter_card":"summary_large_image","twitter_misc":{"Escrito por":"admin","Tiempo de lectura":"2 minutos"},"schema":{"@context":"https:\/\/schema.org","@graph":[{"@type":"Article","@id":"https:\/\/21panorama.com\/index.php\/2022\/05\/29\/el-gran-patrimonio-del-pri-esta-en-su-militancia-eric-sevilla\/#article","isPartOf":{"@id":"https:\/\/21panorama.com\/index.php\/2022\/05\/29\/el-gran-patrimonio-del-pri-esta-en-su-militancia-eric-sevilla\/"},"author":{"name":"admin","@id":"https:\/\/21panorama.com\/#\/schema\/person\/1afc291b96d5792a158768324287319f"},"headline":"EL GRAN PATRIMONIO DEL PRI EST\u00c1 EN SU MILITANCIA: ERIC SEVILLA","datePublished":"2022-05-29T18:10:26+00:00","dateModified":"2022-05-29T18:10:28+00:00","mainEntityOfPage":{"@id":"https:\/\/21panorama.com\/index.php\/2022\/05\/29\/el-gran-patrimonio-del-pri-esta-en-su-militancia-eric-sevilla\/"},"wordCount":322,"commentCount":0,"publisher":{"@id":"https:\/\/21panorama.com\/#organization"},"image":{"@id":"https:\/\/21panorama.com\/index.php\/2022\/05\/29\/el-gran-patrimonio-del-pri-esta-en-su-militancia-eric-sevilla\/#primaryimage"},"thumbnailUrl":"https:\/\/21panorama.com\/wp-content\/uploads\/2022\/05\/975409fd-309d-40f7-9fbd-cff7e6c54087.jpeg","keywords":["PRI"],"articleSection":["Politica"],"inLanguage":"es","potentialAction":[{"@type":"CommentAction","name":"Comment","target":["https:\/\/21panorama.com\/index.php\/2022\/05\/29\/el-gran-patrimonio-del-pri-esta-en-su-militancia-eric-sevilla\/#respond"]}]},{"@type":"WebPage","@id":"https:\/\/21panorama.com\/index.php\/2022\/05\/29\/el-gran-patrimonio-del-pri-esta-en-su-militancia-eric-sevilla\/","url":"https:\/\/21panorama.com\/index.php\/2022\/05\/29\/el-gran-patrimonio-del-pri-esta-en-su-militancia-eric-sevilla\/","name":"EL GRAN PATRIMONIO DEL PRI EST\u00c1 EN SU MILITANCIA: ERIC SEVILLA - 21 Panorama","isPartOf":{"@id":"https:\/\/21panorama.com\/#website"},"primaryImageOfPage":{"@id":"https:\/\/21panorama.com\/index.php\/2022\/05\/29\/el-gran-patrimonio-del-pri-esta-en-su-militancia-eric-sevilla\/#primaryimage"},"image":{"@id":"https:\/\/21panorama.com\/index.php\/2022\/05\/29\/el-gran-patrimonio-del-pri-esta-en-su-militancia-eric-sevilla\/#primaryimage"},"thumbnailUrl":"https:\/\/21panorama.com\/wp-content\/uploads\/2022\/05\/975409fd-309d-40f7-9fbd-cff7e6c54087.jpeg","datePublished":"2022-05-29T18:10:26+00:00","dateModified":"2022-05-29T18:10:28+00:00","breadcrumb":{"@id":"https:\/\/21panorama.com\/index.php\/2022\/05\/29\/el-gran-patrimonio-del-pri-esta-en-su-militancia-eric-sevilla\/#breadcrumb"},"inLanguage":"es","potentialAction":[{"@type":"ReadAction","target":["https:\/\/21panorama.com\/index.php\/2022\/05\/29\/el-gran-patrimonio-del-pri-esta-en-su-militancia-eric-sevilla\/"]}]},{"@type":"ImageObject","inLanguage":"es","@id":"https:\/\/21panorama.com\/index.php\/2022\/05\/29\/el-gran-patrimonio-del-pri-esta-en-su-militancia-eric-sevilla\/#primaryimage","url":"https:\/\/21panorama.com\/wp-content\/uploads\/2022\/05\/975409fd-309d-40f7-9fbd-cff7e6c54087.jpeg","contentUrl":"https:\/\/21panorama.com\/wp-content\/uploads\/2022\/05\/975409fd-309d-40f7-9fbd-cff7e6c54087.jpeg","width":715,"height":675},{"@type":"BreadcrumbList","@id":"https:\/\/21panorama.com\/index.php\/2022\/05\/29\/el-gran-patrimonio-del-pri-esta-en-su-militancia-eric-sevilla\/#breadcrumb","itemListElement":[{"@type":"ListItem","position":1,"name":"Inicio","item":"https:\/\/21panorama.com\/"},{"@type":"ListItem","position":2,"name":"EL GRAN PATRIMONIO DEL PRI EST\u00c1 EN SU MILITANCIA: ERIC SEVILLA"}]},{"@type":"WebSite","@id":"https:\/\/21panorama.com\/#website","url":"https:\/\/21panorama.com\/","name":"21 Panorama","description":"La construcci\u00f3n de la opini\u00f3n p\u00fablica merece un mejor Panorama en este siglo 21 para alcanzar una sociedad con mayor transparencia y sin corrupci\u00f3n.","publisher":{"@id":"https:\/\/21panorama.com\/#organization"},"potentialAction":[{"@type":"SearchAction","target":{"@type":"EntryPoint","urlTemplate":"https:\/\/21panorama.com\/?s={search_term_string}"},"query-input":{"@type":"PropertyValueSpecification","valueRequired":true,"valueName":"search_term_string"}}],"inLanguage":"es"},{"@type":"Organization","@id":"https:\/\/21panorama.com\/#organization","name":"21 Panorama","url":"https:\/\/21panorama.com\/","logo":{"@type":"ImageObject","inLanguage":"es","@id":"https:\/\/21panorama.com\/#\/schema\/logo\/image\/","url":"https:\/\/21panorama.com\/wp-content\/uploads\/2019\/07\/cropped-Logo-Panorama-01.jpeg","contentUrl":"https:\/\/21panorama.com\/wp-content\/uploads\/2019\/07\/cropped-Logo-Panorama-01.jpeg","width":290,"height":70,"caption":"21 Panorama"},"image":{"@id":"https:\/\/21panorama.com\/#\/schema\/logo\/image\/"}},{"@type":"Person","@id":"https:\/\/21panorama.com\/#\/schema\/person\/1afc291b96d5792a158768324287319f","name":"admin","image":{"@type":"ImageObject","inLanguage":"es","@id":"https:\/\/21panorama.com\/#\/schema\/person\/image\/","url":"https:\/\/secure.gravatar.com\/avatar\/ad365d9d9f46719215b0d042cc3df92a5a8683e09ef13d102233e5491985f0f0?s=96&d=mm&r=g","contentUrl":"https:\/\/secure.gravatar.com\/avatar\/ad365d9d9f46719215b0d042cc3df92a5a8683e09ef13d102233e5491985f0f0?s=96&d=mm&r=g","caption":"admin"},"url":"https:\/\/21panorama.com\/index.php\/author\/admin\/"}]}},"_links":{"self":[{"href":"https:\/\/21panorama.com\/index.php\/wp-json\/wp\/v2\/posts\/3681","targetHints":{"allow":["GET"]}}],"collection":[{"href":"https:\/\/21panorama.com\/index.php\/wp-json\/wp\/v2\/posts"}],"about":[{"href":"https:\/\/21panorama.com\/index.php\/wp-json\/wp\/v2\/types\/post"}],"author":[{"embeddable":true,"href":"https:\/\/21panorama.com\/index.php\/wp-json\/wp\/v2\/users\/1"}],"replies":[{"embeddable":true,"href":"https:\/\/21panorama.com\/index.php\/wp-json\/wp\/v2\/comments?post=3681"}],"version-history":[{"count":1,"href":"https:\/\/21panorama.com\/index.php\/wp-json\/wp\/v2\/posts\/3681\/revisions"}],"predecessor-version":[{"id":3683,"href":"https:\/\/21panorama.com\/index.php\/wp-json\/wp\/v2\/posts\/3681\/revisions\/3683"}],"wp:featuredmedia":[{"embeddable":true,"href":"https:\/\/21panorama.com\/index.php\/wp-json\/wp\/v2\/media\/3682"}],"wp:attachment":[{"href":"https:\/\/21panorama.com\/index.php\/wp-json\/wp\/v2\/media?parent=3681"}],"wp:term":[{"taxonomy":"category","embeddable":true,"href":"https:\/\/21panorama.com\/index.php\/wp-json\/wp\/v2\/categories?post=3681"},{"taxonomy":"post_tag","embeddable":true,"href":"https:\/\/21panorama.com\/index.php\/wp-json\/wp\/v2\/tags?post=3681"}],"curies":[{"name":"wp","href":"https:\/\/api.w.org\/{rel}","templated":true}]}}