{"id":3676,"date":"2022-05-27T11:17:16","date_gmt":"2022-05-27T16:17:16","guid":{"rendered":"https:\/\/21panorama.com\/?p=3676"},"modified":"2022-05-27T11:17:18","modified_gmt":"2022-05-27T16:17:18","slug":"uaemex-continuara-trabajando-en-conjunto-con-el-ayuntamiento-de-toluca-para-rescatar-la-historia-de-la-capital-mexiquense","status":"publish","type":"post","link":"https:\/\/21panorama.com\/index.php\/2022\/05\/27\/uaemex-continuara-trabajando-en-conjunto-con-el-ayuntamiento-de-toluca-para-rescatar-la-historia-de-la-capital-mexiquense\/","title":{"rendered":"UAEM\u00e9x continuar\u00e1 trabajando en conjunto con el Ayuntamiento de Toluca para rescatar la historia de la capital mexiquense"},"content":{"rendered":"\n<p>Toluca, M\u00e9x. &#8211; 26 de mayo de 2022. La estrecha colaboraci\u00f3n que mantiene la Universidad Aut\u00f3noma del Estado de M\u00e9xico (UAEM\u00e9x) con el Ayuntamiento de Toluca permitir\u00e1 continuar trabajando en conjunto para rescatar la historia de la capital mexiquense, asever\u00f3 el rector Carlos Eduardo Barrera D\u00edaz, durante la presentaci\u00f3n del libro Casa de los Dioses, Nevado de Toluca.<br>En la Galer\u00eda Universitaria \u201cFernando Cano\u201d del Edificio de Rector\u00eda de la UAEM\u00e9x, donde se dieron cita el presidente municipal de Toluca, Raymundo Mart\u00ednez Carbajal, e integrantes del gabinete universitario, los coordinadores de la obra, Roberto Esteban Junco S\u00e1nchez e Iris del Roc\u00edo Hern\u00e1ndez Bautista, aseveraron que el Nevado de Toluca o Xinant\u00e9catl es conocido como la Casa de los Dioses, ya que se cree que en \u00e9l habitaban distintas deidades del agua, siendo, por lo tanto, un lugar sagrado.<br>Durante su intervenci\u00f3n, el investigador Roberto Esteban Junco S\u00e1nchez agradeci\u00f3 a la Aut\u00f3noma mexiquense por el apoyo brindado para la publicaci\u00f3n de este libro, ya que aporta a los estudios que se llevan a cabo para recuperar la historia del Valle de Toluca.<br>Por su parte, la investigadora Iris del Roc\u00edo Hern\u00e1ndez Bautista explic\u00f3 que la obra est\u00e1 conformada por el trabajo de 23 autoras y autores. La integran 13 cap\u00edtulos, mediante los cuales se abordan tem\u00e1ticas diversas, abarcando una serie de problem\u00e1ticas importantes que permiten entender mejor la historia del Nevado de Toluca como un recinto sagrado para distintas culturas que habitan la capital mexiquense.<br>Finalmente, el investigador de la Facultad de Humanidades, Fernando D\u00edaz Ortega, destac\u00f3 que este libro aglutina la especializaci\u00f3n y la difusi\u00f3n de los componentes sociales y naturales del Valle de Toluca. Adem\u00e1s, hace un contraste de elementos distintos que dan fuerza al conjunto de la obra. Se trata, dijo, de un verdadero caleidoscopio que permite abrir la mirada de los lectores en campos del conocimiento muy diversos.<\/p>\n\n\n\n<figure class=\"wp-block-gallery columns-2 is-cropped wp-block-gallery-1 is-layout-flex wp-block-gallery-is-layout-flex\"><ul class=\"blocks-gallery-grid\"><li class=\"blocks-gallery-item\"><figure><img decoding=\"async\" width=\"960\" height=\"640\" src=\"https:\/\/21panorama.com\/wp-content\/uploads\/2022\/05\/54b5c9a6-fea9-4a18-be7d-d7a6e34fb8c9.jpeg\" alt=\"\" data-id=\"3678\" data-link=\"https:\/\/21panorama.com\/?attachment_id=3678\" class=\"wp-image-3678\" srcset=\"https:\/\/21panorama.com\/wp-content\/uploads\/2022\/05\/54b5c9a6-fea9-4a18-be7d-d7a6e34fb8c9.jpeg 960w, https:\/\/21panorama.com\/wp-content\/uploads\/2022\/05\/54b5c9a6-fea9-4a18-be7d-d7a6e34fb8c9-300x200.jpeg 300w, https:\/\/21panorama.com\/wp-content\/uploads\/2022\/05\/54b5c9a6-fea9-4a18-be7d-d7a6e34fb8c9-768x512.jpeg 768w\" sizes=\"(max-width: 960px) 100vw, 960px\" \/><\/figure><\/li><li class=\"blocks-gallery-item\"><figure><img decoding=\"async\" width=\"960\" height=\"640\" src=\"https:\/\/21panorama.com\/wp-content\/uploads\/2022\/05\/888a64f9-89cd-46ee-912a-8381d6eda355.jpeg\" alt=\"\" data-id=\"3679\" data-full-url=\"https:\/\/21panorama.com\/wp-content\/uploads\/2022\/05\/888a64f9-89cd-46ee-912a-8381d6eda355.jpeg\" data-link=\"https:\/\/21panorama.com\/?attachment_id=3679\" class=\"wp-image-3679\" srcset=\"https:\/\/21panorama.com\/wp-content\/uploads\/2022\/05\/888a64f9-89cd-46ee-912a-8381d6eda355.jpeg 960w, https:\/\/21panorama.com\/wp-content\/uploads\/2022\/05\/888a64f9-89cd-46ee-912a-8381d6eda355-300x200.jpeg 300w, https:\/\/21panorama.com\/wp-content\/uploads\/2022\/05\/888a64f9-89cd-46ee-912a-8381d6eda355-768x512.jpeg 768w\" sizes=\"(max-width: 960px) 100vw, 960px\" \/><\/figure><\/li><\/ul><\/figure>\n","protected":false},"excerpt":{"rendered":"<p>El rector Carlos Eduardo Barrera D\u00edaz y el presidente municipal de Toluca, Raymundo Mart\u00ednez Carbajal, encabezaron la presentaci\u00f3n del libro Casa de los Dioses, Nevado de Toluca.<\/p>\n","protected":false},"author":1,"featured_media":3677,"comment_status":"open","ping_status":"open","sticky":false,"template":"","format":"standard","meta":{"footnotes":""},"categories":[1],"tags":[131],"class_list":["post-3676","post","type-post","status-publish","format-standard","has-post-thumbnail","hentry","category-sociedad","tag-uaem"],"yoast_head":"<!-- This site is optimized with the Yoast SEO plugin v24.9 - https:\/\/yoast.com\/wordpress\/plugins\/seo\/ -->\n<title>UAEM\u00e9x continuar\u00e1 trabajando en conjunto con el Ayuntamiento de Toluca para rescatar la historia de la capital mexiquense - 21 Panorama<\/title>\n<meta name=\"robots\" content=\"index, follow, max-snippet:-1, max-image-preview:large, max-video-preview:-1\" \/>\n<link rel=\"canonical\" href=\"https:\/\/21panorama.com\/index.php\/2022\/05\/27\/uaemex-continuara-trabajando-en-conjunto-con-el-ayuntamiento-de-toluca-para-rescatar-la-historia-de-la-capital-mexiquense\/\" \/>\n<meta property=\"og:locale\" content=\"es_MX\" \/>\n<meta property=\"og:type\" content=\"article\" \/>\n<meta property=\"og:title\" content=\"UAEM\u00e9x continuar\u00e1 trabajando en conjunto con el Ayuntamiento de Toluca para rescatar la historia de la capital mexiquense - 21 Panorama\" \/>\n<meta property=\"og:description\" content=\"El rector Carlos Eduardo Barrera D\u00edaz y el presidente municipal de Toluca, Raymundo Mart\u00ednez Carbajal, encabezaron la presentaci\u00f3n del libro Casa de los Dioses, Nevado de Toluca.\" \/>\n<meta property=\"og:url\" content=\"https:\/\/21panorama.com\/index.php\/2022\/05\/27\/uaemex-continuara-trabajando-en-conjunto-con-el-ayuntamiento-de-toluca-para-rescatar-la-historia-de-la-capital-mexiquense\/\" \/>\n<meta property=\"og:site_name\" content=\"21 Panorama\" \/>\n<meta property=\"article:published_time\" content=\"2022-05-27T16:17:16+00:00\" \/>\n<meta property=\"article:modified_time\" content=\"2022-05-27T16:17:18+00:00\" \/>\n<meta property=\"og:image\" content=\"https:\/\/21panorama.com\/wp-content\/uploads\/2022\/05\/a91619fc-470f-4724-aa4d-5a9f014e84cb.jpeg\" \/>\n\t<meta property=\"og:image:width\" content=\"960\" \/>\n\t<meta property=\"og:image:height\" content=\"640\" \/>\n\t<meta property=\"og:image:type\" content=\"image\/jpeg\" \/>\n<meta name=\"author\" content=\"admin\" \/>\n<meta name=\"twitter:card\" content=\"summary_large_image\" \/>\n<meta name=\"twitter:label1\" content=\"Escrito por\" \/>\n\t<meta name=\"twitter:data1\" content=\"admin\" \/>\n\t<meta name=\"twitter:label2\" content=\"Tiempo de lectura\" \/>\n\t<meta name=\"twitter:data2\" content=\"2 minutos\" \/>\n<script type=\"application\/ld+json\" class=\"yoast-schema-graph\">{\"@context\":\"https:\/\/schema.org\",\"@graph\":[{\"@type\":\"Article\",\"@id\":\"https:\/\/21panorama.com\/index.php\/2022\/05\/27\/uaemex-continuara-trabajando-en-conjunto-con-el-ayuntamiento-de-toluca-para-rescatar-la-historia-de-la-capital-mexiquense\/#article\",\"isPartOf\":{\"@id\":\"https:\/\/21panorama.com\/index.php\/2022\/05\/27\/uaemex-continuara-trabajando-en-conjunto-con-el-ayuntamiento-de-toluca-para-rescatar-la-historia-de-la-capital-mexiquense\/\"},\"author\":{\"name\":\"admin\",\"@id\":\"https:\/\/21panorama.com\/#\/schema\/person\/1afc291b96d5792a158768324287319f\"},\"headline\":\"UAEM\u00e9x continuar\u00e1 trabajando en conjunto con el Ayuntamiento de Toluca para rescatar la historia de la capital mexiquense\",\"datePublished\":\"2022-05-27T16:17:16+00:00\",\"dateModified\":\"2022-05-27T16:17:18+00:00\",\"mainEntityOfPage\":{\"@id\":\"https:\/\/21panorama.com\/index.php\/2022\/05\/27\/uaemex-continuara-trabajando-en-conjunto-con-el-ayuntamiento-de-toluca-para-rescatar-la-historia-de-la-capital-mexiquense\/\"},\"wordCount\":354,\"commentCount\":0,\"publisher\":{\"@id\":\"https:\/\/21panorama.com\/#organization\"},\"image\":{\"@id\":\"https:\/\/21panorama.com\/index.php\/2022\/05\/27\/uaemex-continuara-trabajando-en-conjunto-con-el-ayuntamiento-de-toluca-para-rescatar-la-historia-de-la-capital-mexiquense\/#primaryimage\"},\"thumbnailUrl\":\"https:\/\/21panorama.com\/wp-content\/uploads\/2022\/05\/a91619fc-470f-4724-aa4d-5a9f014e84cb.jpeg\",\"keywords\":[\"UAEM\"],\"articleSection\":[\"Sociedad\"],\"inLanguage\":\"es\",\"potentialAction\":[{\"@type\":\"CommentAction\",\"name\":\"Comment\",\"target\":[\"https:\/\/21panorama.com\/index.php\/2022\/05\/27\/uaemex-continuara-trabajando-en-conjunto-con-el-ayuntamiento-de-toluca-para-rescatar-la-historia-de-la-capital-mexiquense\/#respond\"]}]},{\"@type\":\"WebPage\",\"@id\":\"https:\/\/21panorama.com\/index.php\/2022\/05\/27\/uaemex-continuara-trabajando-en-conjunto-con-el-ayuntamiento-de-toluca-para-rescatar-la-historia-de-la-capital-mexiquense\/\",\"url\":\"https:\/\/21panorama.com\/index.php\/2022\/05\/27\/uaemex-continuara-trabajando-en-conjunto-con-el-ayuntamiento-de-toluca-para-rescatar-la-historia-de-la-capital-mexiquense\/\",\"name\":\"UAEM\u00e9x continuar\u00e1 trabajando en conjunto con el Ayuntamiento de Toluca para rescatar la historia de la capital mexiquense - 21 Panorama\",\"isPartOf\":{\"@id\":\"https:\/\/21panorama.com\/#website\"},\"primaryImageOfPage\":{\"@id\":\"https:\/\/21panorama.com\/index.php\/2022\/05\/27\/uaemex-continuara-trabajando-en-conjunto-con-el-ayuntamiento-de-toluca-para-rescatar-la-historia-de-la-capital-mexiquense\/#primaryimage\"},\"image\":{\"@id\":\"https:\/\/21panorama.com\/index.php\/2022\/05\/27\/uaemex-continuara-trabajando-en-conjunto-con-el-ayuntamiento-de-toluca-para-rescatar-la-historia-de-la-capital-mexiquense\/#primaryimage\"},\"thumbnailUrl\":\"https:\/\/21panorama.com\/wp-content\/uploads\/2022\/05\/a91619fc-470f-4724-aa4d-5a9f014e84cb.jpeg\",\"datePublished\":\"2022-05-27T16:17:16+00:00\",\"dateModified\":\"2022-05-27T16:17:18+00:00\",\"breadcrumb\":{\"@id\":\"https:\/\/21panorama.com\/index.php\/2022\/05\/27\/uaemex-continuara-trabajando-en-conjunto-con-el-ayuntamiento-de-toluca-para-rescatar-la-historia-de-la-capital-mexiquense\/#breadcrumb\"},\"inLanguage\":\"es\",\"potentialAction\":[{\"@type\":\"ReadAction\",\"target\":[\"https:\/\/21panorama.com\/index.php\/2022\/05\/27\/uaemex-continuara-trabajando-en-conjunto-con-el-ayuntamiento-de-toluca-para-rescatar-la-historia-de-la-capital-mexiquense\/\"]}]},{\"@type\":\"ImageObject\",\"inLanguage\":\"es\",\"@id\":\"https:\/\/21panorama.com\/index.php\/2022\/05\/27\/uaemex-continuara-trabajando-en-conjunto-con-el-ayuntamiento-de-toluca-para-rescatar-la-historia-de-la-capital-mexiquense\/#primaryimage\",\"url\":\"https:\/\/21panorama.com\/wp-content\/uploads\/2022\/05\/a91619fc-470f-4724-aa4d-5a9f014e84cb.jpeg\",\"contentUrl\":\"https:\/\/21panorama.com\/wp-content\/uploads\/2022\/05\/a91619fc-470f-4724-aa4d-5a9f014e84cb.jpeg\",\"width\":960,\"height\":640},{\"@type\":\"BreadcrumbList\",\"@id\":\"https:\/\/21panorama.com\/index.php\/2022\/05\/27\/uaemex-continuara-trabajando-en-conjunto-con-el-ayuntamiento-de-toluca-para-rescatar-la-historia-de-la-capital-mexiquense\/#breadcrumb\",\"itemListElement\":[{\"@type\":\"ListItem\",\"position\":1,\"name\":\"Inicio\",\"item\":\"https:\/\/21panorama.com\/\"},{\"@type\":\"ListItem\",\"position\":2,\"name\":\"UAEM\u00e9x continuar\u00e1 trabajando en conjunto con el Ayuntamiento de Toluca para rescatar la historia de la capital mexiquense\"}]},{\"@type\":\"WebSite\",\"@id\":\"https:\/\/21panorama.com\/#website\",\"url\":\"https:\/\/21panorama.com\/\",\"name\":\"21 Panorama\",\"description\":\"La construcci\u00f3n de la opini\u00f3n p\u00fablica merece un mejor Panorama en este siglo 21 para alcanzar una sociedad con mayor transparencia y sin corrupci\u00f3n.\",\"publisher\":{\"@id\":\"https:\/\/21panorama.com\/#organization\"},\"potentialAction\":[{\"@type\":\"SearchAction\",\"target\":{\"@type\":\"EntryPoint\",\"urlTemplate\":\"https:\/\/21panorama.com\/?s={search_term_string}\"},\"query-input\":{\"@type\":\"PropertyValueSpecification\",\"valueRequired\":true,\"valueName\":\"search_term_string\"}}],\"inLanguage\":\"es\"},{\"@type\":\"Organization\",\"@id\":\"https:\/\/21panorama.com\/#organization\",\"name\":\"21 Panorama\",\"url\":\"https:\/\/21panorama.com\/\",\"logo\":{\"@type\":\"ImageObject\",\"inLanguage\":\"es\",\"@id\":\"https:\/\/21panorama.com\/#\/schema\/logo\/image\/\",\"url\":\"https:\/\/21panorama.com\/wp-content\/uploads\/2019\/07\/cropped-Logo-Panorama-01.jpeg\",\"contentUrl\":\"https:\/\/21panorama.com\/wp-content\/uploads\/2019\/07\/cropped-Logo-Panorama-01.jpeg\",\"width\":290,\"height\":70,\"caption\":\"21 Panorama\"},\"image\":{\"@id\":\"https:\/\/21panorama.com\/#\/schema\/logo\/image\/\"}},{\"@type\":\"Person\",\"@id\":\"https:\/\/21panorama.com\/#\/schema\/person\/1afc291b96d5792a158768324287319f\",\"name\":\"admin\",\"image\":{\"@type\":\"ImageObject\",\"inLanguage\":\"es\",\"@id\":\"https:\/\/21panorama.com\/#\/schema\/person\/image\/\",\"url\":\"https:\/\/secure.gravatar.com\/avatar\/ad365d9d9f46719215b0d042cc3df92a5a8683e09ef13d102233e5491985f0f0?s=96&d=mm&r=g\",\"contentUrl\":\"https:\/\/secure.gravatar.com\/avatar\/ad365d9d9f46719215b0d042cc3df92a5a8683e09ef13d102233e5491985f0f0?s=96&d=mm&r=g\",\"caption\":\"admin\"},\"url\":\"https:\/\/21panorama.com\/index.php\/author\/admin\/\"}]}<\/script>\n<!-- \/ Yoast SEO plugin. -->","yoast_head_json":{"title":"UAEM\u00e9x continuar\u00e1 trabajando en conjunto con el Ayuntamiento de Toluca para rescatar la historia de la capital mexiquense - 21 Panorama","robots":{"index":"index","follow":"follow","max-snippet":"max-snippet:-1","max-image-preview":"max-image-preview:large","max-video-preview":"max-video-preview:-1"},"canonical":"https:\/\/21panorama.com\/index.php\/2022\/05\/27\/uaemex-continuara-trabajando-en-conjunto-con-el-ayuntamiento-de-toluca-para-rescatar-la-historia-de-la-capital-mexiquense\/","og_locale":"es_MX","og_type":"article","og_title":"UAEM\u00e9x continuar\u00e1 trabajando en conjunto con el Ayuntamiento de Toluca para rescatar la historia de la capital mexiquense - 21 Panorama","og_description":"El rector Carlos Eduardo Barrera D\u00edaz y el presidente municipal de Toluca, Raymundo Mart\u00ednez Carbajal, encabezaron la presentaci\u00f3n del libro Casa de los Dioses, Nevado de Toluca.","og_url":"https:\/\/21panorama.com\/index.php\/2022\/05\/27\/uaemex-continuara-trabajando-en-conjunto-con-el-ayuntamiento-de-toluca-para-rescatar-la-historia-de-la-capital-mexiquense\/","og_site_name":"21 Panorama","article_published_time":"2022-05-27T16:17:16+00:00","article_modified_time":"2022-05-27T16:17:18+00:00","og_image":[{"width":960,"height":640,"url":"https:\/\/21panorama.com\/wp-content\/uploads\/2022\/05\/a91619fc-470f-4724-aa4d-5a9f014e84cb.jpeg","type":"image\/jpeg"}],"author":"admin","twitter_card":"summary_large_image","twitter_misc":{"Escrito por":"admin","Tiempo de lectura":"2 minutos"},"schema":{"@context":"https:\/\/schema.org","@graph":[{"@type":"Article","@id":"https:\/\/21panorama.com\/index.php\/2022\/05\/27\/uaemex-continuara-trabajando-en-conjunto-con-el-ayuntamiento-de-toluca-para-rescatar-la-historia-de-la-capital-mexiquense\/#article","isPartOf":{"@id":"https:\/\/21panorama.com\/index.php\/2022\/05\/27\/uaemex-continuara-trabajando-en-conjunto-con-el-ayuntamiento-de-toluca-para-rescatar-la-historia-de-la-capital-mexiquense\/"},"author":{"name":"admin","@id":"https:\/\/21panorama.com\/#\/schema\/person\/1afc291b96d5792a158768324287319f"},"headline":"UAEM\u00e9x continuar\u00e1 trabajando en conjunto con el Ayuntamiento de Toluca para rescatar la historia de la capital mexiquense","datePublished":"2022-05-27T16:17:16+00:00","dateModified":"2022-05-27T16:17:18+00:00","mainEntityOfPage":{"@id":"https:\/\/21panorama.com\/index.php\/2022\/05\/27\/uaemex-continuara-trabajando-en-conjunto-con-el-ayuntamiento-de-toluca-para-rescatar-la-historia-de-la-capital-mexiquense\/"},"wordCount":354,"commentCount":0,"publisher":{"@id":"https:\/\/21panorama.com\/#organization"},"image":{"@id":"https:\/\/21panorama.com\/index.php\/2022\/05\/27\/uaemex-continuara-trabajando-en-conjunto-con-el-ayuntamiento-de-toluca-para-rescatar-la-historia-de-la-capital-mexiquense\/#primaryimage"},"thumbnailUrl":"https:\/\/21panorama.com\/wp-content\/uploads\/2022\/05\/a91619fc-470f-4724-aa4d-5a9f014e84cb.jpeg","keywords":["UAEM"],"articleSection":["Sociedad"],"inLanguage":"es","potentialAction":[{"@type":"CommentAction","name":"Comment","target":["https:\/\/21panorama.com\/index.php\/2022\/05\/27\/uaemex-continuara-trabajando-en-conjunto-con-el-ayuntamiento-de-toluca-para-rescatar-la-historia-de-la-capital-mexiquense\/#respond"]}]},{"@type":"WebPage","@id":"https:\/\/21panorama.com\/index.php\/2022\/05\/27\/uaemex-continuara-trabajando-en-conjunto-con-el-ayuntamiento-de-toluca-para-rescatar-la-historia-de-la-capital-mexiquense\/","url":"https:\/\/21panorama.com\/index.php\/2022\/05\/27\/uaemex-continuara-trabajando-en-conjunto-con-el-ayuntamiento-de-toluca-para-rescatar-la-historia-de-la-capital-mexiquense\/","name":"UAEM\u00e9x continuar\u00e1 trabajando en conjunto con el Ayuntamiento de Toluca para rescatar la historia de la capital mexiquense - 21 Panorama","isPartOf":{"@id":"https:\/\/21panorama.com\/#website"},"primaryImageOfPage":{"@id":"https:\/\/21panorama.com\/index.php\/2022\/05\/27\/uaemex-continuara-trabajando-en-conjunto-con-el-ayuntamiento-de-toluca-para-rescatar-la-historia-de-la-capital-mexiquense\/#primaryimage"},"image":{"@id":"https:\/\/21panorama.com\/index.php\/2022\/05\/27\/uaemex-continuara-trabajando-en-conjunto-con-el-ayuntamiento-de-toluca-para-rescatar-la-historia-de-la-capital-mexiquense\/#primaryimage"},"thumbnailUrl":"https:\/\/21panorama.com\/wp-content\/uploads\/2022\/05\/a91619fc-470f-4724-aa4d-5a9f014e84cb.jpeg","datePublished":"2022-05-27T16:17:16+00:00","dateModified":"2022-05-27T16:17:18+00:00","breadcrumb":{"@id":"https:\/\/21panorama.com\/index.php\/2022\/05\/27\/uaemex-continuara-trabajando-en-conjunto-con-el-ayuntamiento-de-toluca-para-rescatar-la-historia-de-la-capital-mexiquense\/#breadcrumb"},"inLanguage":"es","potentialAction":[{"@type":"ReadAction","target":["https:\/\/21panorama.com\/index.php\/2022\/05\/27\/uaemex-continuara-trabajando-en-conjunto-con-el-ayuntamiento-de-toluca-para-rescatar-la-historia-de-la-capital-mexiquense\/"]}]},{"@type":"ImageObject","inLanguage":"es","@id":"https:\/\/21panorama.com\/index.php\/2022\/05\/27\/uaemex-continuara-trabajando-en-conjunto-con-el-ayuntamiento-de-toluca-para-rescatar-la-historia-de-la-capital-mexiquense\/#primaryimage","url":"https:\/\/21panorama.com\/wp-content\/uploads\/2022\/05\/a91619fc-470f-4724-aa4d-5a9f014e84cb.jpeg","contentUrl":"https:\/\/21panorama.com\/wp-content\/uploads\/2022\/05\/a91619fc-470f-4724-aa4d-5a9f014e84cb.jpeg","width":960,"height":640},{"@type":"BreadcrumbList","@id":"https:\/\/21panorama.com\/index.php\/2022\/05\/27\/uaemex-continuara-trabajando-en-conjunto-con-el-ayuntamiento-de-toluca-para-rescatar-la-historia-de-la-capital-mexiquense\/#breadcrumb","itemListElement":[{"@type":"ListItem","position":1,"name":"Inicio","item":"https:\/\/21panorama.com\/"},{"@type":"ListItem","position":2,"name":"UAEM\u00e9x continuar\u00e1 trabajando en conjunto con el Ayuntamiento de Toluca para rescatar la historia de la capital mexiquense"}]},{"@type":"WebSite","@id":"https:\/\/21panorama.com\/#website","url":"https:\/\/21panorama.com\/","name":"21 Panorama","description":"La construcci\u00f3n de la opini\u00f3n p\u00fablica merece un mejor Panorama en este siglo 21 para alcanzar una sociedad con mayor transparencia y sin corrupci\u00f3n.","publisher":{"@id":"https:\/\/21panorama.com\/#organization"},"potentialAction":[{"@type":"SearchAction","target":{"@type":"EntryPoint","urlTemplate":"https:\/\/21panorama.com\/?s={search_term_string}"},"query-input":{"@type":"PropertyValueSpecification","valueRequired":true,"valueName":"search_term_string"}}],"inLanguage":"es"},{"@type":"Organization","@id":"https:\/\/21panorama.com\/#organization","name":"21 Panorama","url":"https:\/\/21panorama.com\/","logo":{"@type":"ImageObject","inLanguage":"es","@id":"https:\/\/21panorama.com\/#\/schema\/logo\/image\/","url":"https:\/\/21panorama.com\/wp-content\/uploads\/2019\/07\/cropped-Logo-Panorama-01.jpeg","contentUrl":"https:\/\/21panorama.com\/wp-content\/uploads\/2019\/07\/cropped-Logo-Panorama-01.jpeg","width":290,"height":70,"caption":"21 Panorama"},"image":{"@id":"https:\/\/21panorama.com\/#\/schema\/logo\/image\/"}},{"@type":"Person","@id":"https:\/\/21panorama.com\/#\/schema\/person\/1afc291b96d5792a158768324287319f","name":"admin","image":{"@type":"ImageObject","inLanguage":"es","@id":"https:\/\/21panorama.com\/#\/schema\/person\/image\/","url":"https:\/\/secure.gravatar.com\/avatar\/ad365d9d9f46719215b0d042cc3df92a5a8683e09ef13d102233e5491985f0f0?s=96&d=mm&r=g","contentUrl":"https:\/\/secure.gravatar.com\/avatar\/ad365d9d9f46719215b0d042cc3df92a5a8683e09ef13d102233e5491985f0f0?s=96&d=mm&r=g","caption":"admin"},"url":"https:\/\/21panorama.com\/index.php\/author\/admin\/"}]}},"_links":{"self":[{"href":"https:\/\/21panorama.com\/index.php\/wp-json\/wp\/v2\/posts\/3676","targetHints":{"allow":["GET"]}}],"collection":[{"href":"https:\/\/21panorama.com\/index.php\/wp-json\/wp\/v2\/posts"}],"about":[{"href":"https:\/\/21panorama.com\/index.php\/wp-json\/wp\/v2\/types\/post"}],"author":[{"embeddable":true,"href":"https:\/\/21panorama.com\/index.php\/wp-json\/wp\/v2\/users\/1"}],"replies":[{"embeddable":true,"href":"https:\/\/21panorama.com\/index.php\/wp-json\/wp\/v2\/comments?post=3676"}],"version-history":[{"count":1,"href":"https:\/\/21panorama.com\/index.php\/wp-json\/wp\/v2\/posts\/3676\/revisions"}],"predecessor-version":[{"id":3680,"href":"https:\/\/21panorama.com\/index.php\/wp-json\/wp\/v2\/posts\/3676\/revisions\/3680"}],"wp:featuredmedia":[{"embeddable":true,"href":"https:\/\/21panorama.com\/index.php\/wp-json\/wp\/v2\/media\/3677"}],"wp:attachment":[{"href":"https:\/\/21panorama.com\/index.php\/wp-json\/wp\/v2\/media?parent=3676"}],"wp:term":[{"taxonomy":"category","embeddable":true,"href":"https:\/\/21panorama.com\/index.php\/wp-json\/wp\/v2\/categories?post=3676"},{"taxonomy":"post_tag","embeddable":true,"href":"https:\/\/21panorama.com\/index.php\/wp-json\/wp\/v2\/tags?post=3676"}],"curies":[{"name":"wp","href":"https:\/\/api.w.org\/{rel}","templated":true}]}}