{"id":3651,"date":"2022-05-10T12:43:10","date_gmt":"2022-05-10T17:43:10","guid":{"rendered":"https:\/\/21panorama.com\/?p=3651"},"modified":"2022-05-10T12:43:11","modified_gmt":"2022-05-10T17:43:11","slug":"reconoce-uaemex-a-comunidad-docente-y-administrativa","status":"publish","type":"post","link":"https:\/\/21panorama.com\/index.php\/2022\/05\/10\/reconoce-uaemex-a-comunidad-docente-y-administrativa\/","title":{"rendered":"Reconoce UAEM\u00e9x a comunidad docente y administrativa"},"content":{"rendered":"\n<p>El trabajo docente de calidad y comprometido, as\u00ed como la productividad del personal administrativo han sido fundamentales para que la Universidad Aut\u00f3noma del Estado de M\u00e9xico (UAEM\u00e9x) sea considerada como una de las mejores instituciones educativas del pa\u00eds, dijo el rector Carlos Eduardo Barrera D\u00edaz.<br>Al encabezar el encuentro con el Consejo directivo de la Federaci\u00f3n de Asociaciones Aut\u00f3nomas del Personal Acad\u00e9mico de esta casa de estudios (FAAPAUAEM) con motivo del D\u00eda del Maestro, Barrera D\u00edaz agradeci\u00f3 el trabajo y profesionalismo con el que han realizado su labor docente durante el confinamiento por la pandemia y ahora, con el regreso a las actividades presenciales facilitando el proceso de ense\u00f1anza-aprendizaje.<br>\u201cGracias a ustedes que pusieron su mejor empe\u00f1o para facilitar la continuidad de la labor docente y motivar a nuestros estudiantes para no desatender la importancia de su formaci\u00f3n acad\u00e9mica\u201d, extern\u00f3.<br>En tanto, la secretaria general de la FAAPAUAEM, Gilda Gonz\u00e1lez Villase\u00f1or, agradeci\u00f3 el apoyo que la administraci\u00f3n liderada por Barrera D\u00edaz al dar cumplimiento a las cl\u00e1usulas contractuales, impulsar actividades culturales y deportivas para los agremiados, as\u00ed como la apertura de las sedes de la Federaci\u00f3n en el oriente de la entidad.<\/p>\n\n\n\n<p>Celebra UAEM\u00e9x a madres universitarias<\/p>\n\n\n\n<p>Asimismo, Barrera D\u00edaz reconoci\u00f3 a las madres universitarias integrantes del Sindicato \u00danico de Trabajadores y Empleados al Servicio de la UAEM (SUTESUAEM) como parte fundamental en la construcci\u00f3n de la UAEM\u00e9x como una de las mejores del pa\u00eds, refiri\u00f3 que su productividad florece en el trabajo institucional y lo dota de ese poder invisible que estudiantes, docentes y compa\u00f1eros administrativos saben percibir.<br>Acompa\u00f1ado del secretario general del SUTESUAEM, Pedro Rodr\u00edguez Magallanes, de la secretaria de Administraci\u00f3n, Er\u00e9ndira Fierro Moreno, de la secretaria de Docencia, Yolanda Ballesteros Sent\u00edes y del gabinete universitario el rector reiter\u00f3 el respaldo institucional que tienen en la Aut\u00f3noma mexiquense.<br>\u201cEn este d\u00eda de merecida celebraci\u00f3n quiero reiterar el respaldo institucional para todas ustedes al tiempo de agradecerles y desearles que sigan siendo muy felices como universitarias y como madres de familia gozando de cabal salud y que siempre disfruten de la compa\u00f1\u00eda de los seres que m\u00e1s quieren. Recuerden que son parte fundamental de ser y construir una de las mejores universidades de M\u00e9xico\u201d, enfatiz\u00f3.<br>En su oportunidad, Rodr\u00edguez Magallanes pidi\u00f3 un aplauso para todas las madres universitarias que perdieron la vida derivado de la pandemia por la Covid-19.<\/p>\n\n\n\n<figure class=\"wp-block-gallery columns-2 is-cropped wp-block-gallery-1 is-layout-flex wp-block-gallery-is-layout-flex\"><ul class=\"blocks-gallery-grid\"><li class=\"blocks-gallery-item\"><figure><img decoding=\"async\" width=\"960\" height=\"644\" src=\"https:\/\/21panorama.com\/wp-content\/uploads\/2022\/05\/60efe7da-fd14-4a9d-913a-1c386873bfac-1.jpeg\" alt=\"\" data-id=\"3655\" data-link=\"https:\/\/21panorama.com\/?attachment_id=3655\" class=\"wp-image-3655\" srcset=\"https:\/\/21panorama.com\/wp-content\/uploads\/2022\/05\/60efe7da-fd14-4a9d-913a-1c386873bfac-1.jpeg 960w, https:\/\/21panorama.com\/wp-content\/uploads\/2022\/05\/60efe7da-fd14-4a9d-913a-1c386873bfac-1-300x201.jpeg 300w, https:\/\/21panorama.com\/wp-content\/uploads\/2022\/05\/60efe7da-fd14-4a9d-913a-1c386873bfac-1-768x515.jpeg 768w\" sizes=\"(max-width: 960px) 100vw, 960px\" \/><\/figure><\/li><li class=\"blocks-gallery-item\"><figure><img decoding=\"async\" width=\"960\" height=\"640\" src=\"https:\/\/21panorama.com\/wp-content\/uploads\/2022\/05\/5a9fc8da-7548-451e-ab4f-bdf596d12ec2-1.jpeg\" alt=\"\" data-id=\"3656\" data-full-url=\"https:\/\/21panorama.com\/wp-content\/uploads\/2022\/05\/5a9fc8da-7548-451e-ab4f-bdf596d12ec2-1.jpeg\" data-link=\"https:\/\/21panorama.com\/?attachment_id=3656\" class=\"wp-image-3656\" srcset=\"https:\/\/21panorama.com\/wp-content\/uploads\/2022\/05\/5a9fc8da-7548-451e-ab4f-bdf596d12ec2-1.jpeg 960w, https:\/\/21panorama.com\/wp-content\/uploads\/2022\/05\/5a9fc8da-7548-451e-ab4f-bdf596d12ec2-1-300x200.jpeg 300w, https:\/\/21panorama.com\/wp-content\/uploads\/2022\/05\/5a9fc8da-7548-451e-ab4f-bdf596d12ec2-1-768x512.jpeg 768w\" sizes=\"(max-width: 960px) 100vw, 960px\" \/><\/figure><\/li><\/ul><\/figure>\n","protected":false},"excerpt":{"rendered":"<p>El rector de la UAEM\u00e9x, Carlos Eduardo Barrera D\u00edaz, reconoci\u00f3 la labor fundamental de los docentes y madres universitarias para construir una de las mejores instituciones educativas del pa\u00eds.<\/p>\n","protected":false},"author":1,"featured_media":3652,"comment_status":"open","ping_status":"open","sticky":false,"template":"","format":"standard","meta":{"footnotes":""},"categories":[1],"tags":[131],"class_list":["post-3651","post","type-post","status-publish","format-standard","has-post-thumbnail","hentry","category-sociedad","tag-uaem"],"yoast_head":"<!-- This site is optimized with the Yoast SEO plugin v24.9 - https:\/\/yoast.com\/wordpress\/plugins\/seo\/ -->\n<title>Reconoce UAEM\u00e9x a comunidad docente y administrativa - 21 Panorama<\/title>\n<meta name=\"robots\" content=\"index, follow, max-snippet:-1, max-image-preview:large, max-video-preview:-1\" \/>\n<link rel=\"canonical\" href=\"https:\/\/21panorama.com\/index.php\/2022\/05\/10\/reconoce-uaemex-a-comunidad-docente-y-administrativa\/\" \/>\n<meta property=\"og:locale\" content=\"es_MX\" \/>\n<meta property=\"og:type\" content=\"article\" \/>\n<meta property=\"og:title\" content=\"Reconoce UAEM\u00e9x a comunidad docente y administrativa - 21 Panorama\" \/>\n<meta property=\"og:description\" content=\"El rector de la UAEM\u00e9x, Carlos Eduardo Barrera D\u00edaz, reconoci\u00f3 la labor fundamental de los docentes y madres universitarias para construir una de las mejores instituciones educativas del pa\u00eds.\" \/>\n<meta property=\"og:url\" content=\"https:\/\/21panorama.com\/index.php\/2022\/05\/10\/reconoce-uaemex-a-comunidad-docente-y-administrativa\/\" \/>\n<meta property=\"og:site_name\" content=\"21 Panorama\" \/>\n<meta property=\"article:published_time\" content=\"2022-05-10T17:43:10+00:00\" \/>\n<meta property=\"article:modified_time\" content=\"2022-05-10T17:43:11+00:00\" \/>\n<meta property=\"og:image\" content=\"https:\/\/21panorama.com\/wp-content\/uploads\/2022\/05\/90aadd80-569a-48ad-a17d-d27210c2dd05.jpeg\" \/>\n\t<meta property=\"og:image:width\" content=\"960\" \/>\n\t<meta property=\"og:image:height\" content=\"640\" \/>\n\t<meta property=\"og:image:type\" content=\"image\/jpeg\" \/>\n<meta name=\"author\" content=\"admin\" \/>\n<meta name=\"twitter:card\" content=\"summary_large_image\" \/>\n<meta name=\"twitter:label1\" content=\"Escrito por\" \/>\n\t<meta name=\"twitter:data1\" content=\"admin\" \/>\n\t<meta name=\"twitter:label2\" content=\"Tiempo de lectura\" \/>\n\t<meta name=\"twitter:data2\" content=\"3 minutos\" \/>\n<script type=\"application\/ld+json\" class=\"yoast-schema-graph\">{\"@context\":\"https:\/\/schema.org\",\"@graph\":[{\"@type\":\"Article\",\"@id\":\"https:\/\/21panorama.com\/index.php\/2022\/05\/10\/reconoce-uaemex-a-comunidad-docente-y-administrativa\/#article\",\"isPartOf\":{\"@id\":\"https:\/\/21panorama.com\/index.php\/2022\/05\/10\/reconoce-uaemex-a-comunidad-docente-y-administrativa\/\"},\"author\":{\"name\":\"admin\",\"@id\":\"https:\/\/21panorama.com\/#\/schema\/person\/1afc291b96d5792a158768324287319f\"},\"headline\":\"Reconoce UAEM\u00e9x a comunidad docente y administrativa\",\"datePublished\":\"2022-05-10T17:43:10+00:00\",\"dateModified\":\"2022-05-10T17:43:11+00:00\",\"mainEntityOfPage\":{\"@id\":\"https:\/\/21panorama.com\/index.php\/2022\/05\/10\/reconoce-uaemex-a-comunidad-docente-y-administrativa\/\"},\"wordCount\":436,\"commentCount\":0,\"publisher\":{\"@id\":\"https:\/\/21panorama.com\/#organization\"},\"image\":{\"@id\":\"https:\/\/21panorama.com\/index.php\/2022\/05\/10\/reconoce-uaemex-a-comunidad-docente-y-administrativa\/#primaryimage\"},\"thumbnailUrl\":\"https:\/\/21panorama.com\/wp-content\/uploads\/2022\/05\/90aadd80-569a-48ad-a17d-d27210c2dd05.jpeg\",\"keywords\":[\"UAEM\"],\"articleSection\":[\"Sociedad\"],\"inLanguage\":\"es\",\"potentialAction\":[{\"@type\":\"CommentAction\",\"name\":\"Comment\",\"target\":[\"https:\/\/21panorama.com\/index.php\/2022\/05\/10\/reconoce-uaemex-a-comunidad-docente-y-administrativa\/#respond\"]}]},{\"@type\":\"WebPage\",\"@id\":\"https:\/\/21panorama.com\/index.php\/2022\/05\/10\/reconoce-uaemex-a-comunidad-docente-y-administrativa\/\",\"url\":\"https:\/\/21panorama.com\/index.php\/2022\/05\/10\/reconoce-uaemex-a-comunidad-docente-y-administrativa\/\",\"name\":\"Reconoce UAEM\u00e9x a comunidad docente y administrativa - 21 Panorama\",\"isPartOf\":{\"@id\":\"https:\/\/21panorama.com\/#website\"},\"primaryImageOfPage\":{\"@id\":\"https:\/\/21panorama.com\/index.php\/2022\/05\/10\/reconoce-uaemex-a-comunidad-docente-y-administrativa\/#primaryimage\"},\"image\":{\"@id\":\"https:\/\/21panorama.com\/index.php\/2022\/05\/10\/reconoce-uaemex-a-comunidad-docente-y-administrativa\/#primaryimage\"},\"thumbnailUrl\":\"https:\/\/21panorama.com\/wp-content\/uploads\/2022\/05\/90aadd80-569a-48ad-a17d-d27210c2dd05.jpeg\",\"datePublished\":\"2022-05-10T17:43:10+00:00\",\"dateModified\":\"2022-05-10T17:43:11+00:00\",\"breadcrumb\":{\"@id\":\"https:\/\/21panorama.com\/index.php\/2022\/05\/10\/reconoce-uaemex-a-comunidad-docente-y-administrativa\/#breadcrumb\"},\"inLanguage\":\"es\",\"potentialAction\":[{\"@type\":\"ReadAction\",\"target\":[\"https:\/\/21panorama.com\/index.php\/2022\/05\/10\/reconoce-uaemex-a-comunidad-docente-y-administrativa\/\"]}]},{\"@type\":\"ImageObject\",\"inLanguage\":\"es\",\"@id\":\"https:\/\/21panorama.com\/index.php\/2022\/05\/10\/reconoce-uaemex-a-comunidad-docente-y-administrativa\/#primaryimage\",\"url\":\"https:\/\/21panorama.com\/wp-content\/uploads\/2022\/05\/90aadd80-569a-48ad-a17d-d27210c2dd05.jpeg\",\"contentUrl\":\"https:\/\/21panorama.com\/wp-content\/uploads\/2022\/05\/90aadd80-569a-48ad-a17d-d27210c2dd05.jpeg\",\"width\":960,\"height\":640},{\"@type\":\"BreadcrumbList\",\"@id\":\"https:\/\/21panorama.com\/index.php\/2022\/05\/10\/reconoce-uaemex-a-comunidad-docente-y-administrativa\/#breadcrumb\",\"itemListElement\":[{\"@type\":\"ListItem\",\"position\":1,\"name\":\"Inicio\",\"item\":\"https:\/\/21panorama.com\/\"},{\"@type\":\"ListItem\",\"position\":2,\"name\":\"Reconoce UAEM\u00e9x a comunidad docente y administrativa\"}]},{\"@type\":\"WebSite\",\"@id\":\"https:\/\/21panorama.com\/#website\",\"url\":\"https:\/\/21panorama.com\/\",\"name\":\"21 Panorama\",\"description\":\"La construcci\u00f3n de la opini\u00f3n p\u00fablica merece un mejor Panorama en este siglo 21 para alcanzar una sociedad con mayor transparencia y sin corrupci\u00f3n.\",\"publisher\":{\"@id\":\"https:\/\/21panorama.com\/#organization\"},\"potentialAction\":[{\"@type\":\"SearchAction\",\"target\":{\"@type\":\"EntryPoint\",\"urlTemplate\":\"https:\/\/21panorama.com\/?s={search_term_string}\"},\"query-input\":{\"@type\":\"PropertyValueSpecification\",\"valueRequired\":true,\"valueName\":\"search_term_string\"}}],\"inLanguage\":\"es\"},{\"@type\":\"Organization\",\"@id\":\"https:\/\/21panorama.com\/#organization\",\"name\":\"21 Panorama\",\"url\":\"https:\/\/21panorama.com\/\",\"logo\":{\"@type\":\"ImageObject\",\"inLanguage\":\"es\",\"@id\":\"https:\/\/21panorama.com\/#\/schema\/logo\/image\/\",\"url\":\"https:\/\/21panorama.com\/wp-content\/uploads\/2019\/07\/cropped-Logo-Panorama-01.jpeg\",\"contentUrl\":\"https:\/\/21panorama.com\/wp-content\/uploads\/2019\/07\/cropped-Logo-Panorama-01.jpeg\",\"width\":290,\"height\":70,\"caption\":\"21 Panorama\"},\"image\":{\"@id\":\"https:\/\/21panorama.com\/#\/schema\/logo\/image\/\"}},{\"@type\":\"Person\",\"@id\":\"https:\/\/21panorama.com\/#\/schema\/person\/1afc291b96d5792a158768324287319f\",\"name\":\"admin\",\"image\":{\"@type\":\"ImageObject\",\"inLanguage\":\"es\",\"@id\":\"https:\/\/21panorama.com\/#\/schema\/person\/image\/\",\"url\":\"https:\/\/secure.gravatar.com\/avatar\/ad365d9d9f46719215b0d042cc3df92a5a8683e09ef13d102233e5491985f0f0?s=96&d=mm&r=g\",\"contentUrl\":\"https:\/\/secure.gravatar.com\/avatar\/ad365d9d9f46719215b0d042cc3df92a5a8683e09ef13d102233e5491985f0f0?s=96&d=mm&r=g\",\"caption\":\"admin\"},\"url\":\"https:\/\/21panorama.com\/index.php\/author\/admin\/\"}]}<\/script>\n<!-- \/ Yoast SEO plugin. -->","yoast_head_json":{"title":"Reconoce UAEM\u00e9x a comunidad docente y administrativa - 21 Panorama","robots":{"index":"index","follow":"follow","max-snippet":"max-snippet:-1","max-image-preview":"max-image-preview:large","max-video-preview":"max-video-preview:-1"},"canonical":"https:\/\/21panorama.com\/index.php\/2022\/05\/10\/reconoce-uaemex-a-comunidad-docente-y-administrativa\/","og_locale":"es_MX","og_type":"article","og_title":"Reconoce UAEM\u00e9x a comunidad docente y administrativa - 21 Panorama","og_description":"El rector de la UAEM\u00e9x, Carlos Eduardo Barrera D\u00edaz, reconoci\u00f3 la labor fundamental de los docentes y madres universitarias para construir una de las mejores instituciones educativas del pa\u00eds.","og_url":"https:\/\/21panorama.com\/index.php\/2022\/05\/10\/reconoce-uaemex-a-comunidad-docente-y-administrativa\/","og_site_name":"21 Panorama","article_published_time":"2022-05-10T17:43:10+00:00","article_modified_time":"2022-05-10T17:43:11+00:00","og_image":[{"width":960,"height":640,"url":"https:\/\/21panorama.com\/wp-content\/uploads\/2022\/05\/90aadd80-569a-48ad-a17d-d27210c2dd05.jpeg","type":"image\/jpeg"}],"author":"admin","twitter_card":"summary_large_image","twitter_misc":{"Escrito por":"admin","Tiempo de lectura":"3 minutos"},"schema":{"@context":"https:\/\/schema.org","@graph":[{"@type":"Article","@id":"https:\/\/21panorama.com\/index.php\/2022\/05\/10\/reconoce-uaemex-a-comunidad-docente-y-administrativa\/#article","isPartOf":{"@id":"https:\/\/21panorama.com\/index.php\/2022\/05\/10\/reconoce-uaemex-a-comunidad-docente-y-administrativa\/"},"author":{"name":"admin","@id":"https:\/\/21panorama.com\/#\/schema\/person\/1afc291b96d5792a158768324287319f"},"headline":"Reconoce UAEM\u00e9x a comunidad docente y administrativa","datePublished":"2022-05-10T17:43:10+00:00","dateModified":"2022-05-10T17:43:11+00:00","mainEntityOfPage":{"@id":"https:\/\/21panorama.com\/index.php\/2022\/05\/10\/reconoce-uaemex-a-comunidad-docente-y-administrativa\/"},"wordCount":436,"commentCount":0,"publisher":{"@id":"https:\/\/21panorama.com\/#organization"},"image":{"@id":"https:\/\/21panorama.com\/index.php\/2022\/05\/10\/reconoce-uaemex-a-comunidad-docente-y-administrativa\/#primaryimage"},"thumbnailUrl":"https:\/\/21panorama.com\/wp-content\/uploads\/2022\/05\/90aadd80-569a-48ad-a17d-d27210c2dd05.jpeg","keywords":["UAEM"],"articleSection":["Sociedad"],"inLanguage":"es","potentialAction":[{"@type":"CommentAction","name":"Comment","target":["https:\/\/21panorama.com\/index.php\/2022\/05\/10\/reconoce-uaemex-a-comunidad-docente-y-administrativa\/#respond"]}]},{"@type":"WebPage","@id":"https:\/\/21panorama.com\/index.php\/2022\/05\/10\/reconoce-uaemex-a-comunidad-docente-y-administrativa\/","url":"https:\/\/21panorama.com\/index.php\/2022\/05\/10\/reconoce-uaemex-a-comunidad-docente-y-administrativa\/","name":"Reconoce UAEM\u00e9x a comunidad docente y administrativa - 21 Panorama","isPartOf":{"@id":"https:\/\/21panorama.com\/#website"},"primaryImageOfPage":{"@id":"https:\/\/21panorama.com\/index.php\/2022\/05\/10\/reconoce-uaemex-a-comunidad-docente-y-administrativa\/#primaryimage"},"image":{"@id":"https:\/\/21panorama.com\/index.php\/2022\/05\/10\/reconoce-uaemex-a-comunidad-docente-y-administrativa\/#primaryimage"},"thumbnailUrl":"https:\/\/21panorama.com\/wp-content\/uploads\/2022\/05\/90aadd80-569a-48ad-a17d-d27210c2dd05.jpeg","datePublished":"2022-05-10T17:43:10+00:00","dateModified":"2022-05-10T17:43:11+00:00","breadcrumb":{"@id":"https:\/\/21panorama.com\/index.php\/2022\/05\/10\/reconoce-uaemex-a-comunidad-docente-y-administrativa\/#breadcrumb"},"inLanguage":"es","potentialAction":[{"@type":"ReadAction","target":["https:\/\/21panorama.com\/index.php\/2022\/05\/10\/reconoce-uaemex-a-comunidad-docente-y-administrativa\/"]}]},{"@type":"ImageObject","inLanguage":"es","@id":"https:\/\/21panorama.com\/index.php\/2022\/05\/10\/reconoce-uaemex-a-comunidad-docente-y-administrativa\/#primaryimage","url":"https:\/\/21panorama.com\/wp-content\/uploads\/2022\/05\/90aadd80-569a-48ad-a17d-d27210c2dd05.jpeg","contentUrl":"https:\/\/21panorama.com\/wp-content\/uploads\/2022\/05\/90aadd80-569a-48ad-a17d-d27210c2dd05.jpeg","width":960,"height":640},{"@type":"BreadcrumbList","@id":"https:\/\/21panorama.com\/index.php\/2022\/05\/10\/reconoce-uaemex-a-comunidad-docente-y-administrativa\/#breadcrumb","itemListElement":[{"@type":"ListItem","position":1,"name":"Inicio","item":"https:\/\/21panorama.com\/"},{"@type":"ListItem","position":2,"name":"Reconoce UAEM\u00e9x a comunidad docente y administrativa"}]},{"@type":"WebSite","@id":"https:\/\/21panorama.com\/#website","url":"https:\/\/21panorama.com\/","name":"21 Panorama","description":"La construcci\u00f3n de la opini\u00f3n p\u00fablica merece un mejor Panorama en este siglo 21 para alcanzar una sociedad con mayor transparencia y sin corrupci\u00f3n.","publisher":{"@id":"https:\/\/21panorama.com\/#organization"},"potentialAction":[{"@type":"SearchAction","target":{"@type":"EntryPoint","urlTemplate":"https:\/\/21panorama.com\/?s={search_term_string}"},"query-input":{"@type":"PropertyValueSpecification","valueRequired":true,"valueName":"search_term_string"}}],"inLanguage":"es"},{"@type":"Organization","@id":"https:\/\/21panorama.com\/#organization","name":"21 Panorama","url":"https:\/\/21panorama.com\/","logo":{"@type":"ImageObject","inLanguage":"es","@id":"https:\/\/21panorama.com\/#\/schema\/logo\/image\/","url":"https:\/\/21panorama.com\/wp-content\/uploads\/2019\/07\/cropped-Logo-Panorama-01.jpeg","contentUrl":"https:\/\/21panorama.com\/wp-content\/uploads\/2019\/07\/cropped-Logo-Panorama-01.jpeg","width":290,"height":70,"caption":"21 Panorama"},"image":{"@id":"https:\/\/21panorama.com\/#\/schema\/logo\/image\/"}},{"@type":"Person","@id":"https:\/\/21panorama.com\/#\/schema\/person\/1afc291b96d5792a158768324287319f","name":"admin","image":{"@type":"ImageObject","inLanguage":"es","@id":"https:\/\/21panorama.com\/#\/schema\/person\/image\/","url":"https:\/\/secure.gravatar.com\/avatar\/ad365d9d9f46719215b0d042cc3df92a5a8683e09ef13d102233e5491985f0f0?s=96&d=mm&r=g","contentUrl":"https:\/\/secure.gravatar.com\/avatar\/ad365d9d9f46719215b0d042cc3df92a5a8683e09ef13d102233e5491985f0f0?s=96&d=mm&r=g","caption":"admin"},"url":"https:\/\/21panorama.com\/index.php\/author\/admin\/"}]}},"_links":{"self":[{"href":"https:\/\/21panorama.com\/index.php\/wp-json\/wp\/v2\/posts\/3651","targetHints":{"allow":["GET"]}}],"collection":[{"href":"https:\/\/21panorama.com\/index.php\/wp-json\/wp\/v2\/posts"}],"about":[{"href":"https:\/\/21panorama.com\/index.php\/wp-json\/wp\/v2\/types\/post"}],"author":[{"embeddable":true,"href":"https:\/\/21panorama.com\/index.php\/wp-json\/wp\/v2\/users\/1"}],"replies":[{"embeddable":true,"href":"https:\/\/21panorama.com\/index.php\/wp-json\/wp\/v2\/comments?post=3651"}],"version-history":[{"count":1,"href":"https:\/\/21panorama.com\/index.php\/wp-json\/wp\/v2\/posts\/3651\/revisions"}],"predecessor-version":[{"id":3657,"href":"https:\/\/21panorama.com\/index.php\/wp-json\/wp\/v2\/posts\/3651\/revisions\/3657"}],"wp:featuredmedia":[{"embeddable":true,"href":"https:\/\/21panorama.com\/index.php\/wp-json\/wp\/v2\/media\/3652"}],"wp:attachment":[{"href":"https:\/\/21panorama.com\/index.php\/wp-json\/wp\/v2\/media?parent=3651"}],"wp:term":[{"taxonomy":"category","embeddable":true,"href":"https:\/\/21panorama.com\/index.php\/wp-json\/wp\/v2\/categories?post=3651"},{"taxonomy":"post_tag","embeddable":true,"href":"https:\/\/21panorama.com\/index.php\/wp-json\/wp\/v2\/tags?post=3651"}],"curies":[{"name":"wp","href":"https:\/\/api.w.org\/{rel}","templated":true}]}}