{"id":3646,"date":"2022-05-04T16:59:53","date_gmt":"2022-05-04T21:59:53","guid":{"rendered":"https:\/\/21panorama.com\/?p=3646"},"modified":"2022-05-04T16:59:54","modified_gmt":"2022-05-04T21:59:54","slug":"exhortan-diputados-priistas-a-municipios-para-que-servidores-publicos-hagan-su-declaracion-fiscal-2021","status":"publish","type":"post","link":"https:\/\/21panorama.com\/index.php\/2022\/05\/04\/exhortan-diputados-priistas-a-municipios-para-que-servidores-publicos-hagan-su-declaracion-fiscal-2021\/","title":{"rendered":"Exhortan diputados priistas a municipios para que servidores p\u00fablicos hagan su declaraci\u00f3n fiscal 2021"},"content":{"rendered":"\n<p>En sesi\u00f3n deliberante, los integrantes de la LXI Legislatura aprobaron, en lo general y en lo particular, la propuesta del PRI para exhortar a los 125 municipios para que difundan entre sus servidores p\u00fablicos la obligaci\u00f3n de presentar sus constancias de Declaraci\u00f3n Fiscal, as\u00ed como de situaci\u00f3n Patrimonial, de Intereses o Posible Conflicto de Intereses que corresponden al 2021.<\/p>\n\n\n\n<p>Esta iniciativa, fue presentada por el Grupo Parlamentario del PRI debido a que la Constancia de Declaraci\u00f3n Fiscal se debe presentar en abril en el Servicio de Administraci\u00f3n Tributaria (SAT), mientras que las declaraciones de situaci\u00f3n Patrimonial, de Intereses o Posible Conflicto de Intereses en mayo, ante la Secretar\u00eda de la Contralor\u00eda del Gobierno del Estado de M\u00e9xico.<\/p>\n\n\n\n<p>Al respecto, el diputado priista, Jaime Cervantes S\u00e1nchez, pidi\u00f3 que este ejercicio de transparencia, tambi\u00e9n se vea reflejado con las declaraciones de los diputados de la LXI Legislatura, para que el territorio mexiquense sea un referente, a nivel nacional, en rendici\u00f3n de cuentas y, a la par, se sumen los servidores p\u00fablicos del Ejecutivo y Judicial.<\/p>\n\n\n\n<p>\u201cAl d\u00eda de la fecha y por los tiempos, es menester hacer un atento recordatorio, para cumplir con esta disposici\u00f3n\u201d, agreg\u00f3 el legislador.<\/p>\n\n\n\n<p>Explic\u00f3 que, de esta forma, los ciudadanos tienen la oportunidad de monitorear, evaluar y exigir cuentas a las autoridades y servidores p\u00fablicos gubernamentales, toda vez que la transparencia, adem\u00e1s de implicar apertura, comunicaci\u00f3n y rendici\u00f3n de cuentas, tambi\u00e9n es un tema de responsabilidad, de \u00e9tica p\u00fablica, de confianza y honestidad.<\/p>\n\n\n\n<p>Cervantes S\u00e1nchez refiri\u00f3 que el Grupo Parlamentario del PRI estar\u00e1 siempre de acuerdo con las medidas que sirvan para fomentar, la legalidad y combatir la corrupci\u00f3n, como herramientas para fortalecer la democracia y la credibilidad de los ciudadanos en sus autoridades.<\/p>\n\n\n\n<figure class=\"wp-block-image size-large\"><img decoding=\"async\" width=\"1024\" height=\"682\" src=\"https:\/\/21panorama.com\/wp-content\/uploads\/2022\/05\/WhatsApp-Image-2022-05-04-at-1.01.45-PM-1-1024x682.jpeg\" alt=\"\" class=\"wp-image-3648\" srcset=\"https:\/\/21panorama.com\/wp-content\/uploads\/2022\/05\/WhatsApp-Image-2022-05-04-at-1.01.45-PM-1-1024x682.jpeg 1024w, https:\/\/21panorama.com\/wp-content\/uploads\/2022\/05\/WhatsApp-Image-2022-05-04-at-1.01.45-PM-1-300x200.jpeg 300w, https:\/\/21panorama.com\/wp-content\/uploads\/2022\/05\/WhatsApp-Image-2022-05-04-at-1.01.45-PM-1-768x512.jpeg 768w, https:\/\/21panorama.com\/wp-content\/uploads\/2022\/05\/WhatsApp-Image-2022-05-04-at-1.01.45-PM-1.jpeg 1280w\" sizes=\"(max-width: 1024px) 100vw, 1024px\" \/><\/figure>\n\n\n\n<p><\/p>\n","protected":false},"excerpt":{"rendered":"<p>Pide GPPRI que los diputados de la LXI Legislatura realicen sus declaraciones para que el Edom\u00e9x sea un referente a nivel nacional en transparencia y rendici\u00f3n de cuentas.<\/p>\n","protected":false},"author":1,"featured_media":3647,"comment_status":"open","ping_status":"open","sticky":false,"template":"","format":"standard","meta":{"footnotes":""},"categories":[12],"tags":[33],"class_list":["post-3646","post","type-post","status-publish","format-standard","has-post-thumbnail","hentry","category-politica","tag-pri"],"yoast_head":"<!-- This site is optimized with the Yoast SEO plugin v24.9 - https:\/\/yoast.com\/wordpress\/plugins\/seo\/ -->\n<title>Exhortan diputados priistas a municipios para que servidores p\u00fablicos hagan su declaraci\u00f3n fiscal 2021 - 21 Panorama<\/title>\n<meta name=\"robots\" content=\"index, follow, max-snippet:-1, max-image-preview:large, max-video-preview:-1\" \/>\n<link rel=\"canonical\" href=\"https:\/\/21panorama.com\/index.php\/2022\/05\/04\/exhortan-diputados-priistas-a-municipios-para-que-servidores-publicos-hagan-su-declaracion-fiscal-2021\/\" \/>\n<meta property=\"og:locale\" content=\"es_MX\" \/>\n<meta property=\"og:type\" content=\"article\" \/>\n<meta property=\"og:title\" content=\"Exhortan diputados priistas a municipios para que servidores p\u00fablicos hagan su declaraci\u00f3n fiscal 2021 - 21 Panorama\" \/>\n<meta property=\"og:description\" content=\"Pide GPPRI que los diputados de la LXI Legislatura realicen sus declaraciones para que el Edom\u00e9x sea un referente a nivel nacional en transparencia y rendici\u00f3n de cuentas.\" \/>\n<meta property=\"og:url\" content=\"https:\/\/21panorama.com\/index.php\/2022\/05\/04\/exhortan-diputados-priistas-a-municipios-para-que-servidores-publicos-hagan-su-declaracion-fiscal-2021\/\" \/>\n<meta property=\"og:site_name\" content=\"21 Panorama\" \/>\n<meta property=\"article:published_time\" content=\"2022-05-04T21:59:53+00:00\" \/>\n<meta property=\"article:modified_time\" content=\"2022-05-04T21:59:54+00:00\" \/>\n<meta property=\"og:image\" content=\"https:\/\/21panorama.com\/wp-content\/uploads\/2022\/05\/WhatsApp-Image-2022-05-04-at-1.01.45-PM.jpeg\" \/>\n\t<meta property=\"og:image:width\" content=\"912\" \/>\n\t<meta property=\"og:image:height\" content=\"1368\" \/>\n\t<meta property=\"og:image:type\" content=\"image\/jpeg\" \/>\n<meta name=\"author\" content=\"admin\" \/>\n<meta name=\"twitter:card\" content=\"summary_large_image\" \/>\n<meta name=\"twitter:label1\" content=\"Escrito por\" \/>\n\t<meta name=\"twitter:data1\" content=\"admin\" \/>\n\t<meta name=\"twitter:label2\" content=\"Tiempo de lectura\" \/>\n\t<meta name=\"twitter:data2\" content=\"2 minutos\" \/>\n<script type=\"application\/ld+json\" class=\"yoast-schema-graph\">{\"@context\":\"https:\/\/schema.org\",\"@graph\":[{\"@type\":\"Article\",\"@id\":\"https:\/\/21panorama.com\/index.php\/2022\/05\/04\/exhortan-diputados-priistas-a-municipios-para-que-servidores-publicos-hagan-su-declaracion-fiscal-2021\/#article\",\"isPartOf\":{\"@id\":\"https:\/\/21panorama.com\/index.php\/2022\/05\/04\/exhortan-diputados-priistas-a-municipios-para-que-servidores-publicos-hagan-su-declaracion-fiscal-2021\/\"},\"author\":{\"name\":\"admin\",\"@id\":\"https:\/\/21panorama.com\/#\/schema\/person\/1afc291b96d5792a158768324287319f\"},\"headline\":\"Exhortan diputados priistas a municipios para que servidores p\u00fablicos hagan su declaraci\u00f3n fiscal 2021\",\"datePublished\":\"2022-05-04T21:59:53+00:00\",\"dateModified\":\"2022-05-04T21:59:54+00:00\",\"mainEntityOfPage\":{\"@id\":\"https:\/\/21panorama.com\/index.php\/2022\/05\/04\/exhortan-diputados-priistas-a-municipios-para-que-servidores-publicos-hagan-su-declaracion-fiscal-2021\/\"},\"wordCount\":325,\"commentCount\":0,\"publisher\":{\"@id\":\"https:\/\/21panorama.com\/#organization\"},\"image\":{\"@id\":\"https:\/\/21panorama.com\/index.php\/2022\/05\/04\/exhortan-diputados-priistas-a-municipios-para-que-servidores-publicos-hagan-su-declaracion-fiscal-2021\/#primaryimage\"},\"thumbnailUrl\":\"https:\/\/21panorama.com\/wp-content\/uploads\/2022\/05\/WhatsApp-Image-2022-05-04-at-1.01.45-PM.jpeg\",\"keywords\":[\"PRI\"],\"articleSection\":[\"Politica\"],\"inLanguage\":\"es\",\"potentialAction\":[{\"@type\":\"CommentAction\",\"name\":\"Comment\",\"target\":[\"https:\/\/21panorama.com\/index.php\/2022\/05\/04\/exhortan-diputados-priistas-a-municipios-para-que-servidores-publicos-hagan-su-declaracion-fiscal-2021\/#respond\"]}]},{\"@type\":\"WebPage\",\"@id\":\"https:\/\/21panorama.com\/index.php\/2022\/05\/04\/exhortan-diputados-priistas-a-municipios-para-que-servidores-publicos-hagan-su-declaracion-fiscal-2021\/\",\"url\":\"https:\/\/21panorama.com\/index.php\/2022\/05\/04\/exhortan-diputados-priistas-a-municipios-para-que-servidores-publicos-hagan-su-declaracion-fiscal-2021\/\",\"name\":\"Exhortan diputados priistas a municipios para que servidores p\u00fablicos hagan su declaraci\u00f3n fiscal 2021 - 21 Panorama\",\"isPartOf\":{\"@id\":\"https:\/\/21panorama.com\/#website\"},\"primaryImageOfPage\":{\"@id\":\"https:\/\/21panorama.com\/index.php\/2022\/05\/04\/exhortan-diputados-priistas-a-municipios-para-que-servidores-publicos-hagan-su-declaracion-fiscal-2021\/#primaryimage\"},\"image\":{\"@id\":\"https:\/\/21panorama.com\/index.php\/2022\/05\/04\/exhortan-diputados-priistas-a-municipios-para-que-servidores-publicos-hagan-su-declaracion-fiscal-2021\/#primaryimage\"},\"thumbnailUrl\":\"https:\/\/21panorama.com\/wp-content\/uploads\/2022\/05\/WhatsApp-Image-2022-05-04-at-1.01.45-PM.jpeg\",\"datePublished\":\"2022-05-04T21:59:53+00:00\",\"dateModified\":\"2022-05-04T21:59:54+00:00\",\"breadcrumb\":{\"@id\":\"https:\/\/21panorama.com\/index.php\/2022\/05\/04\/exhortan-diputados-priistas-a-municipios-para-que-servidores-publicos-hagan-su-declaracion-fiscal-2021\/#breadcrumb\"},\"inLanguage\":\"es\",\"potentialAction\":[{\"@type\":\"ReadAction\",\"target\":[\"https:\/\/21panorama.com\/index.php\/2022\/05\/04\/exhortan-diputados-priistas-a-municipios-para-que-servidores-publicos-hagan-su-declaracion-fiscal-2021\/\"]}]},{\"@type\":\"ImageObject\",\"inLanguage\":\"es\",\"@id\":\"https:\/\/21panorama.com\/index.php\/2022\/05\/04\/exhortan-diputados-priistas-a-municipios-para-que-servidores-publicos-hagan-su-declaracion-fiscal-2021\/#primaryimage\",\"url\":\"https:\/\/21panorama.com\/wp-content\/uploads\/2022\/05\/WhatsApp-Image-2022-05-04-at-1.01.45-PM.jpeg\",\"contentUrl\":\"https:\/\/21panorama.com\/wp-content\/uploads\/2022\/05\/WhatsApp-Image-2022-05-04-at-1.01.45-PM.jpeg\",\"width\":912,\"height\":1368},{\"@type\":\"BreadcrumbList\",\"@id\":\"https:\/\/21panorama.com\/index.php\/2022\/05\/04\/exhortan-diputados-priistas-a-municipios-para-que-servidores-publicos-hagan-su-declaracion-fiscal-2021\/#breadcrumb\",\"itemListElement\":[{\"@type\":\"ListItem\",\"position\":1,\"name\":\"Inicio\",\"item\":\"https:\/\/21panorama.com\/\"},{\"@type\":\"ListItem\",\"position\":2,\"name\":\"Exhortan diputados priistas a municipios para que servidores p\u00fablicos hagan su declaraci\u00f3n fiscal 2021\"}]},{\"@type\":\"WebSite\",\"@id\":\"https:\/\/21panorama.com\/#website\",\"url\":\"https:\/\/21panorama.com\/\",\"name\":\"21 Panorama\",\"description\":\"La construcci\u00f3n de la opini\u00f3n p\u00fablica merece un mejor Panorama en este siglo 21 para alcanzar una sociedad con mayor transparencia y sin corrupci\u00f3n.\",\"publisher\":{\"@id\":\"https:\/\/21panorama.com\/#organization\"},\"potentialAction\":[{\"@type\":\"SearchAction\",\"target\":{\"@type\":\"EntryPoint\",\"urlTemplate\":\"https:\/\/21panorama.com\/?s={search_term_string}\"},\"query-input\":{\"@type\":\"PropertyValueSpecification\",\"valueRequired\":true,\"valueName\":\"search_term_string\"}}],\"inLanguage\":\"es\"},{\"@type\":\"Organization\",\"@id\":\"https:\/\/21panorama.com\/#organization\",\"name\":\"21 Panorama\",\"url\":\"https:\/\/21panorama.com\/\",\"logo\":{\"@type\":\"ImageObject\",\"inLanguage\":\"es\",\"@id\":\"https:\/\/21panorama.com\/#\/schema\/logo\/image\/\",\"url\":\"https:\/\/21panorama.com\/wp-content\/uploads\/2019\/07\/cropped-Logo-Panorama-01.jpeg\",\"contentUrl\":\"https:\/\/21panorama.com\/wp-content\/uploads\/2019\/07\/cropped-Logo-Panorama-01.jpeg\",\"width\":290,\"height\":70,\"caption\":\"21 Panorama\"},\"image\":{\"@id\":\"https:\/\/21panorama.com\/#\/schema\/logo\/image\/\"}},{\"@type\":\"Person\",\"@id\":\"https:\/\/21panorama.com\/#\/schema\/person\/1afc291b96d5792a158768324287319f\",\"name\":\"admin\",\"image\":{\"@type\":\"ImageObject\",\"inLanguage\":\"es\",\"@id\":\"https:\/\/21panorama.com\/#\/schema\/person\/image\/\",\"url\":\"https:\/\/secure.gravatar.com\/avatar\/ad365d9d9f46719215b0d042cc3df92a5a8683e09ef13d102233e5491985f0f0?s=96&d=mm&r=g\",\"contentUrl\":\"https:\/\/secure.gravatar.com\/avatar\/ad365d9d9f46719215b0d042cc3df92a5a8683e09ef13d102233e5491985f0f0?s=96&d=mm&r=g\",\"caption\":\"admin\"},\"url\":\"https:\/\/21panorama.com\/index.php\/author\/admin\/\"}]}<\/script>\n<!-- \/ Yoast SEO plugin. -->","yoast_head_json":{"title":"Exhortan diputados priistas a municipios para que servidores p\u00fablicos hagan su declaraci\u00f3n fiscal 2021 - 21 Panorama","robots":{"index":"index","follow":"follow","max-snippet":"max-snippet:-1","max-image-preview":"max-image-preview:large","max-video-preview":"max-video-preview:-1"},"canonical":"https:\/\/21panorama.com\/index.php\/2022\/05\/04\/exhortan-diputados-priistas-a-municipios-para-que-servidores-publicos-hagan-su-declaracion-fiscal-2021\/","og_locale":"es_MX","og_type":"article","og_title":"Exhortan diputados priistas a municipios para que servidores p\u00fablicos hagan su declaraci\u00f3n fiscal 2021 - 21 Panorama","og_description":"Pide GPPRI que los diputados de la LXI Legislatura realicen sus declaraciones para que el Edom\u00e9x sea un referente a nivel nacional en transparencia y rendici\u00f3n de cuentas.","og_url":"https:\/\/21panorama.com\/index.php\/2022\/05\/04\/exhortan-diputados-priistas-a-municipios-para-que-servidores-publicos-hagan-su-declaracion-fiscal-2021\/","og_site_name":"21 Panorama","article_published_time":"2022-05-04T21:59:53+00:00","article_modified_time":"2022-05-04T21:59:54+00:00","og_image":[{"width":912,"height":1368,"url":"https:\/\/21panorama.com\/wp-content\/uploads\/2022\/05\/WhatsApp-Image-2022-05-04-at-1.01.45-PM.jpeg","type":"image\/jpeg"}],"author":"admin","twitter_card":"summary_large_image","twitter_misc":{"Escrito por":"admin","Tiempo de lectura":"2 minutos"},"schema":{"@context":"https:\/\/schema.org","@graph":[{"@type":"Article","@id":"https:\/\/21panorama.com\/index.php\/2022\/05\/04\/exhortan-diputados-priistas-a-municipios-para-que-servidores-publicos-hagan-su-declaracion-fiscal-2021\/#article","isPartOf":{"@id":"https:\/\/21panorama.com\/index.php\/2022\/05\/04\/exhortan-diputados-priistas-a-municipios-para-que-servidores-publicos-hagan-su-declaracion-fiscal-2021\/"},"author":{"name":"admin","@id":"https:\/\/21panorama.com\/#\/schema\/person\/1afc291b96d5792a158768324287319f"},"headline":"Exhortan diputados priistas a municipios para que servidores p\u00fablicos hagan su declaraci\u00f3n fiscal 2021","datePublished":"2022-05-04T21:59:53+00:00","dateModified":"2022-05-04T21:59:54+00:00","mainEntityOfPage":{"@id":"https:\/\/21panorama.com\/index.php\/2022\/05\/04\/exhortan-diputados-priistas-a-municipios-para-que-servidores-publicos-hagan-su-declaracion-fiscal-2021\/"},"wordCount":325,"commentCount":0,"publisher":{"@id":"https:\/\/21panorama.com\/#organization"},"image":{"@id":"https:\/\/21panorama.com\/index.php\/2022\/05\/04\/exhortan-diputados-priistas-a-municipios-para-que-servidores-publicos-hagan-su-declaracion-fiscal-2021\/#primaryimage"},"thumbnailUrl":"https:\/\/21panorama.com\/wp-content\/uploads\/2022\/05\/WhatsApp-Image-2022-05-04-at-1.01.45-PM.jpeg","keywords":["PRI"],"articleSection":["Politica"],"inLanguage":"es","potentialAction":[{"@type":"CommentAction","name":"Comment","target":["https:\/\/21panorama.com\/index.php\/2022\/05\/04\/exhortan-diputados-priistas-a-municipios-para-que-servidores-publicos-hagan-su-declaracion-fiscal-2021\/#respond"]}]},{"@type":"WebPage","@id":"https:\/\/21panorama.com\/index.php\/2022\/05\/04\/exhortan-diputados-priistas-a-municipios-para-que-servidores-publicos-hagan-su-declaracion-fiscal-2021\/","url":"https:\/\/21panorama.com\/index.php\/2022\/05\/04\/exhortan-diputados-priistas-a-municipios-para-que-servidores-publicos-hagan-su-declaracion-fiscal-2021\/","name":"Exhortan diputados priistas a municipios para que servidores p\u00fablicos hagan su declaraci\u00f3n fiscal 2021 - 21 Panorama","isPartOf":{"@id":"https:\/\/21panorama.com\/#website"},"primaryImageOfPage":{"@id":"https:\/\/21panorama.com\/index.php\/2022\/05\/04\/exhortan-diputados-priistas-a-municipios-para-que-servidores-publicos-hagan-su-declaracion-fiscal-2021\/#primaryimage"},"image":{"@id":"https:\/\/21panorama.com\/index.php\/2022\/05\/04\/exhortan-diputados-priistas-a-municipios-para-que-servidores-publicos-hagan-su-declaracion-fiscal-2021\/#primaryimage"},"thumbnailUrl":"https:\/\/21panorama.com\/wp-content\/uploads\/2022\/05\/WhatsApp-Image-2022-05-04-at-1.01.45-PM.jpeg","datePublished":"2022-05-04T21:59:53+00:00","dateModified":"2022-05-04T21:59:54+00:00","breadcrumb":{"@id":"https:\/\/21panorama.com\/index.php\/2022\/05\/04\/exhortan-diputados-priistas-a-municipios-para-que-servidores-publicos-hagan-su-declaracion-fiscal-2021\/#breadcrumb"},"inLanguage":"es","potentialAction":[{"@type":"ReadAction","target":["https:\/\/21panorama.com\/index.php\/2022\/05\/04\/exhortan-diputados-priistas-a-municipios-para-que-servidores-publicos-hagan-su-declaracion-fiscal-2021\/"]}]},{"@type":"ImageObject","inLanguage":"es","@id":"https:\/\/21panorama.com\/index.php\/2022\/05\/04\/exhortan-diputados-priistas-a-municipios-para-que-servidores-publicos-hagan-su-declaracion-fiscal-2021\/#primaryimage","url":"https:\/\/21panorama.com\/wp-content\/uploads\/2022\/05\/WhatsApp-Image-2022-05-04-at-1.01.45-PM.jpeg","contentUrl":"https:\/\/21panorama.com\/wp-content\/uploads\/2022\/05\/WhatsApp-Image-2022-05-04-at-1.01.45-PM.jpeg","width":912,"height":1368},{"@type":"BreadcrumbList","@id":"https:\/\/21panorama.com\/index.php\/2022\/05\/04\/exhortan-diputados-priistas-a-municipios-para-que-servidores-publicos-hagan-su-declaracion-fiscal-2021\/#breadcrumb","itemListElement":[{"@type":"ListItem","position":1,"name":"Inicio","item":"https:\/\/21panorama.com\/"},{"@type":"ListItem","position":2,"name":"Exhortan diputados priistas a municipios para que servidores p\u00fablicos hagan su declaraci\u00f3n fiscal 2021"}]},{"@type":"WebSite","@id":"https:\/\/21panorama.com\/#website","url":"https:\/\/21panorama.com\/","name":"21 Panorama","description":"La construcci\u00f3n de la opini\u00f3n p\u00fablica merece un mejor Panorama en este siglo 21 para alcanzar una sociedad con mayor transparencia y sin corrupci\u00f3n.","publisher":{"@id":"https:\/\/21panorama.com\/#organization"},"potentialAction":[{"@type":"SearchAction","target":{"@type":"EntryPoint","urlTemplate":"https:\/\/21panorama.com\/?s={search_term_string}"},"query-input":{"@type":"PropertyValueSpecification","valueRequired":true,"valueName":"search_term_string"}}],"inLanguage":"es"},{"@type":"Organization","@id":"https:\/\/21panorama.com\/#organization","name":"21 Panorama","url":"https:\/\/21panorama.com\/","logo":{"@type":"ImageObject","inLanguage":"es","@id":"https:\/\/21panorama.com\/#\/schema\/logo\/image\/","url":"https:\/\/21panorama.com\/wp-content\/uploads\/2019\/07\/cropped-Logo-Panorama-01.jpeg","contentUrl":"https:\/\/21panorama.com\/wp-content\/uploads\/2019\/07\/cropped-Logo-Panorama-01.jpeg","width":290,"height":70,"caption":"21 Panorama"},"image":{"@id":"https:\/\/21panorama.com\/#\/schema\/logo\/image\/"}},{"@type":"Person","@id":"https:\/\/21panorama.com\/#\/schema\/person\/1afc291b96d5792a158768324287319f","name":"admin","image":{"@type":"ImageObject","inLanguage":"es","@id":"https:\/\/21panorama.com\/#\/schema\/person\/image\/","url":"https:\/\/secure.gravatar.com\/avatar\/ad365d9d9f46719215b0d042cc3df92a5a8683e09ef13d102233e5491985f0f0?s=96&d=mm&r=g","contentUrl":"https:\/\/secure.gravatar.com\/avatar\/ad365d9d9f46719215b0d042cc3df92a5a8683e09ef13d102233e5491985f0f0?s=96&d=mm&r=g","caption":"admin"},"url":"https:\/\/21panorama.com\/index.php\/author\/admin\/"}]}},"_links":{"self":[{"href":"https:\/\/21panorama.com\/index.php\/wp-json\/wp\/v2\/posts\/3646","targetHints":{"allow":["GET"]}}],"collection":[{"href":"https:\/\/21panorama.com\/index.php\/wp-json\/wp\/v2\/posts"}],"about":[{"href":"https:\/\/21panorama.com\/index.php\/wp-json\/wp\/v2\/types\/post"}],"author":[{"embeddable":true,"href":"https:\/\/21panorama.com\/index.php\/wp-json\/wp\/v2\/users\/1"}],"replies":[{"embeddable":true,"href":"https:\/\/21panorama.com\/index.php\/wp-json\/wp\/v2\/comments?post=3646"}],"version-history":[{"count":1,"href":"https:\/\/21panorama.com\/index.php\/wp-json\/wp\/v2\/posts\/3646\/revisions"}],"predecessor-version":[{"id":3649,"href":"https:\/\/21panorama.com\/index.php\/wp-json\/wp\/v2\/posts\/3646\/revisions\/3649"}],"wp:featuredmedia":[{"embeddable":true,"href":"https:\/\/21panorama.com\/index.php\/wp-json\/wp\/v2\/media\/3647"}],"wp:attachment":[{"href":"https:\/\/21panorama.com\/index.php\/wp-json\/wp\/v2\/media?parent=3646"}],"wp:term":[{"taxonomy":"category","embeddable":true,"href":"https:\/\/21panorama.com\/index.php\/wp-json\/wp\/v2\/categories?post=3646"},{"taxonomy":"post_tag","embeddable":true,"href":"https:\/\/21panorama.com\/index.php\/wp-json\/wp\/v2\/tags?post=3646"}],"curies":[{"name":"wp","href":"https:\/\/api.w.org\/{rel}","templated":true}]}}