{"id":3643,"date":"2022-05-04T16:56:51","date_gmt":"2022-05-04T21:56:51","guid":{"rendered":"https:\/\/21panorama.com\/?p=3643"},"modified":"2022-05-04T16:56:52","modified_gmt":"2022-05-04T21:56:52","slug":"propone-el-gppan-agravar-penas-de-prision-por-incumplir-pension-alimenticia","status":"publish","type":"post","link":"https:\/\/21panorama.com\/index.php\/2022\/05\/04\/propone-el-gppan-agravar-penas-de-prision-por-incumplir-pension-alimenticia\/","title":{"rendered":"Propone el GPPAN agravar penas de prisi\u00f3n por incumplir pensi\u00f3n alimenticia"},"content":{"rendered":"\n<p>El diputado Francisco Javier Santos Arreola (PAN) propuso reformas al C\u00f3digo Penal del Estado de M\u00e9xico para incrementar las sanciones penales en contra de quien abandone a sus acreedores alimentarios, renuncie a su trabajo o simule insolvencia econ\u00f3mica para evitar cumplir sus obligaciones.<br>En este sentido, la iniciativa tambi\u00e9n impulsada por el diputado Enrique Vargas del Villar, coordinador legislativo del PAN en el Congreso local, se\u00f1ala que se aplicar\u00edan penas de hasta ocho a\u00f1os de prisi\u00f3n en contra de quien abandone a sus descendientes, ascendientes, c\u00f3nyuge, concubina, concubinario o acreedor alimentario, o bien, renuncie a su trabajo o simule insolvencia econ\u00f3mica. Las penas llegar\u00edan hasta los 10 a\u00f1os de c\u00e1rcel si se trata de reincidencia.<br>De acuerdo con la iniciativa, remitida a la Comisi\u00f3n de Procuraci\u00f3n y Administraci\u00f3n de Justicia, 93% de quienes incumplen estas responsabilidades son hombres que llegan incluso a renunciar a sus centros de trabajo con ingresos comprobables para evadir su obligaci\u00f3n de dar manutenci\u00f3n a sus hijos, por lo cual, el legislador Santos Arreola llam\u00f3 las y a los legisladores a agilizar la aprobaci\u00f3n de esta reforma pues este problema es parte de la cotidianidad de muchas personas.<br>Van por campa\u00f1as de reforestaci\u00f3n en los 125 municipios de nuestra entidad<br>Ante la urgencia de tomar acciones para garantizar la supervivencia de los bosques, preservar su biodiversidad y asegurar el bienestar de millones de personas que dependen de ellos en nuestra entidad, la diputada Miriam Escalona Pi\u00f1a (PAN) present\u00f3 un punto de acuerdo para que se le solicite al gobierno del Estado de M\u00e9xico genere una campa\u00f1a de reforestaci\u00f3n en los 125 municipios de nuestra entidad.<br>La iniciativa respaldada por el diputado Enrique Vargas de Villar, tambi\u00e9n plantea que se generen convenios que permitan la realizaci\u00f3n de un foro con expertos, acad\u00e9micos organizaciones de la sociedad civil, autoridades municipales, estatales, federales y cient\u00edficos para discutir los temas m\u00e1s apremiantes que afectan los bosques de la entidad y para explorar formas de acelerar la integraci\u00f3n de los bosques en la protecci\u00f3n del clima y la viabilidad de adaptaci\u00f3n de las especies a sembrar.<br>El punto de acuerdo fue remitido para su dictamen a las comisiones de Protecci\u00f3n Ambiental y Cambio Clim\u00e1tico, as\u00ed como Desarrollo Agropecuario y Forestal.<\/p>\n","protected":false},"excerpt":{"rendered":"<p>El diputado Javier Santos propuso sanciones de 8 y hasta 10 a\u00f1os de prisi\u00f3n en contra de quien renuncie a su empleo o simule insolvencia econ\u00f3mica para incumplir su obligaci\u00f3n.<\/p>\n","protected":false},"author":1,"featured_media":3644,"comment_status":"open","ping_status":"open","sticky":false,"template":"","format":"standard","meta":{"footnotes":""},"categories":[12],"tags":[238],"class_list":["post-3643","post","type-post","status-publish","format-standard","has-post-thumbnail","hentry","category-politica","tag-gppan"],"yoast_head":"<!-- This site is optimized with the Yoast SEO plugin v24.9 - https:\/\/yoast.com\/wordpress\/plugins\/seo\/ -->\n<title>Propone el GPPAN agravar penas de prisi\u00f3n por incumplir pensi\u00f3n alimenticia - 21 Panorama<\/title>\n<meta name=\"robots\" content=\"index, follow, max-snippet:-1, max-image-preview:large, max-video-preview:-1\" \/>\n<link rel=\"canonical\" href=\"https:\/\/21panorama.com\/index.php\/2022\/05\/04\/propone-el-gppan-agravar-penas-de-prision-por-incumplir-pension-alimenticia\/\" \/>\n<meta property=\"og:locale\" content=\"es_MX\" \/>\n<meta property=\"og:type\" content=\"article\" \/>\n<meta property=\"og:title\" content=\"Propone el GPPAN agravar penas de prisi\u00f3n por incumplir pensi\u00f3n alimenticia - 21 Panorama\" \/>\n<meta property=\"og:description\" content=\"El diputado Javier Santos propuso sanciones de 8 y hasta 10 a\u00f1os de prisi\u00f3n en contra de quien renuncie a su empleo o simule insolvencia econ\u00f3mica para incumplir su obligaci\u00f3n.\" \/>\n<meta property=\"og:url\" content=\"https:\/\/21panorama.com\/index.php\/2022\/05\/04\/propone-el-gppan-agravar-penas-de-prision-por-incumplir-pension-alimenticia\/\" \/>\n<meta property=\"og:site_name\" content=\"21 Panorama\" \/>\n<meta property=\"article:published_time\" content=\"2022-05-04T21:56:51+00:00\" \/>\n<meta property=\"article:modified_time\" content=\"2022-05-04T21:56:52+00:00\" \/>\n<meta property=\"og:image\" content=\"https:\/\/21panorama.com\/wp-content\/uploads\/2022\/05\/WhatsApp-Image-2022-05-04-at-12.58.19-PM.jpeg\" \/>\n\t<meta property=\"og:image:width\" content=\"1280\" \/>\n\t<meta property=\"og:image:height\" content=\"852\" \/>\n\t<meta property=\"og:image:type\" content=\"image\/jpeg\" \/>\n<meta name=\"author\" content=\"admin\" \/>\n<meta name=\"twitter:card\" content=\"summary_large_image\" \/>\n<meta name=\"twitter:label1\" content=\"Escrito por\" \/>\n\t<meta name=\"twitter:data1\" content=\"admin\" \/>\n\t<meta name=\"twitter:label2\" content=\"Tiempo de lectura\" \/>\n\t<meta name=\"twitter:data2\" content=\"2 minutos\" \/>\n<script type=\"application\/ld+json\" class=\"yoast-schema-graph\">{\"@context\":\"https:\/\/schema.org\",\"@graph\":[{\"@type\":\"Article\",\"@id\":\"https:\/\/21panorama.com\/index.php\/2022\/05\/04\/propone-el-gppan-agravar-penas-de-prision-por-incumplir-pension-alimenticia\/#article\",\"isPartOf\":{\"@id\":\"https:\/\/21panorama.com\/index.php\/2022\/05\/04\/propone-el-gppan-agravar-penas-de-prision-por-incumplir-pension-alimenticia\/\"},\"author\":{\"name\":\"admin\",\"@id\":\"https:\/\/21panorama.com\/#\/schema\/person\/1afc291b96d5792a158768324287319f\"},\"headline\":\"Propone el GPPAN agravar penas de prisi\u00f3n por incumplir pensi\u00f3n alimenticia\",\"datePublished\":\"2022-05-04T21:56:51+00:00\",\"dateModified\":\"2022-05-04T21:56:52+00:00\",\"mainEntityOfPage\":{\"@id\":\"https:\/\/21panorama.com\/index.php\/2022\/05\/04\/propone-el-gppan-agravar-penas-de-prision-por-incumplir-pension-alimenticia\/\"},\"wordCount\":412,\"commentCount\":0,\"publisher\":{\"@id\":\"https:\/\/21panorama.com\/#organization\"},\"image\":{\"@id\":\"https:\/\/21panorama.com\/index.php\/2022\/05\/04\/propone-el-gppan-agravar-penas-de-prision-por-incumplir-pension-alimenticia\/#primaryimage\"},\"thumbnailUrl\":\"https:\/\/21panorama.com\/wp-content\/uploads\/2022\/05\/WhatsApp-Image-2022-05-04-at-12.58.19-PM.jpeg\",\"keywords\":[\"GPPAN\"],\"articleSection\":[\"Politica\"],\"inLanguage\":\"es\",\"potentialAction\":[{\"@type\":\"CommentAction\",\"name\":\"Comment\",\"target\":[\"https:\/\/21panorama.com\/index.php\/2022\/05\/04\/propone-el-gppan-agravar-penas-de-prision-por-incumplir-pension-alimenticia\/#respond\"]}]},{\"@type\":\"WebPage\",\"@id\":\"https:\/\/21panorama.com\/index.php\/2022\/05\/04\/propone-el-gppan-agravar-penas-de-prision-por-incumplir-pension-alimenticia\/\",\"url\":\"https:\/\/21panorama.com\/index.php\/2022\/05\/04\/propone-el-gppan-agravar-penas-de-prision-por-incumplir-pension-alimenticia\/\",\"name\":\"Propone el GPPAN agravar penas de prisi\u00f3n por incumplir pensi\u00f3n alimenticia - 21 Panorama\",\"isPartOf\":{\"@id\":\"https:\/\/21panorama.com\/#website\"},\"primaryImageOfPage\":{\"@id\":\"https:\/\/21panorama.com\/index.php\/2022\/05\/04\/propone-el-gppan-agravar-penas-de-prision-por-incumplir-pension-alimenticia\/#primaryimage\"},\"image\":{\"@id\":\"https:\/\/21panorama.com\/index.php\/2022\/05\/04\/propone-el-gppan-agravar-penas-de-prision-por-incumplir-pension-alimenticia\/#primaryimage\"},\"thumbnailUrl\":\"https:\/\/21panorama.com\/wp-content\/uploads\/2022\/05\/WhatsApp-Image-2022-05-04-at-12.58.19-PM.jpeg\",\"datePublished\":\"2022-05-04T21:56:51+00:00\",\"dateModified\":\"2022-05-04T21:56:52+00:00\",\"breadcrumb\":{\"@id\":\"https:\/\/21panorama.com\/index.php\/2022\/05\/04\/propone-el-gppan-agravar-penas-de-prision-por-incumplir-pension-alimenticia\/#breadcrumb\"},\"inLanguage\":\"es\",\"potentialAction\":[{\"@type\":\"ReadAction\",\"target\":[\"https:\/\/21panorama.com\/index.php\/2022\/05\/04\/propone-el-gppan-agravar-penas-de-prision-por-incumplir-pension-alimenticia\/\"]}]},{\"@type\":\"ImageObject\",\"inLanguage\":\"es\",\"@id\":\"https:\/\/21panorama.com\/index.php\/2022\/05\/04\/propone-el-gppan-agravar-penas-de-prision-por-incumplir-pension-alimenticia\/#primaryimage\",\"url\":\"https:\/\/21panorama.com\/wp-content\/uploads\/2022\/05\/WhatsApp-Image-2022-05-04-at-12.58.19-PM.jpeg\",\"contentUrl\":\"https:\/\/21panorama.com\/wp-content\/uploads\/2022\/05\/WhatsApp-Image-2022-05-04-at-12.58.19-PM.jpeg\",\"width\":1280,\"height\":852},{\"@type\":\"BreadcrumbList\",\"@id\":\"https:\/\/21panorama.com\/index.php\/2022\/05\/04\/propone-el-gppan-agravar-penas-de-prision-por-incumplir-pension-alimenticia\/#breadcrumb\",\"itemListElement\":[{\"@type\":\"ListItem\",\"position\":1,\"name\":\"Inicio\",\"item\":\"https:\/\/21panorama.com\/\"},{\"@type\":\"ListItem\",\"position\":2,\"name\":\"Propone el GPPAN agravar penas de prisi\u00f3n por incumplir pensi\u00f3n alimenticia\"}]},{\"@type\":\"WebSite\",\"@id\":\"https:\/\/21panorama.com\/#website\",\"url\":\"https:\/\/21panorama.com\/\",\"name\":\"21 Panorama\",\"description\":\"La construcci\u00f3n de la opini\u00f3n p\u00fablica merece un mejor Panorama en este siglo 21 para alcanzar una sociedad con mayor transparencia y sin corrupci\u00f3n.\",\"publisher\":{\"@id\":\"https:\/\/21panorama.com\/#organization\"},\"potentialAction\":[{\"@type\":\"SearchAction\",\"target\":{\"@type\":\"EntryPoint\",\"urlTemplate\":\"https:\/\/21panorama.com\/?s={search_term_string}\"},\"query-input\":{\"@type\":\"PropertyValueSpecification\",\"valueRequired\":true,\"valueName\":\"search_term_string\"}}],\"inLanguage\":\"es\"},{\"@type\":\"Organization\",\"@id\":\"https:\/\/21panorama.com\/#organization\",\"name\":\"21 Panorama\",\"url\":\"https:\/\/21panorama.com\/\",\"logo\":{\"@type\":\"ImageObject\",\"inLanguage\":\"es\",\"@id\":\"https:\/\/21panorama.com\/#\/schema\/logo\/image\/\",\"url\":\"https:\/\/21panorama.com\/wp-content\/uploads\/2019\/07\/cropped-Logo-Panorama-01.jpeg\",\"contentUrl\":\"https:\/\/21panorama.com\/wp-content\/uploads\/2019\/07\/cropped-Logo-Panorama-01.jpeg\",\"width\":290,\"height\":70,\"caption\":\"21 Panorama\"},\"image\":{\"@id\":\"https:\/\/21panorama.com\/#\/schema\/logo\/image\/\"}},{\"@type\":\"Person\",\"@id\":\"https:\/\/21panorama.com\/#\/schema\/person\/1afc291b96d5792a158768324287319f\",\"name\":\"admin\",\"image\":{\"@type\":\"ImageObject\",\"inLanguage\":\"es\",\"@id\":\"https:\/\/21panorama.com\/#\/schema\/person\/image\/\",\"url\":\"https:\/\/secure.gravatar.com\/avatar\/ad365d9d9f46719215b0d042cc3df92a5a8683e09ef13d102233e5491985f0f0?s=96&d=mm&r=g\",\"contentUrl\":\"https:\/\/secure.gravatar.com\/avatar\/ad365d9d9f46719215b0d042cc3df92a5a8683e09ef13d102233e5491985f0f0?s=96&d=mm&r=g\",\"caption\":\"admin\"},\"url\":\"https:\/\/21panorama.com\/index.php\/author\/admin\/\"}]}<\/script>\n<!-- \/ Yoast SEO plugin. -->","yoast_head_json":{"title":"Propone el GPPAN agravar penas de prisi\u00f3n por incumplir pensi\u00f3n alimenticia - 21 Panorama","robots":{"index":"index","follow":"follow","max-snippet":"max-snippet:-1","max-image-preview":"max-image-preview:large","max-video-preview":"max-video-preview:-1"},"canonical":"https:\/\/21panorama.com\/index.php\/2022\/05\/04\/propone-el-gppan-agravar-penas-de-prision-por-incumplir-pension-alimenticia\/","og_locale":"es_MX","og_type":"article","og_title":"Propone el GPPAN agravar penas de prisi\u00f3n por incumplir pensi\u00f3n alimenticia - 21 Panorama","og_description":"El diputado Javier Santos propuso sanciones de 8 y hasta 10 a\u00f1os de prisi\u00f3n en contra de quien renuncie a su empleo o simule insolvencia econ\u00f3mica para incumplir su obligaci\u00f3n.","og_url":"https:\/\/21panorama.com\/index.php\/2022\/05\/04\/propone-el-gppan-agravar-penas-de-prision-por-incumplir-pension-alimenticia\/","og_site_name":"21 Panorama","article_published_time":"2022-05-04T21:56:51+00:00","article_modified_time":"2022-05-04T21:56:52+00:00","og_image":[{"width":1280,"height":852,"url":"https:\/\/21panorama.com\/wp-content\/uploads\/2022\/05\/WhatsApp-Image-2022-05-04-at-12.58.19-PM.jpeg","type":"image\/jpeg"}],"author":"admin","twitter_card":"summary_large_image","twitter_misc":{"Escrito por":"admin","Tiempo de lectura":"2 minutos"},"schema":{"@context":"https:\/\/schema.org","@graph":[{"@type":"Article","@id":"https:\/\/21panorama.com\/index.php\/2022\/05\/04\/propone-el-gppan-agravar-penas-de-prision-por-incumplir-pension-alimenticia\/#article","isPartOf":{"@id":"https:\/\/21panorama.com\/index.php\/2022\/05\/04\/propone-el-gppan-agravar-penas-de-prision-por-incumplir-pension-alimenticia\/"},"author":{"name":"admin","@id":"https:\/\/21panorama.com\/#\/schema\/person\/1afc291b96d5792a158768324287319f"},"headline":"Propone el GPPAN agravar penas de prisi\u00f3n por incumplir pensi\u00f3n alimenticia","datePublished":"2022-05-04T21:56:51+00:00","dateModified":"2022-05-04T21:56:52+00:00","mainEntityOfPage":{"@id":"https:\/\/21panorama.com\/index.php\/2022\/05\/04\/propone-el-gppan-agravar-penas-de-prision-por-incumplir-pension-alimenticia\/"},"wordCount":412,"commentCount":0,"publisher":{"@id":"https:\/\/21panorama.com\/#organization"},"image":{"@id":"https:\/\/21panorama.com\/index.php\/2022\/05\/04\/propone-el-gppan-agravar-penas-de-prision-por-incumplir-pension-alimenticia\/#primaryimage"},"thumbnailUrl":"https:\/\/21panorama.com\/wp-content\/uploads\/2022\/05\/WhatsApp-Image-2022-05-04-at-12.58.19-PM.jpeg","keywords":["GPPAN"],"articleSection":["Politica"],"inLanguage":"es","potentialAction":[{"@type":"CommentAction","name":"Comment","target":["https:\/\/21panorama.com\/index.php\/2022\/05\/04\/propone-el-gppan-agravar-penas-de-prision-por-incumplir-pension-alimenticia\/#respond"]}]},{"@type":"WebPage","@id":"https:\/\/21panorama.com\/index.php\/2022\/05\/04\/propone-el-gppan-agravar-penas-de-prision-por-incumplir-pension-alimenticia\/","url":"https:\/\/21panorama.com\/index.php\/2022\/05\/04\/propone-el-gppan-agravar-penas-de-prision-por-incumplir-pension-alimenticia\/","name":"Propone el GPPAN agravar penas de prisi\u00f3n por incumplir pensi\u00f3n alimenticia - 21 Panorama","isPartOf":{"@id":"https:\/\/21panorama.com\/#website"},"primaryImageOfPage":{"@id":"https:\/\/21panorama.com\/index.php\/2022\/05\/04\/propone-el-gppan-agravar-penas-de-prision-por-incumplir-pension-alimenticia\/#primaryimage"},"image":{"@id":"https:\/\/21panorama.com\/index.php\/2022\/05\/04\/propone-el-gppan-agravar-penas-de-prision-por-incumplir-pension-alimenticia\/#primaryimage"},"thumbnailUrl":"https:\/\/21panorama.com\/wp-content\/uploads\/2022\/05\/WhatsApp-Image-2022-05-04-at-12.58.19-PM.jpeg","datePublished":"2022-05-04T21:56:51+00:00","dateModified":"2022-05-04T21:56:52+00:00","breadcrumb":{"@id":"https:\/\/21panorama.com\/index.php\/2022\/05\/04\/propone-el-gppan-agravar-penas-de-prision-por-incumplir-pension-alimenticia\/#breadcrumb"},"inLanguage":"es","potentialAction":[{"@type":"ReadAction","target":["https:\/\/21panorama.com\/index.php\/2022\/05\/04\/propone-el-gppan-agravar-penas-de-prision-por-incumplir-pension-alimenticia\/"]}]},{"@type":"ImageObject","inLanguage":"es","@id":"https:\/\/21panorama.com\/index.php\/2022\/05\/04\/propone-el-gppan-agravar-penas-de-prision-por-incumplir-pension-alimenticia\/#primaryimage","url":"https:\/\/21panorama.com\/wp-content\/uploads\/2022\/05\/WhatsApp-Image-2022-05-04-at-12.58.19-PM.jpeg","contentUrl":"https:\/\/21panorama.com\/wp-content\/uploads\/2022\/05\/WhatsApp-Image-2022-05-04-at-12.58.19-PM.jpeg","width":1280,"height":852},{"@type":"BreadcrumbList","@id":"https:\/\/21panorama.com\/index.php\/2022\/05\/04\/propone-el-gppan-agravar-penas-de-prision-por-incumplir-pension-alimenticia\/#breadcrumb","itemListElement":[{"@type":"ListItem","position":1,"name":"Inicio","item":"https:\/\/21panorama.com\/"},{"@type":"ListItem","position":2,"name":"Propone el GPPAN agravar penas de prisi\u00f3n por incumplir pensi\u00f3n alimenticia"}]},{"@type":"WebSite","@id":"https:\/\/21panorama.com\/#website","url":"https:\/\/21panorama.com\/","name":"21 Panorama","description":"La construcci\u00f3n de la opini\u00f3n p\u00fablica merece un mejor Panorama en este siglo 21 para alcanzar una sociedad con mayor transparencia y sin corrupci\u00f3n.","publisher":{"@id":"https:\/\/21panorama.com\/#organization"},"potentialAction":[{"@type":"SearchAction","target":{"@type":"EntryPoint","urlTemplate":"https:\/\/21panorama.com\/?s={search_term_string}"},"query-input":{"@type":"PropertyValueSpecification","valueRequired":true,"valueName":"search_term_string"}}],"inLanguage":"es"},{"@type":"Organization","@id":"https:\/\/21panorama.com\/#organization","name":"21 Panorama","url":"https:\/\/21panorama.com\/","logo":{"@type":"ImageObject","inLanguage":"es","@id":"https:\/\/21panorama.com\/#\/schema\/logo\/image\/","url":"https:\/\/21panorama.com\/wp-content\/uploads\/2019\/07\/cropped-Logo-Panorama-01.jpeg","contentUrl":"https:\/\/21panorama.com\/wp-content\/uploads\/2019\/07\/cropped-Logo-Panorama-01.jpeg","width":290,"height":70,"caption":"21 Panorama"},"image":{"@id":"https:\/\/21panorama.com\/#\/schema\/logo\/image\/"}},{"@type":"Person","@id":"https:\/\/21panorama.com\/#\/schema\/person\/1afc291b96d5792a158768324287319f","name":"admin","image":{"@type":"ImageObject","inLanguage":"es","@id":"https:\/\/21panorama.com\/#\/schema\/person\/image\/","url":"https:\/\/secure.gravatar.com\/avatar\/ad365d9d9f46719215b0d042cc3df92a5a8683e09ef13d102233e5491985f0f0?s=96&d=mm&r=g","contentUrl":"https:\/\/secure.gravatar.com\/avatar\/ad365d9d9f46719215b0d042cc3df92a5a8683e09ef13d102233e5491985f0f0?s=96&d=mm&r=g","caption":"admin"},"url":"https:\/\/21panorama.com\/index.php\/author\/admin\/"}]}},"_links":{"self":[{"href":"https:\/\/21panorama.com\/index.php\/wp-json\/wp\/v2\/posts\/3643","targetHints":{"allow":["GET"]}}],"collection":[{"href":"https:\/\/21panorama.com\/index.php\/wp-json\/wp\/v2\/posts"}],"about":[{"href":"https:\/\/21panorama.com\/index.php\/wp-json\/wp\/v2\/types\/post"}],"author":[{"embeddable":true,"href":"https:\/\/21panorama.com\/index.php\/wp-json\/wp\/v2\/users\/1"}],"replies":[{"embeddable":true,"href":"https:\/\/21panorama.com\/index.php\/wp-json\/wp\/v2\/comments?post=3643"}],"version-history":[{"count":1,"href":"https:\/\/21panorama.com\/index.php\/wp-json\/wp\/v2\/posts\/3643\/revisions"}],"predecessor-version":[{"id":3645,"href":"https:\/\/21panorama.com\/index.php\/wp-json\/wp\/v2\/posts\/3643\/revisions\/3645"}],"wp:featuredmedia":[{"embeddable":true,"href":"https:\/\/21panorama.com\/index.php\/wp-json\/wp\/v2\/media\/3644"}],"wp:attachment":[{"href":"https:\/\/21panorama.com\/index.php\/wp-json\/wp\/v2\/media?parent=3643"}],"wp:term":[{"taxonomy":"category","embeddable":true,"href":"https:\/\/21panorama.com\/index.php\/wp-json\/wp\/v2\/categories?post=3643"},{"taxonomy":"post_tag","embeddable":true,"href":"https:\/\/21panorama.com\/index.php\/wp-json\/wp\/v2\/tags?post=3643"}],"curies":[{"name":"wp","href":"https:\/\/api.w.org\/{rel}","templated":true}]}}