{"id":3625,"date":"2022-05-04T16:39:17","date_gmt":"2022-05-04T21:39:17","guid":{"rendered":"https:\/\/21panorama.com\/?p=3625"},"modified":"2022-05-04T16:39:19","modified_gmt":"2022-05-04T21:39:19","slug":"aculco-en-permanente-arranque-de-obras","status":"publish","type":"post","link":"https:\/\/21panorama.com\/index.php\/2022\/05\/04\/aculco-en-permanente-arranque-de-obras\/","title":{"rendered":"Aculco en Permanente Arranque de Obras"},"content":{"rendered":"\n<p>Jurica y Los Cedros fueron las comunidades beneficiadas con inversi\u00f3n que se destin\u00f3 a la construcci\u00f3n de pavimento hidr\u00e1ulico con el fin de mejorar las condiciones de vida de la comunidad.<\/p>\n\n\n\n<p>El presidente municipal de Aculco Jorge Osornio Victoria lleg\u00f3 a ambas comunidades con el cami\u00f3n revolvedora para colocar el encementado que permitir\u00e1 a la gente caminar sin mayor dificultada en tiempo de lluvias.<\/p>\n\n\n\n<p>Las obras de pavimento se realizaron con recursos que se autorizan desde el Cabildo, dijo el alcalde al agradecer la presencia de delegados municipales y ciudadanos en general.<\/p>\n\n\n\n<p>Dej\u00f3 en claro que seguir\u00e1n gestionando y tocando puertas para dar resultados que merecen sus vecinos en materia de obras p\u00fablicas y servicios.<\/p>\n\n\n\n<figure class=\"wp-block-gallery columns-2 is-cropped wp-block-gallery-1 is-layout-flex wp-block-gallery-is-layout-flex\"><ul class=\"blocks-gallery-grid\"><li class=\"blocks-gallery-item\"><figure><img decoding=\"async\" width=\"1024\" height=\"768\" src=\"https:\/\/21panorama.com\/wp-content\/uploads\/2022\/05\/WhatsApp-Image-2022-05-02-at-6.04.55-PM.jpeg\" alt=\"\" data-id=\"3627\" data-link=\"https:\/\/21panorama.com\/?attachment_id=3627\" class=\"wp-image-3627\" srcset=\"https:\/\/21panorama.com\/wp-content\/uploads\/2022\/05\/WhatsApp-Image-2022-05-02-at-6.04.55-PM.jpeg 1024w, https:\/\/21panorama.com\/wp-content\/uploads\/2022\/05\/WhatsApp-Image-2022-05-02-at-6.04.55-PM-300x225.jpeg 300w, https:\/\/21panorama.com\/wp-content\/uploads\/2022\/05\/WhatsApp-Image-2022-05-02-at-6.04.55-PM-768x576.jpeg 768w\" sizes=\"(max-width: 1024px) 100vw, 1024px\" \/><\/figure><\/li><li class=\"blocks-gallery-item\"><figure><img decoding=\"async\" width=\"1024\" height=\"768\" src=\"https:\/\/21panorama.com\/wp-content\/uploads\/2022\/05\/WhatsApp-Image-2022-05-02-at-6.04.26-PM.jpeg\" alt=\"\" data-id=\"3628\" data-full-url=\"https:\/\/21panorama.com\/wp-content\/uploads\/2022\/05\/WhatsApp-Image-2022-05-02-at-6.04.26-PM.jpeg\" data-link=\"https:\/\/21panorama.com\/?attachment_id=3628\" class=\"wp-image-3628\" srcset=\"https:\/\/21panorama.com\/wp-content\/uploads\/2022\/05\/WhatsApp-Image-2022-05-02-at-6.04.26-PM.jpeg 1024w, https:\/\/21panorama.com\/wp-content\/uploads\/2022\/05\/WhatsApp-Image-2022-05-02-at-6.04.26-PM-300x225.jpeg 300w, https:\/\/21panorama.com\/wp-content\/uploads\/2022\/05\/WhatsApp-Image-2022-05-02-at-6.04.26-PM-768x576.jpeg 768w\" sizes=\"(max-width: 1024px) 100vw, 1024px\" \/><\/figure><\/li><\/ul><\/figure>\n","protected":false},"excerpt":{"rendered":"<p>Jurica y Los Cedros fueron las comunidades beneficiadas con inversi\u00f3n que se destin\u00f3 a la construcci\u00f3n de pavimento hidr\u00e1ulico con el fin de mejorar las condiciones de vida de la comunidad.  <\/p>\n","protected":false},"author":1,"featured_media":3626,"comment_status":"open","ping_status":"open","sticky":false,"template":"","format":"standard","meta":{"footnotes":""},"categories":[1],"tags":[166],"class_list":["post-3625","post","type-post","status-publish","format-standard","has-post-thumbnail","hentry","category-sociedad","tag-aculco"],"yoast_head":"<!-- This site is optimized with the Yoast SEO plugin v24.9 - https:\/\/yoast.com\/wordpress\/plugins\/seo\/ -->\n<title>Aculco en Permanente Arranque de Obras - 21 Panorama<\/title>\n<meta name=\"robots\" content=\"index, follow, max-snippet:-1, max-image-preview:large, max-video-preview:-1\" \/>\n<link rel=\"canonical\" href=\"https:\/\/21panorama.com\/index.php\/2022\/05\/04\/aculco-en-permanente-arranque-de-obras\/\" \/>\n<meta property=\"og:locale\" content=\"es_MX\" \/>\n<meta property=\"og:type\" content=\"article\" \/>\n<meta property=\"og:title\" content=\"Aculco en Permanente Arranque de Obras - 21 Panorama\" \/>\n<meta property=\"og:description\" content=\"Jurica y Los Cedros fueron las comunidades beneficiadas con inversi\u00f3n que se destin\u00f3 a la construcci\u00f3n de pavimento hidr\u00e1ulico con el fin de mejorar las condiciones de vida de la comunidad.\" \/>\n<meta property=\"og:url\" content=\"https:\/\/21panorama.com\/index.php\/2022\/05\/04\/aculco-en-permanente-arranque-de-obras\/\" \/>\n<meta property=\"og:site_name\" content=\"21 Panorama\" \/>\n<meta property=\"article:published_time\" content=\"2022-05-04T21:39:17+00:00\" \/>\n<meta property=\"article:modified_time\" content=\"2022-05-04T21:39:19+00:00\" \/>\n<meta property=\"og:image\" content=\"https:\/\/21panorama.com\/wp-content\/uploads\/2022\/05\/WhatsApp-Image-2022-05-02-at-6.04.04-PM.jpeg\" \/>\n\t<meta property=\"og:image:width\" content=\"1024\" \/>\n\t<meta property=\"og:image:height\" content=\"768\" \/>\n\t<meta property=\"og:image:type\" content=\"image\/jpeg\" \/>\n<meta name=\"author\" content=\"admin\" \/>\n<meta name=\"twitter:card\" content=\"summary_large_image\" \/>\n<meta name=\"twitter:label1\" content=\"Escrito por\" \/>\n\t<meta name=\"twitter:data1\" content=\"admin\" \/>\n\t<meta name=\"twitter:label2\" content=\"Tiempo de lectura\" \/>\n\t<meta name=\"twitter:data2\" content=\"1 minuto\" \/>\n<script type=\"application\/ld+json\" class=\"yoast-schema-graph\">{\"@context\":\"https:\/\/schema.org\",\"@graph\":[{\"@type\":\"Article\",\"@id\":\"https:\/\/21panorama.com\/index.php\/2022\/05\/04\/aculco-en-permanente-arranque-de-obras\/#article\",\"isPartOf\":{\"@id\":\"https:\/\/21panorama.com\/index.php\/2022\/05\/04\/aculco-en-permanente-arranque-de-obras\/\"},\"author\":{\"name\":\"admin\",\"@id\":\"https:\/\/21panorama.com\/#\/schema\/person\/1afc291b96d5792a158768324287319f\"},\"headline\":\"Aculco en Permanente Arranque de Obras\",\"datePublished\":\"2022-05-04T21:39:17+00:00\",\"dateModified\":\"2022-05-04T21:39:19+00:00\",\"mainEntityOfPage\":{\"@id\":\"https:\/\/21panorama.com\/index.php\/2022\/05\/04\/aculco-en-permanente-arranque-de-obras\/\"},\"wordCount\":127,\"commentCount\":0,\"publisher\":{\"@id\":\"https:\/\/21panorama.com\/#organization\"},\"image\":{\"@id\":\"https:\/\/21panorama.com\/index.php\/2022\/05\/04\/aculco-en-permanente-arranque-de-obras\/#primaryimage\"},\"thumbnailUrl\":\"https:\/\/21panorama.com\/wp-content\/uploads\/2022\/05\/WhatsApp-Image-2022-05-02-at-6.04.04-PM.jpeg\",\"keywords\":[\"aculco\"],\"articleSection\":[\"Sociedad\"],\"inLanguage\":\"es\",\"potentialAction\":[{\"@type\":\"CommentAction\",\"name\":\"Comment\",\"target\":[\"https:\/\/21panorama.com\/index.php\/2022\/05\/04\/aculco-en-permanente-arranque-de-obras\/#respond\"]}]},{\"@type\":\"WebPage\",\"@id\":\"https:\/\/21panorama.com\/index.php\/2022\/05\/04\/aculco-en-permanente-arranque-de-obras\/\",\"url\":\"https:\/\/21panorama.com\/index.php\/2022\/05\/04\/aculco-en-permanente-arranque-de-obras\/\",\"name\":\"Aculco en Permanente Arranque de Obras - 21 Panorama\",\"isPartOf\":{\"@id\":\"https:\/\/21panorama.com\/#website\"},\"primaryImageOfPage\":{\"@id\":\"https:\/\/21panorama.com\/index.php\/2022\/05\/04\/aculco-en-permanente-arranque-de-obras\/#primaryimage\"},\"image\":{\"@id\":\"https:\/\/21panorama.com\/index.php\/2022\/05\/04\/aculco-en-permanente-arranque-de-obras\/#primaryimage\"},\"thumbnailUrl\":\"https:\/\/21panorama.com\/wp-content\/uploads\/2022\/05\/WhatsApp-Image-2022-05-02-at-6.04.04-PM.jpeg\",\"datePublished\":\"2022-05-04T21:39:17+00:00\",\"dateModified\":\"2022-05-04T21:39:19+00:00\",\"breadcrumb\":{\"@id\":\"https:\/\/21panorama.com\/index.php\/2022\/05\/04\/aculco-en-permanente-arranque-de-obras\/#breadcrumb\"},\"inLanguage\":\"es\",\"potentialAction\":[{\"@type\":\"ReadAction\",\"target\":[\"https:\/\/21panorama.com\/index.php\/2022\/05\/04\/aculco-en-permanente-arranque-de-obras\/\"]}]},{\"@type\":\"ImageObject\",\"inLanguage\":\"es\",\"@id\":\"https:\/\/21panorama.com\/index.php\/2022\/05\/04\/aculco-en-permanente-arranque-de-obras\/#primaryimage\",\"url\":\"https:\/\/21panorama.com\/wp-content\/uploads\/2022\/05\/WhatsApp-Image-2022-05-02-at-6.04.04-PM.jpeg\",\"contentUrl\":\"https:\/\/21panorama.com\/wp-content\/uploads\/2022\/05\/WhatsApp-Image-2022-05-02-at-6.04.04-PM.jpeg\",\"width\":1024,\"height\":768},{\"@type\":\"BreadcrumbList\",\"@id\":\"https:\/\/21panorama.com\/index.php\/2022\/05\/04\/aculco-en-permanente-arranque-de-obras\/#breadcrumb\",\"itemListElement\":[{\"@type\":\"ListItem\",\"position\":1,\"name\":\"Inicio\",\"item\":\"https:\/\/21panorama.com\/\"},{\"@type\":\"ListItem\",\"position\":2,\"name\":\"Aculco en Permanente Arranque de Obras\"}]},{\"@type\":\"WebSite\",\"@id\":\"https:\/\/21panorama.com\/#website\",\"url\":\"https:\/\/21panorama.com\/\",\"name\":\"21 Panorama\",\"description\":\"La construcci\u00f3n de la opini\u00f3n p\u00fablica merece un mejor Panorama en este siglo 21 para alcanzar una sociedad con mayor transparencia y sin corrupci\u00f3n.\",\"publisher\":{\"@id\":\"https:\/\/21panorama.com\/#organization\"},\"potentialAction\":[{\"@type\":\"SearchAction\",\"target\":{\"@type\":\"EntryPoint\",\"urlTemplate\":\"https:\/\/21panorama.com\/?s={search_term_string}\"},\"query-input\":{\"@type\":\"PropertyValueSpecification\",\"valueRequired\":true,\"valueName\":\"search_term_string\"}}],\"inLanguage\":\"es\"},{\"@type\":\"Organization\",\"@id\":\"https:\/\/21panorama.com\/#organization\",\"name\":\"21 Panorama\",\"url\":\"https:\/\/21panorama.com\/\",\"logo\":{\"@type\":\"ImageObject\",\"inLanguage\":\"es\",\"@id\":\"https:\/\/21panorama.com\/#\/schema\/logo\/image\/\",\"url\":\"https:\/\/21panorama.com\/wp-content\/uploads\/2019\/07\/cropped-Logo-Panorama-01.jpeg\",\"contentUrl\":\"https:\/\/21panorama.com\/wp-content\/uploads\/2019\/07\/cropped-Logo-Panorama-01.jpeg\",\"width\":290,\"height\":70,\"caption\":\"21 Panorama\"},\"image\":{\"@id\":\"https:\/\/21panorama.com\/#\/schema\/logo\/image\/\"}},{\"@type\":\"Person\",\"@id\":\"https:\/\/21panorama.com\/#\/schema\/person\/1afc291b96d5792a158768324287319f\",\"name\":\"admin\",\"image\":{\"@type\":\"ImageObject\",\"inLanguage\":\"es\",\"@id\":\"https:\/\/21panorama.com\/#\/schema\/person\/image\/\",\"url\":\"https:\/\/secure.gravatar.com\/avatar\/ad365d9d9f46719215b0d042cc3df92a5a8683e09ef13d102233e5491985f0f0?s=96&d=mm&r=g\",\"contentUrl\":\"https:\/\/secure.gravatar.com\/avatar\/ad365d9d9f46719215b0d042cc3df92a5a8683e09ef13d102233e5491985f0f0?s=96&d=mm&r=g\",\"caption\":\"admin\"},\"url\":\"https:\/\/21panorama.com\/index.php\/author\/admin\/\"}]}<\/script>\n<!-- \/ Yoast SEO plugin. -->","yoast_head_json":{"title":"Aculco en Permanente Arranque de Obras - 21 Panorama","robots":{"index":"index","follow":"follow","max-snippet":"max-snippet:-1","max-image-preview":"max-image-preview:large","max-video-preview":"max-video-preview:-1"},"canonical":"https:\/\/21panorama.com\/index.php\/2022\/05\/04\/aculco-en-permanente-arranque-de-obras\/","og_locale":"es_MX","og_type":"article","og_title":"Aculco en Permanente Arranque de Obras - 21 Panorama","og_description":"Jurica y Los Cedros fueron las comunidades beneficiadas con inversi\u00f3n que se destin\u00f3 a la construcci\u00f3n de pavimento hidr\u00e1ulico con el fin de mejorar las condiciones de vida de la comunidad.","og_url":"https:\/\/21panorama.com\/index.php\/2022\/05\/04\/aculco-en-permanente-arranque-de-obras\/","og_site_name":"21 Panorama","article_published_time":"2022-05-04T21:39:17+00:00","article_modified_time":"2022-05-04T21:39:19+00:00","og_image":[{"width":1024,"height":768,"url":"https:\/\/21panorama.com\/wp-content\/uploads\/2022\/05\/WhatsApp-Image-2022-05-02-at-6.04.04-PM.jpeg","type":"image\/jpeg"}],"author":"admin","twitter_card":"summary_large_image","twitter_misc":{"Escrito por":"admin","Tiempo de lectura":"1 minuto"},"schema":{"@context":"https:\/\/schema.org","@graph":[{"@type":"Article","@id":"https:\/\/21panorama.com\/index.php\/2022\/05\/04\/aculco-en-permanente-arranque-de-obras\/#article","isPartOf":{"@id":"https:\/\/21panorama.com\/index.php\/2022\/05\/04\/aculco-en-permanente-arranque-de-obras\/"},"author":{"name":"admin","@id":"https:\/\/21panorama.com\/#\/schema\/person\/1afc291b96d5792a158768324287319f"},"headline":"Aculco en Permanente Arranque de Obras","datePublished":"2022-05-04T21:39:17+00:00","dateModified":"2022-05-04T21:39:19+00:00","mainEntityOfPage":{"@id":"https:\/\/21panorama.com\/index.php\/2022\/05\/04\/aculco-en-permanente-arranque-de-obras\/"},"wordCount":127,"commentCount":0,"publisher":{"@id":"https:\/\/21panorama.com\/#organization"},"image":{"@id":"https:\/\/21panorama.com\/index.php\/2022\/05\/04\/aculco-en-permanente-arranque-de-obras\/#primaryimage"},"thumbnailUrl":"https:\/\/21panorama.com\/wp-content\/uploads\/2022\/05\/WhatsApp-Image-2022-05-02-at-6.04.04-PM.jpeg","keywords":["aculco"],"articleSection":["Sociedad"],"inLanguage":"es","potentialAction":[{"@type":"CommentAction","name":"Comment","target":["https:\/\/21panorama.com\/index.php\/2022\/05\/04\/aculco-en-permanente-arranque-de-obras\/#respond"]}]},{"@type":"WebPage","@id":"https:\/\/21panorama.com\/index.php\/2022\/05\/04\/aculco-en-permanente-arranque-de-obras\/","url":"https:\/\/21panorama.com\/index.php\/2022\/05\/04\/aculco-en-permanente-arranque-de-obras\/","name":"Aculco en Permanente Arranque de Obras - 21 Panorama","isPartOf":{"@id":"https:\/\/21panorama.com\/#website"},"primaryImageOfPage":{"@id":"https:\/\/21panorama.com\/index.php\/2022\/05\/04\/aculco-en-permanente-arranque-de-obras\/#primaryimage"},"image":{"@id":"https:\/\/21panorama.com\/index.php\/2022\/05\/04\/aculco-en-permanente-arranque-de-obras\/#primaryimage"},"thumbnailUrl":"https:\/\/21panorama.com\/wp-content\/uploads\/2022\/05\/WhatsApp-Image-2022-05-02-at-6.04.04-PM.jpeg","datePublished":"2022-05-04T21:39:17+00:00","dateModified":"2022-05-04T21:39:19+00:00","breadcrumb":{"@id":"https:\/\/21panorama.com\/index.php\/2022\/05\/04\/aculco-en-permanente-arranque-de-obras\/#breadcrumb"},"inLanguage":"es","potentialAction":[{"@type":"ReadAction","target":["https:\/\/21panorama.com\/index.php\/2022\/05\/04\/aculco-en-permanente-arranque-de-obras\/"]}]},{"@type":"ImageObject","inLanguage":"es","@id":"https:\/\/21panorama.com\/index.php\/2022\/05\/04\/aculco-en-permanente-arranque-de-obras\/#primaryimage","url":"https:\/\/21panorama.com\/wp-content\/uploads\/2022\/05\/WhatsApp-Image-2022-05-02-at-6.04.04-PM.jpeg","contentUrl":"https:\/\/21panorama.com\/wp-content\/uploads\/2022\/05\/WhatsApp-Image-2022-05-02-at-6.04.04-PM.jpeg","width":1024,"height":768},{"@type":"BreadcrumbList","@id":"https:\/\/21panorama.com\/index.php\/2022\/05\/04\/aculco-en-permanente-arranque-de-obras\/#breadcrumb","itemListElement":[{"@type":"ListItem","position":1,"name":"Inicio","item":"https:\/\/21panorama.com\/"},{"@type":"ListItem","position":2,"name":"Aculco en Permanente Arranque de Obras"}]},{"@type":"WebSite","@id":"https:\/\/21panorama.com\/#website","url":"https:\/\/21panorama.com\/","name":"21 Panorama","description":"La construcci\u00f3n de la opini\u00f3n p\u00fablica merece un mejor Panorama en este siglo 21 para alcanzar una sociedad con mayor transparencia y sin corrupci\u00f3n.","publisher":{"@id":"https:\/\/21panorama.com\/#organization"},"potentialAction":[{"@type":"SearchAction","target":{"@type":"EntryPoint","urlTemplate":"https:\/\/21panorama.com\/?s={search_term_string}"},"query-input":{"@type":"PropertyValueSpecification","valueRequired":true,"valueName":"search_term_string"}}],"inLanguage":"es"},{"@type":"Organization","@id":"https:\/\/21panorama.com\/#organization","name":"21 Panorama","url":"https:\/\/21panorama.com\/","logo":{"@type":"ImageObject","inLanguage":"es","@id":"https:\/\/21panorama.com\/#\/schema\/logo\/image\/","url":"https:\/\/21panorama.com\/wp-content\/uploads\/2019\/07\/cropped-Logo-Panorama-01.jpeg","contentUrl":"https:\/\/21panorama.com\/wp-content\/uploads\/2019\/07\/cropped-Logo-Panorama-01.jpeg","width":290,"height":70,"caption":"21 Panorama"},"image":{"@id":"https:\/\/21panorama.com\/#\/schema\/logo\/image\/"}},{"@type":"Person","@id":"https:\/\/21panorama.com\/#\/schema\/person\/1afc291b96d5792a158768324287319f","name":"admin","image":{"@type":"ImageObject","inLanguage":"es","@id":"https:\/\/21panorama.com\/#\/schema\/person\/image\/","url":"https:\/\/secure.gravatar.com\/avatar\/ad365d9d9f46719215b0d042cc3df92a5a8683e09ef13d102233e5491985f0f0?s=96&d=mm&r=g","contentUrl":"https:\/\/secure.gravatar.com\/avatar\/ad365d9d9f46719215b0d042cc3df92a5a8683e09ef13d102233e5491985f0f0?s=96&d=mm&r=g","caption":"admin"},"url":"https:\/\/21panorama.com\/index.php\/author\/admin\/"}]}},"_links":{"self":[{"href":"https:\/\/21panorama.com\/index.php\/wp-json\/wp\/v2\/posts\/3625","targetHints":{"allow":["GET"]}}],"collection":[{"href":"https:\/\/21panorama.com\/index.php\/wp-json\/wp\/v2\/posts"}],"about":[{"href":"https:\/\/21panorama.com\/index.php\/wp-json\/wp\/v2\/types\/post"}],"author":[{"embeddable":true,"href":"https:\/\/21panorama.com\/index.php\/wp-json\/wp\/v2\/users\/1"}],"replies":[{"embeddable":true,"href":"https:\/\/21panorama.com\/index.php\/wp-json\/wp\/v2\/comments?post=3625"}],"version-history":[{"count":1,"href":"https:\/\/21panorama.com\/index.php\/wp-json\/wp\/v2\/posts\/3625\/revisions"}],"predecessor-version":[{"id":3629,"href":"https:\/\/21panorama.com\/index.php\/wp-json\/wp\/v2\/posts\/3625\/revisions\/3629"}],"wp:featuredmedia":[{"embeddable":true,"href":"https:\/\/21panorama.com\/index.php\/wp-json\/wp\/v2\/media\/3626"}],"wp:attachment":[{"href":"https:\/\/21panorama.com\/index.php\/wp-json\/wp\/v2\/media?parent=3625"}],"wp:term":[{"taxonomy":"category","embeddable":true,"href":"https:\/\/21panorama.com\/index.php\/wp-json\/wp\/v2\/categories?post=3625"},{"taxonomy":"post_tag","embeddable":true,"href":"https:\/\/21panorama.com\/index.php\/wp-json\/wp\/v2\/tags?post=3625"}],"curies":[{"name":"wp","href":"https:\/\/api.w.org\/{rel}","templated":true}]}}