{"id":3613,"date":"2022-05-02T12:15:46","date_gmt":"2022-05-02T17:15:46","guid":{"rendered":"https:\/\/21panorama.com\/?p=3613"},"modified":"2022-05-02T12:15:48","modified_gmt":"2022-05-02T17:15:48","slug":"eric-sevilla-llama-a-la-militancia-a-la-unidad-al-trabajo-y-a-construir-patria","status":"publish","type":"post","link":"https:\/\/21panorama.com\/index.php\/2022\/05\/02\/eric-sevilla-llama-a-la-militancia-a-la-unidad-al-trabajo-y-a-construir-patria\/","title":{"rendered":"ERIC SEVILLA LLAMA A LA MILITANCIA A LA UNIDAD, AL TRABAJO Y A CONSTRUIR PATRIA"},"content":{"rendered":"\n<p>\u201cHoy, les vengo a hacer un llamado a la unidad, al trabajo, a construir patria, a volver a construir un proyecto de nacio\u0301n para nuestros hijos, nuestros nietos, a darle certidumbre a nuestras familias\u201d expreso\u0301 Eric Sevilla, dirigente estatal del Partido Revolucionario Institucional (PRI), ante la militancia de Atizapa\u0301n de Zaragoza.<\/p>\n\n\n\n<p>\u201cEstamos preparados para lo que viene, no le vamos a parar; le vamos a entrar con todo\u201d, resalto\u0301 tras exhortar a los priistas a \u201calzar la cara, a salir con dignidad a nuestros barrios y colonias porque hoy, aquellos\u201d -Morena- \u201cya no tienen con que\u0301 llegar a pedir el voto\u201d.<br>\u201cLe han mentido a Me\u0301xico, engan\u0303aron, son corruptos, mentirosos y en tres an\u0303os y medio no tienen un solo resultado en todo el pai\u0301s\u201d, continuo\u0301, luego de hacer entrega de reconocimientos y notas laudatorias a militantes de reconocida trayectoria partidista.<\/p>\n\n\n\n<p>\u201cSalgamos a las calles, priistas\u201d, dijo Eric Sevilla, \u201ctoquemos las puertas de nuestros vecinos y diga\u0301mosles, \u00bfno que no? les dijimos que nos iban a llevar al precipicio, ese hombre es un peligro para Me\u0301xico y se los dijimos\u201d.<\/p>\n\n\n\n<p>\u201cTenemos todos los argumentos porque este PRI construyo\u0301 Me\u0301xico\u201d, agrego\u0301, \u201ceste PRI nos dio progreso, dignidad, hoja de ruta y nos dio nacio\u0301n para todos los mexicanos. Es el PRI que vamos a defender todos los di\u0301as\u201d.<\/p>\n\n\n\n<p>El dirigente priista sen\u0303alo\u0301 que \u201cel an\u0303o que entra nos espera la madre de todas las batallas, vamos a ganar la gubernatura, y en el 2024 a recuperar nuestro pai\u0301s para Me\u0301xico y para los mexicanos; para darnos futuro, certidumbre, para darnos nacio\u0301n para todas nuestras familias\u201d.<\/p>\n\n\n\n<p>Eric Sevilla refirio\u0301 que el PRI fue muy respetuoso en su alianza con otros partidos poli\u0301ticos, lo que ayudo\u0301 a recuperar Atizapa\u0301n, por lo que pidio\u0301 a la militancia municipal \u201ctrabajar con toda su gente, recorrer barrios y colonias, ensuciarse los zapatos en el lodo cuando sea necesario, a salir con lluvia, con sol a tratar con los nuestros, a recuperar Me\u0301xico\u201d, finalizo\u0301.<\/p>\n\n\n\n<p>En representacio\u0301n de los laureados, Macario Ya\u0301n\u0303ez Valdovinos, expresidente municipal de Atizapa\u0301n y acreedor a la nota laudatoria Carlos Hank Gonza\u0301lez, dijo que recibir el reconocimiento del Comite\u0301 Directivo Estatal fortalece la unidad partidista y demuestra que los atizapenses esta\u0301n unidos en torno al PRI y al gobernador Alfredo Del Mazo Maza.<\/p>\n\n\n\n<p>Previamente, el presidente Eric Sevilla sostuvo un encuentro con dirigentes de sectores y organizaciones de Atizapa\u0301n, asi\u0301 como con el dirigente del Comite\u0301 Municipal, Daniel Altamirano Gutie\u0301rrez, al que lo acompan\u0303aron el delegado del Comite\u0301 Ejecutivo Nacional, Jorge Rojo Garci\u0301a de Alba; el secretario de Organizacio\u0301n, Andre\u0301s Aguirre Romero; el Presidente de la Comisio\u0301n Estatal de Justicia Partidaria, Jaime Barrera Vela\u0301zquez; y el secretario Te\u0301cnico del Consejo Poli\u0301tico Estatal, Luis Felipe Puente Espinosa, entre otros.<\/p>\n\n\n\n<figure class=\"wp-block-gallery columns-3 is-cropped wp-block-gallery-1 is-layout-flex wp-block-gallery-is-layout-flex\"><ul class=\"blocks-gallery-grid\"><li class=\"blocks-gallery-item\"><figure><img decoding=\"async\" width=\"1024\" height=\"682\" src=\"https:\/\/21panorama.com\/wp-content\/uploads\/2022\/05\/aaf7144f-1747-4134-ba27-9e73f5b920f6.jpeg\" alt=\"\" data-id=\"3615\" data-link=\"https:\/\/21panorama.com\/?attachment_id=3615\" class=\"wp-image-3615\" srcset=\"https:\/\/21panorama.com\/wp-content\/uploads\/2022\/05\/aaf7144f-1747-4134-ba27-9e73f5b920f6.jpeg 1024w, https:\/\/21panorama.com\/wp-content\/uploads\/2022\/05\/aaf7144f-1747-4134-ba27-9e73f5b920f6-300x200.jpeg 300w, https:\/\/21panorama.com\/wp-content\/uploads\/2022\/05\/aaf7144f-1747-4134-ba27-9e73f5b920f6-768x512.jpeg 768w\" sizes=\"(max-width: 1024px) 100vw, 1024px\" \/><\/figure><\/li><li class=\"blocks-gallery-item\"><figure><img decoding=\"async\" width=\"1024\" height=\"768\" src=\"https:\/\/21panorama.com\/wp-content\/uploads\/2022\/05\/60786bdf-d33c-4406-9efc-a97193c5e552.jpeg\" alt=\"\" data-id=\"3616\" data-link=\"https:\/\/21panorama.com\/?attachment_id=3616\" class=\"wp-image-3616\" srcset=\"https:\/\/21panorama.com\/wp-content\/uploads\/2022\/05\/60786bdf-d33c-4406-9efc-a97193c5e552.jpeg 1024w, https:\/\/21panorama.com\/wp-content\/uploads\/2022\/05\/60786bdf-d33c-4406-9efc-a97193c5e552-300x225.jpeg 300w, https:\/\/21panorama.com\/wp-content\/uploads\/2022\/05\/60786bdf-d33c-4406-9efc-a97193c5e552-768x576.jpeg 768w\" sizes=\"(max-width: 1024px) 100vw, 1024px\" \/><\/figure><\/li><li class=\"blocks-gallery-item\"><figure><img decoding=\"async\" width=\"1024\" height=\"682\" src=\"https:\/\/21panorama.com\/wp-content\/uploads\/2022\/05\/ce849f8b-32b8-44d9-abe4-911cba06f9ef.jpeg\" alt=\"\" data-id=\"3618\" data-link=\"https:\/\/21panorama.com\/?attachment_id=3618\" class=\"wp-image-3618\" srcset=\"https:\/\/21panorama.com\/wp-content\/uploads\/2022\/05\/ce849f8b-32b8-44d9-abe4-911cba06f9ef.jpeg 1024w, https:\/\/21panorama.com\/wp-content\/uploads\/2022\/05\/ce849f8b-32b8-44d9-abe4-911cba06f9ef-300x200.jpeg 300w, https:\/\/21panorama.com\/wp-content\/uploads\/2022\/05\/ce849f8b-32b8-44d9-abe4-911cba06f9ef-768x512.jpeg 768w\" sizes=\"(max-width: 1024px) 100vw, 1024px\" \/><\/figure><\/li><li class=\"blocks-gallery-item\"><figure><img decoding=\"async\" width=\"1024\" height=\"682\" src=\"https:\/\/21panorama.com\/wp-content\/uploads\/2022\/05\/8c70cf3d-8b73-4f46-b94f-eabb4b3ce445.jpeg\" alt=\"\" data-id=\"3619\" data-link=\"https:\/\/21panorama.com\/?attachment_id=3619\" class=\"wp-image-3619\" srcset=\"https:\/\/21panorama.com\/wp-content\/uploads\/2022\/05\/8c70cf3d-8b73-4f46-b94f-eabb4b3ce445.jpeg 1024w, https:\/\/21panorama.com\/wp-content\/uploads\/2022\/05\/8c70cf3d-8b73-4f46-b94f-eabb4b3ce445-300x200.jpeg 300w, https:\/\/21panorama.com\/wp-content\/uploads\/2022\/05\/8c70cf3d-8b73-4f46-b94f-eabb4b3ce445-768x512.jpeg 768w\" sizes=\"(max-width: 1024px) 100vw, 1024px\" \/><\/figure><\/li><li class=\"blocks-gallery-item\"><figure><img decoding=\"async\" width=\"1024\" height=\"682\" src=\"https:\/\/21panorama.com\/wp-content\/uploads\/2022\/05\/b165ec06-ab86-45f7-8dd7-9a89dbbe3dc3.jpeg\" alt=\"\" data-id=\"3620\" data-link=\"https:\/\/21panorama.com\/?attachment_id=3620\" class=\"wp-image-3620\" srcset=\"https:\/\/21panorama.com\/wp-content\/uploads\/2022\/05\/b165ec06-ab86-45f7-8dd7-9a89dbbe3dc3.jpeg 1024w, https:\/\/21panorama.com\/wp-content\/uploads\/2022\/05\/b165ec06-ab86-45f7-8dd7-9a89dbbe3dc3-300x200.jpeg 300w, https:\/\/21panorama.com\/wp-content\/uploads\/2022\/05\/b165ec06-ab86-45f7-8dd7-9a89dbbe3dc3-768x512.jpeg 768w\" sizes=\"(max-width: 1024px) 100vw, 1024px\" \/><\/figure><\/li><li class=\"blocks-gallery-item\"><figure><img decoding=\"async\" width=\"1024\" height=\"682\" src=\"https:\/\/21panorama.com\/wp-content\/uploads\/2022\/05\/72b8b357-5041-436b-ba9f-115712b9cb6e.jpeg\" alt=\"\" data-id=\"3621\" data-link=\"https:\/\/21panorama.com\/?attachment_id=3621\" class=\"wp-image-3621\" srcset=\"https:\/\/21panorama.com\/wp-content\/uploads\/2022\/05\/72b8b357-5041-436b-ba9f-115712b9cb6e.jpeg 1024w, https:\/\/21panorama.com\/wp-content\/uploads\/2022\/05\/72b8b357-5041-436b-ba9f-115712b9cb6e-300x200.jpeg 300w, https:\/\/21panorama.com\/wp-content\/uploads\/2022\/05\/72b8b357-5041-436b-ba9f-115712b9cb6e-768x512.jpeg 768w\" sizes=\"(max-width: 1024px) 100vw, 1024px\" \/><\/figure><\/li><li class=\"blocks-gallery-item\"><figure><img decoding=\"async\" width=\"1024\" height=\"682\" src=\"https:\/\/21panorama.com\/wp-content\/uploads\/2022\/05\/74caa45f-f78c-4ef9-8e92-49e725e7b85f.jpeg\" alt=\"\" data-id=\"3622\" data-link=\"https:\/\/21panorama.com\/?attachment_id=3622\" class=\"wp-image-3622\" srcset=\"https:\/\/21panorama.com\/wp-content\/uploads\/2022\/05\/74caa45f-f78c-4ef9-8e92-49e725e7b85f.jpeg 1024w, https:\/\/21panorama.com\/wp-content\/uploads\/2022\/05\/74caa45f-f78c-4ef9-8e92-49e725e7b85f-300x200.jpeg 300w, https:\/\/21panorama.com\/wp-content\/uploads\/2022\/05\/74caa45f-f78c-4ef9-8e92-49e725e7b85f-768x512.jpeg 768w\" sizes=\"(max-width: 1024px) 100vw, 1024px\" \/><\/figure><\/li><li class=\"blocks-gallery-item\"><figure><img decoding=\"async\" width=\"1024\" height=\"683\" src=\"https:\/\/21panorama.com\/wp-content\/uploads\/2022\/05\/b208e66b-5fc4-4da0-adee-d0f3619dd656.jpeg\" alt=\"\" data-id=\"3623\" data-full-url=\"https:\/\/21panorama.com\/wp-content\/uploads\/2022\/05\/b208e66b-5fc4-4da0-adee-d0f3619dd656.jpeg\" data-link=\"https:\/\/21panorama.com\/?attachment_id=3623\" class=\"wp-image-3623\" srcset=\"https:\/\/21panorama.com\/wp-content\/uploads\/2022\/05\/b208e66b-5fc4-4da0-adee-d0f3619dd656.jpeg 1024w, https:\/\/21panorama.com\/wp-content\/uploads\/2022\/05\/b208e66b-5fc4-4da0-adee-d0f3619dd656-300x200.jpeg 300w, https:\/\/21panorama.com\/wp-content\/uploads\/2022\/05\/b208e66b-5fc4-4da0-adee-d0f3619dd656-768x512.jpeg 768w\" sizes=\"(max-width: 1024px) 100vw, 1024px\" \/><\/figure><\/li><\/ul><\/figure>\n\n\n\n<figure class=\"wp-block-video\"><video height=\"480\" style=\"aspect-ratio: 848 \/ 480;\" width=\"848\" controls src=\"https:\/\/21panorama.com\/wp-content\/uploads\/2022\/05\/WhatsApp-Video-2022-04-30-at-9.51.44-AM.mp4\"><\/video><\/figure>\n","protected":false},"excerpt":{"rendered":"<p>Exhorto\u0301 a los priistas a alzar la cara, a salir con dignidad a recorrer barrios y colonias.<\/p>\n","protected":false},"author":1,"featured_media":3614,"comment_status":"open","ping_status":"open","sticky":false,"template":"","format":"standard","meta":{"footnotes":""},"categories":[1],"tags":[303],"class_list":["post-3613","post","type-post","status-publish","format-standard","has-post-thumbnail","hentry","category-sociedad","tag-ericsevilla"],"yoast_head":"<!-- This site is optimized with the Yoast SEO plugin v24.9 - https:\/\/yoast.com\/wordpress\/plugins\/seo\/ -->\n<title>ERIC SEVILLA LLAMA A LA MILITANCIA A LA UNIDAD, AL TRABAJO Y A CONSTRUIR PATRIA - 21 Panorama<\/title>\n<meta name=\"robots\" content=\"index, follow, max-snippet:-1, max-image-preview:large, max-video-preview:-1\" \/>\n<link rel=\"canonical\" href=\"https:\/\/21panorama.com\/index.php\/2022\/05\/02\/eric-sevilla-llama-a-la-militancia-a-la-unidad-al-trabajo-y-a-construir-patria\/\" \/>\n<meta property=\"og:locale\" content=\"es_MX\" \/>\n<meta property=\"og:type\" content=\"article\" \/>\n<meta property=\"og:title\" content=\"ERIC SEVILLA LLAMA A LA MILITANCIA A LA UNIDAD, AL TRABAJO Y A CONSTRUIR PATRIA - 21 Panorama\" \/>\n<meta property=\"og:description\" content=\"Exhorto\u0301 a los priistas a alzar la cara, a salir con dignidad a recorrer barrios y colonias.\" \/>\n<meta property=\"og:url\" content=\"https:\/\/21panorama.com\/index.php\/2022\/05\/02\/eric-sevilla-llama-a-la-militancia-a-la-unidad-al-trabajo-y-a-construir-patria\/\" \/>\n<meta property=\"og:site_name\" content=\"21 Panorama\" \/>\n<meta property=\"article:published_time\" content=\"2022-05-02T17:15:46+00:00\" \/>\n<meta property=\"article:modified_time\" content=\"2022-05-02T17:15:48+00:00\" \/>\n<meta property=\"og:image\" content=\"https:\/\/21panorama.com\/wp-content\/uploads\/2022\/05\/0e080382-2937-4c05-b31c-e1f14cf7a0c5.jpeg\" \/>\n\t<meta property=\"og:image:width\" content=\"1024\" \/>\n\t<meta property=\"og:image:height\" content=\"768\" \/>\n\t<meta property=\"og:image:type\" content=\"image\/jpeg\" \/>\n<meta name=\"author\" content=\"admin\" \/>\n<meta name=\"twitter:card\" content=\"summary_large_image\" \/>\n<meta name=\"twitter:label1\" content=\"Escrito por\" \/>\n\t<meta name=\"twitter:data1\" content=\"admin\" \/>\n\t<meta name=\"twitter:label2\" content=\"Tiempo de lectura\" \/>\n\t<meta name=\"twitter:data2\" content=\"4 minutos\" \/>\n<script type=\"application\/ld+json\" class=\"yoast-schema-graph\">{\"@context\":\"https:\/\/schema.org\",\"@graph\":[{\"@type\":\"Article\",\"@id\":\"https:\/\/21panorama.com\/index.php\/2022\/05\/02\/eric-sevilla-llama-a-la-militancia-a-la-unidad-al-trabajo-y-a-construir-patria\/#article\",\"isPartOf\":{\"@id\":\"https:\/\/21panorama.com\/index.php\/2022\/05\/02\/eric-sevilla-llama-a-la-militancia-a-la-unidad-al-trabajo-y-a-construir-patria\/\"},\"author\":{\"name\":\"admin\",\"@id\":\"https:\/\/21panorama.com\/#\/schema\/person\/1afc291b96d5792a158768324287319f\"},\"headline\":\"ERIC SEVILLA LLAMA A LA MILITANCIA A LA UNIDAD, AL TRABAJO Y A CONSTRUIR PATRIA\",\"datePublished\":\"2022-05-02T17:15:46+00:00\",\"dateModified\":\"2022-05-02T17:15:48+00:00\",\"mainEntityOfPage\":{\"@id\":\"https:\/\/21panorama.com\/index.php\/2022\/05\/02\/eric-sevilla-llama-a-la-militancia-a-la-unidad-al-trabajo-y-a-construir-patria\/\"},\"wordCount\":503,\"commentCount\":0,\"publisher\":{\"@id\":\"https:\/\/21panorama.com\/#organization\"},\"image\":{\"@id\":\"https:\/\/21panorama.com\/index.php\/2022\/05\/02\/eric-sevilla-llama-a-la-militancia-a-la-unidad-al-trabajo-y-a-construir-patria\/#primaryimage\"},\"thumbnailUrl\":\"https:\/\/21panorama.com\/wp-content\/uploads\/2022\/05\/0e080382-2937-4c05-b31c-e1f14cf7a0c5.jpeg\",\"keywords\":[\"ERICSEVILLA\"],\"articleSection\":[\"Sociedad\"],\"inLanguage\":\"es\",\"potentialAction\":[{\"@type\":\"CommentAction\",\"name\":\"Comment\",\"target\":[\"https:\/\/21panorama.com\/index.php\/2022\/05\/02\/eric-sevilla-llama-a-la-militancia-a-la-unidad-al-trabajo-y-a-construir-patria\/#respond\"]}]},{\"@type\":\"WebPage\",\"@id\":\"https:\/\/21panorama.com\/index.php\/2022\/05\/02\/eric-sevilla-llama-a-la-militancia-a-la-unidad-al-trabajo-y-a-construir-patria\/\",\"url\":\"https:\/\/21panorama.com\/index.php\/2022\/05\/02\/eric-sevilla-llama-a-la-militancia-a-la-unidad-al-trabajo-y-a-construir-patria\/\",\"name\":\"ERIC SEVILLA LLAMA A LA MILITANCIA A LA UNIDAD, AL TRABAJO Y A CONSTRUIR PATRIA - 21 Panorama\",\"isPartOf\":{\"@id\":\"https:\/\/21panorama.com\/#website\"},\"primaryImageOfPage\":{\"@id\":\"https:\/\/21panorama.com\/index.php\/2022\/05\/02\/eric-sevilla-llama-a-la-militancia-a-la-unidad-al-trabajo-y-a-construir-patria\/#primaryimage\"},\"image\":{\"@id\":\"https:\/\/21panorama.com\/index.php\/2022\/05\/02\/eric-sevilla-llama-a-la-militancia-a-la-unidad-al-trabajo-y-a-construir-patria\/#primaryimage\"},\"thumbnailUrl\":\"https:\/\/21panorama.com\/wp-content\/uploads\/2022\/05\/0e080382-2937-4c05-b31c-e1f14cf7a0c5.jpeg\",\"datePublished\":\"2022-05-02T17:15:46+00:00\",\"dateModified\":\"2022-05-02T17:15:48+00:00\",\"breadcrumb\":{\"@id\":\"https:\/\/21panorama.com\/index.php\/2022\/05\/02\/eric-sevilla-llama-a-la-militancia-a-la-unidad-al-trabajo-y-a-construir-patria\/#breadcrumb\"},\"inLanguage\":\"es\",\"potentialAction\":[{\"@type\":\"ReadAction\",\"target\":[\"https:\/\/21panorama.com\/index.php\/2022\/05\/02\/eric-sevilla-llama-a-la-militancia-a-la-unidad-al-trabajo-y-a-construir-patria\/\"]}]},{\"@type\":\"ImageObject\",\"inLanguage\":\"es\",\"@id\":\"https:\/\/21panorama.com\/index.php\/2022\/05\/02\/eric-sevilla-llama-a-la-militancia-a-la-unidad-al-trabajo-y-a-construir-patria\/#primaryimage\",\"url\":\"https:\/\/21panorama.com\/wp-content\/uploads\/2022\/05\/0e080382-2937-4c05-b31c-e1f14cf7a0c5.jpeg\",\"contentUrl\":\"https:\/\/21panorama.com\/wp-content\/uploads\/2022\/05\/0e080382-2937-4c05-b31c-e1f14cf7a0c5.jpeg\",\"width\":1024,\"height\":768},{\"@type\":\"BreadcrumbList\",\"@id\":\"https:\/\/21panorama.com\/index.php\/2022\/05\/02\/eric-sevilla-llama-a-la-militancia-a-la-unidad-al-trabajo-y-a-construir-patria\/#breadcrumb\",\"itemListElement\":[{\"@type\":\"ListItem\",\"position\":1,\"name\":\"Inicio\",\"item\":\"https:\/\/21panorama.com\/\"},{\"@type\":\"ListItem\",\"position\":2,\"name\":\"ERIC SEVILLA LLAMA A LA MILITANCIA A LA UNIDAD, AL TRABAJO Y A CONSTRUIR PATRIA\"}]},{\"@type\":\"WebSite\",\"@id\":\"https:\/\/21panorama.com\/#website\",\"url\":\"https:\/\/21panorama.com\/\",\"name\":\"21 Panorama\",\"description\":\"La construcci\u00f3n de la opini\u00f3n p\u00fablica merece un mejor Panorama en este siglo 21 para alcanzar una sociedad con mayor transparencia y sin corrupci\u00f3n.\",\"publisher\":{\"@id\":\"https:\/\/21panorama.com\/#organization\"},\"potentialAction\":[{\"@type\":\"SearchAction\",\"target\":{\"@type\":\"EntryPoint\",\"urlTemplate\":\"https:\/\/21panorama.com\/?s={search_term_string}\"},\"query-input\":{\"@type\":\"PropertyValueSpecification\",\"valueRequired\":true,\"valueName\":\"search_term_string\"}}],\"inLanguage\":\"es\"},{\"@type\":\"Organization\",\"@id\":\"https:\/\/21panorama.com\/#organization\",\"name\":\"21 Panorama\",\"url\":\"https:\/\/21panorama.com\/\",\"logo\":{\"@type\":\"ImageObject\",\"inLanguage\":\"es\",\"@id\":\"https:\/\/21panorama.com\/#\/schema\/logo\/image\/\",\"url\":\"https:\/\/21panorama.com\/wp-content\/uploads\/2019\/07\/cropped-Logo-Panorama-01.jpeg\",\"contentUrl\":\"https:\/\/21panorama.com\/wp-content\/uploads\/2019\/07\/cropped-Logo-Panorama-01.jpeg\",\"width\":290,\"height\":70,\"caption\":\"21 Panorama\"},\"image\":{\"@id\":\"https:\/\/21panorama.com\/#\/schema\/logo\/image\/\"}},{\"@type\":\"Person\",\"@id\":\"https:\/\/21panorama.com\/#\/schema\/person\/1afc291b96d5792a158768324287319f\",\"name\":\"admin\",\"image\":{\"@type\":\"ImageObject\",\"inLanguage\":\"es\",\"@id\":\"https:\/\/21panorama.com\/#\/schema\/person\/image\/\",\"url\":\"https:\/\/secure.gravatar.com\/avatar\/ad365d9d9f46719215b0d042cc3df92a5a8683e09ef13d102233e5491985f0f0?s=96&d=mm&r=g\",\"contentUrl\":\"https:\/\/secure.gravatar.com\/avatar\/ad365d9d9f46719215b0d042cc3df92a5a8683e09ef13d102233e5491985f0f0?s=96&d=mm&r=g\",\"caption\":\"admin\"},\"url\":\"https:\/\/21panorama.com\/index.php\/author\/admin\/\"}]}<\/script>\n<!-- \/ Yoast SEO plugin. -->","yoast_head_json":{"title":"ERIC SEVILLA LLAMA A LA MILITANCIA A LA UNIDAD, AL TRABAJO Y A CONSTRUIR PATRIA - 21 Panorama","robots":{"index":"index","follow":"follow","max-snippet":"max-snippet:-1","max-image-preview":"max-image-preview:large","max-video-preview":"max-video-preview:-1"},"canonical":"https:\/\/21panorama.com\/index.php\/2022\/05\/02\/eric-sevilla-llama-a-la-militancia-a-la-unidad-al-trabajo-y-a-construir-patria\/","og_locale":"es_MX","og_type":"article","og_title":"ERIC SEVILLA LLAMA A LA MILITANCIA A LA UNIDAD, AL TRABAJO Y A CONSTRUIR PATRIA - 21 Panorama","og_description":"Exhorto\u0301 a los priistas a alzar la cara, a salir con dignidad a recorrer barrios y colonias.","og_url":"https:\/\/21panorama.com\/index.php\/2022\/05\/02\/eric-sevilla-llama-a-la-militancia-a-la-unidad-al-trabajo-y-a-construir-patria\/","og_site_name":"21 Panorama","article_published_time":"2022-05-02T17:15:46+00:00","article_modified_time":"2022-05-02T17:15:48+00:00","og_image":[{"width":1024,"height":768,"url":"https:\/\/21panorama.com\/wp-content\/uploads\/2022\/05\/0e080382-2937-4c05-b31c-e1f14cf7a0c5.jpeg","type":"image\/jpeg"}],"author":"admin","twitter_card":"summary_large_image","twitter_misc":{"Escrito por":"admin","Tiempo de lectura":"4 minutos"},"schema":{"@context":"https:\/\/schema.org","@graph":[{"@type":"Article","@id":"https:\/\/21panorama.com\/index.php\/2022\/05\/02\/eric-sevilla-llama-a-la-militancia-a-la-unidad-al-trabajo-y-a-construir-patria\/#article","isPartOf":{"@id":"https:\/\/21panorama.com\/index.php\/2022\/05\/02\/eric-sevilla-llama-a-la-militancia-a-la-unidad-al-trabajo-y-a-construir-patria\/"},"author":{"name":"admin","@id":"https:\/\/21panorama.com\/#\/schema\/person\/1afc291b96d5792a158768324287319f"},"headline":"ERIC SEVILLA LLAMA A LA MILITANCIA A LA UNIDAD, AL TRABAJO Y A CONSTRUIR PATRIA","datePublished":"2022-05-02T17:15:46+00:00","dateModified":"2022-05-02T17:15:48+00:00","mainEntityOfPage":{"@id":"https:\/\/21panorama.com\/index.php\/2022\/05\/02\/eric-sevilla-llama-a-la-militancia-a-la-unidad-al-trabajo-y-a-construir-patria\/"},"wordCount":503,"commentCount":0,"publisher":{"@id":"https:\/\/21panorama.com\/#organization"},"image":{"@id":"https:\/\/21panorama.com\/index.php\/2022\/05\/02\/eric-sevilla-llama-a-la-militancia-a-la-unidad-al-trabajo-y-a-construir-patria\/#primaryimage"},"thumbnailUrl":"https:\/\/21panorama.com\/wp-content\/uploads\/2022\/05\/0e080382-2937-4c05-b31c-e1f14cf7a0c5.jpeg","keywords":["ERICSEVILLA"],"articleSection":["Sociedad"],"inLanguage":"es","potentialAction":[{"@type":"CommentAction","name":"Comment","target":["https:\/\/21panorama.com\/index.php\/2022\/05\/02\/eric-sevilla-llama-a-la-militancia-a-la-unidad-al-trabajo-y-a-construir-patria\/#respond"]}]},{"@type":"WebPage","@id":"https:\/\/21panorama.com\/index.php\/2022\/05\/02\/eric-sevilla-llama-a-la-militancia-a-la-unidad-al-trabajo-y-a-construir-patria\/","url":"https:\/\/21panorama.com\/index.php\/2022\/05\/02\/eric-sevilla-llama-a-la-militancia-a-la-unidad-al-trabajo-y-a-construir-patria\/","name":"ERIC SEVILLA LLAMA A LA MILITANCIA A LA UNIDAD, AL TRABAJO Y A CONSTRUIR PATRIA - 21 Panorama","isPartOf":{"@id":"https:\/\/21panorama.com\/#website"},"primaryImageOfPage":{"@id":"https:\/\/21panorama.com\/index.php\/2022\/05\/02\/eric-sevilla-llama-a-la-militancia-a-la-unidad-al-trabajo-y-a-construir-patria\/#primaryimage"},"image":{"@id":"https:\/\/21panorama.com\/index.php\/2022\/05\/02\/eric-sevilla-llama-a-la-militancia-a-la-unidad-al-trabajo-y-a-construir-patria\/#primaryimage"},"thumbnailUrl":"https:\/\/21panorama.com\/wp-content\/uploads\/2022\/05\/0e080382-2937-4c05-b31c-e1f14cf7a0c5.jpeg","datePublished":"2022-05-02T17:15:46+00:00","dateModified":"2022-05-02T17:15:48+00:00","breadcrumb":{"@id":"https:\/\/21panorama.com\/index.php\/2022\/05\/02\/eric-sevilla-llama-a-la-militancia-a-la-unidad-al-trabajo-y-a-construir-patria\/#breadcrumb"},"inLanguage":"es","potentialAction":[{"@type":"ReadAction","target":["https:\/\/21panorama.com\/index.php\/2022\/05\/02\/eric-sevilla-llama-a-la-militancia-a-la-unidad-al-trabajo-y-a-construir-patria\/"]}]},{"@type":"ImageObject","inLanguage":"es","@id":"https:\/\/21panorama.com\/index.php\/2022\/05\/02\/eric-sevilla-llama-a-la-militancia-a-la-unidad-al-trabajo-y-a-construir-patria\/#primaryimage","url":"https:\/\/21panorama.com\/wp-content\/uploads\/2022\/05\/0e080382-2937-4c05-b31c-e1f14cf7a0c5.jpeg","contentUrl":"https:\/\/21panorama.com\/wp-content\/uploads\/2022\/05\/0e080382-2937-4c05-b31c-e1f14cf7a0c5.jpeg","width":1024,"height":768},{"@type":"BreadcrumbList","@id":"https:\/\/21panorama.com\/index.php\/2022\/05\/02\/eric-sevilla-llama-a-la-militancia-a-la-unidad-al-trabajo-y-a-construir-patria\/#breadcrumb","itemListElement":[{"@type":"ListItem","position":1,"name":"Inicio","item":"https:\/\/21panorama.com\/"},{"@type":"ListItem","position":2,"name":"ERIC SEVILLA LLAMA A LA MILITANCIA A LA UNIDAD, AL TRABAJO Y A CONSTRUIR PATRIA"}]},{"@type":"WebSite","@id":"https:\/\/21panorama.com\/#website","url":"https:\/\/21panorama.com\/","name":"21 Panorama","description":"La construcci\u00f3n de la opini\u00f3n p\u00fablica merece un mejor Panorama en este siglo 21 para alcanzar una sociedad con mayor transparencia y sin corrupci\u00f3n.","publisher":{"@id":"https:\/\/21panorama.com\/#organization"},"potentialAction":[{"@type":"SearchAction","target":{"@type":"EntryPoint","urlTemplate":"https:\/\/21panorama.com\/?s={search_term_string}"},"query-input":{"@type":"PropertyValueSpecification","valueRequired":true,"valueName":"search_term_string"}}],"inLanguage":"es"},{"@type":"Organization","@id":"https:\/\/21panorama.com\/#organization","name":"21 Panorama","url":"https:\/\/21panorama.com\/","logo":{"@type":"ImageObject","inLanguage":"es","@id":"https:\/\/21panorama.com\/#\/schema\/logo\/image\/","url":"https:\/\/21panorama.com\/wp-content\/uploads\/2019\/07\/cropped-Logo-Panorama-01.jpeg","contentUrl":"https:\/\/21panorama.com\/wp-content\/uploads\/2019\/07\/cropped-Logo-Panorama-01.jpeg","width":290,"height":70,"caption":"21 Panorama"},"image":{"@id":"https:\/\/21panorama.com\/#\/schema\/logo\/image\/"}},{"@type":"Person","@id":"https:\/\/21panorama.com\/#\/schema\/person\/1afc291b96d5792a158768324287319f","name":"admin","image":{"@type":"ImageObject","inLanguage":"es","@id":"https:\/\/21panorama.com\/#\/schema\/person\/image\/","url":"https:\/\/secure.gravatar.com\/avatar\/ad365d9d9f46719215b0d042cc3df92a5a8683e09ef13d102233e5491985f0f0?s=96&d=mm&r=g","contentUrl":"https:\/\/secure.gravatar.com\/avatar\/ad365d9d9f46719215b0d042cc3df92a5a8683e09ef13d102233e5491985f0f0?s=96&d=mm&r=g","caption":"admin"},"url":"https:\/\/21panorama.com\/index.php\/author\/admin\/"}]}},"_links":{"self":[{"href":"https:\/\/21panorama.com\/index.php\/wp-json\/wp\/v2\/posts\/3613","targetHints":{"allow":["GET"]}}],"collection":[{"href":"https:\/\/21panorama.com\/index.php\/wp-json\/wp\/v2\/posts"}],"about":[{"href":"https:\/\/21panorama.com\/index.php\/wp-json\/wp\/v2\/types\/post"}],"author":[{"embeddable":true,"href":"https:\/\/21panorama.com\/index.php\/wp-json\/wp\/v2\/users\/1"}],"replies":[{"embeddable":true,"href":"https:\/\/21panorama.com\/index.php\/wp-json\/wp\/v2\/comments?post=3613"}],"version-history":[{"count":1,"href":"https:\/\/21panorama.com\/index.php\/wp-json\/wp\/v2\/posts\/3613\/revisions"}],"predecessor-version":[{"id":3624,"href":"https:\/\/21panorama.com\/index.php\/wp-json\/wp\/v2\/posts\/3613\/revisions\/3624"}],"wp:featuredmedia":[{"embeddable":true,"href":"https:\/\/21panorama.com\/index.php\/wp-json\/wp\/v2\/media\/3614"}],"wp:attachment":[{"href":"https:\/\/21panorama.com\/index.php\/wp-json\/wp\/v2\/media?parent=3613"}],"wp:term":[{"taxonomy":"category","embeddable":true,"href":"https:\/\/21panorama.com\/index.php\/wp-json\/wp\/v2\/categories?post=3613"},{"taxonomy":"post_tag","embeddable":true,"href":"https:\/\/21panorama.com\/index.php\/wp-json\/wp\/v2\/tags?post=3613"}],"curies":[{"name":"wp","href":"https:\/\/api.w.org\/{rel}","templated":true}]}}