{"id":3575,"date":"2022-04-25T09:18:56","date_gmt":"2022-04-25T14:18:56","guid":{"rendered":"https:\/\/21panorama.com\/?p=3575"},"modified":"2022-04-25T09:18:58","modified_gmt":"2022-04-25T14:18:58","slug":"comunidad-de-la-facultad-de-quimica-uaemex-formada-con-altos-estandares-cebd","status":"publish","type":"post","link":"https:\/\/21panorama.com\/index.php\/2022\/04\/25\/comunidad-de-la-facultad-de-quimica-uaemex-formada-con-altos-estandares-cebd\/","title":{"rendered":"Comunidad de la Facultad de Qu\u00edmica UAEM\u00e9x, formada con altos est\u00e1ndares: CEBD"},"content":{"rendered":"\n<p>En beneficio de la comunidad estudiantil, el rector de la Universidad Aut\u00f3noma del Estado de M\u00e9xico (UAEM\u00e9x), Carlos Eduardo Barrera D\u00edaz, entreg\u00f3 en el Campus \u201cEl Cerrillo\u201d de la Facultad de Qu\u00edmica, infraestructura y rehabilitaci\u00f3n de instalaciones; asimismo, dio el banderazo de salida a la nueva ruta del Potrob\u00fas: Qu\u00edmica Cerrillo-Qu\u00edmica Col\u00f3n.<br>En el marco del segundo informe anual de actividades del director de la Facultad de Qu\u00edmica, V\u00edctor Varela Guerrero, el rector de la Aut\u00f3noma mexiquense hizo entrega del Edificio Anexo de dos niveles, conformado por dos laboratorios, sala de c\u00f3mputo, tres aulas, espacio de cub\u00edculos y sanitarios, as\u00ed como la rehabilitaci\u00f3n de la cancha de b\u00e1squetbol.<br>Barrera D\u00edaz recorri\u00f3 las instalaciones del campus y cort\u00f3 el list\u00f3n inaugural de la Planta Piloto de Gel y Jab\u00f3n Antibacterial, donde se producen estos insumos para dotar a todos los espacios universitarios. De igual manera, reconoci\u00f3 el trabajo de la comunidad universitaria de este espacio, cuya propuesta acad\u00e9mica est\u00e1 comprometida con la sustentabilidad y cuenta con reconocimiento a nivel nacional e internacional.<br>\u201cEs gratificante observar la energ\u00eda y creatividad de las nuevas generaciones de qu\u00edmicas y qu\u00edmicos, que adem\u00e1s de formarse en un ambiente de enorme exigencia, mostraron su creatividad y sensibilidad social, al organizar la producci\u00f3n de gel antibacterial y jab\u00f3n l\u00edquido que se consume en toda la Universidad\u201d, afirm\u00f3.<br>Tambi\u00e9n visit\u00f3 la Planta Piloto de Pintura, donde en breve se prev\u00e9 producir este l\u00edquido para pintar los distintos espacios que conforman la UAEM\u00e9x. Dio a conocer que, entre otras acciones, se inici\u00f3 la impermeabilizaci\u00f3n de los espacios universitarios, entre los que se encuentra el Centro Conjunto de Investigaci\u00f3n en Qu\u00edmica Sustentable UAEM-UNAM, el cual fue renovado recientemente, junto con el banco de bater\u00edas para que cuente con energ\u00eda el\u00e9ctrica regulada, lo que permitir\u00e1 el funcionamiento adecuado de todos los equipos.<br>Devel\u00f3 la c\u00e9dula de identificaci\u00f3n del mural art\u00edstico \u201cTrait\u00e9 El\u00e9mentaire de Chimie\u201d, que se ubica en el Edificio de Petroqu\u00edmica, autor\u00eda de la alumna de Qu\u00edmica Farmac\u00e9utica Biol\u00f3gica, X\u00f3chitl Montoya Gonz\u00e1lez, quien gan\u00f3 el primer lugar con esta propuesta en el Concurso Nacional de Arte Qu\u00edmico, convocado por la Sociedad Qu\u00edmica de M\u00e9xico.<br>En su oportunidad, V\u00edctor Varela Guerrero inform\u00f3 que este organismo acad\u00e9mico cuenta con una matr\u00edcula de mil 250 alumnos, as\u00ed como 84 Profesores de Tiempo Completo (PTC), de los cuales, 46 son miembros del Sistema Nacional de Investigadores (SNI).<br>Indic\u00f3 que la calidad cient\u00edfica de la Facultad ha dado como resultado el registro de siete tr\u00e1mites de patente y ocho en proceso de obtenerlo.<br>Refiri\u00f3 que resultado de la Convocatoria para Financiamiento de Mujeres Cient\u00edficas que emiti\u00f3 el Consejo Mexiquense de Ciencia y Tecnolog\u00eda (COMECyT), de las 31 propuestas ganadoras que representan a la UAEM\u00e9x, 10 son lideradas por investigadoras con grado de doctorado de la Facultad de Qu\u00edmica.<br>A este acto de rendici\u00f3n de cuentas acudieron el director del Instituto de Qu\u00edmica de la UNAM, Jorge Pe\u00f3n Peralta, integrantes del gabinete universitario, ex directores de la Facultad, as\u00ed como comunidad que integra este espacio acad\u00e9mico.<\/p>\n\n\n\n<figure class=\"wp-block-gallery columns-2 is-cropped wp-block-gallery-1 is-layout-flex wp-block-gallery-is-layout-flex\"><ul class=\"blocks-gallery-grid\"><li class=\"blocks-gallery-item\"><figure><img decoding=\"async\" width=\"960\" height=\"640\" src=\"https:\/\/21panorama.com\/wp-content\/uploads\/2022\/04\/f4841855-ea7e-4949-a310-8d680e8cefc4.jpeg\" alt=\"\" data-id=\"3577\" data-link=\"https:\/\/21panorama.com\/?attachment_id=3577\" class=\"wp-image-3577\" srcset=\"https:\/\/21panorama.com\/wp-content\/uploads\/2022\/04\/f4841855-ea7e-4949-a310-8d680e8cefc4.jpeg 960w, https:\/\/21panorama.com\/wp-content\/uploads\/2022\/04\/f4841855-ea7e-4949-a310-8d680e8cefc4-300x200.jpeg 300w, https:\/\/21panorama.com\/wp-content\/uploads\/2022\/04\/f4841855-ea7e-4949-a310-8d680e8cefc4-768x512.jpeg 768w\" sizes=\"(max-width: 960px) 100vw, 960px\" \/><\/figure><\/li><li class=\"blocks-gallery-item\"><figure><img decoding=\"async\" width=\"640\" height=\"960\" src=\"https:\/\/21panorama.com\/wp-content\/uploads\/2022\/04\/dc92c1b1-f25e-4380-94e6-4f5530561a30.jpeg\" alt=\"\" data-id=\"3578\" data-full-url=\"https:\/\/21panorama.com\/wp-content\/uploads\/2022\/04\/dc92c1b1-f25e-4380-94e6-4f5530561a30.jpeg\" data-link=\"https:\/\/21panorama.com\/?attachment_id=3578\" class=\"wp-image-3578\" srcset=\"https:\/\/21panorama.com\/wp-content\/uploads\/2022\/04\/dc92c1b1-f25e-4380-94e6-4f5530561a30.jpeg 640w, https:\/\/21panorama.com\/wp-content\/uploads\/2022\/04\/dc92c1b1-f25e-4380-94e6-4f5530561a30-200x300.jpeg 200w\" sizes=\"(max-width: 640px) 100vw, 640px\" \/><\/figure><\/li><\/ul><\/figure>\n","protected":false},"excerpt":{"rendered":"<p>El rector de la UAEM\u00e9x, Carlos Eduardo Barrera D\u00edaz, entreg\u00f3 infraestructura acad\u00e9mica y rehabilitaci\u00f3n de instalaciones en el Campus \u201cEl Cerrillo\u201d de la Facultad de Qu\u00edmica.<\/p>\n","protected":false},"author":1,"featured_media":3576,"comment_status":"open","ping_status":"open","sticky":false,"template":"","format":"standard","meta":{"footnotes":""},"categories":[1],"tags":[131],"class_list":["post-3575","post","type-post","status-publish","format-standard","has-post-thumbnail","hentry","category-sociedad","tag-uaem"],"yoast_head":"<!-- This site is optimized with the Yoast SEO plugin v24.9 - https:\/\/yoast.com\/wordpress\/plugins\/seo\/ -->\n<title>Comunidad de la Facultad de Qu\u00edmica UAEM\u00e9x, formada con altos est\u00e1ndares: CEBD - 21 Panorama<\/title>\n<meta name=\"robots\" content=\"index, follow, max-snippet:-1, max-image-preview:large, max-video-preview:-1\" \/>\n<link rel=\"canonical\" href=\"https:\/\/21panorama.com\/index.php\/2022\/04\/25\/comunidad-de-la-facultad-de-quimica-uaemex-formada-con-altos-estandares-cebd\/\" \/>\n<meta property=\"og:locale\" content=\"es_MX\" \/>\n<meta property=\"og:type\" content=\"article\" \/>\n<meta property=\"og:title\" content=\"Comunidad de la Facultad de Qu\u00edmica UAEM\u00e9x, formada con altos est\u00e1ndares: CEBD - 21 Panorama\" \/>\n<meta property=\"og:description\" content=\"El rector de la UAEM\u00e9x, Carlos Eduardo Barrera D\u00edaz, entreg\u00f3 infraestructura acad\u00e9mica y rehabilitaci\u00f3n de instalaciones en el Campus \u201cEl Cerrillo\u201d de la Facultad de Qu\u00edmica.\" \/>\n<meta property=\"og:url\" content=\"https:\/\/21panorama.com\/index.php\/2022\/04\/25\/comunidad-de-la-facultad-de-quimica-uaemex-formada-con-altos-estandares-cebd\/\" \/>\n<meta property=\"og:site_name\" content=\"21 Panorama\" \/>\n<meta property=\"article:published_time\" content=\"2022-04-25T14:18:56+00:00\" \/>\n<meta property=\"article:modified_time\" content=\"2022-04-25T14:18:58+00:00\" \/>\n<meta property=\"og:image\" content=\"https:\/\/21panorama.com\/wp-content\/uploads\/2022\/04\/182b36b3-fd03-4bdf-b34e-3f8d641eaa30.jpeg\" \/>\n\t<meta property=\"og:image:width\" content=\"960\" \/>\n\t<meta property=\"og:image:height\" content=\"640\" \/>\n\t<meta property=\"og:image:type\" content=\"image\/jpeg\" \/>\n<meta name=\"author\" content=\"admin\" \/>\n<meta name=\"twitter:card\" content=\"summary_large_image\" \/>\n<meta name=\"twitter:label1\" content=\"Escrito por\" \/>\n\t<meta name=\"twitter:data1\" content=\"admin\" \/>\n\t<meta name=\"twitter:label2\" content=\"Tiempo de lectura\" \/>\n\t<meta name=\"twitter:data2\" content=\"3 minutos\" \/>\n<script type=\"application\/ld+json\" class=\"yoast-schema-graph\">{\"@context\":\"https:\/\/schema.org\",\"@graph\":[{\"@type\":\"Article\",\"@id\":\"https:\/\/21panorama.com\/index.php\/2022\/04\/25\/comunidad-de-la-facultad-de-quimica-uaemex-formada-con-altos-estandares-cebd\/#article\",\"isPartOf\":{\"@id\":\"https:\/\/21panorama.com\/index.php\/2022\/04\/25\/comunidad-de-la-facultad-de-quimica-uaemex-formada-con-altos-estandares-cebd\/\"},\"author\":{\"name\":\"admin\",\"@id\":\"https:\/\/21panorama.com\/#\/schema\/person\/1afc291b96d5792a158768324287319f\"},\"headline\":\"Comunidad de la Facultad de Qu\u00edmica UAEM\u00e9x, formada con altos est\u00e1ndares: CEBD\",\"datePublished\":\"2022-04-25T14:18:56+00:00\",\"dateModified\":\"2022-04-25T14:18:58+00:00\",\"mainEntityOfPage\":{\"@id\":\"https:\/\/21panorama.com\/index.php\/2022\/04\/25\/comunidad-de-la-facultad-de-quimica-uaemex-formada-con-altos-estandares-cebd\/\"},\"wordCount\":574,\"commentCount\":0,\"publisher\":{\"@id\":\"https:\/\/21panorama.com\/#organization\"},\"image\":{\"@id\":\"https:\/\/21panorama.com\/index.php\/2022\/04\/25\/comunidad-de-la-facultad-de-quimica-uaemex-formada-con-altos-estandares-cebd\/#primaryimage\"},\"thumbnailUrl\":\"https:\/\/21panorama.com\/wp-content\/uploads\/2022\/04\/182b36b3-fd03-4bdf-b34e-3f8d641eaa30.jpeg\",\"keywords\":[\"UAEM\"],\"articleSection\":[\"Sociedad\"],\"inLanguage\":\"es\",\"potentialAction\":[{\"@type\":\"CommentAction\",\"name\":\"Comment\",\"target\":[\"https:\/\/21panorama.com\/index.php\/2022\/04\/25\/comunidad-de-la-facultad-de-quimica-uaemex-formada-con-altos-estandares-cebd\/#respond\"]}]},{\"@type\":\"WebPage\",\"@id\":\"https:\/\/21panorama.com\/index.php\/2022\/04\/25\/comunidad-de-la-facultad-de-quimica-uaemex-formada-con-altos-estandares-cebd\/\",\"url\":\"https:\/\/21panorama.com\/index.php\/2022\/04\/25\/comunidad-de-la-facultad-de-quimica-uaemex-formada-con-altos-estandares-cebd\/\",\"name\":\"Comunidad de la Facultad de Qu\u00edmica UAEM\u00e9x, formada con altos est\u00e1ndares: CEBD - 21 Panorama\",\"isPartOf\":{\"@id\":\"https:\/\/21panorama.com\/#website\"},\"primaryImageOfPage\":{\"@id\":\"https:\/\/21panorama.com\/index.php\/2022\/04\/25\/comunidad-de-la-facultad-de-quimica-uaemex-formada-con-altos-estandares-cebd\/#primaryimage\"},\"image\":{\"@id\":\"https:\/\/21panorama.com\/index.php\/2022\/04\/25\/comunidad-de-la-facultad-de-quimica-uaemex-formada-con-altos-estandares-cebd\/#primaryimage\"},\"thumbnailUrl\":\"https:\/\/21panorama.com\/wp-content\/uploads\/2022\/04\/182b36b3-fd03-4bdf-b34e-3f8d641eaa30.jpeg\",\"datePublished\":\"2022-04-25T14:18:56+00:00\",\"dateModified\":\"2022-04-25T14:18:58+00:00\",\"breadcrumb\":{\"@id\":\"https:\/\/21panorama.com\/index.php\/2022\/04\/25\/comunidad-de-la-facultad-de-quimica-uaemex-formada-con-altos-estandares-cebd\/#breadcrumb\"},\"inLanguage\":\"es\",\"potentialAction\":[{\"@type\":\"ReadAction\",\"target\":[\"https:\/\/21panorama.com\/index.php\/2022\/04\/25\/comunidad-de-la-facultad-de-quimica-uaemex-formada-con-altos-estandares-cebd\/\"]}]},{\"@type\":\"ImageObject\",\"inLanguage\":\"es\",\"@id\":\"https:\/\/21panorama.com\/index.php\/2022\/04\/25\/comunidad-de-la-facultad-de-quimica-uaemex-formada-con-altos-estandares-cebd\/#primaryimage\",\"url\":\"https:\/\/21panorama.com\/wp-content\/uploads\/2022\/04\/182b36b3-fd03-4bdf-b34e-3f8d641eaa30.jpeg\",\"contentUrl\":\"https:\/\/21panorama.com\/wp-content\/uploads\/2022\/04\/182b36b3-fd03-4bdf-b34e-3f8d641eaa30.jpeg\",\"width\":960,\"height\":640},{\"@type\":\"BreadcrumbList\",\"@id\":\"https:\/\/21panorama.com\/index.php\/2022\/04\/25\/comunidad-de-la-facultad-de-quimica-uaemex-formada-con-altos-estandares-cebd\/#breadcrumb\",\"itemListElement\":[{\"@type\":\"ListItem\",\"position\":1,\"name\":\"Inicio\",\"item\":\"https:\/\/21panorama.com\/\"},{\"@type\":\"ListItem\",\"position\":2,\"name\":\"Comunidad de la Facultad de Qu\u00edmica UAEM\u00e9x, formada con altos est\u00e1ndares: CEBD\"}]},{\"@type\":\"WebSite\",\"@id\":\"https:\/\/21panorama.com\/#website\",\"url\":\"https:\/\/21panorama.com\/\",\"name\":\"21 Panorama\",\"description\":\"La construcci\u00f3n de la opini\u00f3n p\u00fablica merece un mejor Panorama en este siglo 21 para alcanzar una sociedad con mayor transparencia y sin corrupci\u00f3n.\",\"publisher\":{\"@id\":\"https:\/\/21panorama.com\/#organization\"},\"potentialAction\":[{\"@type\":\"SearchAction\",\"target\":{\"@type\":\"EntryPoint\",\"urlTemplate\":\"https:\/\/21panorama.com\/?s={search_term_string}\"},\"query-input\":{\"@type\":\"PropertyValueSpecification\",\"valueRequired\":true,\"valueName\":\"search_term_string\"}}],\"inLanguage\":\"es\"},{\"@type\":\"Organization\",\"@id\":\"https:\/\/21panorama.com\/#organization\",\"name\":\"21 Panorama\",\"url\":\"https:\/\/21panorama.com\/\",\"logo\":{\"@type\":\"ImageObject\",\"inLanguage\":\"es\",\"@id\":\"https:\/\/21panorama.com\/#\/schema\/logo\/image\/\",\"url\":\"https:\/\/21panorama.com\/wp-content\/uploads\/2019\/07\/cropped-Logo-Panorama-01.jpeg\",\"contentUrl\":\"https:\/\/21panorama.com\/wp-content\/uploads\/2019\/07\/cropped-Logo-Panorama-01.jpeg\",\"width\":290,\"height\":70,\"caption\":\"21 Panorama\"},\"image\":{\"@id\":\"https:\/\/21panorama.com\/#\/schema\/logo\/image\/\"}},{\"@type\":\"Person\",\"@id\":\"https:\/\/21panorama.com\/#\/schema\/person\/1afc291b96d5792a158768324287319f\",\"name\":\"admin\",\"image\":{\"@type\":\"ImageObject\",\"inLanguage\":\"es\",\"@id\":\"https:\/\/21panorama.com\/#\/schema\/person\/image\/\",\"url\":\"https:\/\/secure.gravatar.com\/avatar\/ad365d9d9f46719215b0d042cc3df92a5a8683e09ef13d102233e5491985f0f0?s=96&d=mm&r=g\",\"contentUrl\":\"https:\/\/secure.gravatar.com\/avatar\/ad365d9d9f46719215b0d042cc3df92a5a8683e09ef13d102233e5491985f0f0?s=96&d=mm&r=g\",\"caption\":\"admin\"},\"url\":\"https:\/\/21panorama.com\/index.php\/author\/admin\/\"}]}<\/script>\n<!-- \/ Yoast SEO plugin. -->","yoast_head_json":{"title":"Comunidad de la Facultad de Qu\u00edmica UAEM\u00e9x, formada con altos est\u00e1ndares: CEBD - 21 Panorama","robots":{"index":"index","follow":"follow","max-snippet":"max-snippet:-1","max-image-preview":"max-image-preview:large","max-video-preview":"max-video-preview:-1"},"canonical":"https:\/\/21panorama.com\/index.php\/2022\/04\/25\/comunidad-de-la-facultad-de-quimica-uaemex-formada-con-altos-estandares-cebd\/","og_locale":"es_MX","og_type":"article","og_title":"Comunidad de la Facultad de Qu\u00edmica UAEM\u00e9x, formada con altos est\u00e1ndares: CEBD - 21 Panorama","og_description":"El rector de la UAEM\u00e9x, Carlos Eduardo Barrera D\u00edaz, entreg\u00f3 infraestructura acad\u00e9mica y rehabilitaci\u00f3n de instalaciones en el Campus \u201cEl Cerrillo\u201d de la Facultad de Qu\u00edmica.","og_url":"https:\/\/21panorama.com\/index.php\/2022\/04\/25\/comunidad-de-la-facultad-de-quimica-uaemex-formada-con-altos-estandares-cebd\/","og_site_name":"21 Panorama","article_published_time":"2022-04-25T14:18:56+00:00","article_modified_time":"2022-04-25T14:18:58+00:00","og_image":[{"width":960,"height":640,"url":"https:\/\/21panorama.com\/wp-content\/uploads\/2022\/04\/182b36b3-fd03-4bdf-b34e-3f8d641eaa30.jpeg","type":"image\/jpeg"}],"author":"admin","twitter_card":"summary_large_image","twitter_misc":{"Escrito por":"admin","Tiempo de lectura":"3 minutos"},"schema":{"@context":"https:\/\/schema.org","@graph":[{"@type":"Article","@id":"https:\/\/21panorama.com\/index.php\/2022\/04\/25\/comunidad-de-la-facultad-de-quimica-uaemex-formada-con-altos-estandares-cebd\/#article","isPartOf":{"@id":"https:\/\/21panorama.com\/index.php\/2022\/04\/25\/comunidad-de-la-facultad-de-quimica-uaemex-formada-con-altos-estandares-cebd\/"},"author":{"name":"admin","@id":"https:\/\/21panorama.com\/#\/schema\/person\/1afc291b96d5792a158768324287319f"},"headline":"Comunidad de la Facultad de Qu\u00edmica UAEM\u00e9x, formada con altos est\u00e1ndares: CEBD","datePublished":"2022-04-25T14:18:56+00:00","dateModified":"2022-04-25T14:18:58+00:00","mainEntityOfPage":{"@id":"https:\/\/21panorama.com\/index.php\/2022\/04\/25\/comunidad-de-la-facultad-de-quimica-uaemex-formada-con-altos-estandares-cebd\/"},"wordCount":574,"commentCount":0,"publisher":{"@id":"https:\/\/21panorama.com\/#organization"},"image":{"@id":"https:\/\/21panorama.com\/index.php\/2022\/04\/25\/comunidad-de-la-facultad-de-quimica-uaemex-formada-con-altos-estandares-cebd\/#primaryimage"},"thumbnailUrl":"https:\/\/21panorama.com\/wp-content\/uploads\/2022\/04\/182b36b3-fd03-4bdf-b34e-3f8d641eaa30.jpeg","keywords":["UAEM"],"articleSection":["Sociedad"],"inLanguage":"es","potentialAction":[{"@type":"CommentAction","name":"Comment","target":["https:\/\/21panorama.com\/index.php\/2022\/04\/25\/comunidad-de-la-facultad-de-quimica-uaemex-formada-con-altos-estandares-cebd\/#respond"]}]},{"@type":"WebPage","@id":"https:\/\/21panorama.com\/index.php\/2022\/04\/25\/comunidad-de-la-facultad-de-quimica-uaemex-formada-con-altos-estandares-cebd\/","url":"https:\/\/21panorama.com\/index.php\/2022\/04\/25\/comunidad-de-la-facultad-de-quimica-uaemex-formada-con-altos-estandares-cebd\/","name":"Comunidad de la Facultad de Qu\u00edmica UAEM\u00e9x, formada con altos est\u00e1ndares: CEBD - 21 Panorama","isPartOf":{"@id":"https:\/\/21panorama.com\/#website"},"primaryImageOfPage":{"@id":"https:\/\/21panorama.com\/index.php\/2022\/04\/25\/comunidad-de-la-facultad-de-quimica-uaemex-formada-con-altos-estandares-cebd\/#primaryimage"},"image":{"@id":"https:\/\/21panorama.com\/index.php\/2022\/04\/25\/comunidad-de-la-facultad-de-quimica-uaemex-formada-con-altos-estandares-cebd\/#primaryimage"},"thumbnailUrl":"https:\/\/21panorama.com\/wp-content\/uploads\/2022\/04\/182b36b3-fd03-4bdf-b34e-3f8d641eaa30.jpeg","datePublished":"2022-04-25T14:18:56+00:00","dateModified":"2022-04-25T14:18:58+00:00","breadcrumb":{"@id":"https:\/\/21panorama.com\/index.php\/2022\/04\/25\/comunidad-de-la-facultad-de-quimica-uaemex-formada-con-altos-estandares-cebd\/#breadcrumb"},"inLanguage":"es","potentialAction":[{"@type":"ReadAction","target":["https:\/\/21panorama.com\/index.php\/2022\/04\/25\/comunidad-de-la-facultad-de-quimica-uaemex-formada-con-altos-estandares-cebd\/"]}]},{"@type":"ImageObject","inLanguage":"es","@id":"https:\/\/21panorama.com\/index.php\/2022\/04\/25\/comunidad-de-la-facultad-de-quimica-uaemex-formada-con-altos-estandares-cebd\/#primaryimage","url":"https:\/\/21panorama.com\/wp-content\/uploads\/2022\/04\/182b36b3-fd03-4bdf-b34e-3f8d641eaa30.jpeg","contentUrl":"https:\/\/21panorama.com\/wp-content\/uploads\/2022\/04\/182b36b3-fd03-4bdf-b34e-3f8d641eaa30.jpeg","width":960,"height":640},{"@type":"BreadcrumbList","@id":"https:\/\/21panorama.com\/index.php\/2022\/04\/25\/comunidad-de-la-facultad-de-quimica-uaemex-formada-con-altos-estandares-cebd\/#breadcrumb","itemListElement":[{"@type":"ListItem","position":1,"name":"Inicio","item":"https:\/\/21panorama.com\/"},{"@type":"ListItem","position":2,"name":"Comunidad de la Facultad de Qu\u00edmica UAEM\u00e9x, formada con altos est\u00e1ndares: CEBD"}]},{"@type":"WebSite","@id":"https:\/\/21panorama.com\/#website","url":"https:\/\/21panorama.com\/","name":"21 Panorama","description":"La construcci\u00f3n de la opini\u00f3n p\u00fablica merece un mejor Panorama en este siglo 21 para alcanzar una sociedad con mayor transparencia y sin corrupci\u00f3n.","publisher":{"@id":"https:\/\/21panorama.com\/#organization"},"potentialAction":[{"@type":"SearchAction","target":{"@type":"EntryPoint","urlTemplate":"https:\/\/21panorama.com\/?s={search_term_string}"},"query-input":{"@type":"PropertyValueSpecification","valueRequired":true,"valueName":"search_term_string"}}],"inLanguage":"es"},{"@type":"Organization","@id":"https:\/\/21panorama.com\/#organization","name":"21 Panorama","url":"https:\/\/21panorama.com\/","logo":{"@type":"ImageObject","inLanguage":"es","@id":"https:\/\/21panorama.com\/#\/schema\/logo\/image\/","url":"https:\/\/21panorama.com\/wp-content\/uploads\/2019\/07\/cropped-Logo-Panorama-01.jpeg","contentUrl":"https:\/\/21panorama.com\/wp-content\/uploads\/2019\/07\/cropped-Logo-Panorama-01.jpeg","width":290,"height":70,"caption":"21 Panorama"},"image":{"@id":"https:\/\/21panorama.com\/#\/schema\/logo\/image\/"}},{"@type":"Person","@id":"https:\/\/21panorama.com\/#\/schema\/person\/1afc291b96d5792a158768324287319f","name":"admin","image":{"@type":"ImageObject","inLanguage":"es","@id":"https:\/\/21panorama.com\/#\/schema\/person\/image\/","url":"https:\/\/secure.gravatar.com\/avatar\/ad365d9d9f46719215b0d042cc3df92a5a8683e09ef13d102233e5491985f0f0?s=96&d=mm&r=g","contentUrl":"https:\/\/secure.gravatar.com\/avatar\/ad365d9d9f46719215b0d042cc3df92a5a8683e09ef13d102233e5491985f0f0?s=96&d=mm&r=g","caption":"admin"},"url":"https:\/\/21panorama.com\/index.php\/author\/admin\/"}]}},"_links":{"self":[{"href":"https:\/\/21panorama.com\/index.php\/wp-json\/wp\/v2\/posts\/3575","targetHints":{"allow":["GET"]}}],"collection":[{"href":"https:\/\/21panorama.com\/index.php\/wp-json\/wp\/v2\/posts"}],"about":[{"href":"https:\/\/21panorama.com\/index.php\/wp-json\/wp\/v2\/types\/post"}],"author":[{"embeddable":true,"href":"https:\/\/21panorama.com\/index.php\/wp-json\/wp\/v2\/users\/1"}],"replies":[{"embeddable":true,"href":"https:\/\/21panorama.com\/index.php\/wp-json\/wp\/v2\/comments?post=3575"}],"version-history":[{"count":1,"href":"https:\/\/21panorama.com\/index.php\/wp-json\/wp\/v2\/posts\/3575\/revisions"}],"predecessor-version":[{"id":3579,"href":"https:\/\/21panorama.com\/index.php\/wp-json\/wp\/v2\/posts\/3575\/revisions\/3579"}],"wp:featuredmedia":[{"embeddable":true,"href":"https:\/\/21panorama.com\/index.php\/wp-json\/wp\/v2\/media\/3576"}],"wp:attachment":[{"href":"https:\/\/21panorama.com\/index.php\/wp-json\/wp\/v2\/media?parent=3575"}],"wp:term":[{"taxonomy":"category","embeddable":true,"href":"https:\/\/21panorama.com\/index.php\/wp-json\/wp\/v2\/categories?post=3575"},{"taxonomy":"post_tag","embeddable":true,"href":"https:\/\/21panorama.com\/index.php\/wp-json\/wp\/v2\/tags?post=3575"}],"curies":[{"name":"wp","href":"https:\/\/api.w.org\/{rel}","templated":true}]}}