{"id":3570,"date":"2022-04-22T11:16:44","date_gmt":"2022-04-22T16:16:44","guid":{"rendered":"https:\/\/21panorama.com\/?p=3570"},"modified":"2022-04-22T11:16:45","modified_gmt":"2022-04-22T16:16:45","slug":"2023-sera-la-madre-de-todas-las-batallas-eric-sevilla","status":"publish","type":"post","link":"https:\/\/21panorama.com\/index.php\/2022\/04\/22\/2023-sera-la-madre-de-todas-las-batallas-eric-sevilla\/","title":{"rendered":"2023  SER\u00c1 LA MADRE DE TODAS LAS BATALLAS: ERIC SEVILLA"},"content":{"rendered":"\n<p>VALLE DE BRAVO.&nbsp;El 4 de julio de 2023 tenemos una cita con la historia todos los mexiquenses, va a ser la madre de todas las batallas en el Estado de M\u00e9xico. \u201cSe decide el futuro de este estado, s\u00ed, pero tambi\u00e9n el futuro de la patria, de M\u00e9xico\u201d, se\u00f1al\u00f3 Eric Sevilla Montes de Oca, presidente estatal del Partido Revolucionario Institucional (PRI).<br>En Valle de Bravo y Villa Victoria, donde sostuvo un encuentro con la militancia para hacer entrega de reconocimientos y notas laudatorias, Sevilla Montes de Oca resalt\u00f3 que ese d\u00eda, 4 de julio, el PRI estar\u00e1 festejando el primer gran triunfo \u201cque nos llevar\u00e1 en el 2024, de una buena vez, a recuperar la Rep\u00fablica Mexicana para los mexicanos\u201d.<\/p>\n\n\n\n<p>El l\u00edder priista, acompa\u00f1ado en esta gira por los diputados federales Jazm\u00edn Jaimes y Eduardo Zarzosa, as\u00ed como por el diputado local Mario Santana, precis\u00f3 que uno de cada cinco votos es del Estado de M\u00e9xico, por lo que aqu\u00ed \u201cest\u00e1 la fuerza del priismo de todo el pa\u00eds\u201d.<\/p>\n\n\n\n<p>Convoc\u00f3 a los vallesanos a sacar el coraje, a estar m\u00e1s unidos que nunca, y destac\u00f3: \u201cno est\u00e1n solos, no hay orfandad pol\u00edtica. Vamos a estar trabajando de la mano con ustedes\u201d.<\/p>\n\n\n\n<p>El dirigente del PRI reconoci\u00f3 el trabajo de los diputados federales quienes el pasado domingo supieron defender a M\u00e9xico y \u201cpor primera vez a un presidente de la Rep\u00fablica, por primera vez en este pa\u00eds, se le rechaza un proyecto constitucional\u201d.<\/p>\n\n\n\n<p>El domingo \u201cya se le dio la primer muestra que encabez\u00f3 el priismo junto con toda una camada de partidos de lo que es parar una reforma constitucional que significaba la regresi\u00f3n de M\u00e9xico a tiempos del pasado\u201d, por ello, agradeci\u00f3 a los diputados su talante, fuerza y decisi\u00f3n. \u201cFue el primer paso en el camino, se cimbr\u00f3 el b\u00fanker de la 4T\u201d.<\/p>\n\n\n\n<p>\u201cFue el trabajo de una oposici\u00f3n seria, corresponsable con el progreso del pa\u00eds, preocupados por lo que venga. No m\u00e1s reformas tontas, absurdas, M\u00e9xico requiere certidumbre, seriedad, claridad de miras, hoja de ruta y no lo que estamos viviendo\u201d, asever\u00f3.<br>\u00bfA qui\u00e9n le estamos ganando? pregunt\u00f3 a la militancia vallesana: a un gobierno espurio, \u201cque miente un d\u00eda y al otro tambi\u00e9n\u201d. Un gobierno que fue capaz de quitarle las medicinas a los ni\u00f1os con c\u00e1ncer, que cerr\u00f3 los comedores comunitarios, que le quit\u00f3 la educaci\u00f3n de tiempo completo a cuatro millones de ni\u00f1os en todo el pa\u00eds; \u201cese es el gobierno al que estamos enfrentando\u201d, puntualiz\u00f3.<\/p>\n\n\n\n<p>Al reconocer a los laureados, el dirigente estatal asegur\u00f3 que el PRI mexiquense es de convicciones y lealtades bien fundadas y se sabe reponer a las circunstancias por m\u00e1s dif\u00edciles que sean. \u201cJuntos hemos construido desde hace mucho tiempo un proyecto de naci\u00f3n\u201d.<br>Eric Sevilla llam\u00f3 a los militantes de esta regi\u00f3n sur del estado a decir \u201cya basta\u201d y a tomar las calles, convencer a los vecinos y a quienes creyeron promesas absurdas y ocurrencias. \u201cEl priismo est\u00e1 m\u00e1s fuerte y m\u00e1s despierto que nunca\u201d, concluy\u00f3.<br>En su intervenci\u00f3n, Mar\u00eda Luisa Carmona, alcaldesa de Villa Victoria, resalt\u00f3 que este municipio es el \u00fanico en la entidad que no ha tenido alternancia. Ante cientos de militantes, agradeci\u00f3 la presencia del dirigente estatal del PRI a Villa Victoria, que es ejemplo para todo el Estado de M\u00e9xico. \u201cNo lo defraudaremos\u201d, concluy\u00f3.<br>A nombre de los galardonados en Valle de Bravo intervino Miguel Bautista, quien llam\u00f3 a la militancia a reorganizar la cultura pol\u00edtica, innovar el quehacer pol\u00edtico, con estructuras s\u00f3lidas y la capacitaci\u00f3n de los equipos partidistas. Apunt\u00f3 que se requiere un partido de oposici\u00f3n que act\u00fae con profesionalismo, responsabilidad y a actuar siempre en el marco de la ley ante las adversidades.<\/p>\n\n\n\n<figure class=\"wp-block-image size-full\"><img decoding=\"async\" width=\"960\" height=\"640\" src=\"https:\/\/21panorama.com\/wp-content\/uploads\/2022\/04\/36a44581-7cc0-434a-8cb8-0a85b139efdf.jpeg\" alt=\"\" class=\"wp-image-3572\" srcset=\"https:\/\/21panorama.com\/wp-content\/uploads\/2022\/04\/36a44581-7cc0-434a-8cb8-0a85b139efdf.jpeg 960w, https:\/\/21panorama.com\/wp-content\/uploads\/2022\/04\/36a44581-7cc0-434a-8cb8-0a85b139efdf-300x200.jpeg 300w, https:\/\/21panorama.com\/wp-content\/uploads\/2022\/04\/36a44581-7cc0-434a-8cb8-0a85b139efdf-768x512.jpeg 768w\" sizes=\"(max-width: 960px) 100vw, 960px\" \/><\/figure>\n\n\n\n<p><\/p>\n","protected":false},"excerpt":{"rendered":"<p>* No m\u00e1s reformas tontas y absurdas; M\u00e9xico requiere claridad de miras.  Se cimbr\u00f3 el b\u00fanker de la 4T.  <\/p>\n","protected":false},"author":1,"featured_media":3571,"comment_status":"open","ping_status":"open","sticky":false,"template":"","format":"standard","meta":{"footnotes":""},"categories":[1],"tags":[128],"class_list":["post-3570","post","type-post","status-publish","format-standard","has-post-thumbnail","hentry","category-sociedad","tag-128"],"yoast_head":"<!-- This site is optimized with the Yoast SEO plugin v24.9 - https:\/\/yoast.com\/wordpress\/plugins\/seo\/ -->\n<title>2023 SER\u00c1 LA MADRE DE TODAS LAS BATALLAS: ERIC SEVILLA - 21 Panorama<\/title>\n<meta name=\"robots\" content=\"index, follow, max-snippet:-1, max-image-preview:large, max-video-preview:-1\" \/>\n<link rel=\"canonical\" href=\"https:\/\/21panorama.com\/index.php\/2022\/04\/22\/2023-sera-la-madre-de-todas-las-batallas-eric-sevilla\/\" \/>\n<meta property=\"og:locale\" content=\"es_MX\" \/>\n<meta property=\"og:type\" content=\"article\" \/>\n<meta property=\"og:title\" content=\"2023 SER\u00c1 LA MADRE DE TODAS LAS BATALLAS: ERIC SEVILLA - 21 Panorama\" \/>\n<meta property=\"og:description\" content=\"* No m\u00e1s reformas tontas y absurdas; M\u00e9xico requiere claridad de miras. Se cimbr\u00f3 el b\u00fanker de la 4T.\" \/>\n<meta property=\"og:url\" content=\"https:\/\/21panorama.com\/index.php\/2022\/04\/22\/2023-sera-la-madre-de-todas-las-batallas-eric-sevilla\/\" \/>\n<meta property=\"og:site_name\" content=\"21 Panorama\" \/>\n<meta property=\"article:published_time\" content=\"2022-04-22T16:16:44+00:00\" \/>\n<meta property=\"article:modified_time\" content=\"2022-04-22T16:16:45+00:00\" \/>\n<meta property=\"og:image\" content=\"https:\/\/21panorama.com\/wp-content\/uploads\/2022\/04\/cba5156f-04fc-4e47-93d7-931cc58471b5.jpeg\" \/>\n\t<meta property=\"og:image:width\" content=\"960\" \/>\n\t<meta property=\"og:image:height\" content=\"638\" \/>\n\t<meta property=\"og:image:type\" content=\"image\/jpeg\" \/>\n<meta name=\"author\" content=\"admin\" \/>\n<meta name=\"twitter:card\" content=\"summary_large_image\" \/>\n<meta name=\"twitter:label1\" content=\"Escrito por\" \/>\n\t<meta name=\"twitter:data1\" content=\"admin\" \/>\n\t<meta name=\"twitter:label2\" content=\"Tiempo de lectura\" \/>\n\t<meta name=\"twitter:data2\" content=\"3 minutos\" \/>\n<script type=\"application\/ld+json\" class=\"yoast-schema-graph\">{\"@context\":\"https:\/\/schema.org\",\"@graph\":[{\"@type\":\"Article\",\"@id\":\"https:\/\/21panorama.com\/index.php\/2022\/04\/22\/2023-sera-la-madre-de-todas-las-batallas-eric-sevilla\/#article\",\"isPartOf\":{\"@id\":\"https:\/\/21panorama.com\/index.php\/2022\/04\/22\/2023-sera-la-madre-de-todas-las-batallas-eric-sevilla\/\"},\"author\":{\"name\":\"admin\",\"@id\":\"https:\/\/21panorama.com\/#\/schema\/person\/1afc291b96d5792a158768324287319f\"},\"headline\":\"2023 SER\u00c1 LA MADRE DE TODAS LAS BATALLAS: ERIC SEVILLA\",\"datePublished\":\"2022-04-22T16:16:44+00:00\",\"dateModified\":\"2022-04-22T16:16:45+00:00\",\"mainEntityOfPage\":{\"@id\":\"https:\/\/21panorama.com\/index.php\/2022\/04\/22\/2023-sera-la-madre-de-todas-las-batallas-eric-sevilla\/\"},\"wordCount\":669,\"commentCount\":0,\"publisher\":{\"@id\":\"https:\/\/21panorama.com\/#organization\"},\"image\":{\"@id\":\"https:\/\/21panorama.com\/index.php\/2022\/04\/22\/2023-sera-la-madre-de-todas-las-batallas-eric-sevilla\/#primaryimage\"},\"thumbnailUrl\":\"https:\/\/21panorama.com\/wp-content\/uploads\/2022\/04\/cba5156f-04fc-4e47-93d7-931cc58471b5.jpeg\",\"keywords\":[\"2023\"],\"articleSection\":[\"Sociedad\"],\"inLanguage\":\"es\",\"potentialAction\":[{\"@type\":\"CommentAction\",\"name\":\"Comment\",\"target\":[\"https:\/\/21panorama.com\/index.php\/2022\/04\/22\/2023-sera-la-madre-de-todas-las-batallas-eric-sevilla\/#respond\"]}]},{\"@type\":\"WebPage\",\"@id\":\"https:\/\/21panorama.com\/index.php\/2022\/04\/22\/2023-sera-la-madre-de-todas-las-batallas-eric-sevilla\/\",\"url\":\"https:\/\/21panorama.com\/index.php\/2022\/04\/22\/2023-sera-la-madre-de-todas-las-batallas-eric-sevilla\/\",\"name\":\"2023 SER\u00c1 LA MADRE DE TODAS LAS BATALLAS: ERIC SEVILLA - 21 Panorama\",\"isPartOf\":{\"@id\":\"https:\/\/21panorama.com\/#website\"},\"primaryImageOfPage\":{\"@id\":\"https:\/\/21panorama.com\/index.php\/2022\/04\/22\/2023-sera-la-madre-de-todas-las-batallas-eric-sevilla\/#primaryimage\"},\"image\":{\"@id\":\"https:\/\/21panorama.com\/index.php\/2022\/04\/22\/2023-sera-la-madre-de-todas-las-batallas-eric-sevilla\/#primaryimage\"},\"thumbnailUrl\":\"https:\/\/21panorama.com\/wp-content\/uploads\/2022\/04\/cba5156f-04fc-4e47-93d7-931cc58471b5.jpeg\",\"datePublished\":\"2022-04-22T16:16:44+00:00\",\"dateModified\":\"2022-04-22T16:16:45+00:00\",\"breadcrumb\":{\"@id\":\"https:\/\/21panorama.com\/index.php\/2022\/04\/22\/2023-sera-la-madre-de-todas-las-batallas-eric-sevilla\/#breadcrumb\"},\"inLanguage\":\"es\",\"potentialAction\":[{\"@type\":\"ReadAction\",\"target\":[\"https:\/\/21panorama.com\/index.php\/2022\/04\/22\/2023-sera-la-madre-de-todas-las-batallas-eric-sevilla\/\"]}]},{\"@type\":\"ImageObject\",\"inLanguage\":\"es\",\"@id\":\"https:\/\/21panorama.com\/index.php\/2022\/04\/22\/2023-sera-la-madre-de-todas-las-batallas-eric-sevilla\/#primaryimage\",\"url\":\"https:\/\/21panorama.com\/wp-content\/uploads\/2022\/04\/cba5156f-04fc-4e47-93d7-931cc58471b5.jpeg\",\"contentUrl\":\"https:\/\/21panorama.com\/wp-content\/uploads\/2022\/04\/cba5156f-04fc-4e47-93d7-931cc58471b5.jpeg\",\"width\":960,\"height\":638},{\"@type\":\"BreadcrumbList\",\"@id\":\"https:\/\/21panorama.com\/index.php\/2022\/04\/22\/2023-sera-la-madre-de-todas-las-batallas-eric-sevilla\/#breadcrumb\",\"itemListElement\":[{\"@type\":\"ListItem\",\"position\":1,\"name\":\"Inicio\",\"item\":\"https:\/\/21panorama.com\/\"},{\"@type\":\"ListItem\",\"position\":2,\"name\":\"2023 SER\u00c1 LA MADRE DE TODAS LAS BATALLAS: ERIC SEVILLA\"}]},{\"@type\":\"WebSite\",\"@id\":\"https:\/\/21panorama.com\/#website\",\"url\":\"https:\/\/21panorama.com\/\",\"name\":\"21 Panorama\",\"description\":\"La construcci\u00f3n de la opini\u00f3n p\u00fablica merece un mejor Panorama en este siglo 21 para alcanzar una sociedad con mayor transparencia y sin corrupci\u00f3n.\",\"publisher\":{\"@id\":\"https:\/\/21panorama.com\/#organization\"},\"potentialAction\":[{\"@type\":\"SearchAction\",\"target\":{\"@type\":\"EntryPoint\",\"urlTemplate\":\"https:\/\/21panorama.com\/?s={search_term_string}\"},\"query-input\":{\"@type\":\"PropertyValueSpecification\",\"valueRequired\":true,\"valueName\":\"search_term_string\"}}],\"inLanguage\":\"es\"},{\"@type\":\"Organization\",\"@id\":\"https:\/\/21panorama.com\/#organization\",\"name\":\"21 Panorama\",\"url\":\"https:\/\/21panorama.com\/\",\"logo\":{\"@type\":\"ImageObject\",\"inLanguage\":\"es\",\"@id\":\"https:\/\/21panorama.com\/#\/schema\/logo\/image\/\",\"url\":\"https:\/\/21panorama.com\/wp-content\/uploads\/2019\/07\/cropped-Logo-Panorama-01.jpeg\",\"contentUrl\":\"https:\/\/21panorama.com\/wp-content\/uploads\/2019\/07\/cropped-Logo-Panorama-01.jpeg\",\"width\":290,\"height\":70,\"caption\":\"21 Panorama\"},\"image\":{\"@id\":\"https:\/\/21panorama.com\/#\/schema\/logo\/image\/\"}},{\"@type\":\"Person\",\"@id\":\"https:\/\/21panorama.com\/#\/schema\/person\/1afc291b96d5792a158768324287319f\",\"name\":\"admin\",\"image\":{\"@type\":\"ImageObject\",\"inLanguage\":\"es\",\"@id\":\"https:\/\/21panorama.com\/#\/schema\/person\/image\/\",\"url\":\"https:\/\/secure.gravatar.com\/avatar\/ad365d9d9f46719215b0d042cc3df92a5a8683e09ef13d102233e5491985f0f0?s=96&d=mm&r=g\",\"contentUrl\":\"https:\/\/secure.gravatar.com\/avatar\/ad365d9d9f46719215b0d042cc3df92a5a8683e09ef13d102233e5491985f0f0?s=96&d=mm&r=g\",\"caption\":\"admin\"},\"url\":\"https:\/\/21panorama.com\/index.php\/author\/admin\/\"}]}<\/script>\n<!-- \/ Yoast SEO plugin. -->","yoast_head_json":{"title":"2023 SER\u00c1 LA MADRE DE TODAS LAS BATALLAS: ERIC SEVILLA - 21 Panorama","robots":{"index":"index","follow":"follow","max-snippet":"max-snippet:-1","max-image-preview":"max-image-preview:large","max-video-preview":"max-video-preview:-1"},"canonical":"https:\/\/21panorama.com\/index.php\/2022\/04\/22\/2023-sera-la-madre-de-todas-las-batallas-eric-sevilla\/","og_locale":"es_MX","og_type":"article","og_title":"2023 SER\u00c1 LA MADRE DE TODAS LAS BATALLAS: ERIC SEVILLA - 21 Panorama","og_description":"* No m\u00e1s reformas tontas y absurdas; M\u00e9xico requiere claridad de miras. Se cimbr\u00f3 el b\u00fanker de la 4T.","og_url":"https:\/\/21panorama.com\/index.php\/2022\/04\/22\/2023-sera-la-madre-de-todas-las-batallas-eric-sevilla\/","og_site_name":"21 Panorama","article_published_time":"2022-04-22T16:16:44+00:00","article_modified_time":"2022-04-22T16:16:45+00:00","og_image":[{"width":960,"height":638,"url":"https:\/\/21panorama.com\/wp-content\/uploads\/2022\/04\/cba5156f-04fc-4e47-93d7-931cc58471b5.jpeg","type":"image\/jpeg"}],"author":"admin","twitter_card":"summary_large_image","twitter_misc":{"Escrito por":"admin","Tiempo de lectura":"3 minutos"},"schema":{"@context":"https:\/\/schema.org","@graph":[{"@type":"Article","@id":"https:\/\/21panorama.com\/index.php\/2022\/04\/22\/2023-sera-la-madre-de-todas-las-batallas-eric-sevilla\/#article","isPartOf":{"@id":"https:\/\/21panorama.com\/index.php\/2022\/04\/22\/2023-sera-la-madre-de-todas-las-batallas-eric-sevilla\/"},"author":{"name":"admin","@id":"https:\/\/21panorama.com\/#\/schema\/person\/1afc291b96d5792a158768324287319f"},"headline":"2023 SER\u00c1 LA MADRE DE TODAS LAS BATALLAS: ERIC SEVILLA","datePublished":"2022-04-22T16:16:44+00:00","dateModified":"2022-04-22T16:16:45+00:00","mainEntityOfPage":{"@id":"https:\/\/21panorama.com\/index.php\/2022\/04\/22\/2023-sera-la-madre-de-todas-las-batallas-eric-sevilla\/"},"wordCount":669,"commentCount":0,"publisher":{"@id":"https:\/\/21panorama.com\/#organization"},"image":{"@id":"https:\/\/21panorama.com\/index.php\/2022\/04\/22\/2023-sera-la-madre-de-todas-las-batallas-eric-sevilla\/#primaryimage"},"thumbnailUrl":"https:\/\/21panorama.com\/wp-content\/uploads\/2022\/04\/cba5156f-04fc-4e47-93d7-931cc58471b5.jpeg","keywords":["2023"],"articleSection":["Sociedad"],"inLanguage":"es","potentialAction":[{"@type":"CommentAction","name":"Comment","target":["https:\/\/21panorama.com\/index.php\/2022\/04\/22\/2023-sera-la-madre-de-todas-las-batallas-eric-sevilla\/#respond"]}]},{"@type":"WebPage","@id":"https:\/\/21panorama.com\/index.php\/2022\/04\/22\/2023-sera-la-madre-de-todas-las-batallas-eric-sevilla\/","url":"https:\/\/21panorama.com\/index.php\/2022\/04\/22\/2023-sera-la-madre-de-todas-las-batallas-eric-sevilla\/","name":"2023 SER\u00c1 LA MADRE DE TODAS LAS BATALLAS: ERIC SEVILLA - 21 Panorama","isPartOf":{"@id":"https:\/\/21panorama.com\/#website"},"primaryImageOfPage":{"@id":"https:\/\/21panorama.com\/index.php\/2022\/04\/22\/2023-sera-la-madre-de-todas-las-batallas-eric-sevilla\/#primaryimage"},"image":{"@id":"https:\/\/21panorama.com\/index.php\/2022\/04\/22\/2023-sera-la-madre-de-todas-las-batallas-eric-sevilla\/#primaryimage"},"thumbnailUrl":"https:\/\/21panorama.com\/wp-content\/uploads\/2022\/04\/cba5156f-04fc-4e47-93d7-931cc58471b5.jpeg","datePublished":"2022-04-22T16:16:44+00:00","dateModified":"2022-04-22T16:16:45+00:00","breadcrumb":{"@id":"https:\/\/21panorama.com\/index.php\/2022\/04\/22\/2023-sera-la-madre-de-todas-las-batallas-eric-sevilla\/#breadcrumb"},"inLanguage":"es","potentialAction":[{"@type":"ReadAction","target":["https:\/\/21panorama.com\/index.php\/2022\/04\/22\/2023-sera-la-madre-de-todas-las-batallas-eric-sevilla\/"]}]},{"@type":"ImageObject","inLanguage":"es","@id":"https:\/\/21panorama.com\/index.php\/2022\/04\/22\/2023-sera-la-madre-de-todas-las-batallas-eric-sevilla\/#primaryimage","url":"https:\/\/21panorama.com\/wp-content\/uploads\/2022\/04\/cba5156f-04fc-4e47-93d7-931cc58471b5.jpeg","contentUrl":"https:\/\/21panorama.com\/wp-content\/uploads\/2022\/04\/cba5156f-04fc-4e47-93d7-931cc58471b5.jpeg","width":960,"height":638},{"@type":"BreadcrumbList","@id":"https:\/\/21panorama.com\/index.php\/2022\/04\/22\/2023-sera-la-madre-de-todas-las-batallas-eric-sevilla\/#breadcrumb","itemListElement":[{"@type":"ListItem","position":1,"name":"Inicio","item":"https:\/\/21panorama.com\/"},{"@type":"ListItem","position":2,"name":"2023 SER\u00c1 LA MADRE DE TODAS LAS BATALLAS: ERIC SEVILLA"}]},{"@type":"WebSite","@id":"https:\/\/21panorama.com\/#website","url":"https:\/\/21panorama.com\/","name":"21 Panorama","description":"La construcci\u00f3n de la opini\u00f3n p\u00fablica merece un mejor Panorama en este siglo 21 para alcanzar una sociedad con mayor transparencia y sin corrupci\u00f3n.","publisher":{"@id":"https:\/\/21panorama.com\/#organization"},"potentialAction":[{"@type":"SearchAction","target":{"@type":"EntryPoint","urlTemplate":"https:\/\/21panorama.com\/?s={search_term_string}"},"query-input":{"@type":"PropertyValueSpecification","valueRequired":true,"valueName":"search_term_string"}}],"inLanguage":"es"},{"@type":"Organization","@id":"https:\/\/21panorama.com\/#organization","name":"21 Panorama","url":"https:\/\/21panorama.com\/","logo":{"@type":"ImageObject","inLanguage":"es","@id":"https:\/\/21panorama.com\/#\/schema\/logo\/image\/","url":"https:\/\/21panorama.com\/wp-content\/uploads\/2019\/07\/cropped-Logo-Panorama-01.jpeg","contentUrl":"https:\/\/21panorama.com\/wp-content\/uploads\/2019\/07\/cropped-Logo-Panorama-01.jpeg","width":290,"height":70,"caption":"21 Panorama"},"image":{"@id":"https:\/\/21panorama.com\/#\/schema\/logo\/image\/"}},{"@type":"Person","@id":"https:\/\/21panorama.com\/#\/schema\/person\/1afc291b96d5792a158768324287319f","name":"admin","image":{"@type":"ImageObject","inLanguage":"es","@id":"https:\/\/21panorama.com\/#\/schema\/person\/image\/","url":"https:\/\/secure.gravatar.com\/avatar\/ad365d9d9f46719215b0d042cc3df92a5a8683e09ef13d102233e5491985f0f0?s=96&d=mm&r=g","contentUrl":"https:\/\/secure.gravatar.com\/avatar\/ad365d9d9f46719215b0d042cc3df92a5a8683e09ef13d102233e5491985f0f0?s=96&d=mm&r=g","caption":"admin"},"url":"https:\/\/21panorama.com\/index.php\/author\/admin\/"}]}},"_links":{"self":[{"href":"https:\/\/21panorama.com\/index.php\/wp-json\/wp\/v2\/posts\/3570","targetHints":{"allow":["GET"]}}],"collection":[{"href":"https:\/\/21panorama.com\/index.php\/wp-json\/wp\/v2\/posts"}],"about":[{"href":"https:\/\/21panorama.com\/index.php\/wp-json\/wp\/v2\/types\/post"}],"author":[{"embeddable":true,"href":"https:\/\/21panorama.com\/index.php\/wp-json\/wp\/v2\/users\/1"}],"replies":[{"embeddable":true,"href":"https:\/\/21panorama.com\/index.php\/wp-json\/wp\/v2\/comments?post=3570"}],"version-history":[{"count":1,"href":"https:\/\/21panorama.com\/index.php\/wp-json\/wp\/v2\/posts\/3570\/revisions"}],"predecessor-version":[{"id":3573,"href":"https:\/\/21panorama.com\/index.php\/wp-json\/wp\/v2\/posts\/3570\/revisions\/3573"}],"wp:featuredmedia":[{"embeddable":true,"href":"https:\/\/21panorama.com\/index.php\/wp-json\/wp\/v2\/media\/3571"}],"wp:attachment":[{"href":"https:\/\/21panorama.com\/index.php\/wp-json\/wp\/v2\/media?parent=3570"}],"wp:term":[{"taxonomy":"category","embeddable":true,"href":"https:\/\/21panorama.com\/index.php\/wp-json\/wp\/v2\/categories?post=3570"},{"taxonomy":"post_tag","embeddable":true,"href":"https:\/\/21panorama.com\/index.php\/wp-json\/wp\/v2\/tags?post=3570"}],"curies":[{"name":"wp","href":"https:\/\/api.w.org\/{rel}","templated":true}]}}