{"id":3564,"date":"2022-04-19T17:49:50","date_gmt":"2022-04-19T22:49:50","guid":{"rendered":"https:\/\/21panorama.com\/?p=3564"},"modified":"2022-04-19T17:49:51","modified_gmt":"2022-04-19T22:49:51","slug":"cumple-jorge-osornio-en-100-dias-de-gobierno-con-resultados","status":"publish","type":"post","link":"https:\/\/21panorama.com\/index.php\/2022\/04\/19\/cumple-jorge-osornio-en-100-dias-de-gobierno-con-resultados\/","title":{"rendered":"CUMPLE JORGE OSORNIO EN 100 DIAS DE GOBIERNO CON RESULTADOS"},"content":{"rendered":"\n<p>Al presentar un informe detallado sobre las principales acciones realizadas en los primeros &#8220;100 D\u00edas de Trabajo&#8221;, el presidente municipal de Aculco, Jorge Osornio Victoria, imprimi\u00f3 su sello de trabajo, resultados y limpio manejo de las finanzas p\u00fablicas.<\/p>\n\n\n\n<p>Ante cientos de ciudadanos reunidos, el alcalde destac\u00f3 que su administraci\u00f3n tiene un solo objetivo y es &#8220;Seguir Construyendo un Mejor Aculco&#8221;.<\/p>\n\n\n\n<p>En el acto se realiz\u00f3 la toma de protesta de Autoridades Auxiliares del Municipio, con quienes se podr\u00e1 trabajar de la mano y formar\u00e1n parte fundamental de la administraci\u00f3n, con el fin de dar los mejores resultados a la ciudadan\u00eda.<\/p>\n\n\n\n<p>El alcalde manifest\u00f3 que seguir\u00e1n trabajando en el buen manejo de las finanzas p\u00fablicas cerr\u00e1ndole el paso a los actos indebidos dado que es la responsabilidad que se tiene como servidores p\u00fablicos.<\/p>\n\n\n\n<p>Acompa\u00f1ado de su esposa Yareth Andrade Quezada, presidenta del DIF municipal asi como el Cabildo, dijo que seguir\u00e1 gobernando con responsabilidad y apegado a los principios de eficiencia y eficacia que distinguen a una administraci\u00f3n p\u00fablica de resultados.<\/p>\n\n\n\n<p>Asimismo dio a conocer que se dise\u00f1\u00f3 un Plan de Desarrollo Municipal que prioriza las demandas de las 63 comunidades, y este documento que se encuentra debidamente formulado y aprobado, marca las directrices que cada \u00e1rea que integran la estructura org\u00e1nica municipal.<\/p>\n\n\n\n<p>En su informe de los primeros 100 d\u00edas de gobierno sostuvo que est\u00e1 sustentado en cuatro pilares y tres ejes transversales que concentra las acciones realizadas dentro de cada rubro.<\/p>\n\n\n\n<figure class=\"wp-block-gallery columns-3 is-cropped wp-block-gallery-1 is-layout-flex wp-block-gallery-is-layout-flex\"><ul class=\"blocks-gallery-grid\"><li class=\"blocks-gallery-item\"><figure><img decoding=\"async\" width=\"1024\" height=\"768\" src=\"https:\/\/21panorama.com\/wp-content\/uploads\/2022\/04\/2b3f2d49-9972-4495-8ed8-101c9ace5b8c-1024x768.jpeg\" alt=\"\" data-id=\"3566\" data-link=\"https:\/\/21panorama.com\/?attachment_id=3566\" class=\"wp-image-3566\" srcset=\"https:\/\/21panorama.com\/wp-content\/uploads\/2022\/04\/2b3f2d49-9972-4495-8ed8-101c9ace5b8c-1024x768.jpeg 1024w, https:\/\/21panorama.com\/wp-content\/uploads\/2022\/04\/2b3f2d49-9972-4495-8ed8-101c9ace5b8c-300x225.jpeg 300w, https:\/\/21panorama.com\/wp-content\/uploads\/2022\/04\/2b3f2d49-9972-4495-8ed8-101c9ace5b8c-768x576.jpeg 768w, https:\/\/21panorama.com\/wp-content\/uploads\/2022\/04\/2b3f2d49-9972-4495-8ed8-101c9ace5b8c.jpeg 1280w\" sizes=\"(max-width: 1024px) 100vw, 1024px\" \/><\/figure><\/li><li class=\"blocks-gallery-item\"><figure><img decoding=\"async\" width=\"1024\" height=\"768\" src=\"https:\/\/21panorama.com\/wp-content\/uploads\/2022\/04\/9c58cc9b-5f4f-4a3b-8575-5e316a3b2c17-1024x768.jpeg\" alt=\"\" data-id=\"3567\" data-link=\"https:\/\/21panorama.com\/?attachment_id=3567\" class=\"wp-image-3567\" srcset=\"https:\/\/21panorama.com\/wp-content\/uploads\/2022\/04\/9c58cc9b-5f4f-4a3b-8575-5e316a3b2c17-1024x768.jpeg 1024w, https:\/\/21panorama.com\/wp-content\/uploads\/2022\/04\/9c58cc9b-5f4f-4a3b-8575-5e316a3b2c17-300x225.jpeg 300w, https:\/\/21panorama.com\/wp-content\/uploads\/2022\/04\/9c58cc9b-5f4f-4a3b-8575-5e316a3b2c17-768x576.jpeg 768w, https:\/\/21panorama.com\/wp-content\/uploads\/2022\/04\/9c58cc9b-5f4f-4a3b-8575-5e316a3b2c17.jpeg 1152w\" sizes=\"(max-width: 1024px) 100vw, 1024px\" \/><\/figure><\/li><li class=\"blocks-gallery-item\"><figure><img decoding=\"async\" width=\"1024\" height=\"768\" src=\"https:\/\/21panorama.com\/wp-content\/uploads\/2022\/04\/2a1db1a2-6663-4a28-9d0b-f1ff8608dc8e-1-1024x768.jpeg\" alt=\"\" data-id=\"3568\" data-full-url=\"https:\/\/21panorama.com\/wp-content\/uploads\/2022\/04\/2a1db1a2-6663-4a28-9d0b-f1ff8608dc8e-1.jpeg\" data-link=\"https:\/\/21panorama.com\/?attachment_id=3568\" class=\"wp-image-3568\" srcset=\"https:\/\/21panorama.com\/wp-content\/uploads\/2022\/04\/2a1db1a2-6663-4a28-9d0b-f1ff8608dc8e-1-1024x768.jpeg 1024w, https:\/\/21panorama.com\/wp-content\/uploads\/2022\/04\/2a1db1a2-6663-4a28-9d0b-f1ff8608dc8e-1-300x225.jpeg 300w, https:\/\/21panorama.com\/wp-content\/uploads\/2022\/04\/2a1db1a2-6663-4a28-9d0b-f1ff8608dc8e-1-768x576.jpeg 768w, https:\/\/21panorama.com\/wp-content\/uploads\/2022\/04\/2a1db1a2-6663-4a28-9d0b-f1ff8608dc8e-1.jpeg 1152w\" sizes=\"(max-width: 1024px) 100vw, 1024px\" \/><\/figure><\/li><\/ul><\/figure>\n","protected":false},"excerpt":{"rendered":"<p>Al presentar  un informe detallado sobre las principales acciones realizadas en los primeros &#8220;100 D\u00edas de Trabajo&#8221;, el presidente municipal de Aculco, Jorge Osornio Victoria, imprimi\u00f3 su sello de trabajo, resultados y limpio manejo de las finanzas p\u00fablicas.   <\/p>\n","protected":false},"author":1,"featured_media":3565,"comment_status":"open","ping_status":"open","sticky":false,"template":"","format":"standard","meta":{"footnotes":""},"categories":[1],"tags":[97],"class_list":["post-3564","post","type-post","status-publish","format-standard","has-post-thumbnail","hentry","category-sociedad","tag-edomex"],"yoast_head":"<!-- This site is optimized with the Yoast SEO plugin v24.9 - https:\/\/yoast.com\/wordpress\/plugins\/seo\/ -->\n<title>CUMPLE JORGE OSORNIO EN 100 DIAS DE GOBIERNO CON RESULTADOS - 21 Panorama<\/title>\n<meta name=\"robots\" content=\"index, follow, max-snippet:-1, max-image-preview:large, max-video-preview:-1\" \/>\n<link rel=\"canonical\" href=\"https:\/\/21panorama.com\/index.php\/2022\/04\/19\/cumple-jorge-osornio-en-100-dias-de-gobierno-con-resultados\/\" \/>\n<meta property=\"og:locale\" content=\"es_MX\" \/>\n<meta property=\"og:type\" content=\"article\" \/>\n<meta property=\"og:title\" content=\"CUMPLE JORGE OSORNIO EN 100 DIAS DE GOBIERNO CON RESULTADOS - 21 Panorama\" \/>\n<meta property=\"og:description\" content=\"Al presentar un informe detallado sobre las principales acciones realizadas en los primeros &quot;100 D\u00edas de Trabajo&quot;, el presidente municipal de Aculco, Jorge Osornio Victoria, imprimi\u00f3 su sello de trabajo, resultados y limpio manejo de las finanzas p\u00fablicas.\" \/>\n<meta property=\"og:url\" content=\"https:\/\/21panorama.com\/index.php\/2022\/04\/19\/cumple-jorge-osornio-en-100-dias-de-gobierno-con-resultados\/\" \/>\n<meta property=\"og:site_name\" content=\"21 Panorama\" \/>\n<meta property=\"article:published_time\" content=\"2022-04-19T22:49:50+00:00\" \/>\n<meta property=\"article:modified_time\" content=\"2022-04-19T22:49:51+00:00\" \/>\n<meta property=\"og:image\" content=\"https:\/\/21panorama.com\/wp-content\/uploads\/2022\/04\/a3147970-e0c2-4d88-9244-ae33fe152c1f.jpeg\" \/>\n\t<meta property=\"og:image:width\" content=\"1152\" \/>\n\t<meta property=\"og:image:height\" content=\"648\" \/>\n\t<meta property=\"og:image:type\" content=\"image\/jpeg\" \/>\n<meta name=\"author\" content=\"admin\" \/>\n<meta name=\"twitter:card\" content=\"summary_large_image\" \/>\n<meta name=\"twitter:label1\" content=\"Escrito por\" \/>\n\t<meta name=\"twitter:data1\" content=\"admin\" \/>\n\t<meta name=\"twitter:label2\" content=\"Tiempo de lectura\" \/>\n\t<meta name=\"twitter:data2\" content=\"2 minutos\" \/>\n<script type=\"application\/ld+json\" class=\"yoast-schema-graph\">{\"@context\":\"https:\/\/schema.org\",\"@graph\":[{\"@type\":\"Article\",\"@id\":\"https:\/\/21panorama.com\/index.php\/2022\/04\/19\/cumple-jorge-osornio-en-100-dias-de-gobierno-con-resultados\/#article\",\"isPartOf\":{\"@id\":\"https:\/\/21panorama.com\/index.php\/2022\/04\/19\/cumple-jorge-osornio-en-100-dias-de-gobierno-con-resultados\/\"},\"author\":{\"name\":\"admin\",\"@id\":\"https:\/\/21panorama.com\/#\/schema\/person\/1afc291b96d5792a158768324287319f\"},\"headline\":\"CUMPLE JORGE OSORNIO EN 100 DIAS DE GOBIERNO CON RESULTADOS\",\"datePublished\":\"2022-04-19T22:49:50+00:00\",\"dateModified\":\"2022-04-19T22:49:51+00:00\",\"mainEntityOfPage\":{\"@id\":\"https:\/\/21panorama.com\/index.php\/2022\/04\/19\/cumple-jorge-osornio-en-100-dias-de-gobierno-con-resultados\/\"},\"wordCount\":263,\"commentCount\":0,\"publisher\":{\"@id\":\"https:\/\/21panorama.com\/#organization\"},\"image\":{\"@id\":\"https:\/\/21panorama.com\/index.php\/2022\/04\/19\/cumple-jorge-osornio-en-100-dias-de-gobierno-con-resultados\/#primaryimage\"},\"thumbnailUrl\":\"https:\/\/21panorama.com\/wp-content\/uploads\/2022\/04\/a3147970-e0c2-4d88-9244-ae33fe152c1f.jpeg\",\"keywords\":[\"EDOMEX\"],\"articleSection\":[\"Sociedad\"],\"inLanguage\":\"es\",\"potentialAction\":[{\"@type\":\"CommentAction\",\"name\":\"Comment\",\"target\":[\"https:\/\/21panorama.com\/index.php\/2022\/04\/19\/cumple-jorge-osornio-en-100-dias-de-gobierno-con-resultados\/#respond\"]}]},{\"@type\":\"WebPage\",\"@id\":\"https:\/\/21panorama.com\/index.php\/2022\/04\/19\/cumple-jorge-osornio-en-100-dias-de-gobierno-con-resultados\/\",\"url\":\"https:\/\/21panorama.com\/index.php\/2022\/04\/19\/cumple-jorge-osornio-en-100-dias-de-gobierno-con-resultados\/\",\"name\":\"CUMPLE JORGE OSORNIO EN 100 DIAS DE GOBIERNO CON RESULTADOS - 21 Panorama\",\"isPartOf\":{\"@id\":\"https:\/\/21panorama.com\/#website\"},\"primaryImageOfPage\":{\"@id\":\"https:\/\/21panorama.com\/index.php\/2022\/04\/19\/cumple-jorge-osornio-en-100-dias-de-gobierno-con-resultados\/#primaryimage\"},\"image\":{\"@id\":\"https:\/\/21panorama.com\/index.php\/2022\/04\/19\/cumple-jorge-osornio-en-100-dias-de-gobierno-con-resultados\/#primaryimage\"},\"thumbnailUrl\":\"https:\/\/21panorama.com\/wp-content\/uploads\/2022\/04\/a3147970-e0c2-4d88-9244-ae33fe152c1f.jpeg\",\"datePublished\":\"2022-04-19T22:49:50+00:00\",\"dateModified\":\"2022-04-19T22:49:51+00:00\",\"breadcrumb\":{\"@id\":\"https:\/\/21panorama.com\/index.php\/2022\/04\/19\/cumple-jorge-osornio-en-100-dias-de-gobierno-con-resultados\/#breadcrumb\"},\"inLanguage\":\"es\",\"potentialAction\":[{\"@type\":\"ReadAction\",\"target\":[\"https:\/\/21panorama.com\/index.php\/2022\/04\/19\/cumple-jorge-osornio-en-100-dias-de-gobierno-con-resultados\/\"]}]},{\"@type\":\"ImageObject\",\"inLanguage\":\"es\",\"@id\":\"https:\/\/21panorama.com\/index.php\/2022\/04\/19\/cumple-jorge-osornio-en-100-dias-de-gobierno-con-resultados\/#primaryimage\",\"url\":\"https:\/\/21panorama.com\/wp-content\/uploads\/2022\/04\/a3147970-e0c2-4d88-9244-ae33fe152c1f.jpeg\",\"contentUrl\":\"https:\/\/21panorama.com\/wp-content\/uploads\/2022\/04\/a3147970-e0c2-4d88-9244-ae33fe152c1f.jpeg\",\"width\":1152,\"height\":648},{\"@type\":\"BreadcrumbList\",\"@id\":\"https:\/\/21panorama.com\/index.php\/2022\/04\/19\/cumple-jorge-osornio-en-100-dias-de-gobierno-con-resultados\/#breadcrumb\",\"itemListElement\":[{\"@type\":\"ListItem\",\"position\":1,\"name\":\"Inicio\",\"item\":\"https:\/\/21panorama.com\/\"},{\"@type\":\"ListItem\",\"position\":2,\"name\":\"CUMPLE JORGE OSORNIO EN 100 DIAS DE GOBIERNO CON RESULTADOS\"}]},{\"@type\":\"WebSite\",\"@id\":\"https:\/\/21panorama.com\/#website\",\"url\":\"https:\/\/21panorama.com\/\",\"name\":\"21 Panorama\",\"description\":\"La construcci\u00f3n de la opini\u00f3n p\u00fablica merece un mejor Panorama en este siglo 21 para alcanzar una sociedad con mayor transparencia y sin corrupci\u00f3n.\",\"publisher\":{\"@id\":\"https:\/\/21panorama.com\/#organization\"},\"potentialAction\":[{\"@type\":\"SearchAction\",\"target\":{\"@type\":\"EntryPoint\",\"urlTemplate\":\"https:\/\/21panorama.com\/?s={search_term_string}\"},\"query-input\":{\"@type\":\"PropertyValueSpecification\",\"valueRequired\":true,\"valueName\":\"search_term_string\"}}],\"inLanguage\":\"es\"},{\"@type\":\"Organization\",\"@id\":\"https:\/\/21panorama.com\/#organization\",\"name\":\"21 Panorama\",\"url\":\"https:\/\/21panorama.com\/\",\"logo\":{\"@type\":\"ImageObject\",\"inLanguage\":\"es\",\"@id\":\"https:\/\/21panorama.com\/#\/schema\/logo\/image\/\",\"url\":\"https:\/\/21panorama.com\/wp-content\/uploads\/2019\/07\/cropped-Logo-Panorama-01.jpeg\",\"contentUrl\":\"https:\/\/21panorama.com\/wp-content\/uploads\/2019\/07\/cropped-Logo-Panorama-01.jpeg\",\"width\":290,\"height\":70,\"caption\":\"21 Panorama\"},\"image\":{\"@id\":\"https:\/\/21panorama.com\/#\/schema\/logo\/image\/\"}},{\"@type\":\"Person\",\"@id\":\"https:\/\/21panorama.com\/#\/schema\/person\/1afc291b96d5792a158768324287319f\",\"name\":\"admin\",\"image\":{\"@type\":\"ImageObject\",\"inLanguage\":\"es\",\"@id\":\"https:\/\/21panorama.com\/#\/schema\/person\/image\/\",\"url\":\"https:\/\/secure.gravatar.com\/avatar\/ad365d9d9f46719215b0d042cc3df92a5a8683e09ef13d102233e5491985f0f0?s=96&d=mm&r=g\",\"contentUrl\":\"https:\/\/secure.gravatar.com\/avatar\/ad365d9d9f46719215b0d042cc3df92a5a8683e09ef13d102233e5491985f0f0?s=96&d=mm&r=g\",\"caption\":\"admin\"},\"url\":\"https:\/\/21panorama.com\/index.php\/author\/admin\/\"}]}<\/script>\n<!-- \/ Yoast SEO plugin. -->","yoast_head_json":{"title":"CUMPLE JORGE OSORNIO EN 100 DIAS DE GOBIERNO CON RESULTADOS - 21 Panorama","robots":{"index":"index","follow":"follow","max-snippet":"max-snippet:-1","max-image-preview":"max-image-preview:large","max-video-preview":"max-video-preview:-1"},"canonical":"https:\/\/21panorama.com\/index.php\/2022\/04\/19\/cumple-jorge-osornio-en-100-dias-de-gobierno-con-resultados\/","og_locale":"es_MX","og_type":"article","og_title":"CUMPLE JORGE OSORNIO EN 100 DIAS DE GOBIERNO CON RESULTADOS - 21 Panorama","og_description":"Al presentar un informe detallado sobre las principales acciones realizadas en los primeros \"100 D\u00edas de Trabajo\", el presidente municipal de Aculco, Jorge Osornio Victoria, imprimi\u00f3 su sello de trabajo, resultados y limpio manejo de las finanzas p\u00fablicas.","og_url":"https:\/\/21panorama.com\/index.php\/2022\/04\/19\/cumple-jorge-osornio-en-100-dias-de-gobierno-con-resultados\/","og_site_name":"21 Panorama","article_published_time":"2022-04-19T22:49:50+00:00","article_modified_time":"2022-04-19T22:49:51+00:00","og_image":[{"width":1152,"height":648,"url":"https:\/\/21panorama.com\/wp-content\/uploads\/2022\/04\/a3147970-e0c2-4d88-9244-ae33fe152c1f.jpeg","type":"image\/jpeg"}],"author":"admin","twitter_card":"summary_large_image","twitter_misc":{"Escrito por":"admin","Tiempo de lectura":"2 minutos"},"schema":{"@context":"https:\/\/schema.org","@graph":[{"@type":"Article","@id":"https:\/\/21panorama.com\/index.php\/2022\/04\/19\/cumple-jorge-osornio-en-100-dias-de-gobierno-con-resultados\/#article","isPartOf":{"@id":"https:\/\/21panorama.com\/index.php\/2022\/04\/19\/cumple-jorge-osornio-en-100-dias-de-gobierno-con-resultados\/"},"author":{"name":"admin","@id":"https:\/\/21panorama.com\/#\/schema\/person\/1afc291b96d5792a158768324287319f"},"headline":"CUMPLE JORGE OSORNIO EN 100 DIAS DE GOBIERNO CON RESULTADOS","datePublished":"2022-04-19T22:49:50+00:00","dateModified":"2022-04-19T22:49:51+00:00","mainEntityOfPage":{"@id":"https:\/\/21panorama.com\/index.php\/2022\/04\/19\/cumple-jorge-osornio-en-100-dias-de-gobierno-con-resultados\/"},"wordCount":263,"commentCount":0,"publisher":{"@id":"https:\/\/21panorama.com\/#organization"},"image":{"@id":"https:\/\/21panorama.com\/index.php\/2022\/04\/19\/cumple-jorge-osornio-en-100-dias-de-gobierno-con-resultados\/#primaryimage"},"thumbnailUrl":"https:\/\/21panorama.com\/wp-content\/uploads\/2022\/04\/a3147970-e0c2-4d88-9244-ae33fe152c1f.jpeg","keywords":["EDOMEX"],"articleSection":["Sociedad"],"inLanguage":"es","potentialAction":[{"@type":"CommentAction","name":"Comment","target":["https:\/\/21panorama.com\/index.php\/2022\/04\/19\/cumple-jorge-osornio-en-100-dias-de-gobierno-con-resultados\/#respond"]}]},{"@type":"WebPage","@id":"https:\/\/21panorama.com\/index.php\/2022\/04\/19\/cumple-jorge-osornio-en-100-dias-de-gobierno-con-resultados\/","url":"https:\/\/21panorama.com\/index.php\/2022\/04\/19\/cumple-jorge-osornio-en-100-dias-de-gobierno-con-resultados\/","name":"CUMPLE JORGE OSORNIO EN 100 DIAS DE GOBIERNO CON RESULTADOS - 21 Panorama","isPartOf":{"@id":"https:\/\/21panorama.com\/#website"},"primaryImageOfPage":{"@id":"https:\/\/21panorama.com\/index.php\/2022\/04\/19\/cumple-jorge-osornio-en-100-dias-de-gobierno-con-resultados\/#primaryimage"},"image":{"@id":"https:\/\/21panorama.com\/index.php\/2022\/04\/19\/cumple-jorge-osornio-en-100-dias-de-gobierno-con-resultados\/#primaryimage"},"thumbnailUrl":"https:\/\/21panorama.com\/wp-content\/uploads\/2022\/04\/a3147970-e0c2-4d88-9244-ae33fe152c1f.jpeg","datePublished":"2022-04-19T22:49:50+00:00","dateModified":"2022-04-19T22:49:51+00:00","breadcrumb":{"@id":"https:\/\/21panorama.com\/index.php\/2022\/04\/19\/cumple-jorge-osornio-en-100-dias-de-gobierno-con-resultados\/#breadcrumb"},"inLanguage":"es","potentialAction":[{"@type":"ReadAction","target":["https:\/\/21panorama.com\/index.php\/2022\/04\/19\/cumple-jorge-osornio-en-100-dias-de-gobierno-con-resultados\/"]}]},{"@type":"ImageObject","inLanguage":"es","@id":"https:\/\/21panorama.com\/index.php\/2022\/04\/19\/cumple-jorge-osornio-en-100-dias-de-gobierno-con-resultados\/#primaryimage","url":"https:\/\/21panorama.com\/wp-content\/uploads\/2022\/04\/a3147970-e0c2-4d88-9244-ae33fe152c1f.jpeg","contentUrl":"https:\/\/21panorama.com\/wp-content\/uploads\/2022\/04\/a3147970-e0c2-4d88-9244-ae33fe152c1f.jpeg","width":1152,"height":648},{"@type":"BreadcrumbList","@id":"https:\/\/21panorama.com\/index.php\/2022\/04\/19\/cumple-jorge-osornio-en-100-dias-de-gobierno-con-resultados\/#breadcrumb","itemListElement":[{"@type":"ListItem","position":1,"name":"Inicio","item":"https:\/\/21panorama.com\/"},{"@type":"ListItem","position":2,"name":"CUMPLE JORGE OSORNIO EN 100 DIAS DE GOBIERNO CON RESULTADOS"}]},{"@type":"WebSite","@id":"https:\/\/21panorama.com\/#website","url":"https:\/\/21panorama.com\/","name":"21 Panorama","description":"La construcci\u00f3n de la opini\u00f3n p\u00fablica merece un mejor Panorama en este siglo 21 para alcanzar una sociedad con mayor transparencia y sin corrupci\u00f3n.","publisher":{"@id":"https:\/\/21panorama.com\/#organization"},"potentialAction":[{"@type":"SearchAction","target":{"@type":"EntryPoint","urlTemplate":"https:\/\/21panorama.com\/?s={search_term_string}"},"query-input":{"@type":"PropertyValueSpecification","valueRequired":true,"valueName":"search_term_string"}}],"inLanguage":"es"},{"@type":"Organization","@id":"https:\/\/21panorama.com\/#organization","name":"21 Panorama","url":"https:\/\/21panorama.com\/","logo":{"@type":"ImageObject","inLanguage":"es","@id":"https:\/\/21panorama.com\/#\/schema\/logo\/image\/","url":"https:\/\/21panorama.com\/wp-content\/uploads\/2019\/07\/cropped-Logo-Panorama-01.jpeg","contentUrl":"https:\/\/21panorama.com\/wp-content\/uploads\/2019\/07\/cropped-Logo-Panorama-01.jpeg","width":290,"height":70,"caption":"21 Panorama"},"image":{"@id":"https:\/\/21panorama.com\/#\/schema\/logo\/image\/"}},{"@type":"Person","@id":"https:\/\/21panorama.com\/#\/schema\/person\/1afc291b96d5792a158768324287319f","name":"admin","image":{"@type":"ImageObject","inLanguage":"es","@id":"https:\/\/21panorama.com\/#\/schema\/person\/image\/","url":"https:\/\/secure.gravatar.com\/avatar\/ad365d9d9f46719215b0d042cc3df92a5a8683e09ef13d102233e5491985f0f0?s=96&d=mm&r=g","contentUrl":"https:\/\/secure.gravatar.com\/avatar\/ad365d9d9f46719215b0d042cc3df92a5a8683e09ef13d102233e5491985f0f0?s=96&d=mm&r=g","caption":"admin"},"url":"https:\/\/21panorama.com\/index.php\/author\/admin\/"}]}},"_links":{"self":[{"href":"https:\/\/21panorama.com\/index.php\/wp-json\/wp\/v2\/posts\/3564","targetHints":{"allow":["GET"]}}],"collection":[{"href":"https:\/\/21panorama.com\/index.php\/wp-json\/wp\/v2\/posts"}],"about":[{"href":"https:\/\/21panorama.com\/index.php\/wp-json\/wp\/v2\/types\/post"}],"author":[{"embeddable":true,"href":"https:\/\/21panorama.com\/index.php\/wp-json\/wp\/v2\/users\/1"}],"replies":[{"embeddable":true,"href":"https:\/\/21panorama.com\/index.php\/wp-json\/wp\/v2\/comments?post=3564"}],"version-history":[{"count":1,"href":"https:\/\/21panorama.com\/index.php\/wp-json\/wp\/v2\/posts\/3564\/revisions"}],"predecessor-version":[{"id":3569,"href":"https:\/\/21panorama.com\/index.php\/wp-json\/wp\/v2\/posts\/3564\/revisions\/3569"}],"wp:featuredmedia":[{"embeddable":true,"href":"https:\/\/21panorama.com\/index.php\/wp-json\/wp\/v2\/media\/3565"}],"wp:attachment":[{"href":"https:\/\/21panorama.com\/index.php\/wp-json\/wp\/v2\/media?parent=3564"}],"wp:term":[{"taxonomy":"category","embeddable":true,"href":"https:\/\/21panorama.com\/index.php\/wp-json\/wp\/v2\/categories?post=3564"},{"taxonomy":"post_tag","embeddable":true,"href":"https:\/\/21panorama.com\/index.php\/wp-json\/wp\/v2\/tags?post=3564"}],"curies":[{"name":"wp","href":"https:\/\/api.w.org\/{rel}","templated":true}]}}