{"id":3559,"date":"2022-04-19T17:43:58","date_gmt":"2022-04-19T22:43:58","guid":{"rendered":"https:\/\/21panorama.com\/?p=3559"},"modified":"2022-04-19T17:44:00","modified_gmt":"2022-04-19T22:44:00","slug":"senalan-importancia-de-la-perspectiva-de-genero-en-la-administracion-publica","status":"publish","type":"post","link":"https:\/\/21panorama.com\/index.php\/2022\/04\/19\/senalan-importancia-de-la-perspectiva-de-genero-en-la-administracion-publica\/","title":{"rendered":"SE\u00d1ALAN IMPORTANCIA DE LA PERSPECTIVA DE G\u00c9NERO EN LA ADMINISTRACI\u00d3N P\u00daBLICA"},"content":{"rendered":"\n<p>Toluca, Estado de M\u00e9xico, 18 de abril de 2022. Para comprender qu\u00e9 es perspectiva se deben entender las distintas realidades y retos que viven mujeres, adolescentes y ni\u00f1as en todo momento, en el trabajo, escuela, en las relaciones personales y profesionales, al salir de casa, y en su d\u00eda a d\u00eda; por tanto, la perspectiva de g\u00e9nero busca visibilizar y sensibilizar a la poblaci\u00f3n en general respecto a estas problem\u00e1ticas.<\/p>\n\n\n\n<p>En ese sentido, y para continuar con la pol\u00edtica del Gobernador Alfredo Del Mazo Maza, de atender a las mexiquenses, la Secretar\u00eda de la Mujer implementa acciones y mecanismos para sensibilizar y capacitar a la poblaci\u00f3n sobre perspectiva, feminismo, transversalizaci\u00f3n y cuidado, en temas de desigualdades.<\/p>\n\n\n\n<p>La Directora General de Perspectiva de G\u00e9nero, Diana Vel\u00e1zquez S\u00e1nchez, se\u00f1al\u00f3 que, para dar cuenta de la desigualdad que existe entre mujeres y hombres, se debe analizar, por ejemplo, que, en el sector econ\u00f3mico, el 84 por ciento de las personas que perdieron su empleo a ra\u00edz de la pandemia, son mujeres.<\/p>\n\n\n\n<p>En deserci\u00f3n escolar a nivel nacional 20 millones de ni\u00f1as est\u00e1n en riesgo de no regresar a las escuelas y en cuanto a salario, las mujeres ganan un 23 por ciento menos que los hombres y s\u00f3lo dos de cada 10 mujeres ocupan un espacio en la toma de decisiones en la administraci\u00f3n p\u00fablica.<\/p>\n\n\n\n<p>Refiri\u00f3 que, para atender las desigualdades, es necesario entender, analizar y presentar soluciones diferenciadas y claras a la ra\u00edz de la violencia, as\u00ed como visibilizar y empoderar a la mujer en un \u00e1mbito donde lo masculino siempre ha sido lo dominante y de mayor privilegio.<\/p>\n\n\n\n<p>Por ello, explic\u00f3 que al interior de la dependencia se cuenta con unidades de igualdad de g\u00e9nero y erradicaci\u00f3n de la violencia, una L\u00ednea Sin Violencia 800-108-4053 disponible las 24 horas los 365 d\u00edas del a\u00f1o, una L\u00ednea contra la Trata 800-832-4745, Centros de Masculinidades positivas, as\u00ed como 58 Centros Naranja, cuya funci\u00f3n es atender de manera multidisciplinaria a las mujeres.<\/p>\n\n\n\n<p>DESCARGA DE DOCUMENTO Y FOTOGRAF\u00cdAS:<\/p>\n\n\n\n<figure class=\"wp-block-gallery columns-2 is-cropped wp-block-gallery-1 is-layout-flex wp-block-gallery-is-layout-flex\"><ul class=\"blocks-gallery-grid\"><li class=\"blocks-gallery-item\"><figure><img decoding=\"async\" width=\"979\" height=\"882\" src=\"https:\/\/21panorama.com\/wp-content\/uploads\/2022\/04\/8c757f3f-cc94-45a3-99f8-7076ab501f38.jpeg\" alt=\"\" data-id=\"3561\" data-link=\"https:\/\/21panorama.com\/?attachment_id=3561\" class=\"wp-image-3561\" srcset=\"https:\/\/21panorama.com\/wp-content\/uploads\/2022\/04\/8c757f3f-cc94-45a3-99f8-7076ab501f38.jpeg 979w, https:\/\/21panorama.com\/wp-content\/uploads\/2022\/04\/8c757f3f-cc94-45a3-99f8-7076ab501f38-300x270.jpeg 300w, https:\/\/21panorama.com\/wp-content\/uploads\/2022\/04\/8c757f3f-cc94-45a3-99f8-7076ab501f38-768x692.jpeg 768w\" sizes=\"(max-width: 979px) 100vw, 979px\" \/><\/figure><\/li><li class=\"blocks-gallery-item\"><figure><img decoding=\"async\" width=\"1024\" height=\"798\" src=\"https:\/\/21panorama.com\/wp-content\/uploads\/2022\/04\/1e8c3ef9-23ad-4042-9f4d-af256a837223-1024x798.jpeg\" alt=\"\" data-id=\"3562\" data-full-url=\"https:\/\/21panorama.com\/wp-content\/uploads\/2022\/04\/1e8c3ef9-23ad-4042-9f4d-af256a837223.jpeg\" data-link=\"https:\/\/21panorama.com\/?attachment_id=3562\" class=\"wp-image-3562\" srcset=\"https:\/\/21panorama.com\/wp-content\/uploads\/2022\/04\/1e8c3ef9-23ad-4042-9f4d-af256a837223-1024x798.jpeg 1024w, https:\/\/21panorama.com\/wp-content\/uploads\/2022\/04\/1e8c3ef9-23ad-4042-9f4d-af256a837223-300x234.jpeg 300w, https:\/\/21panorama.com\/wp-content\/uploads\/2022\/04\/1e8c3ef9-23ad-4042-9f4d-af256a837223-768x599.jpeg 768w, https:\/\/21panorama.com\/wp-content\/uploads\/2022\/04\/1e8c3ef9-23ad-4042-9f4d-af256a837223.jpeg 1280w\" sizes=\"(max-width: 1024px) 100vw, 1024px\" \/><\/figure><\/li><\/ul><\/figure>\n","protected":false},"excerpt":{"rendered":"<p>Busca Secretar\u00eda de la Mujer implementar en la administraci\u00f3n p\u00fablica la perspectiva de g\u00e9nero.<\/p>\n","protected":false},"author":1,"featured_media":3560,"comment_status":"open","ping_status":"open","sticky":false,"template":"","format":"standard","meta":{"footnotes":""},"categories":[1],"tags":[97],"class_list":["post-3559","post","type-post","status-publish","format-standard","has-post-thumbnail","hentry","category-sociedad","tag-edomex"],"yoast_head":"<!-- This site is optimized with the Yoast SEO plugin v24.9 - https:\/\/yoast.com\/wordpress\/plugins\/seo\/ -->\n<title>SE\u00d1ALAN IMPORTANCIA DE LA PERSPECTIVA DE G\u00c9NERO EN LA ADMINISTRACI\u00d3N P\u00daBLICA - 21 Panorama<\/title>\n<meta name=\"robots\" content=\"index, follow, max-snippet:-1, max-image-preview:large, max-video-preview:-1\" \/>\n<link rel=\"canonical\" href=\"https:\/\/21panorama.com\/index.php\/2022\/04\/19\/senalan-importancia-de-la-perspectiva-de-genero-en-la-administracion-publica\/\" \/>\n<meta property=\"og:locale\" content=\"es_MX\" \/>\n<meta property=\"og:type\" content=\"article\" \/>\n<meta property=\"og:title\" content=\"SE\u00d1ALAN IMPORTANCIA DE LA PERSPECTIVA DE G\u00c9NERO EN LA ADMINISTRACI\u00d3N P\u00daBLICA - 21 Panorama\" \/>\n<meta property=\"og:description\" content=\"Busca Secretar\u00eda de la Mujer implementar en la administraci\u00f3n p\u00fablica la perspectiva de g\u00e9nero.\" \/>\n<meta property=\"og:url\" content=\"https:\/\/21panorama.com\/index.php\/2022\/04\/19\/senalan-importancia-de-la-perspectiva-de-genero-en-la-administracion-publica\/\" \/>\n<meta property=\"og:site_name\" content=\"21 Panorama\" \/>\n<meta property=\"article:published_time\" content=\"2022-04-19T22:43:58+00:00\" \/>\n<meta property=\"article:modified_time\" content=\"2022-04-19T22:44:00+00:00\" \/>\n<meta property=\"og:image\" content=\"https:\/\/21panorama.com\/wp-content\/uploads\/2022\/04\/9dea6db4-486c-48f0-a2b3-c22bc0f70880.jpeg\" \/>\n\t<meta property=\"og:image:width\" content=\"1280\" \/>\n\t<meta property=\"og:image:height\" content=\"872\" \/>\n\t<meta property=\"og:image:type\" content=\"image\/jpeg\" \/>\n<meta name=\"author\" content=\"admin\" \/>\n<meta name=\"twitter:card\" content=\"summary_large_image\" \/>\n<meta name=\"twitter:label1\" content=\"Escrito por\" \/>\n\t<meta name=\"twitter:data1\" content=\"admin\" \/>\n\t<meta name=\"twitter:label2\" content=\"Tiempo de lectura\" \/>\n\t<meta name=\"twitter:data2\" content=\"2 minutos\" \/>\n<script type=\"application\/ld+json\" class=\"yoast-schema-graph\">{\"@context\":\"https:\/\/schema.org\",\"@graph\":[{\"@type\":\"Article\",\"@id\":\"https:\/\/21panorama.com\/index.php\/2022\/04\/19\/senalan-importancia-de-la-perspectiva-de-genero-en-la-administracion-publica\/#article\",\"isPartOf\":{\"@id\":\"https:\/\/21panorama.com\/index.php\/2022\/04\/19\/senalan-importancia-de-la-perspectiva-de-genero-en-la-administracion-publica\/\"},\"author\":{\"name\":\"admin\",\"@id\":\"https:\/\/21panorama.com\/#\/schema\/person\/1afc291b96d5792a158768324287319f\"},\"headline\":\"SE\u00d1ALAN IMPORTANCIA DE LA PERSPECTIVA DE G\u00c9NERO EN LA ADMINISTRACI\u00d3N P\u00daBLICA\",\"datePublished\":\"2022-04-19T22:43:58+00:00\",\"dateModified\":\"2022-04-19T22:44:00+00:00\",\"mainEntityOfPage\":{\"@id\":\"https:\/\/21panorama.com\/index.php\/2022\/04\/19\/senalan-importancia-de-la-perspectiva-de-genero-en-la-administracion-publica\/\"},\"wordCount\":373,\"commentCount\":0,\"publisher\":{\"@id\":\"https:\/\/21panorama.com\/#organization\"},\"image\":{\"@id\":\"https:\/\/21panorama.com\/index.php\/2022\/04\/19\/senalan-importancia-de-la-perspectiva-de-genero-en-la-administracion-publica\/#primaryimage\"},\"thumbnailUrl\":\"https:\/\/21panorama.com\/wp-content\/uploads\/2022\/04\/9dea6db4-486c-48f0-a2b3-c22bc0f70880.jpeg\",\"keywords\":[\"EDOMEX\"],\"articleSection\":[\"Sociedad\"],\"inLanguage\":\"es\",\"potentialAction\":[{\"@type\":\"CommentAction\",\"name\":\"Comment\",\"target\":[\"https:\/\/21panorama.com\/index.php\/2022\/04\/19\/senalan-importancia-de-la-perspectiva-de-genero-en-la-administracion-publica\/#respond\"]}]},{\"@type\":\"WebPage\",\"@id\":\"https:\/\/21panorama.com\/index.php\/2022\/04\/19\/senalan-importancia-de-la-perspectiva-de-genero-en-la-administracion-publica\/\",\"url\":\"https:\/\/21panorama.com\/index.php\/2022\/04\/19\/senalan-importancia-de-la-perspectiva-de-genero-en-la-administracion-publica\/\",\"name\":\"SE\u00d1ALAN IMPORTANCIA DE LA PERSPECTIVA DE G\u00c9NERO EN LA ADMINISTRACI\u00d3N P\u00daBLICA - 21 Panorama\",\"isPartOf\":{\"@id\":\"https:\/\/21panorama.com\/#website\"},\"primaryImageOfPage\":{\"@id\":\"https:\/\/21panorama.com\/index.php\/2022\/04\/19\/senalan-importancia-de-la-perspectiva-de-genero-en-la-administracion-publica\/#primaryimage\"},\"image\":{\"@id\":\"https:\/\/21panorama.com\/index.php\/2022\/04\/19\/senalan-importancia-de-la-perspectiva-de-genero-en-la-administracion-publica\/#primaryimage\"},\"thumbnailUrl\":\"https:\/\/21panorama.com\/wp-content\/uploads\/2022\/04\/9dea6db4-486c-48f0-a2b3-c22bc0f70880.jpeg\",\"datePublished\":\"2022-04-19T22:43:58+00:00\",\"dateModified\":\"2022-04-19T22:44:00+00:00\",\"breadcrumb\":{\"@id\":\"https:\/\/21panorama.com\/index.php\/2022\/04\/19\/senalan-importancia-de-la-perspectiva-de-genero-en-la-administracion-publica\/#breadcrumb\"},\"inLanguage\":\"es\",\"potentialAction\":[{\"@type\":\"ReadAction\",\"target\":[\"https:\/\/21panorama.com\/index.php\/2022\/04\/19\/senalan-importancia-de-la-perspectiva-de-genero-en-la-administracion-publica\/\"]}]},{\"@type\":\"ImageObject\",\"inLanguage\":\"es\",\"@id\":\"https:\/\/21panorama.com\/index.php\/2022\/04\/19\/senalan-importancia-de-la-perspectiva-de-genero-en-la-administracion-publica\/#primaryimage\",\"url\":\"https:\/\/21panorama.com\/wp-content\/uploads\/2022\/04\/9dea6db4-486c-48f0-a2b3-c22bc0f70880.jpeg\",\"contentUrl\":\"https:\/\/21panorama.com\/wp-content\/uploads\/2022\/04\/9dea6db4-486c-48f0-a2b3-c22bc0f70880.jpeg\",\"width\":1280,\"height\":872},{\"@type\":\"BreadcrumbList\",\"@id\":\"https:\/\/21panorama.com\/index.php\/2022\/04\/19\/senalan-importancia-de-la-perspectiva-de-genero-en-la-administracion-publica\/#breadcrumb\",\"itemListElement\":[{\"@type\":\"ListItem\",\"position\":1,\"name\":\"Inicio\",\"item\":\"https:\/\/21panorama.com\/\"},{\"@type\":\"ListItem\",\"position\":2,\"name\":\"SE\u00d1ALAN IMPORTANCIA DE LA PERSPECTIVA DE G\u00c9NERO EN LA ADMINISTRACI\u00d3N P\u00daBLICA\"}]},{\"@type\":\"WebSite\",\"@id\":\"https:\/\/21panorama.com\/#website\",\"url\":\"https:\/\/21panorama.com\/\",\"name\":\"21 Panorama\",\"description\":\"La construcci\u00f3n de la opini\u00f3n p\u00fablica merece un mejor Panorama en este siglo 21 para alcanzar una sociedad con mayor transparencia y sin corrupci\u00f3n.\",\"publisher\":{\"@id\":\"https:\/\/21panorama.com\/#organization\"},\"potentialAction\":[{\"@type\":\"SearchAction\",\"target\":{\"@type\":\"EntryPoint\",\"urlTemplate\":\"https:\/\/21panorama.com\/?s={search_term_string}\"},\"query-input\":{\"@type\":\"PropertyValueSpecification\",\"valueRequired\":true,\"valueName\":\"search_term_string\"}}],\"inLanguage\":\"es\"},{\"@type\":\"Organization\",\"@id\":\"https:\/\/21panorama.com\/#organization\",\"name\":\"21 Panorama\",\"url\":\"https:\/\/21panorama.com\/\",\"logo\":{\"@type\":\"ImageObject\",\"inLanguage\":\"es\",\"@id\":\"https:\/\/21panorama.com\/#\/schema\/logo\/image\/\",\"url\":\"https:\/\/21panorama.com\/wp-content\/uploads\/2019\/07\/cropped-Logo-Panorama-01.jpeg\",\"contentUrl\":\"https:\/\/21panorama.com\/wp-content\/uploads\/2019\/07\/cropped-Logo-Panorama-01.jpeg\",\"width\":290,\"height\":70,\"caption\":\"21 Panorama\"},\"image\":{\"@id\":\"https:\/\/21panorama.com\/#\/schema\/logo\/image\/\"}},{\"@type\":\"Person\",\"@id\":\"https:\/\/21panorama.com\/#\/schema\/person\/1afc291b96d5792a158768324287319f\",\"name\":\"admin\",\"image\":{\"@type\":\"ImageObject\",\"inLanguage\":\"es\",\"@id\":\"https:\/\/21panorama.com\/#\/schema\/person\/image\/\",\"url\":\"https:\/\/secure.gravatar.com\/avatar\/ad365d9d9f46719215b0d042cc3df92a5a8683e09ef13d102233e5491985f0f0?s=96&d=mm&r=g\",\"contentUrl\":\"https:\/\/secure.gravatar.com\/avatar\/ad365d9d9f46719215b0d042cc3df92a5a8683e09ef13d102233e5491985f0f0?s=96&d=mm&r=g\",\"caption\":\"admin\"},\"url\":\"https:\/\/21panorama.com\/index.php\/author\/admin\/\"}]}<\/script>\n<!-- \/ Yoast SEO plugin. -->","yoast_head_json":{"title":"SE\u00d1ALAN IMPORTANCIA DE LA PERSPECTIVA DE G\u00c9NERO EN LA ADMINISTRACI\u00d3N P\u00daBLICA - 21 Panorama","robots":{"index":"index","follow":"follow","max-snippet":"max-snippet:-1","max-image-preview":"max-image-preview:large","max-video-preview":"max-video-preview:-1"},"canonical":"https:\/\/21panorama.com\/index.php\/2022\/04\/19\/senalan-importancia-de-la-perspectiva-de-genero-en-la-administracion-publica\/","og_locale":"es_MX","og_type":"article","og_title":"SE\u00d1ALAN IMPORTANCIA DE LA PERSPECTIVA DE G\u00c9NERO EN LA ADMINISTRACI\u00d3N P\u00daBLICA - 21 Panorama","og_description":"Busca Secretar\u00eda de la Mujer implementar en la administraci\u00f3n p\u00fablica la perspectiva de g\u00e9nero.","og_url":"https:\/\/21panorama.com\/index.php\/2022\/04\/19\/senalan-importancia-de-la-perspectiva-de-genero-en-la-administracion-publica\/","og_site_name":"21 Panorama","article_published_time":"2022-04-19T22:43:58+00:00","article_modified_time":"2022-04-19T22:44:00+00:00","og_image":[{"width":1280,"height":872,"url":"https:\/\/21panorama.com\/wp-content\/uploads\/2022\/04\/9dea6db4-486c-48f0-a2b3-c22bc0f70880.jpeg","type":"image\/jpeg"}],"author":"admin","twitter_card":"summary_large_image","twitter_misc":{"Escrito por":"admin","Tiempo de lectura":"2 minutos"},"schema":{"@context":"https:\/\/schema.org","@graph":[{"@type":"Article","@id":"https:\/\/21panorama.com\/index.php\/2022\/04\/19\/senalan-importancia-de-la-perspectiva-de-genero-en-la-administracion-publica\/#article","isPartOf":{"@id":"https:\/\/21panorama.com\/index.php\/2022\/04\/19\/senalan-importancia-de-la-perspectiva-de-genero-en-la-administracion-publica\/"},"author":{"name":"admin","@id":"https:\/\/21panorama.com\/#\/schema\/person\/1afc291b96d5792a158768324287319f"},"headline":"SE\u00d1ALAN IMPORTANCIA DE LA PERSPECTIVA DE G\u00c9NERO EN LA ADMINISTRACI\u00d3N P\u00daBLICA","datePublished":"2022-04-19T22:43:58+00:00","dateModified":"2022-04-19T22:44:00+00:00","mainEntityOfPage":{"@id":"https:\/\/21panorama.com\/index.php\/2022\/04\/19\/senalan-importancia-de-la-perspectiva-de-genero-en-la-administracion-publica\/"},"wordCount":373,"commentCount":0,"publisher":{"@id":"https:\/\/21panorama.com\/#organization"},"image":{"@id":"https:\/\/21panorama.com\/index.php\/2022\/04\/19\/senalan-importancia-de-la-perspectiva-de-genero-en-la-administracion-publica\/#primaryimage"},"thumbnailUrl":"https:\/\/21panorama.com\/wp-content\/uploads\/2022\/04\/9dea6db4-486c-48f0-a2b3-c22bc0f70880.jpeg","keywords":["EDOMEX"],"articleSection":["Sociedad"],"inLanguage":"es","potentialAction":[{"@type":"CommentAction","name":"Comment","target":["https:\/\/21panorama.com\/index.php\/2022\/04\/19\/senalan-importancia-de-la-perspectiva-de-genero-en-la-administracion-publica\/#respond"]}]},{"@type":"WebPage","@id":"https:\/\/21panorama.com\/index.php\/2022\/04\/19\/senalan-importancia-de-la-perspectiva-de-genero-en-la-administracion-publica\/","url":"https:\/\/21panorama.com\/index.php\/2022\/04\/19\/senalan-importancia-de-la-perspectiva-de-genero-en-la-administracion-publica\/","name":"SE\u00d1ALAN IMPORTANCIA DE LA PERSPECTIVA DE G\u00c9NERO EN LA ADMINISTRACI\u00d3N P\u00daBLICA - 21 Panorama","isPartOf":{"@id":"https:\/\/21panorama.com\/#website"},"primaryImageOfPage":{"@id":"https:\/\/21panorama.com\/index.php\/2022\/04\/19\/senalan-importancia-de-la-perspectiva-de-genero-en-la-administracion-publica\/#primaryimage"},"image":{"@id":"https:\/\/21panorama.com\/index.php\/2022\/04\/19\/senalan-importancia-de-la-perspectiva-de-genero-en-la-administracion-publica\/#primaryimage"},"thumbnailUrl":"https:\/\/21panorama.com\/wp-content\/uploads\/2022\/04\/9dea6db4-486c-48f0-a2b3-c22bc0f70880.jpeg","datePublished":"2022-04-19T22:43:58+00:00","dateModified":"2022-04-19T22:44:00+00:00","breadcrumb":{"@id":"https:\/\/21panorama.com\/index.php\/2022\/04\/19\/senalan-importancia-de-la-perspectiva-de-genero-en-la-administracion-publica\/#breadcrumb"},"inLanguage":"es","potentialAction":[{"@type":"ReadAction","target":["https:\/\/21panorama.com\/index.php\/2022\/04\/19\/senalan-importancia-de-la-perspectiva-de-genero-en-la-administracion-publica\/"]}]},{"@type":"ImageObject","inLanguage":"es","@id":"https:\/\/21panorama.com\/index.php\/2022\/04\/19\/senalan-importancia-de-la-perspectiva-de-genero-en-la-administracion-publica\/#primaryimage","url":"https:\/\/21panorama.com\/wp-content\/uploads\/2022\/04\/9dea6db4-486c-48f0-a2b3-c22bc0f70880.jpeg","contentUrl":"https:\/\/21panorama.com\/wp-content\/uploads\/2022\/04\/9dea6db4-486c-48f0-a2b3-c22bc0f70880.jpeg","width":1280,"height":872},{"@type":"BreadcrumbList","@id":"https:\/\/21panorama.com\/index.php\/2022\/04\/19\/senalan-importancia-de-la-perspectiva-de-genero-en-la-administracion-publica\/#breadcrumb","itemListElement":[{"@type":"ListItem","position":1,"name":"Inicio","item":"https:\/\/21panorama.com\/"},{"@type":"ListItem","position":2,"name":"SE\u00d1ALAN IMPORTANCIA DE LA PERSPECTIVA DE G\u00c9NERO EN LA ADMINISTRACI\u00d3N P\u00daBLICA"}]},{"@type":"WebSite","@id":"https:\/\/21panorama.com\/#website","url":"https:\/\/21panorama.com\/","name":"21 Panorama","description":"La construcci\u00f3n de la opini\u00f3n p\u00fablica merece un mejor Panorama en este siglo 21 para alcanzar una sociedad con mayor transparencia y sin corrupci\u00f3n.","publisher":{"@id":"https:\/\/21panorama.com\/#organization"},"potentialAction":[{"@type":"SearchAction","target":{"@type":"EntryPoint","urlTemplate":"https:\/\/21panorama.com\/?s={search_term_string}"},"query-input":{"@type":"PropertyValueSpecification","valueRequired":true,"valueName":"search_term_string"}}],"inLanguage":"es"},{"@type":"Organization","@id":"https:\/\/21panorama.com\/#organization","name":"21 Panorama","url":"https:\/\/21panorama.com\/","logo":{"@type":"ImageObject","inLanguage":"es","@id":"https:\/\/21panorama.com\/#\/schema\/logo\/image\/","url":"https:\/\/21panorama.com\/wp-content\/uploads\/2019\/07\/cropped-Logo-Panorama-01.jpeg","contentUrl":"https:\/\/21panorama.com\/wp-content\/uploads\/2019\/07\/cropped-Logo-Panorama-01.jpeg","width":290,"height":70,"caption":"21 Panorama"},"image":{"@id":"https:\/\/21panorama.com\/#\/schema\/logo\/image\/"}},{"@type":"Person","@id":"https:\/\/21panorama.com\/#\/schema\/person\/1afc291b96d5792a158768324287319f","name":"admin","image":{"@type":"ImageObject","inLanguage":"es","@id":"https:\/\/21panorama.com\/#\/schema\/person\/image\/","url":"https:\/\/secure.gravatar.com\/avatar\/ad365d9d9f46719215b0d042cc3df92a5a8683e09ef13d102233e5491985f0f0?s=96&d=mm&r=g","contentUrl":"https:\/\/secure.gravatar.com\/avatar\/ad365d9d9f46719215b0d042cc3df92a5a8683e09ef13d102233e5491985f0f0?s=96&d=mm&r=g","caption":"admin"},"url":"https:\/\/21panorama.com\/index.php\/author\/admin\/"}]}},"_links":{"self":[{"href":"https:\/\/21panorama.com\/index.php\/wp-json\/wp\/v2\/posts\/3559","targetHints":{"allow":["GET"]}}],"collection":[{"href":"https:\/\/21panorama.com\/index.php\/wp-json\/wp\/v2\/posts"}],"about":[{"href":"https:\/\/21panorama.com\/index.php\/wp-json\/wp\/v2\/types\/post"}],"author":[{"embeddable":true,"href":"https:\/\/21panorama.com\/index.php\/wp-json\/wp\/v2\/users\/1"}],"replies":[{"embeddable":true,"href":"https:\/\/21panorama.com\/index.php\/wp-json\/wp\/v2\/comments?post=3559"}],"version-history":[{"count":1,"href":"https:\/\/21panorama.com\/index.php\/wp-json\/wp\/v2\/posts\/3559\/revisions"}],"predecessor-version":[{"id":3563,"href":"https:\/\/21panorama.com\/index.php\/wp-json\/wp\/v2\/posts\/3559\/revisions\/3563"}],"wp:featuredmedia":[{"embeddable":true,"href":"https:\/\/21panorama.com\/index.php\/wp-json\/wp\/v2\/media\/3560"}],"wp:attachment":[{"href":"https:\/\/21panorama.com\/index.php\/wp-json\/wp\/v2\/media?parent=3559"}],"wp:term":[{"taxonomy":"category","embeddable":true,"href":"https:\/\/21panorama.com\/index.php\/wp-json\/wp\/v2\/categories?post=3559"},{"taxonomy":"post_tag","embeddable":true,"href":"https:\/\/21panorama.com\/index.php\/wp-json\/wp\/v2\/tags?post=3559"}],"curies":[{"name":"wp","href":"https:\/\/api.w.org\/{rel}","templated":true}]}}