{"id":3541,"date":"2022-04-17T23:51:56","date_gmt":"2022-04-18T04:51:56","guid":{"rendered":"https:\/\/21panorama.com\/?p=3541"},"modified":"2022-04-17T23:51:57","modified_gmt":"2022-04-18T04:51:57","slug":"signa-secretaria-del-campo-convenio-con-ixtlahuaca-jiquipilco-y-jocotitlan-para-infraestructura-rural","status":"publish","type":"post","link":"https:\/\/21panorama.com\/index.php\/2022\/04\/17\/signa-secretaria-del-campo-convenio-con-ixtlahuaca-jiquipilco-y-jocotitlan-para-infraestructura-rural\/","title":{"rendered":"SIGNA SECRETAR\u00cdA DEL CAMPO CONVENIO CON IXTLAHUACA, JIQUIPILCO Y JOCOTITL\u00c1N PARA INFRAESTRUCTURA RURAL"},"content":{"rendered":"\n<p>Ixtlahuaca, Estado de M\u00e9xico, 17 de abril de 2022. El Gobierno del Estado de M\u00e9xico, a trav\u00e9s de la Secretar\u00eda del Campo (Secampo), sign\u00f3 un convenio de colaboraci\u00f3n con los ayuntamientos de Ixtlahuaca, Jiquipilco y Jocotitl\u00e1n, para que las y los productores de esta regi\u00f3n construyan y\/o rehabiliten su infraestructura rural y fortalezcan as\u00ed sus actividades agropecuarias.<\/p>\n\n\n\n<p>Ante los alcaldes firmantes, Abuzeid Lozano Casta\u00f1eda, Felipe S\u00e1nchez D\u00e1vila y Jes\u00fas Cedillo Gonz\u00e1lez, de Ixtlahuaca, Jiquipilco y Jocotitl\u00e1n, respectivamente, la titular de la Secampo, Leticia Mej\u00eda Garc\u00eda, destac\u00f3 que la infraestructura hidroagr\u00edcola est\u00e1 conformada por presas, bordos, estanques, ollas de agua y caminos saca-cosechas.<\/p>\n\n\n\n<p>Al tiempo de refrendar el compromiso del Gobernador Alfredo Del Mazo Maza, para con las mujeres y los hombres que trabajan en el sector primario de la econom\u00eda, Mej\u00eda Garc\u00eda subray\u00f3 que esta infraestructura permite, no s\u00f3lo almacenar el mayor volumen de agua para el riego, sino que tambi\u00e9n permite que llegue a los cultivos y que los productos del campo salgan para su comercializaci\u00f3n.<\/p>\n\n\n\n<p>Lozano Casta\u00f1eda, S\u00e1nchez D\u00e1vila y Cedillo Gonz\u00e1lez solicitaron a la titular de la Secampo ser la portavoz para agradecer al Ejecutivo estatal por el apoyo brindado a este sector que, pese a la pandemia por el virus SARS-CoV-2, nunca dej\u00f3 de trabajar para proporcionar los alimentos a las familias mexiquenses y mexicanas.<\/p>\n\n\n\n<p>Los convenios tienen una vigencia de tres meses, tiempo durante el cual la Secretar\u00eda del Campo proporcionar\u00e1 el equipo y los ayuntamientos, de manera conjunta con las organizaciones de productores, quienes se har\u00e1n cargo de los gastos de operaci\u00f3n, servicios y refacciones menores.<\/p>\n\n\n\n<p>Con ellos, los ayuntamientos disponen de la maquinaria que les permite construir o rehabilitar la infraestructura rural b\u00e1sica como: peque\u00f1os almacenamientos de agua y\/o caminos saca cosecha principalmente, as\u00ed como el desazolve de afluentes.<\/p>\n\n\n\n<p>Cabe destacar que en el evento, llevado a cabo en la comunidad San Francisco de Guzm\u00e1n, destac\u00f3 la presencia de Gustavo C\u00e1rdenas Monroy, Diputado federal por el tercer distrito, con cabecera en Atlacomulco, as\u00ed como de las y los productores de la regi\u00f3n.<\/p>\n\n\n\n<figure class=\"wp-block-gallery columns-3 is-cropped wp-block-gallery-1 is-layout-flex wp-block-gallery-is-layout-flex\"><ul class=\"blocks-gallery-grid\"><li class=\"blocks-gallery-item\"><figure><img decoding=\"async\" width=\"1024\" height=\"577\" src=\"https:\/\/21panorama.com\/wp-content\/uploads\/2022\/04\/0dd1c9a0-533f-4455-87f7-21c9035f22ff-1024x577.jpeg\" alt=\"\" data-id=\"3543\" data-link=\"https:\/\/21panorama.com\/?attachment_id=3543\" class=\"wp-image-3543\" srcset=\"https:\/\/21panorama.com\/wp-content\/uploads\/2022\/04\/0dd1c9a0-533f-4455-87f7-21c9035f22ff-1024x577.jpeg 1024w, https:\/\/21panorama.com\/wp-content\/uploads\/2022\/04\/0dd1c9a0-533f-4455-87f7-21c9035f22ff-300x169.jpeg 300w, https:\/\/21panorama.com\/wp-content\/uploads\/2022\/04\/0dd1c9a0-533f-4455-87f7-21c9035f22ff-768x433.jpeg 768w, https:\/\/21panorama.com\/wp-content\/uploads\/2022\/04\/0dd1c9a0-533f-4455-87f7-21c9035f22ff.jpeg 1280w\" sizes=\"(max-width: 1024px) 100vw, 1024px\" \/><\/figure><\/li><li class=\"blocks-gallery-item\"><figure><img decoding=\"async\" width=\"1024\" height=\"737\" src=\"https:\/\/21panorama.com\/wp-content\/uploads\/2022\/04\/0e9666ef-3c0f-460e-b459-39dc8f8c0d6e-1024x737.jpeg\" alt=\"\" data-id=\"3544\" data-link=\"https:\/\/21panorama.com\/?attachment_id=3544\" class=\"wp-image-3544\" srcset=\"https:\/\/21panorama.com\/wp-content\/uploads\/2022\/04\/0e9666ef-3c0f-460e-b459-39dc8f8c0d6e-1024x737.jpeg 1024w, https:\/\/21panorama.com\/wp-content\/uploads\/2022\/04\/0e9666ef-3c0f-460e-b459-39dc8f8c0d6e-300x216.jpeg 300w, https:\/\/21panorama.com\/wp-content\/uploads\/2022\/04\/0e9666ef-3c0f-460e-b459-39dc8f8c0d6e-768x553.jpeg 768w, https:\/\/21panorama.com\/wp-content\/uploads\/2022\/04\/0e9666ef-3c0f-460e-b459-39dc8f8c0d6e-240x172.jpeg 240w, https:\/\/21panorama.com\/wp-content\/uploads\/2022\/04\/0e9666ef-3c0f-460e-b459-39dc8f8c0d6e.jpeg 1082w\" sizes=\"(max-width: 1024px) 100vw, 1024px\" \/><\/figure><\/li><li class=\"blocks-gallery-item\"><figure><img decoding=\"async\" width=\"1024\" height=\"683\" src=\"https:\/\/21panorama.com\/wp-content\/uploads\/2022\/04\/82d5a2bb-0164-4311-84aa-faa4ad83b4d3-1024x683.jpeg\" alt=\"\" data-id=\"3545\" data-full-url=\"https:\/\/21panorama.com\/wp-content\/uploads\/2022\/04\/82d5a2bb-0164-4311-84aa-faa4ad83b4d3.jpeg\" data-link=\"https:\/\/21panorama.com\/?attachment_id=3545\" class=\"wp-image-3545\" srcset=\"https:\/\/21panorama.com\/wp-content\/uploads\/2022\/04\/82d5a2bb-0164-4311-84aa-faa4ad83b4d3-1024x683.jpeg 1024w, https:\/\/21panorama.com\/wp-content\/uploads\/2022\/04\/82d5a2bb-0164-4311-84aa-faa4ad83b4d3-300x200.jpeg 300w, https:\/\/21panorama.com\/wp-content\/uploads\/2022\/04\/82d5a2bb-0164-4311-84aa-faa4ad83b4d3-768x512.jpeg 768w, https:\/\/21panorama.com\/wp-content\/uploads\/2022\/04\/82d5a2bb-0164-4311-84aa-faa4ad83b4d3.jpeg 1500w\" sizes=\"(max-width: 1024px) 100vw, 1024px\" \/><\/figure><\/li><\/ul><\/figure>\n","protected":false},"excerpt":{"rendered":"<p>Beneficia a productoras y productores de sus respectivos municipios, para fortalecer sus actividades agropecuarias.<\/p>\n","protected":false},"author":1,"featured_media":3542,"comment_status":"open","ping_status":"open","sticky":false,"template":"","format":"standard","meta":{"footnotes":""},"categories":[1],"tags":[42],"class_list":["post-3541","post","type-post","status-publish","format-standard","has-post-thumbnail","hentry","category-sociedad","tag-jocotitlan"],"yoast_head":"<!-- This site is optimized with the Yoast SEO plugin v24.9 - https:\/\/yoast.com\/wordpress\/plugins\/seo\/ -->\n<title>SIGNA SECRETAR\u00cdA DEL CAMPO CONVENIO CON IXTLAHUACA, JIQUIPILCO Y JOCOTITL\u00c1N PARA INFRAESTRUCTURA RURAL - 21 Panorama<\/title>\n<meta name=\"robots\" content=\"index, follow, max-snippet:-1, max-image-preview:large, max-video-preview:-1\" \/>\n<link rel=\"canonical\" href=\"https:\/\/21panorama.com\/index.php\/2022\/04\/17\/signa-secretaria-del-campo-convenio-con-ixtlahuaca-jiquipilco-y-jocotitlan-para-infraestructura-rural\/\" \/>\n<meta property=\"og:locale\" content=\"es_MX\" \/>\n<meta property=\"og:type\" content=\"article\" \/>\n<meta property=\"og:title\" content=\"SIGNA SECRETAR\u00cdA DEL CAMPO CONVENIO CON IXTLAHUACA, JIQUIPILCO Y JOCOTITL\u00c1N PARA INFRAESTRUCTURA RURAL - 21 Panorama\" \/>\n<meta property=\"og:description\" content=\"Beneficia a productoras y productores de sus respectivos municipios, para fortalecer sus actividades agropecuarias.\" \/>\n<meta property=\"og:url\" content=\"https:\/\/21panorama.com\/index.php\/2022\/04\/17\/signa-secretaria-del-campo-convenio-con-ixtlahuaca-jiquipilco-y-jocotitlan-para-infraestructura-rural\/\" \/>\n<meta property=\"og:site_name\" content=\"21 Panorama\" \/>\n<meta property=\"article:published_time\" content=\"2022-04-18T04:51:56+00:00\" \/>\n<meta property=\"article:modified_time\" content=\"2022-04-18T04:51:57+00:00\" \/>\n<meta property=\"og:image\" content=\"https:\/\/21panorama.com\/wp-content\/uploads\/2022\/04\/89985254-d5a9-459c-9dcd-5022201aa904.jpeg\" \/>\n\t<meta property=\"og:image:width\" content=\"885\" \/>\n\t<meta property=\"og:image:height\" content=\"609\" \/>\n\t<meta property=\"og:image:type\" content=\"image\/jpeg\" \/>\n<meta name=\"author\" content=\"admin\" \/>\n<meta name=\"twitter:card\" content=\"summary_large_image\" \/>\n<meta name=\"twitter:label1\" content=\"Escrito por\" \/>\n\t<meta name=\"twitter:data1\" content=\"admin\" \/>\n\t<meta name=\"twitter:label2\" content=\"Tiempo de lectura\" \/>\n\t<meta name=\"twitter:data2\" content=\"3 minutos\" \/>\n<script type=\"application\/ld+json\" class=\"yoast-schema-graph\">{\"@context\":\"https:\/\/schema.org\",\"@graph\":[{\"@type\":\"Article\",\"@id\":\"https:\/\/21panorama.com\/index.php\/2022\/04\/17\/signa-secretaria-del-campo-convenio-con-ixtlahuaca-jiquipilco-y-jocotitlan-para-infraestructura-rural\/#article\",\"isPartOf\":{\"@id\":\"https:\/\/21panorama.com\/index.php\/2022\/04\/17\/signa-secretaria-del-campo-convenio-con-ixtlahuaca-jiquipilco-y-jocotitlan-para-infraestructura-rural\/\"},\"author\":{\"name\":\"admin\",\"@id\":\"https:\/\/21panorama.com\/#\/schema\/person\/1afc291b96d5792a158768324287319f\"},\"headline\":\"SIGNA SECRETAR\u00cdA DEL CAMPO CONVENIO CON IXTLAHUACA, JIQUIPILCO Y JOCOTITL\u00c1N PARA INFRAESTRUCTURA RURAL\",\"datePublished\":\"2022-04-18T04:51:56+00:00\",\"dateModified\":\"2022-04-18T04:51:57+00:00\",\"mainEntityOfPage\":{\"@id\":\"https:\/\/21panorama.com\/index.php\/2022\/04\/17\/signa-secretaria-del-campo-convenio-con-ixtlahuaca-jiquipilco-y-jocotitlan-para-infraestructura-rural\/\"},\"wordCount\":388,\"commentCount\":0,\"publisher\":{\"@id\":\"https:\/\/21panorama.com\/#organization\"},\"image\":{\"@id\":\"https:\/\/21panorama.com\/index.php\/2022\/04\/17\/signa-secretaria-del-campo-convenio-con-ixtlahuaca-jiquipilco-y-jocotitlan-para-infraestructura-rural\/#primaryimage\"},\"thumbnailUrl\":\"https:\/\/21panorama.com\/wp-content\/uploads\/2022\/04\/89985254-d5a9-459c-9dcd-5022201aa904.jpeg\",\"keywords\":[\"Jocotitl\u00e1n\"],\"articleSection\":[\"Sociedad\"],\"inLanguage\":\"es\",\"potentialAction\":[{\"@type\":\"CommentAction\",\"name\":\"Comment\",\"target\":[\"https:\/\/21panorama.com\/index.php\/2022\/04\/17\/signa-secretaria-del-campo-convenio-con-ixtlahuaca-jiquipilco-y-jocotitlan-para-infraestructura-rural\/#respond\"]}]},{\"@type\":\"WebPage\",\"@id\":\"https:\/\/21panorama.com\/index.php\/2022\/04\/17\/signa-secretaria-del-campo-convenio-con-ixtlahuaca-jiquipilco-y-jocotitlan-para-infraestructura-rural\/\",\"url\":\"https:\/\/21panorama.com\/index.php\/2022\/04\/17\/signa-secretaria-del-campo-convenio-con-ixtlahuaca-jiquipilco-y-jocotitlan-para-infraestructura-rural\/\",\"name\":\"SIGNA SECRETAR\u00cdA DEL CAMPO CONVENIO CON IXTLAHUACA, JIQUIPILCO Y JOCOTITL\u00c1N PARA INFRAESTRUCTURA RURAL - 21 Panorama\",\"isPartOf\":{\"@id\":\"https:\/\/21panorama.com\/#website\"},\"primaryImageOfPage\":{\"@id\":\"https:\/\/21panorama.com\/index.php\/2022\/04\/17\/signa-secretaria-del-campo-convenio-con-ixtlahuaca-jiquipilco-y-jocotitlan-para-infraestructura-rural\/#primaryimage\"},\"image\":{\"@id\":\"https:\/\/21panorama.com\/index.php\/2022\/04\/17\/signa-secretaria-del-campo-convenio-con-ixtlahuaca-jiquipilco-y-jocotitlan-para-infraestructura-rural\/#primaryimage\"},\"thumbnailUrl\":\"https:\/\/21panorama.com\/wp-content\/uploads\/2022\/04\/89985254-d5a9-459c-9dcd-5022201aa904.jpeg\",\"datePublished\":\"2022-04-18T04:51:56+00:00\",\"dateModified\":\"2022-04-18T04:51:57+00:00\",\"breadcrumb\":{\"@id\":\"https:\/\/21panorama.com\/index.php\/2022\/04\/17\/signa-secretaria-del-campo-convenio-con-ixtlahuaca-jiquipilco-y-jocotitlan-para-infraestructura-rural\/#breadcrumb\"},\"inLanguage\":\"es\",\"potentialAction\":[{\"@type\":\"ReadAction\",\"target\":[\"https:\/\/21panorama.com\/index.php\/2022\/04\/17\/signa-secretaria-del-campo-convenio-con-ixtlahuaca-jiquipilco-y-jocotitlan-para-infraestructura-rural\/\"]}]},{\"@type\":\"ImageObject\",\"inLanguage\":\"es\",\"@id\":\"https:\/\/21panorama.com\/index.php\/2022\/04\/17\/signa-secretaria-del-campo-convenio-con-ixtlahuaca-jiquipilco-y-jocotitlan-para-infraestructura-rural\/#primaryimage\",\"url\":\"https:\/\/21panorama.com\/wp-content\/uploads\/2022\/04\/89985254-d5a9-459c-9dcd-5022201aa904.jpeg\",\"contentUrl\":\"https:\/\/21panorama.com\/wp-content\/uploads\/2022\/04\/89985254-d5a9-459c-9dcd-5022201aa904.jpeg\",\"width\":885,\"height\":609},{\"@type\":\"BreadcrumbList\",\"@id\":\"https:\/\/21panorama.com\/index.php\/2022\/04\/17\/signa-secretaria-del-campo-convenio-con-ixtlahuaca-jiquipilco-y-jocotitlan-para-infraestructura-rural\/#breadcrumb\",\"itemListElement\":[{\"@type\":\"ListItem\",\"position\":1,\"name\":\"Inicio\",\"item\":\"https:\/\/21panorama.com\/\"},{\"@type\":\"ListItem\",\"position\":2,\"name\":\"SIGNA SECRETAR\u00cdA DEL CAMPO CONVENIO CON IXTLAHUACA, JIQUIPILCO Y JOCOTITL\u00c1N PARA INFRAESTRUCTURA RURAL\"}]},{\"@type\":\"WebSite\",\"@id\":\"https:\/\/21panorama.com\/#website\",\"url\":\"https:\/\/21panorama.com\/\",\"name\":\"21 Panorama\",\"description\":\"La construcci\u00f3n de la opini\u00f3n p\u00fablica merece un mejor Panorama en este siglo 21 para alcanzar una sociedad con mayor transparencia y sin corrupci\u00f3n.\",\"publisher\":{\"@id\":\"https:\/\/21panorama.com\/#organization\"},\"potentialAction\":[{\"@type\":\"SearchAction\",\"target\":{\"@type\":\"EntryPoint\",\"urlTemplate\":\"https:\/\/21panorama.com\/?s={search_term_string}\"},\"query-input\":{\"@type\":\"PropertyValueSpecification\",\"valueRequired\":true,\"valueName\":\"search_term_string\"}}],\"inLanguage\":\"es\"},{\"@type\":\"Organization\",\"@id\":\"https:\/\/21panorama.com\/#organization\",\"name\":\"21 Panorama\",\"url\":\"https:\/\/21panorama.com\/\",\"logo\":{\"@type\":\"ImageObject\",\"inLanguage\":\"es\",\"@id\":\"https:\/\/21panorama.com\/#\/schema\/logo\/image\/\",\"url\":\"https:\/\/21panorama.com\/wp-content\/uploads\/2019\/07\/cropped-Logo-Panorama-01.jpeg\",\"contentUrl\":\"https:\/\/21panorama.com\/wp-content\/uploads\/2019\/07\/cropped-Logo-Panorama-01.jpeg\",\"width\":290,\"height\":70,\"caption\":\"21 Panorama\"},\"image\":{\"@id\":\"https:\/\/21panorama.com\/#\/schema\/logo\/image\/\"}},{\"@type\":\"Person\",\"@id\":\"https:\/\/21panorama.com\/#\/schema\/person\/1afc291b96d5792a158768324287319f\",\"name\":\"admin\",\"image\":{\"@type\":\"ImageObject\",\"inLanguage\":\"es\",\"@id\":\"https:\/\/21panorama.com\/#\/schema\/person\/image\/\",\"url\":\"https:\/\/secure.gravatar.com\/avatar\/ad365d9d9f46719215b0d042cc3df92a5a8683e09ef13d102233e5491985f0f0?s=96&d=mm&r=g\",\"contentUrl\":\"https:\/\/secure.gravatar.com\/avatar\/ad365d9d9f46719215b0d042cc3df92a5a8683e09ef13d102233e5491985f0f0?s=96&d=mm&r=g\",\"caption\":\"admin\"},\"url\":\"https:\/\/21panorama.com\/index.php\/author\/admin\/\"}]}<\/script>\n<!-- \/ Yoast SEO plugin. -->","yoast_head_json":{"title":"SIGNA SECRETAR\u00cdA DEL CAMPO CONVENIO CON IXTLAHUACA, JIQUIPILCO Y JOCOTITL\u00c1N PARA INFRAESTRUCTURA RURAL - 21 Panorama","robots":{"index":"index","follow":"follow","max-snippet":"max-snippet:-1","max-image-preview":"max-image-preview:large","max-video-preview":"max-video-preview:-1"},"canonical":"https:\/\/21panorama.com\/index.php\/2022\/04\/17\/signa-secretaria-del-campo-convenio-con-ixtlahuaca-jiquipilco-y-jocotitlan-para-infraestructura-rural\/","og_locale":"es_MX","og_type":"article","og_title":"SIGNA SECRETAR\u00cdA DEL CAMPO CONVENIO CON IXTLAHUACA, JIQUIPILCO Y JOCOTITL\u00c1N PARA INFRAESTRUCTURA RURAL - 21 Panorama","og_description":"Beneficia a productoras y productores de sus respectivos municipios, para fortalecer sus actividades agropecuarias.","og_url":"https:\/\/21panorama.com\/index.php\/2022\/04\/17\/signa-secretaria-del-campo-convenio-con-ixtlahuaca-jiquipilco-y-jocotitlan-para-infraestructura-rural\/","og_site_name":"21 Panorama","article_published_time":"2022-04-18T04:51:56+00:00","article_modified_time":"2022-04-18T04:51:57+00:00","og_image":[{"width":885,"height":609,"url":"https:\/\/21panorama.com\/wp-content\/uploads\/2022\/04\/89985254-d5a9-459c-9dcd-5022201aa904.jpeg","type":"image\/jpeg"}],"author":"admin","twitter_card":"summary_large_image","twitter_misc":{"Escrito por":"admin","Tiempo de lectura":"3 minutos"},"schema":{"@context":"https:\/\/schema.org","@graph":[{"@type":"Article","@id":"https:\/\/21panorama.com\/index.php\/2022\/04\/17\/signa-secretaria-del-campo-convenio-con-ixtlahuaca-jiquipilco-y-jocotitlan-para-infraestructura-rural\/#article","isPartOf":{"@id":"https:\/\/21panorama.com\/index.php\/2022\/04\/17\/signa-secretaria-del-campo-convenio-con-ixtlahuaca-jiquipilco-y-jocotitlan-para-infraestructura-rural\/"},"author":{"name":"admin","@id":"https:\/\/21panorama.com\/#\/schema\/person\/1afc291b96d5792a158768324287319f"},"headline":"SIGNA SECRETAR\u00cdA DEL CAMPO CONVENIO CON IXTLAHUACA, JIQUIPILCO Y JOCOTITL\u00c1N PARA INFRAESTRUCTURA RURAL","datePublished":"2022-04-18T04:51:56+00:00","dateModified":"2022-04-18T04:51:57+00:00","mainEntityOfPage":{"@id":"https:\/\/21panorama.com\/index.php\/2022\/04\/17\/signa-secretaria-del-campo-convenio-con-ixtlahuaca-jiquipilco-y-jocotitlan-para-infraestructura-rural\/"},"wordCount":388,"commentCount":0,"publisher":{"@id":"https:\/\/21panorama.com\/#organization"},"image":{"@id":"https:\/\/21panorama.com\/index.php\/2022\/04\/17\/signa-secretaria-del-campo-convenio-con-ixtlahuaca-jiquipilco-y-jocotitlan-para-infraestructura-rural\/#primaryimage"},"thumbnailUrl":"https:\/\/21panorama.com\/wp-content\/uploads\/2022\/04\/89985254-d5a9-459c-9dcd-5022201aa904.jpeg","keywords":["Jocotitl\u00e1n"],"articleSection":["Sociedad"],"inLanguage":"es","potentialAction":[{"@type":"CommentAction","name":"Comment","target":["https:\/\/21panorama.com\/index.php\/2022\/04\/17\/signa-secretaria-del-campo-convenio-con-ixtlahuaca-jiquipilco-y-jocotitlan-para-infraestructura-rural\/#respond"]}]},{"@type":"WebPage","@id":"https:\/\/21panorama.com\/index.php\/2022\/04\/17\/signa-secretaria-del-campo-convenio-con-ixtlahuaca-jiquipilco-y-jocotitlan-para-infraestructura-rural\/","url":"https:\/\/21panorama.com\/index.php\/2022\/04\/17\/signa-secretaria-del-campo-convenio-con-ixtlahuaca-jiquipilco-y-jocotitlan-para-infraestructura-rural\/","name":"SIGNA SECRETAR\u00cdA DEL CAMPO CONVENIO CON IXTLAHUACA, JIQUIPILCO Y JOCOTITL\u00c1N PARA INFRAESTRUCTURA RURAL - 21 Panorama","isPartOf":{"@id":"https:\/\/21panorama.com\/#website"},"primaryImageOfPage":{"@id":"https:\/\/21panorama.com\/index.php\/2022\/04\/17\/signa-secretaria-del-campo-convenio-con-ixtlahuaca-jiquipilco-y-jocotitlan-para-infraestructura-rural\/#primaryimage"},"image":{"@id":"https:\/\/21panorama.com\/index.php\/2022\/04\/17\/signa-secretaria-del-campo-convenio-con-ixtlahuaca-jiquipilco-y-jocotitlan-para-infraestructura-rural\/#primaryimage"},"thumbnailUrl":"https:\/\/21panorama.com\/wp-content\/uploads\/2022\/04\/89985254-d5a9-459c-9dcd-5022201aa904.jpeg","datePublished":"2022-04-18T04:51:56+00:00","dateModified":"2022-04-18T04:51:57+00:00","breadcrumb":{"@id":"https:\/\/21panorama.com\/index.php\/2022\/04\/17\/signa-secretaria-del-campo-convenio-con-ixtlahuaca-jiquipilco-y-jocotitlan-para-infraestructura-rural\/#breadcrumb"},"inLanguage":"es","potentialAction":[{"@type":"ReadAction","target":["https:\/\/21panorama.com\/index.php\/2022\/04\/17\/signa-secretaria-del-campo-convenio-con-ixtlahuaca-jiquipilco-y-jocotitlan-para-infraestructura-rural\/"]}]},{"@type":"ImageObject","inLanguage":"es","@id":"https:\/\/21panorama.com\/index.php\/2022\/04\/17\/signa-secretaria-del-campo-convenio-con-ixtlahuaca-jiquipilco-y-jocotitlan-para-infraestructura-rural\/#primaryimage","url":"https:\/\/21panorama.com\/wp-content\/uploads\/2022\/04\/89985254-d5a9-459c-9dcd-5022201aa904.jpeg","contentUrl":"https:\/\/21panorama.com\/wp-content\/uploads\/2022\/04\/89985254-d5a9-459c-9dcd-5022201aa904.jpeg","width":885,"height":609},{"@type":"BreadcrumbList","@id":"https:\/\/21panorama.com\/index.php\/2022\/04\/17\/signa-secretaria-del-campo-convenio-con-ixtlahuaca-jiquipilco-y-jocotitlan-para-infraestructura-rural\/#breadcrumb","itemListElement":[{"@type":"ListItem","position":1,"name":"Inicio","item":"https:\/\/21panorama.com\/"},{"@type":"ListItem","position":2,"name":"SIGNA SECRETAR\u00cdA DEL CAMPO CONVENIO CON IXTLAHUACA, JIQUIPILCO Y JOCOTITL\u00c1N PARA INFRAESTRUCTURA RURAL"}]},{"@type":"WebSite","@id":"https:\/\/21panorama.com\/#website","url":"https:\/\/21panorama.com\/","name":"21 Panorama","description":"La construcci\u00f3n de la opini\u00f3n p\u00fablica merece un mejor Panorama en este siglo 21 para alcanzar una sociedad con mayor transparencia y sin corrupci\u00f3n.","publisher":{"@id":"https:\/\/21panorama.com\/#organization"},"potentialAction":[{"@type":"SearchAction","target":{"@type":"EntryPoint","urlTemplate":"https:\/\/21panorama.com\/?s={search_term_string}"},"query-input":{"@type":"PropertyValueSpecification","valueRequired":true,"valueName":"search_term_string"}}],"inLanguage":"es"},{"@type":"Organization","@id":"https:\/\/21panorama.com\/#organization","name":"21 Panorama","url":"https:\/\/21panorama.com\/","logo":{"@type":"ImageObject","inLanguage":"es","@id":"https:\/\/21panorama.com\/#\/schema\/logo\/image\/","url":"https:\/\/21panorama.com\/wp-content\/uploads\/2019\/07\/cropped-Logo-Panorama-01.jpeg","contentUrl":"https:\/\/21panorama.com\/wp-content\/uploads\/2019\/07\/cropped-Logo-Panorama-01.jpeg","width":290,"height":70,"caption":"21 Panorama"},"image":{"@id":"https:\/\/21panorama.com\/#\/schema\/logo\/image\/"}},{"@type":"Person","@id":"https:\/\/21panorama.com\/#\/schema\/person\/1afc291b96d5792a158768324287319f","name":"admin","image":{"@type":"ImageObject","inLanguage":"es","@id":"https:\/\/21panorama.com\/#\/schema\/person\/image\/","url":"https:\/\/secure.gravatar.com\/avatar\/ad365d9d9f46719215b0d042cc3df92a5a8683e09ef13d102233e5491985f0f0?s=96&d=mm&r=g","contentUrl":"https:\/\/secure.gravatar.com\/avatar\/ad365d9d9f46719215b0d042cc3df92a5a8683e09ef13d102233e5491985f0f0?s=96&d=mm&r=g","caption":"admin"},"url":"https:\/\/21panorama.com\/index.php\/author\/admin\/"}]}},"_links":{"self":[{"href":"https:\/\/21panorama.com\/index.php\/wp-json\/wp\/v2\/posts\/3541","targetHints":{"allow":["GET"]}}],"collection":[{"href":"https:\/\/21panorama.com\/index.php\/wp-json\/wp\/v2\/posts"}],"about":[{"href":"https:\/\/21panorama.com\/index.php\/wp-json\/wp\/v2\/types\/post"}],"author":[{"embeddable":true,"href":"https:\/\/21panorama.com\/index.php\/wp-json\/wp\/v2\/users\/1"}],"replies":[{"embeddable":true,"href":"https:\/\/21panorama.com\/index.php\/wp-json\/wp\/v2\/comments?post=3541"}],"version-history":[{"count":1,"href":"https:\/\/21panorama.com\/index.php\/wp-json\/wp\/v2\/posts\/3541\/revisions"}],"predecessor-version":[{"id":3546,"href":"https:\/\/21panorama.com\/index.php\/wp-json\/wp\/v2\/posts\/3541\/revisions\/3546"}],"wp:featuredmedia":[{"embeddable":true,"href":"https:\/\/21panorama.com\/index.php\/wp-json\/wp\/v2\/media\/3542"}],"wp:attachment":[{"href":"https:\/\/21panorama.com\/index.php\/wp-json\/wp\/v2\/media?parent=3541"}],"wp:term":[{"taxonomy":"category","embeddable":true,"href":"https:\/\/21panorama.com\/index.php\/wp-json\/wp\/v2\/categories?post=3541"},{"taxonomy":"post_tag","embeddable":true,"href":"https:\/\/21panorama.com\/index.php\/wp-json\/wp\/v2\/tags?post=3541"}],"curies":[{"name":"wp","href":"https:\/\/api.w.org\/{rel}","templated":true}]}}