{"id":3536,"date":"2022-04-17T23:46:32","date_gmt":"2022-04-18T04:46:32","guid":{"rendered":"https:\/\/21panorama.com\/?p=3536"},"modified":"2022-04-17T23:46:32","modified_gmt":"2022-04-18T04:46:32","slug":"invitan-a-disfrutar-la-riqueza-cultural-de-el-oro","status":"publish","type":"post","link":"https:\/\/21panorama.com\/index.php\/2022\/04\/17\/invitan-a-disfrutar-la-riqueza-cultural-de-el-oro\/","title":{"rendered":"Invitan a disfrutar la riqueza cultural de El Oro"},"content":{"rendered":"\n<p>Al noroeste de la entidad mexiquense se ubica El Oro, considerado una de las antiguas glorias mineras del pa\u00eds, por lo que la Secretar\u00eda de Cultura y Turismo, en este periodo vacacional, invita a reconocer y difundir su riqueza natural, cultural, hist\u00f3rica, gastron\u00f3mica y artesanal.<\/p>\n\n\n\n<p>Este municipio forma parte de los 10 que cuentan con la denominaci\u00f3n de Pueblo M\u00e1gico, junto con Aculco, Ixtapan de la Sal, Malinalco, Metepec, Teotihuac\u00e1n y San Mart\u00edn de la Pir\u00e1mides, quienes comparten el nombramiento, Tepotzotl\u00e1n, Tonatico, Valle de Bravo y Villa del Carb\u00f3n.<\/p>\n\n\n\n<p>El Oro se ubica a 96 kil\u00f3metros de Toluca, la capital mexiquense, y colinda con Temascalcingo, Atlacomulco, Jocotitl\u00e1n, San Felipe del Progreso y Villa Victoria, as\u00ed como Tlalpujahua, en el estado de Michoac\u00e1n.<\/p>\n\n\n\n<p>Es considerado un destino con grandes joyas arquitect\u00f3nicas entre las que destaca el Teatro Ju\u00e1rez, construido en la \u00e9poca porfiriana e inaugurado el 5 de febrero de 1907.<\/p>\n\n\n\n<p>Su arquitectura conjuga elementos del neocl\u00e1sico y del art nouveau. Adem\u00e1s, es uno de los 14 teatros centenarios y su escenario ha sido testigo de la presentaci\u00f3n de artistas como Enrico Carusso, La Tetrazini, Mar\u00eda Conesa, Esperanza Iris y Virginia F\u00e1bregas, entre otros.<\/p>\n\n\n\n<p>El Palacio Municipal es un edificio de inicios del Siglo XX. La fachada del recinto tiene un estilo ecl\u00e9ctico mientras que el decorado interior es de estilo art nouveau.<\/p>\n\n\n\n<p>En la entrada, las y los visitantes encontrar\u00e1n el Mural \u201cG\u00e9nesis Minero\u201d, que retrata la vida de los habitantes en esos a\u00f1os, creado por el pintor Manuel D\u2019Rugama. Por su historia y arquitectura ha sido declarado monumento hist\u00f3rico por el Instituto Nacional de Antropolog\u00eda e Historia (INAH).<\/p>\n\n\n\n<p>Como parte de la gloria minera de este Pueblo M\u00e1gico, el Tiro Norte es un sitio que debe ser visitado. Consiste en una estructura de madera que ayudaba a los trabajadores a extraer del interior de la mina la piedra que conten\u00eda el mineral, \u00fanica estructura de madera en el pa\u00eds que a\u00fan se conserva en pie.<\/p>\n\n\n\n<p>Cuenta, adem\u00e1s, con un hermoso teatro al aire libre, un espacio de descanso y un piso transparente para apreciar la profundidad de 493 metros divididos en ocho niveles.<\/p>\n\n\n\n<p>En este Pueblo M\u00e1gico es imperdible visitar la Presa Brockman, lago artificial en el que se puede disfrutar de una experiencia de contacto con la naturaleza, senderos apacibles, vida silvestre y panoramas para tomar fotograf\u00edas y conservar buenos recuerdos de viaje.<\/p>\n\n\n\n<p>Las y los amantes del turismo religioso pueden admirar la Parroquia de Santa Mar\u00eda de Guadalupe, de estilo neocl\u00e1sico. Su construcci\u00f3n comenz\u00f3 en 1783, con muros de adobe y techos de teja espa\u00f1ola y tejamanil. Originalmente fue dise\u00f1ada con una sola torre y fue hasta mediados del siglo XX que se construy\u00f3 la segunda.<\/p>\n\n\n\n<figure class=\"wp-block-gallery columns-2 is-cropped wp-block-gallery-1 is-layout-flex wp-block-gallery-is-layout-flex\"><ul class=\"blocks-gallery-grid\"><li class=\"blocks-gallery-item\"><figure><img decoding=\"async\" width=\"1024\" height=\"684\" src=\"https:\/\/21panorama.com\/wp-content\/uploads\/2022\/04\/7258ae90-07d9-4580-8372-194f12356636-1024x684.jpeg\" alt=\"\" data-id=\"3538\" data-link=\"https:\/\/21panorama.com\/?attachment_id=3538\" class=\"wp-image-3538\" srcset=\"https:\/\/21panorama.com\/wp-content\/uploads\/2022\/04\/7258ae90-07d9-4580-8372-194f12356636-1024x684.jpeg 1024w, https:\/\/21panorama.com\/wp-content\/uploads\/2022\/04\/7258ae90-07d9-4580-8372-194f12356636-300x200.jpeg 300w, https:\/\/21panorama.com\/wp-content\/uploads\/2022\/04\/7258ae90-07d9-4580-8372-194f12356636-768x513.jpeg 768w, https:\/\/21panorama.com\/wp-content\/uploads\/2022\/04\/7258ae90-07d9-4580-8372-194f12356636-1536x1025.jpeg 1536w, https:\/\/21panorama.com\/wp-content\/uploads\/2022\/04\/7258ae90-07d9-4580-8372-194f12356636.jpeg 1600w\" sizes=\"(max-width: 1024px) 100vw, 1024px\" \/><\/figure><\/li><li class=\"blocks-gallery-item\"><figure><img decoding=\"async\" width=\"1024\" height=\"576\" src=\"https:\/\/21panorama.com\/wp-content\/uploads\/2022\/04\/c06ce18a-b930-46e5-bfd0-ac1cdebf69ac-1024x576.jpeg\" alt=\"\" data-id=\"3539\" data-full-url=\"https:\/\/21panorama.com\/wp-content\/uploads\/2022\/04\/c06ce18a-b930-46e5-bfd0-ac1cdebf69ac.jpeg\" data-link=\"https:\/\/21panorama.com\/?attachment_id=3539\" class=\"wp-image-3539\" srcset=\"https:\/\/21panorama.com\/wp-content\/uploads\/2022\/04\/c06ce18a-b930-46e5-bfd0-ac1cdebf69ac-1024x576.jpeg 1024w, https:\/\/21panorama.com\/wp-content\/uploads\/2022\/04\/c06ce18a-b930-46e5-bfd0-ac1cdebf69ac-300x169.jpeg 300w, https:\/\/21panorama.com\/wp-content\/uploads\/2022\/04\/c06ce18a-b930-46e5-bfd0-ac1cdebf69ac-768x432.jpeg 768w, https:\/\/21panorama.com\/wp-content\/uploads\/2022\/04\/c06ce18a-b930-46e5-bfd0-ac1cdebf69ac-1536x864.jpeg 1536w, https:\/\/21panorama.com\/wp-content\/uploads\/2022\/04\/c06ce18a-b930-46e5-bfd0-ac1cdebf69ac.jpeg 1600w\" sizes=\"(max-width: 1024px) 100vw, 1024px\" \/><\/figure><\/li><\/ul><\/figure>\n","protected":false},"excerpt":{"rendered":"<p>Al noroeste de la entidad mexiquense se ubica El Oro, considerado una de las antiguas glorias mineras del pa\u00eds, por lo que la Secretar\u00eda de Cultura y Turismo, en este periodo vacacional, invita a reconocer y difundir su riqueza natural, cultural, hist\u00f3rica, gastron\u00f3mica y artesanal.<\/p>\n","protected":false},"author":1,"featured_media":3537,"comment_status":"open","ping_status":"open","sticky":false,"template":"","format":"standard","meta":{"footnotes":""},"categories":[1],"tags":[89],"class_list":["post-3536","post","type-post","status-publish","format-standard","has-post-thumbnail","hentry","category-sociedad","tag-eloro"],"yoast_head":"<!-- This site is optimized with the Yoast SEO plugin v24.9 - https:\/\/yoast.com\/wordpress\/plugins\/seo\/ -->\n<title>Invitan a disfrutar la riqueza cultural de El Oro - 21 Panorama<\/title>\n<meta name=\"robots\" content=\"index, follow, max-snippet:-1, max-image-preview:large, max-video-preview:-1\" \/>\n<link rel=\"canonical\" href=\"https:\/\/21panorama.com\/index.php\/2022\/04\/17\/invitan-a-disfrutar-la-riqueza-cultural-de-el-oro\/\" \/>\n<meta property=\"og:locale\" content=\"es_MX\" \/>\n<meta property=\"og:type\" content=\"article\" \/>\n<meta property=\"og:title\" content=\"Invitan a disfrutar la riqueza cultural de El Oro - 21 Panorama\" \/>\n<meta property=\"og:description\" content=\"Al noroeste de la entidad mexiquense se ubica El Oro, considerado una de las antiguas glorias mineras del pa\u00eds, por lo que la Secretar\u00eda de Cultura y Turismo, en este periodo vacacional, invita a reconocer y difundir su riqueza natural, cultural, hist\u00f3rica, gastron\u00f3mica y artesanal.\" \/>\n<meta property=\"og:url\" content=\"https:\/\/21panorama.com\/index.php\/2022\/04\/17\/invitan-a-disfrutar-la-riqueza-cultural-de-el-oro\/\" \/>\n<meta property=\"og:site_name\" content=\"21 Panorama\" \/>\n<meta property=\"article:published_time\" content=\"2022-04-18T04:46:32+00:00\" \/>\n<meta property=\"og:image\" content=\"https:\/\/21panorama.com\/wp-content\/uploads\/2022\/04\/ebc0cdd7-9cde-4888-b0a3-8112c0710938.jpeg\" \/>\n\t<meta property=\"og:image:width\" content=\"1600\" \/>\n\t<meta property=\"og:image:height\" content=\"1066\" \/>\n\t<meta property=\"og:image:type\" content=\"image\/jpeg\" \/>\n<meta name=\"author\" content=\"admin\" \/>\n<meta name=\"twitter:card\" content=\"summary_large_image\" \/>\n<meta name=\"twitter:label1\" content=\"Escrito por\" \/>\n\t<meta name=\"twitter:data1\" content=\"admin\" \/>\n\t<meta name=\"twitter:label2\" content=\"Tiempo de lectura\" \/>\n\t<meta name=\"twitter:data2\" content=\"3 minutos\" \/>\n<script type=\"application\/ld+json\" class=\"yoast-schema-graph\">{\"@context\":\"https:\/\/schema.org\",\"@graph\":[{\"@type\":\"Article\",\"@id\":\"https:\/\/21panorama.com\/index.php\/2022\/04\/17\/invitan-a-disfrutar-la-riqueza-cultural-de-el-oro\/#article\",\"isPartOf\":{\"@id\":\"https:\/\/21panorama.com\/index.php\/2022\/04\/17\/invitan-a-disfrutar-la-riqueza-cultural-de-el-oro\/\"},\"author\":{\"name\":\"admin\",\"@id\":\"https:\/\/21panorama.com\/#\/schema\/person\/1afc291b96d5792a158768324287319f\"},\"headline\":\"Invitan a disfrutar la riqueza cultural de El Oro\",\"datePublished\":\"2022-04-18T04:46:32+00:00\",\"mainEntityOfPage\":{\"@id\":\"https:\/\/21panorama.com\/index.php\/2022\/04\/17\/invitan-a-disfrutar-la-riqueza-cultural-de-el-oro\/\"},\"wordCount\":491,\"commentCount\":0,\"publisher\":{\"@id\":\"https:\/\/21panorama.com\/#organization\"},\"image\":{\"@id\":\"https:\/\/21panorama.com\/index.php\/2022\/04\/17\/invitan-a-disfrutar-la-riqueza-cultural-de-el-oro\/#primaryimage\"},\"thumbnailUrl\":\"https:\/\/21panorama.com\/wp-content\/uploads\/2022\/04\/ebc0cdd7-9cde-4888-b0a3-8112c0710938.jpeg\",\"keywords\":[\"ElOro\"],\"articleSection\":[\"Sociedad\"],\"inLanguage\":\"es\",\"potentialAction\":[{\"@type\":\"CommentAction\",\"name\":\"Comment\",\"target\":[\"https:\/\/21panorama.com\/index.php\/2022\/04\/17\/invitan-a-disfrutar-la-riqueza-cultural-de-el-oro\/#respond\"]}]},{\"@type\":\"WebPage\",\"@id\":\"https:\/\/21panorama.com\/index.php\/2022\/04\/17\/invitan-a-disfrutar-la-riqueza-cultural-de-el-oro\/\",\"url\":\"https:\/\/21panorama.com\/index.php\/2022\/04\/17\/invitan-a-disfrutar-la-riqueza-cultural-de-el-oro\/\",\"name\":\"Invitan a disfrutar la riqueza cultural de El Oro - 21 Panorama\",\"isPartOf\":{\"@id\":\"https:\/\/21panorama.com\/#website\"},\"primaryImageOfPage\":{\"@id\":\"https:\/\/21panorama.com\/index.php\/2022\/04\/17\/invitan-a-disfrutar-la-riqueza-cultural-de-el-oro\/#primaryimage\"},\"image\":{\"@id\":\"https:\/\/21panorama.com\/index.php\/2022\/04\/17\/invitan-a-disfrutar-la-riqueza-cultural-de-el-oro\/#primaryimage\"},\"thumbnailUrl\":\"https:\/\/21panorama.com\/wp-content\/uploads\/2022\/04\/ebc0cdd7-9cde-4888-b0a3-8112c0710938.jpeg\",\"datePublished\":\"2022-04-18T04:46:32+00:00\",\"breadcrumb\":{\"@id\":\"https:\/\/21panorama.com\/index.php\/2022\/04\/17\/invitan-a-disfrutar-la-riqueza-cultural-de-el-oro\/#breadcrumb\"},\"inLanguage\":\"es\",\"potentialAction\":[{\"@type\":\"ReadAction\",\"target\":[\"https:\/\/21panorama.com\/index.php\/2022\/04\/17\/invitan-a-disfrutar-la-riqueza-cultural-de-el-oro\/\"]}]},{\"@type\":\"ImageObject\",\"inLanguage\":\"es\",\"@id\":\"https:\/\/21panorama.com\/index.php\/2022\/04\/17\/invitan-a-disfrutar-la-riqueza-cultural-de-el-oro\/#primaryimage\",\"url\":\"https:\/\/21panorama.com\/wp-content\/uploads\/2022\/04\/ebc0cdd7-9cde-4888-b0a3-8112c0710938.jpeg\",\"contentUrl\":\"https:\/\/21panorama.com\/wp-content\/uploads\/2022\/04\/ebc0cdd7-9cde-4888-b0a3-8112c0710938.jpeg\",\"width\":1600,\"height\":1066},{\"@type\":\"BreadcrumbList\",\"@id\":\"https:\/\/21panorama.com\/index.php\/2022\/04\/17\/invitan-a-disfrutar-la-riqueza-cultural-de-el-oro\/#breadcrumb\",\"itemListElement\":[{\"@type\":\"ListItem\",\"position\":1,\"name\":\"Inicio\",\"item\":\"https:\/\/21panorama.com\/\"},{\"@type\":\"ListItem\",\"position\":2,\"name\":\"Invitan a disfrutar la riqueza cultural de El Oro\"}]},{\"@type\":\"WebSite\",\"@id\":\"https:\/\/21panorama.com\/#website\",\"url\":\"https:\/\/21panorama.com\/\",\"name\":\"21 Panorama\",\"description\":\"La construcci\u00f3n de la opini\u00f3n p\u00fablica merece un mejor Panorama en este siglo 21 para alcanzar una sociedad con mayor transparencia y sin corrupci\u00f3n.\",\"publisher\":{\"@id\":\"https:\/\/21panorama.com\/#organization\"},\"potentialAction\":[{\"@type\":\"SearchAction\",\"target\":{\"@type\":\"EntryPoint\",\"urlTemplate\":\"https:\/\/21panorama.com\/?s={search_term_string}\"},\"query-input\":{\"@type\":\"PropertyValueSpecification\",\"valueRequired\":true,\"valueName\":\"search_term_string\"}}],\"inLanguage\":\"es\"},{\"@type\":\"Organization\",\"@id\":\"https:\/\/21panorama.com\/#organization\",\"name\":\"21 Panorama\",\"url\":\"https:\/\/21panorama.com\/\",\"logo\":{\"@type\":\"ImageObject\",\"inLanguage\":\"es\",\"@id\":\"https:\/\/21panorama.com\/#\/schema\/logo\/image\/\",\"url\":\"https:\/\/21panorama.com\/wp-content\/uploads\/2019\/07\/cropped-Logo-Panorama-01.jpeg\",\"contentUrl\":\"https:\/\/21panorama.com\/wp-content\/uploads\/2019\/07\/cropped-Logo-Panorama-01.jpeg\",\"width\":290,\"height\":70,\"caption\":\"21 Panorama\"},\"image\":{\"@id\":\"https:\/\/21panorama.com\/#\/schema\/logo\/image\/\"}},{\"@type\":\"Person\",\"@id\":\"https:\/\/21panorama.com\/#\/schema\/person\/1afc291b96d5792a158768324287319f\",\"name\":\"admin\",\"image\":{\"@type\":\"ImageObject\",\"inLanguage\":\"es\",\"@id\":\"https:\/\/21panorama.com\/#\/schema\/person\/image\/\",\"url\":\"https:\/\/secure.gravatar.com\/avatar\/ad365d9d9f46719215b0d042cc3df92a5a8683e09ef13d102233e5491985f0f0?s=96&d=mm&r=g\",\"contentUrl\":\"https:\/\/secure.gravatar.com\/avatar\/ad365d9d9f46719215b0d042cc3df92a5a8683e09ef13d102233e5491985f0f0?s=96&d=mm&r=g\",\"caption\":\"admin\"},\"url\":\"https:\/\/21panorama.com\/index.php\/author\/admin\/\"}]}<\/script>\n<!-- \/ Yoast SEO plugin. -->","yoast_head_json":{"title":"Invitan a disfrutar la riqueza cultural de El Oro - 21 Panorama","robots":{"index":"index","follow":"follow","max-snippet":"max-snippet:-1","max-image-preview":"max-image-preview:large","max-video-preview":"max-video-preview:-1"},"canonical":"https:\/\/21panorama.com\/index.php\/2022\/04\/17\/invitan-a-disfrutar-la-riqueza-cultural-de-el-oro\/","og_locale":"es_MX","og_type":"article","og_title":"Invitan a disfrutar la riqueza cultural de El Oro - 21 Panorama","og_description":"Al noroeste de la entidad mexiquense se ubica El Oro, considerado una de las antiguas glorias mineras del pa\u00eds, por lo que la Secretar\u00eda de Cultura y Turismo, en este periodo vacacional, invita a reconocer y difundir su riqueza natural, cultural, hist\u00f3rica, gastron\u00f3mica y artesanal.","og_url":"https:\/\/21panorama.com\/index.php\/2022\/04\/17\/invitan-a-disfrutar-la-riqueza-cultural-de-el-oro\/","og_site_name":"21 Panorama","article_published_time":"2022-04-18T04:46:32+00:00","og_image":[{"width":1600,"height":1066,"url":"https:\/\/21panorama.com\/wp-content\/uploads\/2022\/04\/ebc0cdd7-9cde-4888-b0a3-8112c0710938.jpeg","type":"image\/jpeg"}],"author":"admin","twitter_card":"summary_large_image","twitter_misc":{"Escrito por":"admin","Tiempo de lectura":"3 minutos"},"schema":{"@context":"https:\/\/schema.org","@graph":[{"@type":"Article","@id":"https:\/\/21panorama.com\/index.php\/2022\/04\/17\/invitan-a-disfrutar-la-riqueza-cultural-de-el-oro\/#article","isPartOf":{"@id":"https:\/\/21panorama.com\/index.php\/2022\/04\/17\/invitan-a-disfrutar-la-riqueza-cultural-de-el-oro\/"},"author":{"name":"admin","@id":"https:\/\/21panorama.com\/#\/schema\/person\/1afc291b96d5792a158768324287319f"},"headline":"Invitan a disfrutar la riqueza cultural de El Oro","datePublished":"2022-04-18T04:46:32+00:00","mainEntityOfPage":{"@id":"https:\/\/21panorama.com\/index.php\/2022\/04\/17\/invitan-a-disfrutar-la-riqueza-cultural-de-el-oro\/"},"wordCount":491,"commentCount":0,"publisher":{"@id":"https:\/\/21panorama.com\/#organization"},"image":{"@id":"https:\/\/21panorama.com\/index.php\/2022\/04\/17\/invitan-a-disfrutar-la-riqueza-cultural-de-el-oro\/#primaryimage"},"thumbnailUrl":"https:\/\/21panorama.com\/wp-content\/uploads\/2022\/04\/ebc0cdd7-9cde-4888-b0a3-8112c0710938.jpeg","keywords":["ElOro"],"articleSection":["Sociedad"],"inLanguage":"es","potentialAction":[{"@type":"CommentAction","name":"Comment","target":["https:\/\/21panorama.com\/index.php\/2022\/04\/17\/invitan-a-disfrutar-la-riqueza-cultural-de-el-oro\/#respond"]}]},{"@type":"WebPage","@id":"https:\/\/21panorama.com\/index.php\/2022\/04\/17\/invitan-a-disfrutar-la-riqueza-cultural-de-el-oro\/","url":"https:\/\/21panorama.com\/index.php\/2022\/04\/17\/invitan-a-disfrutar-la-riqueza-cultural-de-el-oro\/","name":"Invitan a disfrutar la riqueza cultural de El Oro - 21 Panorama","isPartOf":{"@id":"https:\/\/21panorama.com\/#website"},"primaryImageOfPage":{"@id":"https:\/\/21panorama.com\/index.php\/2022\/04\/17\/invitan-a-disfrutar-la-riqueza-cultural-de-el-oro\/#primaryimage"},"image":{"@id":"https:\/\/21panorama.com\/index.php\/2022\/04\/17\/invitan-a-disfrutar-la-riqueza-cultural-de-el-oro\/#primaryimage"},"thumbnailUrl":"https:\/\/21panorama.com\/wp-content\/uploads\/2022\/04\/ebc0cdd7-9cde-4888-b0a3-8112c0710938.jpeg","datePublished":"2022-04-18T04:46:32+00:00","breadcrumb":{"@id":"https:\/\/21panorama.com\/index.php\/2022\/04\/17\/invitan-a-disfrutar-la-riqueza-cultural-de-el-oro\/#breadcrumb"},"inLanguage":"es","potentialAction":[{"@type":"ReadAction","target":["https:\/\/21panorama.com\/index.php\/2022\/04\/17\/invitan-a-disfrutar-la-riqueza-cultural-de-el-oro\/"]}]},{"@type":"ImageObject","inLanguage":"es","@id":"https:\/\/21panorama.com\/index.php\/2022\/04\/17\/invitan-a-disfrutar-la-riqueza-cultural-de-el-oro\/#primaryimage","url":"https:\/\/21panorama.com\/wp-content\/uploads\/2022\/04\/ebc0cdd7-9cde-4888-b0a3-8112c0710938.jpeg","contentUrl":"https:\/\/21panorama.com\/wp-content\/uploads\/2022\/04\/ebc0cdd7-9cde-4888-b0a3-8112c0710938.jpeg","width":1600,"height":1066},{"@type":"BreadcrumbList","@id":"https:\/\/21panorama.com\/index.php\/2022\/04\/17\/invitan-a-disfrutar-la-riqueza-cultural-de-el-oro\/#breadcrumb","itemListElement":[{"@type":"ListItem","position":1,"name":"Inicio","item":"https:\/\/21panorama.com\/"},{"@type":"ListItem","position":2,"name":"Invitan a disfrutar la riqueza cultural de El Oro"}]},{"@type":"WebSite","@id":"https:\/\/21panorama.com\/#website","url":"https:\/\/21panorama.com\/","name":"21 Panorama","description":"La construcci\u00f3n de la opini\u00f3n p\u00fablica merece un mejor Panorama en este siglo 21 para alcanzar una sociedad con mayor transparencia y sin corrupci\u00f3n.","publisher":{"@id":"https:\/\/21panorama.com\/#organization"},"potentialAction":[{"@type":"SearchAction","target":{"@type":"EntryPoint","urlTemplate":"https:\/\/21panorama.com\/?s={search_term_string}"},"query-input":{"@type":"PropertyValueSpecification","valueRequired":true,"valueName":"search_term_string"}}],"inLanguage":"es"},{"@type":"Organization","@id":"https:\/\/21panorama.com\/#organization","name":"21 Panorama","url":"https:\/\/21panorama.com\/","logo":{"@type":"ImageObject","inLanguage":"es","@id":"https:\/\/21panorama.com\/#\/schema\/logo\/image\/","url":"https:\/\/21panorama.com\/wp-content\/uploads\/2019\/07\/cropped-Logo-Panorama-01.jpeg","contentUrl":"https:\/\/21panorama.com\/wp-content\/uploads\/2019\/07\/cropped-Logo-Panorama-01.jpeg","width":290,"height":70,"caption":"21 Panorama"},"image":{"@id":"https:\/\/21panorama.com\/#\/schema\/logo\/image\/"}},{"@type":"Person","@id":"https:\/\/21panorama.com\/#\/schema\/person\/1afc291b96d5792a158768324287319f","name":"admin","image":{"@type":"ImageObject","inLanguage":"es","@id":"https:\/\/21panorama.com\/#\/schema\/person\/image\/","url":"https:\/\/secure.gravatar.com\/avatar\/ad365d9d9f46719215b0d042cc3df92a5a8683e09ef13d102233e5491985f0f0?s=96&d=mm&r=g","contentUrl":"https:\/\/secure.gravatar.com\/avatar\/ad365d9d9f46719215b0d042cc3df92a5a8683e09ef13d102233e5491985f0f0?s=96&d=mm&r=g","caption":"admin"},"url":"https:\/\/21panorama.com\/index.php\/author\/admin\/"}]}},"_links":{"self":[{"href":"https:\/\/21panorama.com\/index.php\/wp-json\/wp\/v2\/posts\/3536","targetHints":{"allow":["GET"]}}],"collection":[{"href":"https:\/\/21panorama.com\/index.php\/wp-json\/wp\/v2\/posts"}],"about":[{"href":"https:\/\/21panorama.com\/index.php\/wp-json\/wp\/v2\/types\/post"}],"author":[{"embeddable":true,"href":"https:\/\/21panorama.com\/index.php\/wp-json\/wp\/v2\/users\/1"}],"replies":[{"embeddable":true,"href":"https:\/\/21panorama.com\/index.php\/wp-json\/wp\/v2\/comments?post=3536"}],"version-history":[{"count":1,"href":"https:\/\/21panorama.com\/index.php\/wp-json\/wp\/v2\/posts\/3536\/revisions"}],"predecessor-version":[{"id":3540,"href":"https:\/\/21panorama.com\/index.php\/wp-json\/wp\/v2\/posts\/3536\/revisions\/3540"}],"wp:featuredmedia":[{"embeddable":true,"href":"https:\/\/21panorama.com\/index.php\/wp-json\/wp\/v2\/media\/3537"}],"wp:attachment":[{"href":"https:\/\/21panorama.com\/index.php\/wp-json\/wp\/v2\/media?parent=3536"}],"wp:term":[{"taxonomy":"category","embeddable":true,"href":"https:\/\/21panorama.com\/index.php\/wp-json\/wp\/v2\/categories?post=3536"},{"taxonomy":"post_tag","embeddable":true,"href":"https:\/\/21panorama.com\/index.php\/wp-json\/wp\/v2\/tags?post=3536"}],"curies":[{"name":"wp","href":"https:\/\/api.w.org\/{rel}","templated":true}]}}