{"id":3531,"date":"2022-04-17T23:41:29","date_gmt":"2022-04-18T04:41:29","guid":{"rendered":"https:\/\/21panorama.com\/?p=3531"},"modified":"2022-04-17T23:41:31","modified_gmt":"2022-04-18T04:41:31","slug":"el-oro-escribe-su-propia-historia-de-exito","status":"publish","type":"post","link":"https:\/\/21panorama.com\/index.php\/2022\/04\/17\/el-oro-escribe-su-propia-historia-de-exito\/","title":{"rendered":"EL ORO ESCRIBE SU PROPIA HISTORIA DE \u00c9XITO"},"content":{"rendered":"\n<p>En la conciliaci\u00f3n se construye el futuro del municipio de El Oro logrando mejores condiciones para que su gente pueda escribir una historia de \u00e9xito, afirm\u00f3 la presidenta municipal, Ruth Salazar Garcia.<\/p>\n\n\n\n<p>Al encabezar la ceremonia del CLXXI Aniversario de la Fundaci\u00f3n Municipal y el Informe de los 100 d\u00edas de Gesti\u00f3n dijo tajante que solo se avanza cuando el di\u00e1logo es franco por ello convoc\u00f3 a los integrantes del Cabildo a trabajar con el compromiso de lograr el bienestar de los aurenses.<\/p>\n\n\n\n<p>Ante la representante del gobernador, Leticia Mejia Garcia, extendi\u00f3 su agradecimiento con los diputados Iv\u00e1n Esquer Cruz y Gustavo C\u00e1rdenas Monroy, as\u00ed como a los integrantes del Cabildo por su respaldo para atender a las 52 comunidades del municipio.<\/p>\n\n\n\n<p>Desde el recinto de Tiro Norte, ratific\u00f3 su compromiso con la ciudadan\u00eda de El Oro y sostuvo que esa confianza que le depositaron solo se responder\u00e1 con trabajo. Por eso hizo una convocatoria respetuosa a la unidad e identidad en una comunidad de valores.<\/p>\n\n\n\n<p>Luego de la entrega de reconocimientos a destacados ciudadanos manifest\u00f3 que del Pueblo M\u00e1gico de las antiguas glorias mineras hoy sigue sobresaliendo el municipio con su turismo porque \u201ccontamos con historia singular, espacios y gente irrepetible\u201d.<\/p>\n\n\n\n<p>Al t\u00e9rmino de su informe de 100 d\u00edas de trabajo se pronunci\u00f3 por la honestidad gubernamental y tender puentes con la ciudadan\u00eda que permitan hacer eficiente cada una de las \u00e1reas de gobierno.<\/p>\n\n\n\n<p>Por su parte, Lety Mej\u00eda Garcia destac\u00f3 que El Oro se ha ganado con creces su lugar en esta Naci\u00f3n pues desde su fundaci\u00f3n ha sido testigo del paso de la historia.<\/p>\n\n\n\n<p>\u201cEl Oro est\u00e1 en el camino correcto con un futuro m\u00e1s prometedor en derechos y libertades consolid\u00e1ndose como una tierra que cobija los sue\u00f1os de su gente\u201d, puntualiz\u00f3.<\/p>\n\n\n\n<figure class=\"wp-block-gallery columns-2 is-cropped wp-block-gallery-1 is-layout-flex wp-block-gallery-is-layout-flex\"><ul class=\"blocks-gallery-grid\"><li class=\"blocks-gallery-item\"><figure><img decoding=\"async\" width=\"1024\" height=\"768\" src=\"https:\/\/21panorama.com\/wp-content\/uploads\/2022\/04\/5f2c8df5-2c49-4ca0-9f3d-22d5b22c3a73.jpeg\" alt=\"\" data-id=\"3533\" data-link=\"https:\/\/21panorama.com\/?attachment_id=3533\" class=\"wp-image-3533\" srcset=\"https:\/\/21panorama.com\/wp-content\/uploads\/2022\/04\/5f2c8df5-2c49-4ca0-9f3d-22d5b22c3a73.jpeg 1024w, https:\/\/21panorama.com\/wp-content\/uploads\/2022\/04\/5f2c8df5-2c49-4ca0-9f3d-22d5b22c3a73-300x225.jpeg 300w, https:\/\/21panorama.com\/wp-content\/uploads\/2022\/04\/5f2c8df5-2c49-4ca0-9f3d-22d5b22c3a73-768x576.jpeg 768w\" sizes=\"(max-width: 1024px) 100vw, 1024px\" \/><\/figure><\/li><li class=\"blocks-gallery-item\"><figure><img decoding=\"async\" width=\"1024\" height=\"768\" src=\"https:\/\/21panorama.com\/wp-content\/uploads\/2022\/04\/f43ae4ef-64c2-4641-b37b-f099b1afc71d-1024x768.jpeg\" alt=\"\" data-id=\"3534\" data-full-url=\"https:\/\/21panorama.com\/wp-content\/uploads\/2022\/04\/f43ae4ef-64c2-4641-b37b-f099b1afc71d.jpeg\" data-link=\"https:\/\/21panorama.com\/?attachment_id=3534\" class=\"wp-image-3534\" srcset=\"https:\/\/21panorama.com\/wp-content\/uploads\/2022\/04\/f43ae4ef-64c2-4641-b37b-f099b1afc71d-1024x768.jpeg 1024w, https:\/\/21panorama.com\/wp-content\/uploads\/2022\/04\/f43ae4ef-64c2-4641-b37b-f099b1afc71d-300x225.jpeg 300w, https:\/\/21panorama.com\/wp-content\/uploads\/2022\/04\/f43ae4ef-64c2-4641-b37b-f099b1afc71d-768x576.jpeg 768w, https:\/\/21panorama.com\/wp-content\/uploads\/2022\/04\/f43ae4ef-64c2-4641-b37b-f099b1afc71d-1536x1152.jpeg 1536w, https:\/\/21panorama.com\/wp-content\/uploads\/2022\/04\/f43ae4ef-64c2-4641-b37b-f099b1afc71d.jpeg 1600w\" sizes=\"(max-width: 1024px) 100vw, 1024px\" \/><\/figure><\/li><\/ul><\/figure>\n","protected":false},"excerpt":{"rendered":"<p>En la conciliaci\u00f3n se construye el futuro del municipio de El Oro logrando mejores condiciones para que su gente pueda escribir una historia de \u00e9xito, afirm\u00f3 la presidenta municipal, Ruth Salazar Garcia.   <\/p>\n","protected":false},"author":1,"featured_media":3532,"comment_status":"open","ping_status":"open","sticky":false,"template":"","format":"standard","meta":{"footnotes":""},"categories":[1],"tags":[89],"class_list":["post-3531","post","type-post","status-publish","format-standard","has-post-thumbnail","hentry","category-sociedad","tag-eloro"],"yoast_head":"<!-- This site is optimized with the Yoast SEO plugin v24.9 - https:\/\/yoast.com\/wordpress\/plugins\/seo\/ -->\n<title>EL ORO ESCRIBE SU PROPIA HISTORIA DE \u00c9XITO - 21 Panorama<\/title>\n<meta name=\"robots\" content=\"index, follow, max-snippet:-1, max-image-preview:large, max-video-preview:-1\" \/>\n<link rel=\"canonical\" href=\"https:\/\/21panorama.com\/index.php\/2022\/04\/17\/el-oro-escribe-su-propia-historia-de-exito\/\" \/>\n<meta property=\"og:locale\" content=\"es_MX\" \/>\n<meta property=\"og:type\" content=\"article\" \/>\n<meta property=\"og:title\" content=\"EL ORO ESCRIBE SU PROPIA HISTORIA DE \u00c9XITO - 21 Panorama\" \/>\n<meta property=\"og:description\" content=\"En la conciliaci\u00f3n se construye el futuro del municipio de El Oro logrando mejores condiciones para que su gente pueda escribir una historia de \u00e9xito, afirm\u00f3 la presidenta municipal, Ruth Salazar Garcia.\" \/>\n<meta property=\"og:url\" content=\"https:\/\/21panorama.com\/index.php\/2022\/04\/17\/el-oro-escribe-su-propia-historia-de-exito\/\" \/>\n<meta property=\"og:site_name\" content=\"21 Panorama\" \/>\n<meta property=\"article:published_time\" content=\"2022-04-18T04:41:29+00:00\" \/>\n<meta property=\"article:modified_time\" content=\"2022-04-18T04:41:31+00:00\" \/>\n<meta property=\"og:image\" content=\"https:\/\/21panorama.com\/wp-content\/uploads\/2022\/04\/b2791b50-5665-4f6f-a804-59547df5212c.jpeg\" \/>\n\t<meta property=\"og:image:width\" content=\"563\" \/>\n\t<meta property=\"og:image:height\" content=\"372\" \/>\n\t<meta property=\"og:image:type\" content=\"image\/jpeg\" \/>\n<meta name=\"author\" content=\"admin\" \/>\n<meta name=\"twitter:card\" content=\"summary_large_image\" \/>\n<meta name=\"twitter:label1\" content=\"Escrito por\" \/>\n\t<meta name=\"twitter:data1\" content=\"admin\" \/>\n\t<meta name=\"twitter:label2\" content=\"Tiempo de lectura\" \/>\n\t<meta name=\"twitter:data2\" content=\"2 minutos\" \/>\n<script type=\"application\/ld+json\" class=\"yoast-schema-graph\">{\"@context\":\"https:\/\/schema.org\",\"@graph\":[{\"@type\":\"Article\",\"@id\":\"https:\/\/21panorama.com\/index.php\/2022\/04\/17\/el-oro-escribe-su-propia-historia-de-exito\/#article\",\"isPartOf\":{\"@id\":\"https:\/\/21panorama.com\/index.php\/2022\/04\/17\/el-oro-escribe-su-propia-historia-de-exito\/\"},\"author\":{\"name\":\"admin\",\"@id\":\"https:\/\/21panorama.com\/#\/schema\/person\/1afc291b96d5792a158768324287319f\"},\"headline\":\"EL ORO ESCRIBE SU PROPIA HISTORIA DE \u00c9XITO\",\"datePublished\":\"2022-04-18T04:41:29+00:00\",\"dateModified\":\"2022-04-18T04:41:31+00:00\",\"mainEntityOfPage\":{\"@id\":\"https:\/\/21panorama.com\/index.php\/2022\/04\/17\/el-oro-escribe-su-propia-historia-de-exito\/\"},\"wordCount\":318,\"commentCount\":0,\"publisher\":{\"@id\":\"https:\/\/21panorama.com\/#organization\"},\"image\":{\"@id\":\"https:\/\/21panorama.com\/index.php\/2022\/04\/17\/el-oro-escribe-su-propia-historia-de-exito\/#primaryimage\"},\"thumbnailUrl\":\"https:\/\/21panorama.com\/wp-content\/uploads\/2022\/04\/b2791b50-5665-4f6f-a804-59547df5212c.jpeg\",\"keywords\":[\"ElOro\"],\"articleSection\":[\"Sociedad\"],\"inLanguage\":\"es\",\"potentialAction\":[{\"@type\":\"CommentAction\",\"name\":\"Comment\",\"target\":[\"https:\/\/21panorama.com\/index.php\/2022\/04\/17\/el-oro-escribe-su-propia-historia-de-exito\/#respond\"]}]},{\"@type\":\"WebPage\",\"@id\":\"https:\/\/21panorama.com\/index.php\/2022\/04\/17\/el-oro-escribe-su-propia-historia-de-exito\/\",\"url\":\"https:\/\/21panorama.com\/index.php\/2022\/04\/17\/el-oro-escribe-su-propia-historia-de-exito\/\",\"name\":\"EL ORO ESCRIBE SU PROPIA HISTORIA DE \u00c9XITO - 21 Panorama\",\"isPartOf\":{\"@id\":\"https:\/\/21panorama.com\/#website\"},\"primaryImageOfPage\":{\"@id\":\"https:\/\/21panorama.com\/index.php\/2022\/04\/17\/el-oro-escribe-su-propia-historia-de-exito\/#primaryimage\"},\"image\":{\"@id\":\"https:\/\/21panorama.com\/index.php\/2022\/04\/17\/el-oro-escribe-su-propia-historia-de-exito\/#primaryimage\"},\"thumbnailUrl\":\"https:\/\/21panorama.com\/wp-content\/uploads\/2022\/04\/b2791b50-5665-4f6f-a804-59547df5212c.jpeg\",\"datePublished\":\"2022-04-18T04:41:29+00:00\",\"dateModified\":\"2022-04-18T04:41:31+00:00\",\"breadcrumb\":{\"@id\":\"https:\/\/21panorama.com\/index.php\/2022\/04\/17\/el-oro-escribe-su-propia-historia-de-exito\/#breadcrumb\"},\"inLanguage\":\"es\",\"potentialAction\":[{\"@type\":\"ReadAction\",\"target\":[\"https:\/\/21panorama.com\/index.php\/2022\/04\/17\/el-oro-escribe-su-propia-historia-de-exito\/\"]}]},{\"@type\":\"ImageObject\",\"inLanguage\":\"es\",\"@id\":\"https:\/\/21panorama.com\/index.php\/2022\/04\/17\/el-oro-escribe-su-propia-historia-de-exito\/#primaryimage\",\"url\":\"https:\/\/21panorama.com\/wp-content\/uploads\/2022\/04\/b2791b50-5665-4f6f-a804-59547df5212c.jpeg\",\"contentUrl\":\"https:\/\/21panorama.com\/wp-content\/uploads\/2022\/04\/b2791b50-5665-4f6f-a804-59547df5212c.jpeg\",\"width\":563,\"height\":372},{\"@type\":\"BreadcrumbList\",\"@id\":\"https:\/\/21panorama.com\/index.php\/2022\/04\/17\/el-oro-escribe-su-propia-historia-de-exito\/#breadcrumb\",\"itemListElement\":[{\"@type\":\"ListItem\",\"position\":1,\"name\":\"Inicio\",\"item\":\"https:\/\/21panorama.com\/\"},{\"@type\":\"ListItem\",\"position\":2,\"name\":\"EL ORO ESCRIBE SU PROPIA HISTORIA DE \u00c9XITO\"}]},{\"@type\":\"WebSite\",\"@id\":\"https:\/\/21panorama.com\/#website\",\"url\":\"https:\/\/21panorama.com\/\",\"name\":\"21 Panorama\",\"description\":\"La construcci\u00f3n de la opini\u00f3n p\u00fablica merece un mejor Panorama en este siglo 21 para alcanzar una sociedad con mayor transparencia y sin corrupci\u00f3n.\",\"publisher\":{\"@id\":\"https:\/\/21panorama.com\/#organization\"},\"potentialAction\":[{\"@type\":\"SearchAction\",\"target\":{\"@type\":\"EntryPoint\",\"urlTemplate\":\"https:\/\/21panorama.com\/?s={search_term_string}\"},\"query-input\":{\"@type\":\"PropertyValueSpecification\",\"valueRequired\":true,\"valueName\":\"search_term_string\"}}],\"inLanguage\":\"es\"},{\"@type\":\"Organization\",\"@id\":\"https:\/\/21panorama.com\/#organization\",\"name\":\"21 Panorama\",\"url\":\"https:\/\/21panorama.com\/\",\"logo\":{\"@type\":\"ImageObject\",\"inLanguage\":\"es\",\"@id\":\"https:\/\/21panorama.com\/#\/schema\/logo\/image\/\",\"url\":\"https:\/\/21panorama.com\/wp-content\/uploads\/2019\/07\/cropped-Logo-Panorama-01.jpeg\",\"contentUrl\":\"https:\/\/21panorama.com\/wp-content\/uploads\/2019\/07\/cropped-Logo-Panorama-01.jpeg\",\"width\":290,\"height\":70,\"caption\":\"21 Panorama\"},\"image\":{\"@id\":\"https:\/\/21panorama.com\/#\/schema\/logo\/image\/\"}},{\"@type\":\"Person\",\"@id\":\"https:\/\/21panorama.com\/#\/schema\/person\/1afc291b96d5792a158768324287319f\",\"name\":\"admin\",\"image\":{\"@type\":\"ImageObject\",\"inLanguage\":\"es\",\"@id\":\"https:\/\/21panorama.com\/#\/schema\/person\/image\/\",\"url\":\"https:\/\/secure.gravatar.com\/avatar\/ad365d9d9f46719215b0d042cc3df92a5a8683e09ef13d102233e5491985f0f0?s=96&d=mm&r=g\",\"contentUrl\":\"https:\/\/secure.gravatar.com\/avatar\/ad365d9d9f46719215b0d042cc3df92a5a8683e09ef13d102233e5491985f0f0?s=96&d=mm&r=g\",\"caption\":\"admin\"},\"url\":\"https:\/\/21panorama.com\/index.php\/author\/admin\/\"}]}<\/script>\n<!-- \/ Yoast SEO plugin. -->","yoast_head_json":{"title":"EL ORO ESCRIBE SU PROPIA HISTORIA DE \u00c9XITO - 21 Panorama","robots":{"index":"index","follow":"follow","max-snippet":"max-snippet:-1","max-image-preview":"max-image-preview:large","max-video-preview":"max-video-preview:-1"},"canonical":"https:\/\/21panorama.com\/index.php\/2022\/04\/17\/el-oro-escribe-su-propia-historia-de-exito\/","og_locale":"es_MX","og_type":"article","og_title":"EL ORO ESCRIBE SU PROPIA HISTORIA DE \u00c9XITO - 21 Panorama","og_description":"En la conciliaci\u00f3n se construye el futuro del municipio de El Oro logrando mejores condiciones para que su gente pueda escribir una historia de \u00e9xito, afirm\u00f3 la presidenta municipal, Ruth Salazar Garcia.","og_url":"https:\/\/21panorama.com\/index.php\/2022\/04\/17\/el-oro-escribe-su-propia-historia-de-exito\/","og_site_name":"21 Panorama","article_published_time":"2022-04-18T04:41:29+00:00","article_modified_time":"2022-04-18T04:41:31+00:00","og_image":[{"width":563,"height":372,"url":"https:\/\/21panorama.com\/wp-content\/uploads\/2022\/04\/b2791b50-5665-4f6f-a804-59547df5212c.jpeg","type":"image\/jpeg"}],"author":"admin","twitter_card":"summary_large_image","twitter_misc":{"Escrito por":"admin","Tiempo de lectura":"2 minutos"},"schema":{"@context":"https:\/\/schema.org","@graph":[{"@type":"Article","@id":"https:\/\/21panorama.com\/index.php\/2022\/04\/17\/el-oro-escribe-su-propia-historia-de-exito\/#article","isPartOf":{"@id":"https:\/\/21panorama.com\/index.php\/2022\/04\/17\/el-oro-escribe-su-propia-historia-de-exito\/"},"author":{"name":"admin","@id":"https:\/\/21panorama.com\/#\/schema\/person\/1afc291b96d5792a158768324287319f"},"headline":"EL ORO ESCRIBE SU PROPIA HISTORIA DE \u00c9XITO","datePublished":"2022-04-18T04:41:29+00:00","dateModified":"2022-04-18T04:41:31+00:00","mainEntityOfPage":{"@id":"https:\/\/21panorama.com\/index.php\/2022\/04\/17\/el-oro-escribe-su-propia-historia-de-exito\/"},"wordCount":318,"commentCount":0,"publisher":{"@id":"https:\/\/21panorama.com\/#organization"},"image":{"@id":"https:\/\/21panorama.com\/index.php\/2022\/04\/17\/el-oro-escribe-su-propia-historia-de-exito\/#primaryimage"},"thumbnailUrl":"https:\/\/21panorama.com\/wp-content\/uploads\/2022\/04\/b2791b50-5665-4f6f-a804-59547df5212c.jpeg","keywords":["ElOro"],"articleSection":["Sociedad"],"inLanguage":"es","potentialAction":[{"@type":"CommentAction","name":"Comment","target":["https:\/\/21panorama.com\/index.php\/2022\/04\/17\/el-oro-escribe-su-propia-historia-de-exito\/#respond"]}]},{"@type":"WebPage","@id":"https:\/\/21panorama.com\/index.php\/2022\/04\/17\/el-oro-escribe-su-propia-historia-de-exito\/","url":"https:\/\/21panorama.com\/index.php\/2022\/04\/17\/el-oro-escribe-su-propia-historia-de-exito\/","name":"EL ORO ESCRIBE SU PROPIA HISTORIA DE \u00c9XITO - 21 Panorama","isPartOf":{"@id":"https:\/\/21panorama.com\/#website"},"primaryImageOfPage":{"@id":"https:\/\/21panorama.com\/index.php\/2022\/04\/17\/el-oro-escribe-su-propia-historia-de-exito\/#primaryimage"},"image":{"@id":"https:\/\/21panorama.com\/index.php\/2022\/04\/17\/el-oro-escribe-su-propia-historia-de-exito\/#primaryimage"},"thumbnailUrl":"https:\/\/21panorama.com\/wp-content\/uploads\/2022\/04\/b2791b50-5665-4f6f-a804-59547df5212c.jpeg","datePublished":"2022-04-18T04:41:29+00:00","dateModified":"2022-04-18T04:41:31+00:00","breadcrumb":{"@id":"https:\/\/21panorama.com\/index.php\/2022\/04\/17\/el-oro-escribe-su-propia-historia-de-exito\/#breadcrumb"},"inLanguage":"es","potentialAction":[{"@type":"ReadAction","target":["https:\/\/21panorama.com\/index.php\/2022\/04\/17\/el-oro-escribe-su-propia-historia-de-exito\/"]}]},{"@type":"ImageObject","inLanguage":"es","@id":"https:\/\/21panorama.com\/index.php\/2022\/04\/17\/el-oro-escribe-su-propia-historia-de-exito\/#primaryimage","url":"https:\/\/21panorama.com\/wp-content\/uploads\/2022\/04\/b2791b50-5665-4f6f-a804-59547df5212c.jpeg","contentUrl":"https:\/\/21panorama.com\/wp-content\/uploads\/2022\/04\/b2791b50-5665-4f6f-a804-59547df5212c.jpeg","width":563,"height":372},{"@type":"BreadcrumbList","@id":"https:\/\/21panorama.com\/index.php\/2022\/04\/17\/el-oro-escribe-su-propia-historia-de-exito\/#breadcrumb","itemListElement":[{"@type":"ListItem","position":1,"name":"Inicio","item":"https:\/\/21panorama.com\/"},{"@type":"ListItem","position":2,"name":"EL ORO ESCRIBE SU PROPIA HISTORIA DE \u00c9XITO"}]},{"@type":"WebSite","@id":"https:\/\/21panorama.com\/#website","url":"https:\/\/21panorama.com\/","name":"21 Panorama","description":"La construcci\u00f3n de la opini\u00f3n p\u00fablica merece un mejor Panorama en este siglo 21 para alcanzar una sociedad con mayor transparencia y sin corrupci\u00f3n.","publisher":{"@id":"https:\/\/21panorama.com\/#organization"},"potentialAction":[{"@type":"SearchAction","target":{"@type":"EntryPoint","urlTemplate":"https:\/\/21panorama.com\/?s={search_term_string}"},"query-input":{"@type":"PropertyValueSpecification","valueRequired":true,"valueName":"search_term_string"}}],"inLanguage":"es"},{"@type":"Organization","@id":"https:\/\/21panorama.com\/#organization","name":"21 Panorama","url":"https:\/\/21panorama.com\/","logo":{"@type":"ImageObject","inLanguage":"es","@id":"https:\/\/21panorama.com\/#\/schema\/logo\/image\/","url":"https:\/\/21panorama.com\/wp-content\/uploads\/2019\/07\/cropped-Logo-Panorama-01.jpeg","contentUrl":"https:\/\/21panorama.com\/wp-content\/uploads\/2019\/07\/cropped-Logo-Panorama-01.jpeg","width":290,"height":70,"caption":"21 Panorama"},"image":{"@id":"https:\/\/21panorama.com\/#\/schema\/logo\/image\/"}},{"@type":"Person","@id":"https:\/\/21panorama.com\/#\/schema\/person\/1afc291b96d5792a158768324287319f","name":"admin","image":{"@type":"ImageObject","inLanguage":"es","@id":"https:\/\/21panorama.com\/#\/schema\/person\/image\/","url":"https:\/\/secure.gravatar.com\/avatar\/ad365d9d9f46719215b0d042cc3df92a5a8683e09ef13d102233e5491985f0f0?s=96&d=mm&r=g","contentUrl":"https:\/\/secure.gravatar.com\/avatar\/ad365d9d9f46719215b0d042cc3df92a5a8683e09ef13d102233e5491985f0f0?s=96&d=mm&r=g","caption":"admin"},"url":"https:\/\/21panorama.com\/index.php\/author\/admin\/"}]}},"_links":{"self":[{"href":"https:\/\/21panorama.com\/index.php\/wp-json\/wp\/v2\/posts\/3531","targetHints":{"allow":["GET"]}}],"collection":[{"href":"https:\/\/21panorama.com\/index.php\/wp-json\/wp\/v2\/posts"}],"about":[{"href":"https:\/\/21panorama.com\/index.php\/wp-json\/wp\/v2\/types\/post"}],"author":[{"embeddable":true,"href":"https:\/\/21panorama.com\/index.php\/wp-json\/wp\/v2\/users\/1"}],"replies":[{"embeddable":true,"href":"https:\/\/21panorama.com\/index.php\/wp-json\/wp\/v2\/comments?post=3531"}],"version-history":[{"count":1,"href":"https:\/\/21panorama.com\/index.php\/wp-json\/wp\/v2\/posts\/3531\/revisions"}],"predecessor-version":[{"id":3535,"href":"https:\/\/21panorama.com\/index.php\/wp-json\/wp\/v2\/posts\/3531\/revisions\/3535"}],"wp:featuredmedia":[{"embeddable":true,"href":"https:\/\/21panorama.com\/index.php\/wp-json\/wp\/v2\/media\/3532"}],"wp:attachment":[{"href":"https:\/\/21panorama.com\/index.php\/wp-json\/wp\/v2\/media?parent=3531"}],"wp:term":[{"taxonomy":"category","embeddable":true,"href":"https:\/\/21panorama.com\/index.php\/wp-json\/wp\/v2\/categories?post=3531"},{"taxonomy":"post_tag","embeddable":true,"href":"https:\/\/21panorama.com\/index.php\/wp-json\/wp\/v2\/tags?post=3531"}],"curies":[{"name":"wp","href":"https:\/\/api.w.org\/{rel}","templated":true}]}}