{"id":3525,"date":"2022-04-17T11:38:14","date_gmt":"2022-04-17T16:38:14","guid":{"rendered":"https:\/\/21panorama.com\/?p=3525"},"modified":"2022-04-17T11:38:16","modified_gmt":"2022-04-17T16:38:16","slug":"frenaran-a-amlo-en-votacion","status":"publish","type":"post","link":"https:\/\/21panorama.com\/index.php\/2022\/04\/17\/frenaran-a-amlo-en-votacion\/","title":{"rendered":"FRENARAN A AMLO EN VOTACI\u00d3N"},"content":{"rendered":"\n<p>Para evitar un albazo legislativo en torno a la iniciativa de reforma el\u00e9ctrica, la alianza PAN PRI PRD pernoct\u00f3 en San L\u00e1zaro y lleg\u00f3 a su curul desde temprana hora para votar en contra.<\/p>\n\n\n\n<p>En la bancada del PRI se declararon listos los 70 diputados que l conforman para rechazar la Ley Bartlett que pretende monopolizar el servicio de energ\u00eda el\u00e9ctrica en el Pa\u00eds con el riesgo de la insuficiencia e ineficiencia que representa el r\u00e9gimen en turno.<\/p>\n\n\n\n<p>En estas horas decisivas para cada grupo parlamentario, no solo est\u00e1 en juego el futuro de la energ\u00eda el\u00e9ctrica sino la proyecci\u00f3n pol\u00edtica para las elecciones del 2023 y 2024, por eso es considerada la hora de la verdad.<\/p>\n\n\n\n<p>Con el resultado de esta votaci\u00f3n, los Ciudadanos podr\u00e1n volcarse a\u00fan m\u00e1s a las preferencias electorales por detener al presidente Andr\u00e9s Manuel L\u00f3pez Obrador en sus intenciones de acumular m\u00e1s poder en Palacio Nacional.<\/p>\n\n\n\n<p>PRI PAN y PRD tienen en su voto la posibilidad de comprobar que el Presidente no es todopoderoso.<\/p>\n\n\n\n<figure class=\"wp-block-gallery columns-2 is-cropped wp-block-gallery-1 is-layout-flex wp-block-gallery-is-layout-flex\"><ul class=\"blocks-gallery-grid\"><li class=\"blocks-gallery-item\"><figure><img decoding=\"async\" width=\"576\" height=\"585\" src=\"https:\/\/21panorama.com\/wp-content\/uploads\/2022\/04\/f6bca9b4-cba9-490f-bb7a-d2805b831f94.jpeg\" alt=\"\" data-id=\"3527\" data-link=\"https:\/\/21panorama.com\/?attachment_id=3527\" class=\"wp-image-3527\" srcset=\"https:\/\/21panorama.com\/wp-content\/uploads\/2022\/04\/f6bca9b4-cba9-490f-bb7a-d2805b831f94.jpeg 576w, https:\/\/21panorama.com\/wp-content\/uploads\/2022\/04\/f6bca9b4-cba9-490f-bb7a-d2805b831f94-295x300.jpeg 295w\" sizes=\"(max-width: 576px) 100vw, 576px\" \/><\/figure><\/li><li class=\"blocks-gallery-item\"><figure><img decoding=\"async\" width=\"828\" height=\"608\" src=\"https:\/\/21panorama.com\/wp-content\/uploads\/2022\/04\/4eabd307-c196-404b-82f9-5392d77e7578.jpeg\" alt=\"\" data-id=\"3528\" data-full-url=\"https:\/\/21panorama.com\/wp-content\/uploads\/2022\/04\/4eabd307-c196-404b-82f9-5392d77e7578.jpeg\" data-link=\"https:\/\/21panorama.com\/?attachment_id=3528\" class=\"wp-image-3528\" srcset=\"https:\/\/21panorama.com\/wp-content\/uploads\/2022\/04\/4eabd307-c196-404b-82f9-5392d77e7578.jpeg 828w, https:\/\/21panorama.com\/wp-content\/uploads\/2022\/04\/4eabd307-c196-404b-82f9-5392d77e7578-300x220.jpeg 300w, https:\/\/21panorama.com\/wp-content\/uploads\/2022\/04\/4eabd307-c196-404b-82f9-5392d77e7578-768x564.jpeg 768w\" sizes=\"(max-width: 828px) 100vw, 828px\" \/><\/figure><\/li><\/ul><\/figure>\n","protected":false},"excerpt":{"rendered":"<p>Para evitar un albazo legislativo en torno a la iniciativa de reforma el\u00e9ctrica, la alianza PAN PRI PRD pernoct\u00f3 en San L\u00e1zaro y lleg\u00f3 a su curul desde temprana hora para votar en contra.  <\/p>\n","protected":false},"author":1,"featured_media":3526,"comment_status":"open","ping_status":"open","sticky":false,"template":"","format":"standard","meta":{"footnotes":""},"categories":[12],"tags":[187],"class_list":["post-3525","post","type-post","status-publish","format-standard","has-post-thumbnail","hentry","category-politica","tag-amlo"],"yoast_head":"<!-- This site is optimized with the Yoast SEO plugin v24.9 - https:\/\/yoast.com\/wordpress\/plugins\/seo\/ -->\n<title>FRENARAN A AMLO EN VOTACI\u00d3N - 21 Panorama<\/title>\n<meta name=\"robots\" content=\"index, follow, max-snippet:-1, max-image-preview:large, max-video-preview:-1\" \/>\n<link rel=\"canonical\" href=\"https:\/\/21panorama.com\/index.php\/2022\/04\/17\/frenaran-a-amlo-en-votacion\/\" \/>\n<meta property=\"og:locale\" content=\"es_MX\" \/>\n<meta property=\"og:type\" content=\"article\" \/>\n<meta property=\"og:title\" content=\"FRENARAN A AMLO EN VOTACI\u00d3N - 21 Panorama\" \/>\n<meta property=\"og:description\" content=\"Para evitar un albazo legislativo en torno a la iniciativa de reforma el\u00e9ctrica, la alianza PAN PRI PRD pernoct\u00f3 en San L\u00e1zaro y lleg\u00f3 a su curul desde temprana hora para votar en contra.\" \/>\n<meta property=\"og:url\" content=\"https:\/\/21panorama.com\/index.php\/2022\/04\/17\/frenaran-a-amlo-en-votacion\/\" \/>\n<meta property=\"og:site_name\" content=\"21 Panorama\" \/>\n<meta property=\"article:published_time\" content=\"2022-04-17T16:38:14+00:00\" \/>\n<meta property=\"article:modified_time\" content=\"2022-04-17T16:38:16+00:00\" \/>\n<meta property=\"og:image\" content=\"https:\/\/21panorama.com\/wp-content\/uploads\/2022\/04\/db1e9a2f-7a39-4c81-92bf-1762bd431463.jpeg\" \/>\n\t<meta property=\"og:image:width\" content=\"1024\" \/>\n\t<meta property=\"og:image:height\" content=\"576\" \/>\n\t<meta property=\"og:image:type\" content=\"image\/jpeg\" \/>\n<meta name=\"author\" content=\"admin\" \/>\n<meta name=\"twitter:card\" content=\"summary_large_image\" \/>\n<meta name=\"twitter:label1\" content=\"Escrito por\" \/>\n\t<meta name=\"twitter:data1\" content=\"admin\" \/>\n\t<meta name=\"twitter:label2\" content=\"Tiempo de lectura\" \/>\n\t<meta name=\"twitter:data2\" content=\"2 minutos\" \/>\n<script type=\"application\/ld+json\" class=\"yoast-schema-graph\">{\"@context\":\"https:\/\/schema.org\",\"@graph\":[{\"@type\":\"Article\",\"@id\":\"https:\/\/21panorama.com\/index.php\/2022\/04\/17\/frenaran-a-amlo-en-votacion\/#article\",\"isPartOf\":{\"@id\":\"https:\/\/21panorama.com\/index.php\/2022\/04\/17\/frenaran-a-amlo-en-votacion\/\"},\"author\":{\"name\":\"admin\",\"@id\":\"https:\/\/21panorama.com\/#\/schema\/person\/1afc291b96d5792a158768324287319f\"},\"headline\":\"FRENARAN A AMLO EN VOTACI\u00d3N\",\"datePublished\":\"2022-04-17T16:38:14+00:00\",\"dateModified\":\"2022-04-17T16:38:16+00:00\",\"mainEntityOfPage\":{\"@id\":\"https:\/\/21panorama.com\/index.php\/2022\/04\/17\/frenaran-a-amlo-en-votacion\/\"},\"wordCount\":189,\"commentCount\":0,\"publisher\":{\"@id\":\"https:\/\/21panorama.com\/#organization\"},\"image\":{\"@id\":\"https:\/\/21panorama.com\/index.php\/2022\/04\/17\/frenaran-a-amlo-en-votacion\/#primaryimage\"},\"thumbnailUrl\":\"https:\/\/21panorama.com\/wp-content\/uploads\/2022\/04\/db1e9a2f-7a39-4c81-92bf-1762bd431463.jpeg\",\"keywords\":[\"AMLO\"],\"articleSection\":[\"Politica\"],\"inLanguage\":\"es\",\"potentialAction\":[{\"@type\":\"CommentAction\",\"name\":\"Comment\",\"target\":[\"https:\/\/21panorama.com\/index.php\/2022\/04\/17\/frenaran-a-amlo-en-votacion\/#respond\"]}]},{\"@type\":\"WebPage\",\"@id\":\"https:\/\/21panorama.com\/index.php\/2022\/04\/17\/frenaran-a-amlo-en-votacion\/\",\"url\":\"https:\/\/21panorama.com\/index.php\/2022\/04\/17\/frenaran-a-amlo-en-votacion\/\",\"name\":\"FRENARAN A AMLO EN VOTACI\u00d3N - 21 Panorama\",\"isPartOf\":{\"@id\":\"https:\/\/21panorama.com\/#website\"},\"primaryImageOfPage\":{\"@id\":\"https:\/\/21panorama.com\/index.php\/2022\/04\/17\/frenaran-a-amlo-en-votacion\/#primaryimage\"},\"image\":{\"@id\":\"https:\/\/21panorama.com\/index.php\/2022\/04\/17\/frenaran-a-amlo-en-votacion\/#primaryimage\"},\"thumbnailUrl\":\"https:\/\/21panorama.com\/wp-content\/uploads\/2022\/04\/db1e9a2f-7a39-4c81-92bf-1762bd431463.jpeg\",\"datePublished\":\"2022-04-17T16:38:14+00:00\",\"dateModified\":\"2022-04-17T16:38:16+00:00\",\"breadcrumb\":{\"@id\":\"https:\/\/21panorama.com\/index.php\/2022\/04\/17\/frenaran-a-amlo-en-votacion\/#breadcrumb\"},\"inLanguage\":\"es\",\"potentialAction\":[{\"@type\":\"ReadAction\",\"target\":[\"https:\/\/21panorama.com\/index.php\/2022\/04\/17\/frenaran-a-amlo-en-votacion\/\"]}]},{\"@type\":\"ImageObject\",\"inLanguage\":\"es\",\"@id\":\"https:\/\/21panorama.com\/index.php\/2022\/04\/17\/frenaran-a-amlo-en-votacion\/#primaryimage\",\"url\":\"https:\/\/21panorama.com\/wp-content\/uploads\/2022\/04\/db1e9a2f-7a39-4c81-92bf-1762bd431463.jpeg\",\"contentUrl\":\"https:\/\/21panorama.com\/wp-content\/uploads\/2022\/04\/db1e9a2f-7a39-4c81-92bf-1762bd431463.jpeg\",\"width\":1024,\"height\":576},{\"@type\":\"BreadcrumbList\",\"@id\":\"https:\/\/21panorama.com\/index.php\/2022\/04\/17\/frenaran-a-amlo-en-votacion\/#breadcrumb\",\"itemListElement\":[{\"@type\":\"ListItem\",\"position\":1,\"name\":\"Inicio\",\"item\":\"https:\/\/21panorama.com\/\"},{\"@type\":\"ListItem\",\"position\":2,\"name\":\"FRENARAN A AMLO EN VOTACI\u00d3N\"}]},{\"@type\":\"WebSite\",\"@id\":\"https:\/\/21panorama.com\/#website\",\"url\":\"https:\/\/21panorama.com\/\",\"name\":\"21 Panorama\",\"description\":\"La construcci\u00f3n de la opini\u00f3n p\u00fablica merece un mejor Panorama en este siglo 21 para alcanzar una sociedad con mayor transparencia y sin corrupci\u00f3n.\",\"publisher\":{\"@id\":\"https:\/\/21panorama.com\/#organization\"},\"potentialAction\":[{\"@type\":\"SearchAction\",\"target\":{\"@type\":\"EntryPoint\",\"urlTemplate\":\"https:\/\/21panorama.com\/?s={search_term_string}\"},\"query-input\":{\"@type\":\"PropertyValueSpecification\",\"valueRequired\":true,\"valueName\":\"search_term_string\"}}],\"inLanguage\":\"es\"},{\"@type\":\"Organization\",\"@id\":\"https:\/\/21panorama.com\/#organization\",\"name\":\"21 Panorama\",\"url\":\"https:\/\/21panorama.com\/\",\"logo\":{\"@type\":\"ImageObject\",\"inLanguage\":\"es\",\"@id\":\"https:\/\/21panorama.com\/#\/schema\/logo\/image\/\",\"url\":\"https:\/\/21panorama.com\/wp-content\/uploads\/2019\/07\/cropped-Logo-Panorama-01.jpeg\",\"contentUrl\":\"https:\/\/21panorama.com\/wp-content\/uploads\/2019\/07\/cropped-Logo-Panorama-01.jpeg\",\"width\":290,\"height\":70,\"caption\":\"21 Panorama\"},\"image\":{\"@id\":\"https:\/\/21panorama.com\/#\/schema\/logo\/image\/\"}},{\"@type\":\"Person\",\"@id\":\"https:\/\/21panorama.com\/#\/schema\/person\/1afc291b96d5792a158768324287319f\",\"name\":\"admin\",\"image\":{\"@type\":\"ImageObject\",\"inLanguage\":\"es\",\"@id\":\"https:\/\/21panorama.com\/#\/schema\/person\/image\/\",\"url\":\"https:\/\/secure.gravatar.com\/avatar\/ad365d9d9f46719215b0d042cc3df92a5a8683e09ef13d102233e5491985f0f0?s=96&d=mm&r=g\",\"contentUrl\":\"https:\/\/secure.gravatar.com\/avatar\/ad365d9d9f46719215b0d042cc3df92a5a8683e09ef13d102233e5491985f0f0?s=96&d=mm&r=g\",\"caption\":\"admin\"},\"url\":\"https:\/\/21panorama.com\/index.php\/author\/admin\/\"}]}<\/script>\n<!-- \/ Yoast SEO plugin. -->","yoast_head_json":{"title":"FRENARAN A AMLO EN VOTACI\u00d3N - 21 Panorama","robots":{"index":"index","follow":"follow","max-snippet":"max-snippet:-1","max-image-preview":"max-image-preview:large","max-video-preview":"max-video-preview:-1"},"canonical":"https:\/\/21panorama.com\/index.php\/2022\/04\/17\/frenaran-a-amlo-en-votacion\/","og_locale":"es_MX","og_type":"article","og_title":"FRENARAN A AMLO EN VOTACI\u00d3N - 21 Panorama","og_description":"Para evitar un albazo legislativo en torno a la iniciativa de reforma el\u00e9ctrica, la alianza PAN PRI PRD pernoct\u00f3 en San L\u00e1zaro y lleg\u00f3 a su curul desde temprana hora para votar en contra.","og_url":"https:\/\/21panorama.com\/index.php\/2022\/04\/17\/frenaran-a-amlo-en-votacion\/","og_site_name":"21 Panorama","article_published_time":"2022-04-17T16:38:14+00:00","article_modified_time":"2022-04-17T16:38:16+00:00","og_image":[{"width":1024,"height":576,"url":"https:\/\/21panorama.com\/wp-content\/uploads\/2022\/04\/db1e9a2f-7a39-4c81-92bf-1762bd431463.jpeg","type":"image\/jpeg"}],"author":"admin","twitter_card":"summary_large_image","twitter_misc":{"Escrito por":"admin","Tiempo de lectura":"2 minutos"},"schema":{"@context":"https:\/\/schema.org","@graph":[{"@type":"Article","@id":"https:\/\/21panorama.com\/index.php\/2022\/04\/17\/frenaran-a-amlo-en-votacion\/#article","isPartOf":{"@id":"https:\/\/21panorama.com\/index.php\/2022\/04\/17\/frenaran-a-amlo-en-votacion\/"},"author":{"name":"admin","@id":"https:\/\/21panorama.com\/#\/schema\/person\/1afc291b96d5792a158768324287319f"},"headline":"FRENARAN A AMLO EN VOTACI\u00d3N","datePublished":"2022-04-17T16:38:14+00:00","dateModified":"2022-04-17T16:38:16+00:00","mainEntityOfPage":{"@id":"https:\/\/21panorama.com\/index.php\/2022\/04\/17\/frenaran-a-amlo-en-votacion\/"},"wordCount":189,"commentCount":0,"publisher":{"@id":"https:\/\/21panorama.com\/#organization"},"image":{"@id":"https:\/\/21panorama.com\/index.php\/2022\/04\/17\/frenaran-a-amlo-en-votacion\/#primaryimage"},"thumbnailUrl":"https:\/\/21panorama.com\/wp-content\/uploads\/2022\/04\/db1e9a2f-7a39-4c81-92bf-1762bd431463.jpeg","keywords":["AMLO"],"articleSection":["Politica"],"inLanguage":"es","potentialAction":[{"@type":"CommentAction","name":"Comment","target":["https:\/\/21panorama.com\/index.php\/2022\/04\/17\/frenaran-a-amlo-en-votacion\/#respond"]}]},{"@type":"WebPage","@id":"https:\/\/21panorama.com\/index.php\/2022\/04\/17\/frenaran-a-amlo-en-votacion\/","url":"https:\/\/21panorama.com\/index.php\/2022\/04\/17\/frenaran-a-amlo-en-votacion\/","name":"FRENARAN A AMLO EN VOTACI\u00d3N - 21 Panorama","isPartOf":{"@id":"https:\/\/21panorama.com\/#website"},"primaryImageOfPage":{"@id":"https:\/\/21panorama.com\/index.php\/2022\/04\/17\/frenaran-a-amlo-en-votacion\/#primaryimage"},"image":{"@id":"https:\/\/21panorama.com\/index.php\/2022\/04\/17\/frenaran-a-amlo-en-votacion\/#primaryimage"},"thumbnailUrl":"https:\/\/21panorama.com\/wp-content\/uploads\/2022\/04\/db1e9a2f-7a39-4c81-92bf-1762bd431463.jpeg","datePublished":"2022-04-17T16:38:14+00:00","dateModified":"2022-04-17T16:38:16+00:00","breadcrumb":{"@id":"https:\/\/21panorama.com\/index.php\/2022\/04\/17\/frenaran-a-amlo-en-votacion\/#breadcrumb"},"inLanguage":"es","potentialAction":[{"@type":"ReadAction","target":["https:\/\/21panorama.com\/index.php\/2022\/04\/17\/frenaran-a-amlo-en-votacion\/"]}]},{"@type":"ImageObject","inLanguage":"es","@id":"https:\/\/21panorama.com\/index.php\/2022\/04\/17\/frenaran-a-amlo-en-votacion\/#primaryimage","url":"https:\/\/21panorama.com\/wp-content\/uploads\/2022\/04\/db1e9a2f-7a39-4c81-92bf-1762bd431463.jpeg","contentUrl":"https:\/\/21panorama.com\/wp-content\/uploads\/2022\/04\/db1e9a2f-7a39-4c81-92bf-1762bd431463.jpeg","width":1024,"height":576},{"@type":"BreadcrumbList","@id":"https:\/\/21panorama.com\/index.php\/2022\/04\/17\/frenaran-a-amlo-en-votacion\/#breadcrumb","itemListElement":[{"@type":"ListItem","position":1,"name":"Inicio","item":"https:\/\/21panorama.com\/"},{"@type":"ListItem","position":2,"name":"FRENARAN A AMLO EN VOTACI\u00d3N"}]},{"@type":"WebSite","@id":"https:\/\/21panorama.com\/#website","url":"https:\/\/21panorama.com\/","name":"21 Panorama","description":"La construcci\u00f3n de la opini\u00f3n p\u00fablica merece un mejor Panorama en este siglo 21 para alcanzar una sociedad con mayor transparencia y sin corrupci\u00f3n.","publisher":{"@id":"https:\/\/21panorama.com\/#organization"},"potentialAction":[{"@type":"SearchAction","target":{"@type":"EntryPoint","urlTemplate":"https:\/\/21panorama.com\/?s={search_term_string}"},"query-input":{"@type":"PropertyValueSpecification","valueRequired":true,"valueName":"search_term_string"}}],"inLanguage":"es"},{"@type":"Organization","@id":"https:\/\/21panorama.com\/#organization","name":"21 Panorama","url":"https:\/\/21panorama.com\/","logo":{"@type":"ImageObject","inLanguage":"es","@id":"https:\/\/21panorama.com\/#\/schema\/logo\/image\/","url":"https:\/\/21panorama.com\/wp-content\/uploads\/2019\/07\/cropped-Logo-Panorama-01.jpeg","contentUrl":"https:\/\/21panorama.com\/wp-content\/uploads\/2019\/07\/cropped-Logo-Panorama-01.jpeg","width":290,"height":70,"caption":"21 Panorama"},"image":{"@id":"https:\/\/21panorama.com\/#\/schema\/logo\/image\/"}},{"@type":"Person","@id":"https:\/\/21panorama.com\/#\/schema\/person\/1afc291b96d5792a158768324287319f","name":"admin","image":{"@type":"ImageObject","inLanguage":"es","@id":"https:\/\/21panorama.com\/#\/schema\/person\/image\/","url":"https:\/\/secure.gravatar.com\/avatar\/ad365d9d9f46719215b0d042cc3df92a5a8683e09ef13d102233e5491985f0f0?s=96&d=mm&r=g","contentUrl":"https:\/\/secure.gravatar.com\/avatar\/ad365d9d9f46719215b0d042cc3df92a5a8683e09ef13d102233e5491985f0f0?s=96&d=mm&r=g","caption":"admin"},"url":"https:\/\/21panorama.com\/index.php\/author\/admin\/"}]}},"_links":{"self":[{"href":"https:\/\/21panorama.com\/index.php\/wp-json\/wp\/v2\/posts\/3525","targetHints":{"allow":["GET"]}}],"collection":[{"href":"https:\/\/21panorama.com\/index.php\/wp-json\/wp\/v2\/posts"}],"about":[{"href":"https:\/\/21panorama.com\/index.php\/wp-json\/wp\/v2\/types\/post"}],"author":[{"embeddable":true,"href":"https:\/\/21panorama.com\/index.php\/wp-json\/wp\/v2\/users\/1"}],"replies":[{"embeddable":true,"href":"https:\/\/21panorama.com\/index.php\/wp-json\/wp\/v2\/comments?post=3525"}],"version-history":[{"count":1,"href":"https:\/\/21panorama.com\/index.php\/wp-json\/wp\/v2\/posts\/3525\/revisions"}],"predecessor-version":[{"id":3529,"href":"https:\/\/21panorama.com\/index.php\/wp-json\/wp\/v2\/posts\/3525\/revisions\/3529"}],"wp:featuredmedia":[{"embeddable":true,"href":"https:\/\/21panorama.com\/index.php\/wp-json\/wp\/v2\/media\/3526"}],"wp:attachment":[{"href":"https:\/\/21panorama.com\/index.php\/wp-json\/wp\/v2\/media?parent=3525"}],"wp:term":[{"taxonomy":"category","embeddable":true,"href":"https:\/\/21panorama.com\/index.php\/wp-json\/wp\/v2\/categories?post=3525"},{"taxonomy":"post_tag","embeddable":true,"href":"https:\/\/21panorama.com\/index.php\/wp-json\/wp\/v2\/tags?post=3525"}],"curies":[{"name":"wp","href":"https:\/\/api.w.org\/{rel}","templated":true}]}}