{"id":3521,"date":"2022-04-17T11:31:41","date_gmt":"2022-04-17T16:31:41","guid":{"rendered":"https:\/\/21panorama.com\/?p=3521"},"modified":"2022-04-17T11:31:42","modified_gmt":"2022-04-17T16:31:42","slug":"atienden-cuerpos-de-emergencia-accidente-registrado-en-malinalco","status":"publish","type":"post","link":"https:\/\/21panorama.com\/index.php\/2022\/04\/17\/atienden-cuerpos-de-emergencia-accidente-registrado-en-malinalco\/","title":{"rendered":"ATIENDEN CUERPOS DE EMERGENCIA ACCIDENTE REGISTRADO EN MALINALCO"},"content":{"rendered":"\n<p>Malinalco, Estado de M\u00e9xico, 16 de abril de 2022. Un saldo de 10 personas lesionadas dej\u00f3 un accidente donde se vieron involucrados ocho veh\u00edculos particulares y un autob\u00fas en la carretera Capul\u00edn-Chalma km 20, paraje Club de Golf, municipio de Malinalco.<\/p>\n\n\n\n<p>Personal de Protecci\u00f3n Civil Estatal Regi\u00f3n Tenancingo inform\u00f3 que, tras recibir la notificaci\u00f3n del percance carretero, por parte del C5, y llegar al lugar se trasladaron a 10 lesionados al Hospital General de Malinalco.<\/p>\n\n\n\n<p>En tanto que aquellas personas que presentaron crisis nerviosa fueron atendidas en el sitio por el Servicio de Urgencias del Estado de M\u00e9xico (SUEM). No hay reporte de fallecidos.<\/p>\n\n\n\n<p>Para brindar apoyo en la zona, acudieron elementos de la Secretar\u00eda de Seguridad, estatal y municipal, Protecci\u00f3n Civil estatal, Regi\u00f3n Tenancingo, Protecci\u00f3n Civil y Bomberos de Malinalco y Joquicingo, as\u00ed como SUEM.<\/p>\n\n\n\n<figure class=\"wp-block-image size-full\"><img decoding=\"async\" width=\"1000\" height=\"750\" src=\"https:\/\/21panorama.com\/wp-content\/uploads\/2022\/04\/63a6bd62-0485-4f15-b0aa-a7247e05cd8a.jpeg\" alt=\"\" class=\"wp-image-3523\" srcset=\"https:\/\/21panorama.com\/wp-content\/uploads\/2022\/04\/63a6bd62-0485-4f15-b0aa-a7247e05cd8a.jpeg 1000w, https:\/\/21panorama.com\/wp-content\/uploads\/2022\/04\/63a6bd62-0485-4f15-b0aa-a7247e05cd8a-300x225.jpeg 300w, https:\/\/21panorama.com\/wp-content\/uploads\/2022\/04\/63a6bd62-0485-4f15-b0aa-a7247e05cd8a-768x576.jpeg 768w\" sizes=\"(max-width: 1000px) 100vw, 1000px\" \/><\/figure>\n\n\n\n<p><\/p>\n","protected":false},"excerpt":{"rendered":"<p>Participan en el siniestro ocho veh\u00edculos particulares y un autob\u00fas.<\/p>\n","protected":false},"author":1,"featured_media":3522,"comment_status":"open","ping_status":"open","sticky":false,"template":"","format":"standard","meta":{"footnotes":""},"categories":[1],"tags":[300],"class_list":["post-3521","post","type-post","status-publish","format-standard","has-post-thumbnail","hentry","category-sociedad","tag-malinalco"],"yoast_head":"<!-- This site is optimized with the Yoast SEO plugin v24.9 - https:\/\/yoast.com\/wordpress\/plugins\/seo\/ -->\n<title>ATIENDEN CUERPOS DE EMERGENCIA ACCIDENTE REGISTRADO EN MALINALCO - 21 Panorama<\/title>\n<meta name=\"robots\" content=\"index, follow, max-snippet:-1, max-image-preview:large, max-video-preview:-1\" \/>\n<link rel=\"canonical\" href=\"https:\/\/21panorama.com\/index.php\/2022\/04\/17\/atienden-cuerpos-de-emergencia-accidente-registrado-en-malinalco\/\" \/>\n<meta property=\"og:locale\" content=\"es_MX\" \/>\n<meta property=\"og:type\" content=\"article\" \/>\n<meta property=\"og:title\" content=\"ATIENDEN CUERPOS DE EMERGENCIA ACCIDENTE REGISTRADO EN MALINALCO - 21 Panorama\" \/>\n<meta property=\"og:description\" content=\"Participan en el siniestro ocho veh\u00edculos particulares y un autob\u00fas.\" \/>\n<meta property=\"og:url\" content=\"https:\/\/21panorama.com\/index.php\/2022\/04\/17\/atienden-cuerpos-de-emergencia-accidente-registrado-en-malinalco\/\" \/>\n<meta property=\"og:site_name\" content=\"21 Panorama\" \/>\n<meta property=\"article:published_time\" content=\"2022-04-17T16:31:41+00:00\" \/>\n<meta property=\"article:modified_time\" content=\"2022-04-17T16:31:42+00:00\" \/>\n<meta property=\"og:image\" content=\"https:\/\/21panorama.com\/wp-content\/uploads\/2022\/04\/be42c9a8-5edd-4c11-bd92-c2205d01f428.jpeg\" \/>\n\t<meta property=\"og:image:width\" content=\"1000\" \/>\n\t<meta property=\"og:image:height\" content=\"750\" \/>\n\t<meta property=\"og:image:type\" content=\"image\/jpeg\" \/>\n<meta name=\"author\" content=\"admin\" \/>\n<meta name=\"twitter:card\" content=\"summary_large_image\" \/>\n<meta name=\"twitter:label1\" content=\"Escrito por\" \/>\n\t<meta name=\"twitter:data1\" content=\"admin\" \/>\n\t<meta name=\"twitter:label2\" content=\"Tiempo de lectura\" \/>\n\t<meta name=\"twitter:data2\" content=\"1 minuto\" \/>\n<script type=\"application\/ld+json\" class=\"yoast-schema-graph\">{\"@context\":\"https:\/\/schema.org\",\"@graph\":[{\"@type\":\"Article\",\"@id\":\"https:\/\/21panorama.com\/index.php\/2022\/04\/17\/atienden-cuerpos-de-emergencia-accidente-registrado-en-malinalco\/#article\",\"isPartOf\":{\"@id\":\"https:\/\/21panorama.com\/index.php\/2022\/04\/17\/atienden-cuerpos-de-emergencia-accidente-registrado-en-malinalco\/\"},\"author\":{\"name\":\"admin\",\"@id\":\"https:\/\/21panorama.com\/#\/schema\/person\/1afc291b96d5792a158768324287319f\"},\"headline\":\"ATIENDEN CUERPOS DE EMERGENCIA ACCIDENTE REGISTRADO EN MALINALCO\",\"datePublished\":\"2022-04-17T16:31:41+00:00\",\"dateModified\":\"2022-04-17T16:31:42+00:00\",\"mainEntityOfPage\":{\"@id\":\"https:\/\/21panorama.com\/index.php\/2022\/04\/17\/atienden-cuerpos-de-emergencia-accidente-registrado-en-malinalco\/\"},\"wordCount\":151,\"commentCount\":0,\"publisher\":{\"@id\":\"https:\/\/21panorama.com\/#organization\"},\"image\":{\"@id\":\"https:\/\/21panorama.com\/index.php\/2022\/04\/17\/atienden-cuerpos-de-emergencia-accidente-registrado-en-malinalco\/#primaryimage\"},\"thumbnailUrl\":\"https:\/\/21panorama.com\/wp-content\/uploads\/2022\/04\/be42c9a8-5edd-4c11-bd92-c2205d01f428.jpeg\",\"keywords\":[\"MALINALCO\"],\"articleSection\":[\"Sociedad\"],\"inLanguage\":\"es\",\"potentialAction\":[{\"@type\":\"CommentAction\",\"name\":\"Comment\",\"target\":[\"https:\/\/21panorama.com\/index.php\/2022\/04\/17\/atienden-cuerpos-de-emergencia-accidente-registrado-en-malinalco\/#respond\"]}]},{\"@type\":\"WebPage\",\"@id\":\"https:\/\/21panorama.com\/index.php\/2022\/04\/17\/atienden-cuerpos-de-emergencia-accidente-registrado-en-malinalco\/\",\"url\":\"https:\/\/21panorama.com\/index.php\/2022\/04\/17\/atienden-cuerpos-de-emergencia-accidente-registrado-en-malinalco\/\",\"name\":\"ATIENDEN CUERPOS DE EMERGENCIA ACCIDENTE REGISTRADO EN MALINALCO - 21 Panorama\",\"isPartOf\":{\"@id\":\"https:\/\/21panorama.com\/#website\"},\"primaryImageOfPage\":{\"@id\":\"https:\/\/21panorama.com\/index.php\/2022\/04\/17\/atienden-cuerpos-de-emergencia-accidente-registrado-en-malinalco\/#primaryimage\"},\"image\":{\"@id\":\"https:\/\/21panorama.com\/index.php\/2022\/04\/17\/atienden-cuerpos-de-emergencia-accidente-registrado-en-malinalco\/#primaryimage\"},\"thumbnailUrl\":\"https:\/\/21panorama.com\/wp-content\/uploads\/2022\/04\/be42c9a8-5edd-4c11-bd92-c2205d01f428.jpeg\",\"datePublished\":\"2022-04-17T16:31:41+00:00\",\"dateModified\":\"2022-04-17T16:31:42+00:00\",\"breadcrumb\":{\"@id\":\"https:\/\/21panorama.com\/index.php\/2022\/04\/17\/atienden-cuerpos-de-emergencia-accidente-registrado-en-malinalco\/#breadcrumb\"},\"inLanguage\":\"es\",\"potentialAction\":[{\"@type\":\"ReadAction\",\"target\":[\"https:\/\/21panorama.com\/index.php\/2022\/04\/17\/atienden-cuerpos-de-emergencia-accidente-registrado-en-malinalco\/\"]}]},{\"@type\":\"ImageObject\",\"inLanguage\":\"es\",\"@id\":\"https:\/\/21panorama.com\/index.php\/2022\/04\/17\/atienden-cuerpos-de-emergencia-accidente-registrado-en-malinalco\/#primaryimage\",\"url\":\"https:\/\/21panorama.com\/wp-content\/uploads\/2022\/04\/be42c9a8-5edd-4c11-bd92-c2205d01f428.jpeg\",\"contentUrl\":\"https:\/\/21panorama.com\/wp-content\/uploads\/2022\/04\/be42c9a8-5edd-4c11-bd92-c2205d01f428.jpeg\",\"width\":1000,\"height\":750},{\"@type\":\"BreadcrumbList\",\"@id\":\"https:\/\/21panorama.com\/index.php\/2022\/04\/17\/atienden-cuerpos-de-emergencia-accidente-registrado-en-malinalco\/#breadcrumb\",\"itemListElement\":[{\"@type\":\"ListItem\",\"position\":1,\"name\":\"Inicio\",\"item\":\"https:\/\/21panorama.com\/\"},{\"@type\":\"ListItem\",\"position\":2,\"name\":\"ATIENDEN CUERPOS DE EMERGENCIA ACCIDENTE REGISTRADO EN MALINALCO\"}]},{\"@type\":\"WebSite\",\"@id\":\"https:\/\/21panorama.com\/#website\",\"url\":\"https:\/\/21panorama.com\/\",\"name\":\"21 Panorama\",\"description\":\"La construcci\u00f3n de la opini\u00f3n p\u00fablica merece un mejor Panorama en este siglo 21 para alcanzar una sociedad con mayor transparencia y sin corrupci\u00f3n.\",\"publisher\":{\"@id\":\"https:\/\/21panorama.com\/#organization\"},\"potentialAction\":[{\"@type\":\"SearchAction\",\"target\":{\"@type\":\"EntryPoint\",\"urlTemplate\":\"https:\/\/21panorama.com\/?s={search_term_string}\"},\"query-input\":{\"@type\":\"PropertyValueSpecification\",\"valueRequired\":true,\"valueName\":\"search_term_string\"}}],\"inLanguage\":\"es\"},{\"@type\":\"Organization\",\"@id\":\"https:\/\/21panorama.com\/#organization\",\"name\":\"21 Panorama\",\"url\":\"https:\/\/21panorama.com\/\",\"logo\":{\"@type\":\"ImageObject\",\"inLanguage\":\"es\",\"@id\":\"https:\/\/21panorama.com\/#\/schema\/logo\/image\/\",\"url\":\"https:\/\/21panorama.com\/wp-content\/uploads\/2019\/07\/cropped-Logo-Panorama-01.jpeg\",\"contentUrl\":\"https:\/\/21panorama.com\/wp-content\/uploads\/2019\/07\/cropped-Logo-Panorama-01.jpeg\",\"width\":290,\"height\":70,\"caption\":\"21 Panorama\"},\"image\":{\"@id\":\"https:\/\/21panorama.com\/#\/schema\/logo\/image\/\"}},{\"@type\":\"Person\",\"@id\":\"https:\/\/21panorama.com\/#\/schema\/person\/1afc291b96d5792a158768324287319f\",\"name\":\"admin\",\"image\":{\"@type\":\"ImageObject\",\"inLanguage\":\"es\",\"@id\":\"https:\/\/21panorama.com\/#\/schema\/person\/image\/\",\"url\":\"https:\/\/secure.gravatar.com\/avatar\/ad365d9d9f46719215b0d042cc3df92a5a8683e09ef13d102233e5491985f0f0?s=96&d=mm&r=g\",\"contentUrl\":\"https:\/\/secure.gravatar.com\/avatar\/ad365d9d9f46719215b0d042cc3df92a5a8683e09ef13d102233e5491985f0f0?s=96&d=mm&r=g\",\"caption\":\"admin\"},\"url\":\"https:\/\/21panorama.com\/index.php\/author\/admin\/\"}]}<\/script>\n<!-- \/ Yoast SEO plugin. -->","yoast_head_json":{"title":"ATIENDEN CUERPOS DE EMERGENCIA ACCIDENTE REGISTRADO EN MALINALCO - 21 Panorama","robots":{"index":"index","follow":"follow","max-snippet":"max-snippet:-1","max-image-preview":"max-image-preview:large","max-video-preview":"max-video-preview:-1"},"canonical":"https:\/\/21panorama.com\/index.php\/2022\/04\/17\/atienden-cuerpos-de-emergencia-accidente-registrado-en-malinalco\/","og_locale":"es_MX","og_type":"article","og_title":"ATIENDEN CUERPOS DE EMERGENCIA ACCIDENTE REGISTRADO EN MALINALCO - 21 Panorama","og_description":"Participan en el siniestro ocho veh\u00edculos particulares y un autob\u00fas.","og_url":"https:\/\/21panorama.com\/index.php\/2022\/04\/17\/atienden-cuerpos-de-emergencia-accidente-registrado-en-malinalco\/","og_site_name":"21 Panorama","article_published_time":"2022-04-17T16:31:41+00:00","article_modified_time":"2022-04-17T16:31:42+00:00","og_image":[{"width":1000,"height":750,"url":"https:\/\/21panorama.com\/wp-content\/uploads\/2022\/04\/be42c9a8-5edd-4c11-bd92-c2205d01f428.jpeg","type":"image\/jpeg"}],"author":"admin","twitter_card":"summary_large_image","twitter_misc":{"Escrito por":"admin","Tiempo de lectura":"1 minuto"},"schema":{"@context":"https:\/\/schema.org","@graph":[{"@type":"Article","@id":"https:\/\/21panorama.com\/index.php\/2022\/04\/17\/atienden-cuerpos-de-emergencia-accidente-registrado-en-malinalco\/#article","isPartOf":{"@id":"https:\/\/21panorama.com\/index.php\/2022\/04\/17\/atienden-cuerpos-de-emergencia-accidente-registrado-en-malinalco\/"},"author":{"name":"admin","@id":"https:\/\/21panorama.com\/#\/schema\/person\/1afc291b96d5792a158768324287319f"},"headline":"ATIENDEN CUERPOS DE EMERGENCIA ACCIDENTE REGISTRADO EN MALINALCO","datePublished":"2022-04-17T16:31:41+00:00","dateModified":"2022-04-17T16:31:42+00:00","mainEntityOfPage":{"@id":"https:\/\/21panorama.com\/index.php\/2022\/04\/17\/atienden-cuerpos-de-emergencia-accidente-registrado-en-malinalco\/"},"wordCount":151,"commentCount":0,"publisher":{"@id":"https:\/\/21panorama.com\/#organization"},"image":{"@id":"https:\/\/21panorama.com\/index.php\/2022\/04\/17\/atienden-cuerpos-de-emergencia-accidente-registrado-en-malinalco\/#primaryimage"},"thumbnailUrl":"https:\/\/21panorama.com\/wp-content\/uploads\/2022\/04\/be42c9a8-5edd-4c11-bd92-c2205d01f428.jpeg","keywords":["MALINALCO"],"articleSection":["Sociedad"],"inLanguage":"es","potentialAction":[{"@type":"CommentAction","name":"Comment","target":["https:\/\/21panorama.com\/index.php\/2022\/04\/17\/atienden-cuerpos-de-emergencia-accidente-registrado-en-malinalco\/#respond"]}]},{"@type":"WebPage","@id":"https:\/\/21panorama.com\/index.php\/2022\/04\/17\/atienden-cuerpos-de-emergencia-accidente-registrado-en-malinalco\/","url":"https:\/\/21panorama.com\/index.php\/2022\/04\/17\/atienden-cuerpos-de-emergencia-accidente-registrado-en-malinalco\/","name":"ATIENDEN CUERPOS DE EMERGENCIA ACCIDENTE REGISTRADO EN MALINALCO - 21 Panorama","isPartOf":{"@id":"https:\/\/21panorama.com\/#website"},"primaryImageOfPage":{"@id":"https:\/\/21panorama.com\/index.php\/2022\/04\/17\/atienden-cuerpos-de-emergencia-accidente-registrado-en-malinalco\/#primaryimage"},"image":{"@id":"https:\/\/21panorama.com\/index.php\/2022\/04\/17\/atienden-cuerpos-de-emergencia-accidente-registrado-en-malinalco\/#primaryimage"},"thumbnailUrl":"https:\/\/21panorama.com\/wp-content\/uploads\/2022\/04\/be42c9a8-5edd-4c11-bd92-c2205d01f428.jpeg","datePublished":"2022-04-17T16:31:41+00:00","dateModified":"2022-04-17T16:31:42+00:00","breadcrumb":{"@id":"https:\/\/21panorama.com\/index.php\/2022\/04\/17\/atienden-cuerpos-de-emergencia-accidente-registrado-en-malinalco\/#breadcrumb"},"inLanguage":"es","potentialAction":[{"@type":"ReadAction","target":["https:\/\/21panorama.com\/index.php\/2022\/04\/17\/atienden-cuerpos-de-emergencia-accidente-registrado-en-malinalco\/"]}]},{"@type":"ImageObject","inLanguage":"es","@id":"https:\/\/21panorama.com\/index.php\/2022\/04\/17\/atienden-cuerpos-de-emergencia-accidente-registrado-en-malinalco\/#primaryimage","url":"https:\/\/21panorama.com\/wp-content\/uploads\/2022\/04\/be42c9a8-5edd-4c11-bd92-c2205d01f428.jpeg","contentUrl":"https:\/\/21panorama.com\/wp-content\/uploads\/2022\/04\/be42c9a8-5edd-4c11-bd92-c2205d01f428.jpeg","width":1000,"height":750},{"@type":"BreadcrumbList","@id":"https:\/\/21panorama.com\/index.php\/2022\/04\/17\/atienden-cuerpos-de-emergencia-accidente-registrado-en-malinalco\/#breadcrumb","itemListElement":[{"@type":"ListItem","position":1,"name":"Inicio","item":"https:\/\/21panorama.com\/"},{"@type":"ListItem","position":2,"name":"ATIENDEN CUERPOS DE EMERGENCIA ACCIDENTE REGISTRADO EN MALINALCO"}]},{"@type":"WebSite","@id":"https:\/\/21panorama.com\/#website","url":"https:\/\/21panorama.com\/","name":"21 Panorama","description":"La construcci\u00f3n de la opini\u00f3n p\u00fablica merece un mejor Panorama en este siglo 21 para alcanzar una sociedad con mayor transparencia y sin corrupci\u00f3n.","publisher":{"@id":"https:\/\/21panorama.com\/#organization"},"potentialAction":[{"@type":"SearchAction","target":{"@type":"EntryPoint","urlTemplate":"https:\/\/21panorama.com\/?s={search_term_string}"},"query-input":{"@type":"PropertyValueSpecification","valueRequired":true,"valueName":"search_term_string"}}],"inLanguage":"es"},{"@type":"Organization","@id":"https:\/\/21panorama.com\/#organization","name":"21 Panorama","url":"https:\/\/21panorama.com\/","logo":{"@type":"ImageObject","inLanguage":"es","@id":"https:\/\/21panorama.com\/#\/schema\/logo\/image\/","url":"https:\/\/21panorama.com\/wp-content\/uploads\/2019\/07\/cropped-Logo-Panorama-01.jpeg","contentUrl":"https:\/\/21panorama.com\/wp-content\/uploads\/2019\/07\/cropped-Logo-Panorama-01.jpeg","width":290,"height":70,"caption":"21 Panorama"},"image":{"@id":"https:\/\/21panorama.com\/#\/schema\/logo\/image\/"}},{"@type":"Person","@id":"https:\/\/21panorama.com\/#\/schema\/person\/1afc291b96d5792a158768324287319f","name":"admin","image":{"@type":"ImageObject","inLanguage":"es","@id":"https:\/\/21panorama.com\/#\/schema\/person\/image\/","url":"https:\/\/secure.gravatar.com\/avatar\/ad365d9d9f46719215b0d042cc3df92a5a8683e09ef13d102233e5491985f0f0?s=96&d=mm&r=g","contentUrl":"https:\/\/secure.gravatar.com\/avatar\/ad365d9d9f46719215b0d042cc3df92a5a8683e09ef13d102233e5491985f0f0?s=96&d=mm&r=g","caption":"admin"},"url":"https:\/\/21panorama.com\/index.php\/author\/admin\/"}]}},"_links":{"self":[{"href":"https:\/\/21panorama.com\/index.php\/wp-json\/wp\/v2\/posts\/3521","targetHints":{"allow":["GET"]}}],"collection":[{"href":"https:\/\/21panorama.com\/index.php\/wp-json\/wp\/v2\/posts"}],"about":[{"href":"https:\/\/21panorama.com\/index.php\/wp-json\/wp\/v2\/types\/post"}],"author":[{"embeddable":true,"href":"https:\/\/21panorama.com\/index.php\/wp-json\/wp\/v2\/users\/1"}],"replies":[{"embeddable":true,"href":"https:\/\/21panorama.com\/index.php\/wp-json\/wp\/v2\/comments?post=3521"}],"version-history":[{"count":1,"href":"https:\/\/21panorama.com\/index.php\/wp-json\/wp\/v2\/posts\/3521\/revisions"}],"predecessor-version":[{"id":3524,"href":"https:\/\/21panorama.com\/index.php\/wp-json\/wp\/v2\/posts\/3521\/revisions\/3524"}],"wp:featuredmedia":[{"embeddable":true,"href":"https:\/\/21panorama.com\/index.php\/wp-json\/wp\/v2\/media\/3522"}],"wp:attachment":[{"href":"https:\/\/21panorama.com\/index.php\/wp-json\/wp\/v2\/media?parent=3521"}],"wp:term":[{"taxonomy":"category","embeddable":true,"href":"https:\/\/21panorama.com\/index.php\/wp-json\/wp\/v2\/categories?post=3521"},{"taxonomy":"post_tag","embeddable":true,"href":"https:\/\/21panorama.com\/index.php\/wp-json\/wp\/v2\/tags?post=3521"}],"curies":[{"name":"wp","href":"https:\/\/api.w.org\/{rel}","templated":true}]}}