{"id":352,"date":"2019-10-23T19:13:47","date_gmt":"2019-10-24T00:13:47","guid":{"rendered":"http:\/\/21panorama.com\/?p=352"},"modified":"2019-10-23T19:13:48","modified_gmt":"2019-10-24T00:13:48","slug":"dan-banderazo-a-100-taxis-con-conversion-de-gasolina-a-gas-l-p","status":"publish","type":"post","link":"https:\/\/21panorama.com\/index.php\/2019\/10\/23\/dan-banderazo-a-100-taxis-con-conversion-de-gasolina-a-gas-l-p\/","title":{"rendered":"DAN BANDERAZO A 100 TAXIS CON CONVERSI\u00d3N DE GASOLINA A GAS L.P."},"content":{"rendered":"\n<p>En un hecho sin precedentes para la econom\u00eda familiar y conservaci\u00f3n del medio ambiente, se dio inicio  a la conversi\u00f3n de unidades de transporte p\u00fablico tipo taxi de gasolina a gas L.P. en el valle de Toluca.  <\/p>\n\n\n\n<p>En este municipio, la secretaria de Movilidad del gobierno estatal atestigu\u00f3 el acuerdo que alcanzaron la asociaci\u00f3n Bloque de Transportistas con la empresa gasera \u201cGrupo Centuri\u00f3n\u201d, en este acto representados por Luis Bernal y Enrique Zu\u00f1iga, respectivamente. <\/p>\n\n\n\n<p>Ante el director de Movilidad zona 1, Mois\u00e9s Vazquez, el diputado Presidente de la<br>\nMesa directiva del Congreso mexiquense y de la comisi\u00f3n de comunicaciones y transportes, Nazario Guti\u00e9rrez Mart\u00ednez, y el alcalde de Ixtlahuaca, Juan Luis Solalinde Trejo,  se dio el banderazo a la operatividad de 100 unidades con este nuevo mecanismo de combusti\u00f3n. <\/p>\n\n\n\n<p>Al hacer uso de la palabra, el dirigente de la asociaci\u00f3n Bloque de Transportistas del Valle de Toluca, Luis Bernal Sanchez, expuso que el carburante gas LP. permitir\u00e1 reducir las emisiones de contaminantes y ahorrar por lo menos un 50% de lo que normalmente se destina a la compra de gasolina.  <\/p>\n\n\n\n<p>Las ventajas del uso de gas LP son la reducci\u00f3n de por lo menos el 68% de bi\u00f3xido de carbono y gases reactivos; la eliminaci\u00f3n de un 80% de part\u00edculas; 60% de gases de efecto invernadero, entre otros. <\/p>\n\n\n\n<p>Con esta iniciativa se promueve la cultura medio ambiental a trav\u00e9s de la reducci\u00f3n del uso del veh\u00edculo privado con propulsi\u00f3n a gasolina, agreg\u00f3 el dirigente transportista. <\/p>\n\n\n\n<p>\u201cEn los hechos el Bloque de Transportistas Del Valle de Toluca pretende hacer las sinergias necesarias con la participaci\u00f3n del gobierno estatal y los diputados\u201d, dijo.  <\/p>\n\n\n\n<p>Ante los concesionarios presentes, Mois\u00e9s Vazquez, dijo que la secretaria de Movilidad del Estado de M\u00e9xico avala la conversi\u00f3n de gasolina a gas en las unidades de transporte p\u00fablico con el fin de combatir la contaminaci\u00f3n ambiental y reducir los costos operativos del transportista. <\/p>\n\n\n\n<p>Dijo que entre los beneficios econ\u00f3micos que se tienen \u201cse puede mencionar que su precio representa un ahorro del 50%, no hay probabilidad de fraude y alarga la vida del motor para su mantenimiento\u201d.<\/p>\n\n\n\n<figure class=\"wp-block-image\"><img decoding=\"async\" width=\"1024\" height=\"576\" src=\"https:\/\/21panorama.com\/wp-content\/uploads\/2019\/10\/22884989-8879-41fb-b917-c095a1591376-1024x576.jpg\" alt=\"\" class=\"wp-image-353\" srcset=\"https:\/\/21panorama.com\/wp-content\/uploads\/2019\/10\/22884989-8879-41fb-b917-c095a1591376-1024x576.jpg 1024w, https:\/\/21panorama.com\/wp-content\/uploads\/2019\/10\/22884989-8879-41fb-b917-c095a1591376-300x169.jpg 300w, https:\/\/21panorama.com\/wp-content\/uploads\/2019\/10\/22884989-8879-41fb-b917-c095a1591376-768x432.jpg 768w, https:\/\/21panorama.com\/wp-content\/uploads\/2019\/10\/22884989-8879-41fb-b917-c095a1591376.jpg 1280w\" sizes=\"(max-width: 1024px) 100vw, 1024px\" \/><\/figure>\n\n\n\n<p><\/p>\n","protected":false},"excerpt":{"rendered":"<p>En un hecho sin precedentes para la econom\u00eda familiar y conservaci\u00f3n del medio ambiente, se dio inicio a la conversi\u00f3n de unidades de transporte p\u00fablico tipo taxi de gasolina a gas L.P. en el valle de Toluca. En este municipio, la secretaria de Movilidad del gobierno estatal atestigu\u00f3 el acuerdo que alcanzaron la asociaci\u00f3n Bloque de Transportistas con la empresa gasera \u201cGrupo Centuri\u00f3n\u201d, en este acto representados por Luis Bernal y Enrique Zu\u00f1iga, respectivamente. Ante el director de Movilidad zona 1, Mois\u00e9s Vazquez, el diputado Presidente de la Mesa directiva&hellip;<\/p>\n","protected":false},"author":1,"featured_media":354,"comment_status":"open","ping_status":"open","sticky":false,"template":"","format":"standard","meta":{"footnotes":""},"categories":[3,11,1],"tags":[],"class_list":["post-352","post","type-post","status-publish","format-standard","has-post-thumbnail","hentry","category-ecomomia","category-medio-ambiente","category-sociedad"],"yoast_head":"<!-- This site is optimized with the Yoast SEO plugin v24.9 - https:\/\/yoast.com\/wordpress\/plugins\/seo\/ -->\n<title>DAN BANDERAZO A 100 TAXIS CON CONVERSI\u00d3N DE GASOLINA A GAS L.P. - 21 Panorama<\/title>\n<meta name=\"robots\" content=\"index, follow, max-snippet:-1, max-image-preview:large, max-video-preview:-1\" \/>\n<link rel=\"canonical\" href=\"https:\/\/21panorama.com\/index.php\/2019\/10\/23\/dan-banderazo-a-100-taxis-con-conversion-de-gasolina-a-gas-l-p\/\" \/>\n<meta property=\"og:locale\" content=\"es_MX\" \/>\n<meta property=\"og:type\" content=\"article\" \/>\n<meta property=\"og:title\" content=\"DAN BANDERAZO A 100 TAXIS CON CONVERSI\u00d3N DE GASOLINA A GAS L.P. - 21 Panorama\" \/>\n<meta property=\"og:description\" content=\"En un hecho sin precedentes para la econom\u00eda familiar y conservaci\u00f3n del medio ambiente, se dio inicio a la conversi\u00f3n de unidades de transporte p\u00fablico tipo taxi de gasolina a gas L.P. en el valle de Toluca. En este municipio, la secretaria de Movilidad del gobierno estatal atestigu\u00f3 el acuerdo que alcanzaron la asociaci\u00f3n Bloque de Transportistas con la empresa gasera \u201cGrupo Centuri\u00f3n\u201d, en este acto representados por Luis Bernal y Enrique Zu\u00f1iga, respectivamente. Ante el director de Movilidad zona 1, Mois\u00e9s Vazquez, el diputado Presidente de la Mesa directiva&hellip;\" \/>\n<meta property=\"og:url\" content=\"https:\/\/21panorama.com\/index.php\/2019\/10\/23\/dan-banderazo-a-100-taxis-con-conversion-de-gasolina-a-gas-l-p\/\" \/>\n<meta property=\"og:site_name\" content=\"21 Panorama\" \/>\n<meta property=\"article:published_time\" content=\"2019-10-24T00:13:47+00:00\" \/>\n<meta property=\"article:modified_time\" content=\"2019-10-24T00:13:48+00:00\" \/>\n<meta property=\"og:image\" content=\"https:\/\/21panorama.com\/wp-content\/uploads\/2019\/10\/fc595681-3973-4606-a86f-c2248ad9029d.jpg\" \/>\n\t<meta property=\"og:image:width\" content=\"1280\" \/>\n\t<meta property=\"og:image:height\" content=\"960\" \/>\n\t<meta property=\"og:image:type\" content=\"image\/jpeg\" \/>\n<meta name=\"author\" content=\"admin\" \/>\n<meta name=\"twitter:card\" content=\"summary_large_image\" \/>\n<meta name=\"twitter:label1\" content=\"Escrito por\" \/>\n\t<meta name=\"twitter:data1\" content=\"admin\" \/>\n\t<meta name=\"twitter:label2\" content=\"Tiempo de lectura\" \/>\n\t<meta name=\"twitter:data2\" content=\"2 minutos\" \/>\n<script type=\"application\/ld+json\" class=\"yoast-schema-graph\">{\"@context\":\"https:\/\/schema.org\",\"@graph\":[{\"@type\":\"Article\",\"@id\":\"https:\/\/21panorama.com\/index.php\/2019\/10\/23\/dan-banderazo-a-100-taxis-con-conversion-de-gasolina-a-gas-l-p\/#article\",\"isPartOf\":{\"@id\":\"https:\/\/21panorama.com\/index.php\/2019\/10\/23\/dan-banderazo-a-100-taxis-con-conversion-de-gasolina-a-gas-l-p\/\"},\"author\":{\"name\":\"admin\",\"@id\":\"https:\/\/21panorama.com\/#\/schema\/person\/1afc291b96d5792a158768324287319f\"},\"headline\":\"DAN BANDERAZO A 100 TAXIS CON CONVERSI\u00d3N DE GASOLINA A GAS L.P.\",\"datePublished\":\"2019-10-24T00:13:47+00:00\",\"dateModified\":\"2019-10-24T00:13:48+00:00\",\"mainEntityOfPage\":{\"@id\":\"https:\/\/21panorama.com\/index.php\/2019\/10\/23\/dan-banderazo-a-100-taxis-con-conversion-de-gasolina-a-gas-l-p\/\"},\"wordCount\":384,\"commentCount\":0,\"publisher\":{\"@id\":\"https:\/\/21panorama.com\/#organization\"},\"image\":{\"@id\":\"https:\/\/21panorama.com\/index.php\/2019\/10\/23\/dan-banderazo-a-100-taxis-con-conversion-de-gasolina-a-gas-l-p\/#primaryimage\"},\"thumbnailUrl\":\"https:\/\/21panorama.com\/wp-content\/uploads\/2019\/10\/fc595681-3973-4606-a86f-c2248ad9029d.jpg\",\"articleSection\":[\"Econom\u00eda\",\"Medio Ambiente\",\"Sociedad\"],\"inLanguage\":\"es\",\"potentialAction\":[{\"@type\":\"CommentAction\",\"name\":\"Comment\",\"target\":[\"https:\/\/21panorama.com\/index.php\/2019\/10\/23\/dan-banderazo-a-100-taxis-con-conversion-de-gasolina-a-gas-l-p\/#respond\"]}]},{\"@type\":\"WebPage\",\"@id\":\"https:\/\/21panorama.com\/index.php\/2019\/10\/23\/dan-banderazo-a-100-taxis-con-conversion-de-gasolina-a-gas-l-p\/\",\"url\":\"https:\/\/21panorama.com\/index.php\/2019\/10\/23\/dan-banderazo-a-100-taxis-con-conversion-de-gasolina-a-gas-l-p\/\",\"name\":\"DAN BANDERAZO A 100 TAXIS CON CONVERSI\u00d3N DE GASOLINA A GAS L.P. - 21 Panorama\",\"isPartOf\":{\"@id\":\"https:\/\/21panorama.com\/#website\"},\"primaryImageOfPage\":{\"@id\":\"https:\/\/21panorama.com\/index.php\/2019\/10\/23\/dan-banderazo-a-100-taxis-con-conversion-de-gasolina-a-gas-l-p\/#primaryimage\"},\"image\":{\"@id\":\"https:\/\/21panorama.com\/index.php\/2019\/10\/23\/dan-banderazo-a-100-taxis-con-conversion-de-gasolina-a-gas-l-p\/#primaryimage\"},\"thumbnailUrl\":\"https:\/\/21panorama.com\/wp-content\/uploads\/2019\/10\/fc595681-3973-4606-a86f-c2248ad9029d.jpg\",\"datePublished\":\"2019-10-24T00:13:47+00:00\",\"dateModified\":\"2019-10-24T00:13:48+00:00\",\"breadcrumb\":{\"@id\":\"https:\/\/21panorama.com\/index.php\/2019\/10\/23\/dan-banderazo-a-100-taxis-con-conversion-de-gasolina-a-gas-l-p\/#breadcrumb\"},\"inLanguage\":\"es\",\"potentialAction\":[{\"@type\":\"ReadAction\",\"target\":[\"https:\/\/21panorama.com\/index.php\/2019\/10\/23\/dan-banderazo-a-100-taxis-con-conversion-de-gasolina-a-gas-l-p\/\"]}]},{\"@type\":\"ImageObject\",\"inLanguage\":\"es\",\"@id\":\"https:\/\/21panorama.com\/index.php\/2019\/10\/23\/dan-banderazo-a-100-taxis-con-conversion-de-gasolina-a-gas-l-p\/#primaryimage\",\"url\":\"https:\/\/21panorama.com\/wp-content\/uploads\/2019\/10\/fc595681-3973-4606-a86f-c2248ad9029d.jpg\",\"contentUrl\":\"https:\/\/21panorama.com\/wp-content\/uploads\/2019\/10\/fc595681-3973-4606-a86f-c2248ad9029d.jpg\",\"width\":1280,\"height\":960},{\"@type\":\"BreadcrumbList\",\"@id\":\"https:\/\/21panorama.com\/index.php\/2019\/10\/23\/dan-banderazo-a-100-taxis-con-conversion-de-gasolina-a-gas-l-p\/#breadcrumb\",\"itemListElement\":[{\"@type\":\"ListItem\",\"position\":1,\"name\":\"Inicio\",\"item\":\"https:\/\/21panorama.com\/\"},{\"@type\":\"ListItem\",\"position\":2,\"name\":\"DAN BANDERAZO A 100 TAXIS CON CONVERSI\u00d3N DE GASOLINA A GAS L.P.\"}]},{\"@type\":\"WebSite\",\"@id\":\"https:\/\/21panorama.com\/#website\",\"url\":\"https:\/\/21panorama.com\/\",\"name\":\"21 Panorama\",\"description\":\"La construcci\u00f3n de la opini\u00f3n p\u00fablica merece un mejor Panorama en este siglo 21 para alcanzar una sociedad con mayor transparencia y sin corrupci\u00f3n.\",\"publisher\":{\"@id\":\"https:\/\/21panorama.com\/#organization\"},\"potentialAction\":[{\"@type\":\"SearchAction\",\"target\":{\"@type\":\"EntryPoint\",\"urlTemplate\":\"https:\/\/21panorama.com\/?s={search_term_string}\"},\"query-input\":{\"@type\":\"PropertyValueSpecification\",\"valueRequired\":true,\"valueName\":\"search_term_string\"}}],\"inLanguage\":\"es\"},{\"@type\":\"Organization\",\"@id\":\"https:\/\/21panorama.com\/#organization\",\"name\":\"21 Panorama\",\"url\":\"https:\/\/21panorama.com\/\",\"logo\":{\"@type\":\"ImageObject\",\"inLanguage\":\"es\",\"@id\":\"https:\/\/21panorama.com\/#\/schema\/logo\/image\/\",\"url\":\"https:\/\/21panorama.com\/wp-content\/uploads\/2019\/07\/cropped-Logo-Panorama-01.jpeg\",\"contentUrl\":\"https:\/\/21panorama.com\/wp-content\/uploads\/2019\/07\/cropped-Logo-Panorama-01.jpeg\",\"width\":290,\"height\":70,\"caption\":\"21 Panorama\"},\"image\":{\"@id\":\"https:\/\/21panorama.com\/#\/schema\/logo\/image\/\"}},{\"@type\":\"Person\",\"@id\":\"https:\/\/21panorama.com\/#\/schema\/person\/1afc291b96d5792a158768324287319f\",\"name\":\"admin\",\"image\":{\"@type\":\"ImageObject\",\"inLanguage\":\"es\",\"@id\":\"https:\/\/21panorama.com\/#\/schema\/person\/image\/\",\"url\":\"https:\/\/secure.gravatar.com\/avatar\/ad365d9d9f46719215b0d042cc3df92a5a8683e09ef13d102233e5491985f0f0?s=96&d=mm&r=g\",\"contentUrl\":\"https:\/\/secure.gravatar.com\/avatar\/ad365d9d9f46719215b0d042cc3df92a5a8683e09ef13d102233e5491985f0f0?s=96&d=mm&r=g\",\"caption\":\"admin\"},\"url\":\"https:\/\/21panorama.com\/index.php\/author\/admin\/\"}]}<\/script>\n<!-- \/ Yoast SEO plugin. -->","yoast_head_json":{"title":"DAN BANDERAZO A 100 TAXIS CON CONVERSI\u00d3N DE GASOLINA A GAS L.P. - 21 Panorama","robots":{"index":"index","follow":"follow","max-snippet":"max-snippet:-1","max-image-preview":"max-image-preview:large","max-video-preview":"max-video-preview:-1"},"canonical":"https:\/\/21panorama.com\/index.php\/2019\/10\/23\/dan-banderazo-a-100-taxis-con-conversion-de-gasolina-a-gas-l-p\/","og_locale":"es_MX","og_type":"article","og_title":"DAN BANDERAZO A 100 TAXIS CON CONVERSI\u00d3N DE GASOLINA A GAS L.P. - 21 Panorama","og_description":"En un hecho sin precedentes para la econom\u00eda familiar y conservaci\u00f3n del medio ambiente, se dio inicio a la conversi\u00f3n de unidades de transporte p\u00fablico tipo taxi de gasolina a gas L.P. en el valle de Toluca. En este municipio, la secretaria de Movilidad del gobierno estatal atestigu\u00f3 el acuerdo que alcanzaron la asociaci\u00f3n Bloque de Transportistas con la empresa gasera \u201cGrupo Centuri\u00f3n\u201d, en este acto representados por Luis Bernal y Enrique Zu\u00f1iga, respectivamente. Ante el director de Movilidad zona 1, Mois\u00e9s Vazquez, el diputado Presidente de la Mesa directiva&hellip;","og_url":"https:\/\/21panorama.com\/index.php\/2019\/10\/23\/dan-banderazo-a-100-taxis-con-conversion-de-gasolina-a-gas-l-p\/","og_site_name":"21 Panorama","article_published_time":"2019-10-24T00:13:47+00:00","article_modified_time":"2019-10-24T00:13:48+00:00","og_image":[{"width":1280,"height":960,"url":"https:\/\/21panorama.com\/wp-content\/uploads\/2019\/10\/fc595681-3973-4606-a86f-c2248ad9029d.jpg","type":"image\/jpeg"}],"author":"admin","twitter_card":"summary_large_image","twitter_misc":{"Escrito por":"admin","Tiempo de lectura":"2 minutos"},"schema":{"@context":"https:\/\/schema.org","@graph":[{"@type":"Article","@id":"https:\/\/21panorama.com\/index.php\/2019\/10\/23\/dan-banderazo-a-100-taxis-con-conversion-de-gasolina-a-gas-l-p\/#article","isPartOf":{"@id":"https:\/\/21panorama.com\/index.php\/2019\/10\/23\/dan-banderazo-a-100-taxis-con-conversion-de-gasolina-a-gas-l-p\/"},"author":{"name":"admin","@id":"https:\/\/21panorama.com\/#\/schema\/person\/1afc291b96d5792a158768324287319f"},"headline":"DAN BANDERAZO A 100 TAXIS CON CONVERSI\u00d3N DE GASOLINA A GAS L.P.","datePublished":"2019-10-24T00:13:47+00:00","dateModified":"2019-10-24T00:13:48+00:00","mainEntityOfPage":{"@id":"https:\/\/21panorama.com\/index.php\/2019\/10\/23\/dan-banderazo-a-100-taxis-con-conversion-de-gasolina-a-gas-l-p\/"},"wordCount":384,"commentCount":0,"publisher":{"@id":"https:\/\/21panorama.com\/#organization"},"image":{"@id":"https:\/\/21panorama.com\/index.php\/2019\/10\/23\/dan-banderazo-a-100-taxis-con-conversion-de-gasolina-a-gas-l-p\/#primaryimage"},"thumbnailUrl":"https:\/\/21panorama.com\/wp-content\/uploads\/2019\/10\/fc595681-3973-4606-a86f-c2248ad9029d.jpg","articleSection":["Econom\u00eda","Medio Ambiente","Sociedad"],"inLanguage":"es","potentialAction":[{"@type":"CommentAction","name":"Comment","target":["https:\/\/21panorama.com\/index.php\/2019\/10\/23\/dan-banderazo-a-100-taxis-con-conversion-de-gasolina-a-gas-l-p\/#respond"]}]},{"@type":"WebPage","@id":"https:\/\/21panorama.com\/index.php\/2019\/10\/23\/dan-banderazo-a-100-taxis-con-conversion-de-gasolina-a-gas-l-p\/","url":"https:\/\/21panorama.com\/index.php\/2019\/10\/23\/dan-banderazo-a-100-taxis-con-conversion-de-gasolina-a-gas-l-p\/","name":"DAN BANDERAZO A 100 TAXIS CON CONVERSI\u00d3N DE GASOLINA A GAS L.P. - 21 Panorama","isPartOf":{"@id":"https:\/\/21panorama.com\/#website"},"primaryImageOfPage":{"@id":"https:\/\/21panorama.com\/index.php\/2019\/10\/23\/dan-banderazo-a-100-taxis-con-conversion-de-gasolina-a-gas-l-p\/#primaryimage"},"image":{"@id":"https:\/\/21panorama.com\/index.php\/2019\/10\/23\/dan-banderazo-a-100-taxis-con-conversion-de-gasolina-a-gas-l-p\/#primaryimage"},"thumbnailUrl":"https:\/\/21panorama.com\/wp-content\/uploads\/2019\/10\/fc595681-3973-4606-a86f-c2248ad9029d.jpg","datePublished":"2019-10-24T00:13:47+00:00","dateModified":"2019-10-24T00:13:48+00:00","breadcrumb":{"@id":"https:\/\/21panorama.com\/index.php\/2019\/10\/23\/dan-banderazo-a-100-taxis-con-conversion-de-gasolina-a-gas-l-p\/#breadcrumb"},"inLanguage":"es","potentialAction":[{"@type":"ReadAction","target":["https:\/\/21panorama.com\/index.php\/2019\/10\/23\/dan-banderazo-a-100-taxis-con-conversion-de-gasolina-a-gas-l-p\/"]}]},{"@type":"ImageObject","inLanguage":"es","@id":"https:\/\/21panorama.com\/index.php\/2019\/10\/23\/dan-banderazo-a-100-taxis-con-conversion-de-gasolina-a-gas-l-p\/#primaryimage","url":"https:\/\/21panorama.com\/wp-content\/uploads\/2019\/10\/fc595681-3973-4606-a86f-c2248ad9029d.jpg","contentUrl":"https:\/\/21panorama.com\/wp-content\/uploads\/2019\/10\/fc595681-3973-4606-a86f-c2248ad9029d.jpg","width":1280,"height":960},{"@type":"BreadcrumbList","@id":"https:\/\/21panorama.com\/index.php\/2019\/10\/23\/dan-banderazo-a-100-taxis-con-conversion-de-gasolina-a-gas-l-p\/#breadcrumb","itemListElement":[{"@type":"ListItem","position":1,"name":"Inicio","item":"https:\/\/21panorama.com\/"},{"@type":"ListItem","position":2,"name":"DAN BANDERAZO A 100 TAXIS CON CONVERSI\u00d3N DE GASOLINA A GAS L.P."}]},{"@type":"WebSite","@id":"https:\/\/21panorama.com\/#website","url":"https:\/\/21panorama.com\/","name":"21 Panorama","description":"La construcci\u00f3n de la opini\u00f3n p\u00fablica merece un mejor Panorama en este siglo 21 para alcanzar una sociedad con mayor transparencia y sin corrupci\u00f3n.","publisher":{"@id":"https:\/\/21panorama.com\/#organization"},"potentialAction":[{"@type":"SearchAction","target":{"@type":"EntryPoint","urlTemplate":"https:\/\/21panorama.com\/?s={search_term_string}"},"query-input":{"@type":"PropertyValueSpecification","valueRequired":true,"valueName":"search_term_string"}}],"inLanguage":"es"},{"@type":"Organization","@id":"https:\/\/21panorama.com\/#organization","name":"21 Panorama","url":"https:\/\/21panorama.com\/","logo":{"@type":"ImageObject","inLanguage":"es","@id":"https:\/\/21panorama.com\/#\/schema\/logo\/image\/","url":"https:\/\/21panorama.com\/wp-content\/uploads\/2019\/07\/cropped-Logo-Panorama-01.jpeg","contentUrl":"https:\/\/21panorama.com\/wp-content\/uploads\/2019\/07\/cropped-Logo-Panorama-01.jpeg","width":290,"height":70,"caption":"21 Panorama"},"image":{"@id":"https:\/\/21panorama.com\/#\/schema\/logo\/image\/"}},{"@type":"Person","@id":"https:\/\/21panorama.com\/#\/schema\/person\/1afc291b96d5792a158768324287319f","name":"admin","image":{"@type":"ImageObject","inLanguage":"es","@id":"https:\/\/21panorama.com\/#\/schema\/person\/image\/","url":"https:\/\/secure.gravatar.com\/avatar\/ad365d9d9f46719215b0d042cc3df92a5a8683e09ef13d102233e5491985f0f0?s=96&d=mm&r=g","contentUrl":"https:\/\/secure.gravatar.com\/avatar\/ad365d9d9f46719215b0d042cc3df92a5a8683e09ef13d102233e5491985f0f0?s=96&d=mm&r=g","caption":"admin"},"url":"https:\/\/21panorama.com\/index.php\/author\/admin\/"}]}},"_links":{"self":[{"href":"https:\/\/21panorama.com\/index.php\/wp-json\/wp\/v2\/posts\/352","targetHints":{"allow":["GET"]}}],"collection":[{"href":"https:\/\/21panorama.com\/index.php\/wp-json\/wp\/v2\/posts"}],"about":[{"href":"https:\/\/21panorama.com\/index.php\/wp-json\/wp\/v2\/types\/post"}],"author":[{"embeddable":true,"href":"https:\/\/21panorama.com\/index.php\/wp-json\/wp\/v2\/users\/1"}],"replies":[{"embeddable":true,"href":"https:\/\/21panorama.com\/index.php\/wp-json\/wp\/v2\/comments?post=352"}],"version-history":[{"count":1,"href":"https:\/\/21panorama.com\/index.php\/wp-json\/wp\/v2\/posts\/352\/revisions"}],"predecessor-version":[{"id":355,"href":"https:\/\/21panorama.com\/index.php\/wp-json\/wp\/v2\/posts\/352\/revisions\/355"}],"wp:featuredmedia":[{"embeddable":true,"href":"https:\/\/21panorama.com\/index.php\/wp-json\/wp\/v2\/media\/354"}],"wp:attachment":[{"href":"https:\/\/21panorama.com\/index.php\/wp-json\/wp\/v2\/media?parent=352"}],"wp:term":[{"taxonomy":"category","embeddable":true,"href":"https:\/\/21panorama.com\/index.php\/wp-json\/wp\/v2\/categories?post=352"},{"taxonomy":"post_tag","embeddable":true,"href":"https:\/\/21panorama.com\/index.php\/wp-json\/wp\/v2\/tags?post=352"}],"curies":[{"name":"wp","href":"https:\/\/api.w.org\/{rel}","templated":true}]}}