{"id":3513,"date":"2022-04-17T11:24:10","date_gmt":"2022-04-17T16:24:10","guid":{"rendered":"https:\/\/21panorama.com\/?p=3513"},"modified":"2022-04-17T11:24:11","modified_gmt":"2022-04-17T16:24:11","slug":"listos-los-diputados-federales-del-pri-en-san-lazaro","status":"publish","type":"post","link":"https:\/\/21panorama.com\/index.php\/2022\/04\/17\/listos-los-diputados-federales-del-pri-en-san-lazaro\/","title":{"rendered":"LISTOS LOS DIPUTADOS FEDERALES DEL PRI EN SAN L\u00c1ZARO"},"content":{"rendered":"\n<p>El Grupo Parlamentario del PRI con sus 70 diputados est\u00e1n listos para dar un voto por la Patria en torno a la reforma el\u00e9ctrica que se discuti\u00f3 en San L\u00e1zaro.<\/p>\n\n\n\n<p>Diputados de todas las latitudes del pa\u00eds llegaron al recinto legislativo con el \u00e1nimo de afrontar con argumentos y posturas firmes de cara al futuro de la Naci\u00f3n.<\/p>\n\n\n\n<p>Encabezados por el coordinador de los diputados federales, Rub\u00e9n Moreira Valdez y el dirigente nacional del PRI, Alejandro Moreno, tambi\u00e9n se registra la asistencia del diputado por el distrito 03 con cabecera en Atlacomulco, #Gustavo C\u00e1rdenas Monroy.<\/p>\n\n\n\n<figure class=\"wp-block-gallery columns-2 is-cropped wp-block-gallery-1 is-layout-flex wp-block-gallery-is-layout-flex\"><ul class=\"blocks-gallery-grid\"><li class=\"blocks-gallery-item\"><figure><img decoding=\"async\" width=\"1024\" height=\"768\" src=\"https:\/\/21panorama.com\/wp-content\/uploads\/2022\/04\/99e19e22-96fd-45b4-b609-362f859576b0.jpeg\" alt=\"\" data-id=\"3515\" data-link=\"https:\/\/21panorama.com\/?attachment_id=3515\" class=\"wp-image-3515\" srcset=\"https:\/\/21panorama.com\/wp-content\/uploads\/2022\/04\/99e19e22-96fd-45b4-b609-362f859576b0.jpeg 1024w, https:\/\/21panorama.com\/wp-content\/uploads\/2022\/04\/99e19e22-96fd-45b4-b609-362f859576b0-300x225.jpeg 300w, https:\/\/21panorama.com\/wp-content\/uploads\/2022\/04\/99e19e22-96fd-45b4-b609-362f859576b0-768x576.jpeg 768w\" sizes=\"(max-width: 1024px) 100vw, 1024px\" \/><\/figure><\/li><li class=\"blocks-gallery-item\"><figure><img decoding=\"async\" width=\"750\" height=\"497\" src=\"https:\/\/21panorama.com\/wp-content\/uploads\/2022\/04\/f68e766d-bddc-4b2a-b483-c1877ceb9a45.jpeg\" alt=\"\" data-id=\"3516\" data-full-url=\"https:\/\/21panorama.com\/wp-content\/uploads\/2022\/04\/f68e766d-bddc-4b2a-b483-c1877ceb9a45.jpeg\" data-link=\"https:\/\/21panorama.com\/?attachment_id=3516\" class=\"wp-image-3516\" srcset=\"https:\/\/21panorama.com\/wp-content\/uploads\/2022\/04\/f68e766d-bddc-4b2a-b483-c1877ceb9a45.jpeg 750w, https:\/\/21panorama.com\/wp-content\/uploads\/2022\/04\/f68e766d-bddc-4b2a-b483-c1877ceb9a45-300x199.jpeg 300w\" sizes=\"(max-width: 750px) 100vw, 750px\" \/><\/figure><\/li><\/ul><\/figure>\n","protected":false},"excerpt":{"rendered":"<p>El Grupo Parlamentario del PRI con sus 70 diputados est\u00e1n listos para dar un voto por la Patria en torno a la reforma el\u00e9ctrica que se discuti\u00f3 en San L\u00e1zaro.   <\/p>\n","protected":false},"author":1,"featured_media":3514,"comment_status":"open","ping_status":"open","sticky":false,"template":"","format":"standard","meta":{"footnotes":""},"categories":[12],"tags":[33],"class_list":["post-3513","post","type-post","status-publish","format-standard","has-post-thumbnail","hentry","category-politica","tag-pri"],"yoast_head":"<!-- This site is optimized with the Yoast SEO plugin v24.9 - https:\/\/yoast.com\/wordpress\/plugins\/seo\/ -->\n<title>LISTOS LOS DIPUTADOS FEDERALES DEL PRI EN SAN L\u00c1ZARO - 21 Panorama<\/title>\n<meta name=\"robots\" content=\"index, follow, max-snippet:-1, max-image-preview:large, max-video-preview:-1\" \/>\n<link rel=\"canonical\" href=\"https:\/\/21panorama.com\/index.php\/2022\/04\/17\/listos-los-diputados-federales-del-pri-en-san-lazaro\/\" \/>\n<meta property=\"og:locale\" content=\"es_MX\" \/>\n<meta property=\"og:type\" content=\"article\" \/>\n<meta property=\"og:title\" content=\"LISTOS LOS DIPUTADOS FEDERALES DEL PRI EN SAN L\u00c1ZARO - 21 Panorama\" \/>\n<meta property=\"og:description\" content=\"El Grupo Parlamentario del PRI con sus 70 diputados est\u00e1n listos para dar un voto por la Patria en torno a la reforma el\u00e9ctrica que se discuti\u00f3 en San L\u00e1zaro.\" \/>\n<meta property=\"og:url\" content=\"https:\/\/21panorama.com\/index.php\/2022\/04\/17\/listos-los-diputados-federales-del-pri-en-san-lazaro\/\" \/>\n<meta property=\"og:site_name\" content=\"21 Panorama\" \/>\n<meta property=\"article:published_time\" content=\"2022-04-17T16:24:10+00:00\" \/>\n<meta property=\"article:modified_time\" content=\"2022-04-17T16:24:11+00:00\" \/>\n<meta property=\"og:image\" content=\"https:\/\/21panorama.com\/wp-content\/uploads\/2022\/04\/6d689e40-eb7b-447f-80e6-ca505faa6e9c.jpeg\" \/>\n\t<meta property=\"og:image:width\" content=\"695\" \/>\n\t<meta property=\"og:image:height\" content=\"470\" \/>\n\t<meta property=\"og:image:type\" content=\"image\/jpeg\" \/>\n<meta name=\"author\" content=\"admin\" \/>\n<meta name=\"twitter:card\" content=\"summary_large_image\" \/>\n<meta name=\"twitter:label1\" content=\"Escrito por\" \/>\n\t<meta name=\"twitter:data1\" content=\"admin\" \/>\n\t<meta name=\"twitter:label2\" content=\"Tiempo de lectura\" \/>\n\t<meta name=\"twitter:data2\" content=\"1 minuto\" \/>\n<script type=\"application\/ld+json\" class=\"yoast-schema-graph\">{\"@context\":\"https:\/\/schema.org\",\"@graph\":[{\"@type\":\"Article\",\"@id\":\"https:\/\/21panorama.com\/index.php\/2022\/04\/17\/listos-los-diputados-federales-del-pri-en-san-lazaro\/#article\",\"isPartOf\":{\"@id\":\"https:\/\/21panorama.com\/index.php\/2022\/04\/17\/listos-los-diputados-federales-del-pri-en-san-lazaro\/\"},\"author\":{\"name\":\"admin\",\"@id\":\"https:\/\/21panorama.com\/#\/schema\/person\/1afc291b96d5792a158768324287319f\"},\"headline\":\"LISTOS LOS DIPUTADOS FEDERALES DEL PRI EN SAN L\u00c1ZARO\",\"datePublished\":\"2022-04-17T16:24:10+00:00\",\"dateModified\":\"2022-04-17T16:24:11+00:00\",\"mainEntityOfPage\":{\"@id\":\"https:\/\/21panorama.com\/index.php\/2022\/04\/17\/listos-los-diputados-federales-del-pri-en-san-lazaro\/\"},\"wordCount\":111,\"commentCount\":0,\"publisher\":{\"@id\":\"https:\/\/21panorama.com\/#organization\"},\"image\":{\"@id\":\"https:\/\/21panorama.com\/index.php\/2022\/04\/17\/listos-los-diputados-federales-del-pri-en-san-lazaro\/#primaryimage\"},\"thumbnailUrl\":\"https:\/\/21panorama.com\/wp-content\/uploads\/2022\/04\/6d689e40-eb7b-447f-80e6-ca505faa6e9c.jpeg\",\"keywords\":[\"PRI\"],\"articleSection\":[\"Politica\"],\"inLanguage\":\"es\",\"potentialAction\":[{\"@type\":\"CommentAction\",\"name\":\"Comment\",\"target\":[\"https:\/\/21panorama.com\/index.php\/2022\/04\/17\/listos-los-diputados-federales-del-pri-en-san-lazaro\/#respond\"]}]},{\"@type\":\"WebPage\",\"@id\":\"https:\/\/21panorama.com\/index.php\/2022\/04\/17\/listos-los-diputados-federales-del-pri-en-san-lazaro\/\",\"url\":\"https:\/\/21panorama.com\/index.php\/2022\/04\/17\/listos-los-diputados-federales-del-pri-en-san-lazaro\/\",\"name\":\"LISTOS LOS DIPUTADOS FEDERALES DEL PRI EN SAN L\u00c1ZARO - 21 Panorama\",\"isPartOf\":{\"@id\":\"https:\/\/21panorama.com\/#website\"},\"primaryImageOfPage\":{\"@id\":\"https:\/\/21panorama.com\/index.php\/2022\/04\/17\/listos-los-diputados-federales-del-pri-en-san-lazaro\/#primaryimage\"},\"image\":{\"@id\":\"https:\/\/21panorama.com\/index.php\/2022\/04\/17\/listos-los-diputados-federales-del-pri-en-san-lazaro\/#primaryimage\"},\"thumbnailUrl\":\"https:\/\/21panorama.com\/wp-content\/uploads\/2022\/04\/6d689e40-eb7b-447f-80e6-ca505faa6e9c.jpeg\",\"datePublished\":\"2022-04-17T16:24:10+00:00\",\"dateModified\":\"2022-04-17T16:24:11+00:00\",\"breadcrumb\":{\"@id\":\"https:\/\/21panorama.com\/index.php\/2022\/04\/17\/listos-los-diputados-federales-del-pri-en-san-lazaro\/#breadcrumb\"},\"inLanguage\":\"es\",\"potentialAction\":[{\"@type\":\"ReadAction\",\"target\":[\"https:\/\/21panorama.com\/index.php\/2022\/04\/17\/listos-los-diputados-federales-del-pri-en-san-lazaro\/\"]}]},{\"@type\":\"ImageObject\",\"inLanguage\":\"es\",\"@id\":\"https:\/\/21panorama.com\/index.php\/2022\/04\/17\/listos-los-diputados-federales-del-pri-en-san-lazaro\/#primaryimage\",\"url\":\"https:\/\/21panorama.com\/wp-content\/uploads\/2022\/04\/6d689e40-eb7b-447f-80e6-ca505faa6e9c.jpeg\",\"contentUrl\":\"https:\/\/21panorama.com\/wp-content\/uploads\/2022\/04\/6d689e40-eb7b-447f-80e6-ca505faa6e9c.jpeg\",\"width\":695,\"height\":470},{\"@type\":\"BreadcrumbList\",\"@id\":\"https:\/\/21panorama.com\/index.php\/2022\/04\/17\/listos-los-diputados-federales-del-pri-en-san-lazaro\/#breadcrumb\",\"itemListElement\":[{\"@type\":\"ListItem\",\"position\":1,\"name\":\"Inicio\",\"item\":\"https:\/\/21panorama.com\/\"},{\"@type\":\"ListItem\",\"position\":2,\"name\":\"LISTOS LOS DIPUTADOS FEDERALES DEL PRI EN SAN L\u00c1ZARO\"}]},{\"@type\":\"WebSite\",\"@id\":\"https:\/\/21panorama.com\/#website\",\"url\":\"https:\/\/21panorama.com\/\",\"name\":\"21 Panorama\",\"description\":\"La construcci\u00f3n de la opini\u00f3n p\u00fablica merece un mejor Panorama en este siglo 21 para alcanzar una sociedad con mayor transparencia y sin corrupci\u00f3n.\",\"publisher\":{\"@id\":\"https:\/\/21panorama.com\/#organization\"},\"potentialAction\":[{\"@type\":\"SearchAction\",\"target\":{\"@type\":\"EntryPoint\",\"urlTemplate\":\"https:\/\/21panorama.com\/?s={search_term_string}\"},\"query-input\":{\"@type\":\"PropertyValueSpecification\",\"valueRequired\":true,\"valueName\":\"search_term_string\"}}],\"inLanguage\":\"es\"},{\"@type\":\"Organization\",\"@id\":\"https:\/\/21panorama.com\/#organization\",\"name\":\"21 Panorama\",\"url\":\"https:\/\/21panorama.com\/\",\"logo\":{\"@type\":\"ImageObject\",\"inLanguage\":\"es\",\"@id\":\"https:\/\/21panorama.com\/#\/schema\/logo\/image\/\",\"url\":\"https:\/\/21panorama.com\/wp-content\/uploads\/2019\/07\/cropped-Logo-Panorama-01.jpeg\",\"contentUrl\":\"https:\/\/21panorama.com\/wp-content\/uploads\/2019\/07\/cropped-Logo-Panorama-01.jpeg\",\"width\":290,\"height\":70,\"caption\":\"21 Panorama\"},\"image\":{\"@id\":\"https:\/\/21panorama.com\/#\/schema\/logo\/image\/\"}},{\"@type\":\"Person\",\"@id\":\"https:\/\/21panorama.com\/#\/schema\/person\/1afc291b96d5792a158768324287319f\",\"name\":\"admin\",\"image\":{\"@type\":\"ImageObject\",\"inLanguage\":\"es\",\"@id\":\"https:\/\/21panorama.com\/#\/schema\/person\/image\/\",\"url\":\"https:\/\/secure.gravatar.com\/avatar\/ad365d9d9f46719215b0d042cc3df92a5a8683e09ef13d102233e5491985f0f0?s=96&d=mm&r=g\",\"contentUrl\":\"https:\/\/secure.gravatar.com\/avatar\/ad365d9d9f46719215b0d042cc3df92a5a8683e09ef13d102233e5491985f0f0?s=96&d=mm&r=g\",\"caption\":\"admin\"},\"url\":\"https:\/\/21panorama.com\/index.php\/author\/admin\/\"}]}<\/script>\n<!-- \/ Yoast SEO plugin. -->","yoast_head_json":{"title":"LISTOS LOS DIPUTADOS FEDERALES DEL PRI EN SAN L\u00c1ZARO - 21 Panorama","robots":{"index":"index","follow":"follow","max-snippet":"max-snippet:-1","max-image-preview":"max-image-preview:large","max-video-preview":"max-video-preview:-1"},"canonical":"https:\/\/21panorama.com\/index.php\/2022\/04\/17\/listos-los-diputados-federales-del-pri-en-san-lazaro\/","og_locale":"es_MX","og_type":"article","og_title":"LISTOS LOS DIPUTADOS FEDERALES DEL PRI EN SAN L\u00c1ZARO - 21 Panorama","og_description":"El Grupo Parlamentario del PRI con sus 70 diputados est\u00e1n listos para dar un voto por la Patria en torno a la reforma el\u00e9ctrica que se discuti\u00f3 en San L\u00e1zaro.","og_url":"https:\/\/21panorama.com\/index.php\/2022\/04\/17\/listos-los-diputados-federales-del-pri-en-san-lazaro\/","og_site_name":"21 Panorama","article_published_time":"2022-04-17T16:24:10+00:00","article_modified_time":"2022-04-17T16:24:11+00:00","og_image":[{"width":695,"height":470,"url":"https:\/\/21panorama.com\/wp-content\/uploads\/2022\/04\/6d689e40-eb7b-447f-80e6-ca505faa6e9c.jpeg","type":"image\/jpeg"}],"author":"admin","twitter_card":"summary_large_image","twitter_misc":{"Escrito por":"admin","Tiempo de lectura":"1 minuto"},"schema":{"@context":"https:\/\/schema.org","@graph":[{"@type":"Article","@id":"https:\/\/21panorama.com\/index.php\/2022\/04\/17\/listos-los-diputados-federales-del-pri-en-san-lazaro\/#article","isPartOf":{"@id":"https:\/\/21panorama.com\/index.php\/2022\/04\/17\/listos-los-diputados-federales-del-pri-en-san-lazaro\/"},"author":{"name":"admin","@id":"https:\/\/21panorama.com\/#\/schema\/person\/1afc291b96d5792a158768324287319f"},"headline":"LISTOS LOS DIPUTADOS FEDERALES DEL PRI EN SAN L\u00c1ZARO","datePublished":"2022-04-17T16:24:10+00:00","dateModified":"2022-04-17T16:24:11+00:00","mainEntityOfPage":{"@id":"https:\/\/21panorama.com\/index.php\/2022\/04\/17\/listos-los-diputados-federales-del-pri-en-san-lazaro\/"},"wordCount":111,"commentCount":0,"publisher":{"@id":"https:\/\/21panorama.com\/#organization"},"image":{"@id":"https:\/\/21panorama.com\/index.php\/2022\/04\/17\/listos-los-diputados-federales-del-pri-en-san-lazaro\/#primaryimage"},"thumbnailUrl":"https:\/\/21panorama.com\/wp-content\/uploads\/2022\/04\/6d689e40-eb7b-447f-80e6-ca505faa6e9c.jpeg","keywords":["PRI"],"articleSection":["Politica"],"inLanguage":"es","potentialAction":[{"@type":"CommentAction","name":"Comment","target":["https:\/\/21panorama.com\/index.php\/2022\/04\/17\/listos-los-diputados-federales-del-pri-en-san-lazaro\/#respond"]}]},{"@type":"WebPage","@id":"https:\/\/21panorama.com\/index.php\/2022\/04\/17\/listos-los-diputados-federales-del-pri-en-san-lazaro\/","url":"https:\/\/21panorama.com\/index.php\/2022\/04\/17\/listos-los-diputados-federales-del-pri-en-san-lazaro\/","name":"LISTOS LOS DIPUTADOS FEDERALES DEL PRI EN SAN L\u00c1ZARO - 21 Panorama","isPartOf":{"@id":"https:\/\/21panorama.com\/#website"},"primaryImageOfPage":{"@id":"https:\/\/21panorama.com\/index.php\/2022\/04\/17\/listos-los-diputados-federales-del-pri-en-san-lazaro\/#primaryimage"},"image":{"@id":"https:\/\/21panorama.com\/index.php\/2022\/04\/17\/listos-los-diputados-federales-del-pri-en-san-lazaro\/#primaryimage"},"thumbnailUrl":"https:\/\/21panorama.com\/wp-content\/uploads\/2022\/04\/6d689e40-eb7b-447f-80e6-ca505faa6e9c.jpeg","datePublished":"2022-04-17T16:24:10+00:00","dateModified":"2022-04-17T16:24:11+00:00","breadcrumb":{"@id":"https:\/\/21panorama.com\/index.php\/2022\/04\/17\/listos-los-diputados-federales-del-pri-en-san-lazaro\/#breadcrumb"},"inLanguage":"es","potentialAction":[{"@type":"ReadAction","target":["https:\/\/21panorama.com\/index.php\/2022\/04\/17\/listos-los-diputados-federales-del-pri-en-san-lazaro\/"]}]},{"@type":"ImageObject","inLanguage":"es","@id":"https:\/\/21panorama.com\/index.php\/2022\/04\/17\/listos-los-diputados-federales-del-pri-en-san-lazaro\/#primaryimage","url":"https:\/\/21panorama.com\/wp-content\/uploads\/2022\/04\/6d689e40-eb7b-447f-80e6-ca505faa6e9c.jpeg","contentUrl":"https:\/\/21panorama.com\/wp-content\/uploads\/2022\/04\/6d689e40-eb7b-447f-80e6-ca505faa6e9c.jpeg","width":695,"height":470},{"@type":"BreadcrumbList","@id":"https:\/\/21panorama.com\/index.php\/2022\/04\/17\/listos-los-diputados-federales-del-pri-en-san-lazaro\/#breadcrumb","itemListElement":[{"@type":"ListItem","position":1,"name":"Inicio","item":"https:\/\/21panorama.com\/"},{"@type":"ListItem","position":2,"name":"LISTOS LOS DIPUTADOS FEDERALES DEL PRI EN SAN L\u00c1ZARO"}]},{"@type":"WebSite","@id":"https:\/\/21panorama.com\/#website","url":"https:\/\/21panorama.com\/","name":"21 Panorama","description":"La construcci\u00f3n de la opini\u00f3n p\u00fablica merece un mejor Panorama en este siglo 21 para alcanzar una sociedad con mayor transparencia y sin corrupci\u00f3n.","publisher":{"@id":"https:\/\/21panorama.com\/#organization"},"potentialAction":[{"@type":"SearchAction","target":{"@type":"EntryPoint","urlTemplate":"https:\/\/21panorama.com\/?s={search_term_string}"},"query-input":{"@type":"PropertyValueSpecification","valueRequired":true,"valueName":"search_term_string"}}],"inLanguage":"es"},{"@type":"Organization","@id":"https:\/\/21panorama.com\/#organization","name":"21 Panorama","url":"https:\/\/21panorama.com\/","logo":{"@type":"ImageObject","inLanguage":"es","@id":"https:\/\/21panorama.com\/#\/schema\/logo\/image\/","url":"https:\/\/21panorama.com\/wp-content\/uploads\/2019\/07\/cropped-Logo-Panorama-01.jpeg","contentUrl":"https:\/\/21panorama.com\/wp-content\/uploads\/2019\/07\/cropped-Logo-Panorama-01.jpeg","width":290,"height":70,"caption":"21 Panorama"},"image":{"@id":"https:\/\/21panorama.com\/#\/schema\/logo\/image\/"}},{"@type":"Person","@id":"https:\/\/21panorama.com\/#\/schema\/person\/1afc291b96d5792a158768324287319f","name":"admin","image":{"@type":"ImageObject","inLanguage":"es","@id":"https:\/\/21panorama.com\/#\/schema\/person\/image\/","url":"https:\/\/secure.gravatar.com\/avatar\/ad365d9d9f46719215b0d042cc3df92a5a8683e09ef13d102233e5491985f0f0?s=96&d=mm&r=g","contentUrl":"https:\/\/secure.gravatar.com\/avatar\/ad365d9d9f46719215b0d042cc3df92a5a8683e09ef13d102233e5491985f0f0?s=96&d=mm&r=g","caption":"admin"},"url":"https:\/\/21panorama.com\/index.php\/author\/admin\/"}]}},"_links":{"self":[{"href":"https:\/\/21panorama.com\/index.php\/wp-json\/wp\/v2\/posts\/3513","targetHints":{"allow":["GET"]}}],"collection":[{"href":"https:\/\/21panorama.com\/index.php\/wp-json\/wp\/v2\/posts"}],"about":[{"href":"https:\/\/21panorama.com\/index.php\/wp-json\/wp\/v2\/types\/post"}],"author":[{"embeddable":true,"href":"https:\/\/21panorama.com\/index.php\/wp-json\/wp\/v2\/users\/1"}],"replies":[{"embeddable":true,"href":"https:\/\/21panorama.com\/index.php\/wp-json\/wp\/v2\/comments?post=3513"}],"version-history":[{"count":1,"href":"https:\/\/21panorama.com\/index.php\/wp-json\/wp\/v2\/posts\/3513\/revisions"}],"predecessor-version":[{"id":3517,"href":"https:\/\/21panorama.com\/index.php\/wp-json\/wp\/v2\/posts\/3513\/revisions\/3517"}],"wp:featuredmedia":[{"embeddable":true,"href":"https:\/\/21panorama.com\/index.php\/wp-json\/wp\/v2\/media\/3514"}],"wp:attachment":[{"href":"https:\/\/21panorama.com\/index.php\/wp-json\/wp\/v2\/media?parent=3513"}],"wp:term":[{"taxonomy":"category","embeddable":true,"href":"https:\/\/21panorama.com\/index.php\/wp-json\/wp\/v2\/categories?post=3513"},{"taxonomy":"post_tag","embeddable":true,"href":"https:\/\/21panorama.com\/index.php\/wp-json\/wp\/v2\/tags?post=3513"}],"curies":[{"name":"wp","href":"https:\/\/api.w.org\/{rel}","templated":true}]}}