{"id":3510,"date":"2022-04-14T22:08:21","date_gmt":"2022-04-15T03:08:21","guid":{"rendered":"https:\/\/21panorama.com\/?p=3510"},"modified":"2022-04-14T22:08:22","modified_gmt":"2022-04-15T03:08:22","slug":"presiona-la-4t-pero-estan-moralmente-derrotados","status":"publish","type":"post","link":"https:\/\/21panorama.com\/index.php\/2022\/04\/14\/presiona-la-4t-pero-estan-moralmente-derrotados\/","title":{"rendered":"PRESIONA LA 4T PERO EST\u00c1N MORALMENTE DERROTADOS"},"content":{"rendered":"\n<p>Morena entr\u00f3 a un posicionamiento obsesivo resultado de la inseguridad que le dan los n\u00fameros al saberse perdidos en la votaci\u00f3n que viene sobre la reforma el\u00e9ctrica de Palacio Nacional. Est\u00e1n perdidos y exhiben a una 4T moralmente derrotada, parafraseando al macuspano.<\/p>\n\n\n\n<p>En las \u00faltimas horas, diputados con licencia y sin licencia, funcionarios del r\u00e9gimen en turno y desde los s\u00f3tanos de Palacio de Cobi\u00e1n han presionado a los diputados federales priistas de todas las latitudes del<br>Pa\u00eds, incluyendo el Estado de M\u00e9xico, pero se toparon con pared.<\/p>\n\n\n\n<p>Desesperaci\u00f3n e inseguridad son malas consejeras en la operaci\u00f3n pol\u00edtica. Esta la tienen perdida por m\u00e1s esfuerzo que hagan. Los diputados priistas mexiquenses van en bloque y dejan en claro que su voto ser\u00e1 en contra de la iniciativa de marras o del demonio para que quede m\u00e1s claro porque y est\u00e1n m\u00e1s firmes que nunca.<\/p>\n\n\n\n<p>Van a perder la votaci\u00f3n del domingo pese a todos los embates y manipulaciones que le dieron al discurso del Presidente Adolfo L\u00f3pez Mateos, el mexiquense visionario que nacionaliz\u00f3 la industria el\u00e9ctrica pero que advert\u00eda tambi\u00e9n lo peligroso que puede llegar a ser una administraci\u00f3n gubernamental como la actual que no entiende la necesidad evolutiva en la tecnolog\u00eda y mucho menos que sea capaz de ser eficiente.<\/p>\n\n\n\n<p>En el an\u00e1lisis el discurso de L\u00f3pez Mateos, deja ver claramente que la industria el\u00e9ctrica puede mejorar.<br>\u201cUna cosa obvia es que Mexico requiere de varios a\u00f1os de evoluci\u00f3n tecnol\u00f3gica y una eficiencia administrativa para lograr la independencia energ\u00e9tica. Ser\u00eda necio afirmar que Mexico no requiere de la capacitaci\u00f3n tecnol\u00f3gica en materia el\u00e9ctrica\u201d.<\/p>\n\n\n\n<p>En consecuencia tenemos a una CFE que es obsoleta tecnol\u00f3gicamente y el Estado Mexicano carece de recursos para hacerla eficiente. En el actual r\u00e9gimen no hay capacidad administrativa, son ineficientes e incompetentes y esos son los riesgos que ve\u00eda L\u00f3pez Mateos.<\/p>\n\n\n\n<p>No se est\u00e1 dando la posibilidad que las empresas extranjeras compren acciones sino que compitan en el<br>mercado. Ya lo ve\u00eda venir L\u00f3pez Mateos cada uno de esos riesgos de la ineficiencia administrativa y la regresi\u00f3n tecnol\u00f3gica que tiene este gobierno.<\/p>\n\n\n\n<p>L\u00f3pez Mateos hizo lo correcto pero ve\u00eda un riesgo como lo que hoy existe en el Pa\u00eds. La empresa p\u00fablica no tiene c\u00f3mo salir adelante. Por eso est\u00e1n buscando confundir ante una partida que ya tienen p\u00e9rdida.<\/p>\n","protected":false},"excerpt":{"rendered":"<p>Morena entr\u00f3 a un posicionamiento obsesivo resultado de la inseguridad que le dan los n\u00fameros al saberse perdidos en la votaci\u00f3n que viene sobre la reforma el\u00e9ctrica de Palacio Nacional.  Est\u00e1n perdidos y exhiben a una 4T moralmente derrotada, parafraseando al macuspano.   <\/p>\n","protected":false},"author":1,"featured_media":3511,"comment_status":"open","ping_status":"open","sticky":false,"template":"","format":"standard","meta":{"footnotes":""},"categories":[1],"tags":[246],"class_list":["post-3510","post","type-post","status-publish","format-standard","has-post-thumbnail","hentry","category-sociedad","tag-4t"],"yoast_head":"<!-- This site is optimized with the Yoast SEO plugin v24.9 - https:\/\/yoast.com\/wordpress\/plugins\/seo\/ -->\n<title>PRESIONA LA 4T PERO EST\u00c1N MORALMENTE DERROTADOS - 21 Panorama<\/title>\n<meta name=\"robots\" content=\"index, follow, max-snippet:-1, max-image-preview:large, max-video-preview:-1\" \/>\n<link rel=\"canonical\" href=\"https:\/\/21panorama.com\/index.php\/2022\/04\/14\/presiona-la-4t-pero-estan-moralmente-derrotados\/\" \/>\n<meta property=\"og:locale\" content=\"es_MX\" \/>\n<meta property=\"og:type\" content=\"article\" \/>\n<meta property=\"og:title\" content=\"PRESIONA LA 4T PERO EST\u00c1N MORALMENTE DERROTADOS - 21 Panorama\" \/>\n<meta property=\"og:description\" content=\"Morena entr\u00f3 a un posicionamiento obsesivo resultado de la inseguridad que le dan los n\u00fameros al saberse perdidos en la votaci\u00f3n que viene sobre la reforma el\u00e9ctrica de Palacio Nacional. Est\u00e1n perdidos y exhiben a una 4T moralmente derrotada, parafraseando al macuspano.\" \/>\n<meta property=\"og:url\" content=\"https:\/\/21panorama.com\/index.php\/2022\/04\/14\/presiona-la-4t-pero-estan-moralmente-derrotados\/\" \/>\n<meta property=\"og:site_name\" content=\"21 Panorama\" \/>\n<meta property=\"article:published_time\" content=\"2022-04-15T03:08:21+00:00\" \/>\n<meta property=\"article:modified_time\" content=\"2022-04-15T03:08:22+00:00\" \/>\n<meta property=\"og:image\" content=\"https:\/\/21panorama.com\/wp-content\/uploads\/2022\/04\/83863327-5126-4fc4-8fdb-ef08b5b84eeb.jpeg\" \/>\n\t<meta property=\"og:image:width\" content=\"1200\" \/>\n\t<meta property=\"og:image:height\" content=\"750\" \/>\n\t<meta property=\"og:image:type\" content=\"image\/jpeg\" \/>\n<meta name=\"author\" content=\"admin\" \/>\n<meta name=\"twitter:card\" content=\"summary_large_image\" \/>\n<meta name=\"twitter:label1\" content=\"Escrito por\" \/>\n\t<meta name=\"twitter:data1\" content=\"admin\" \/>\n\t<meta name=\"twitter:label2\" content=\"Tiempo de lectura\" \/>\n\t<meta name=\"twitter:data2\" content=\"2 minutos\" \/>\n<script type=\"application\/ld+json\" class=\"yoast-schema-graph\">{\"@context\":\"https:\/\/schema.org\",\"@graph\":[{\"@type\":\"Article\",\"@id\":\"https:\/\/21panorama.com\/index.php\/2022\/04\/14\/presiona-la-4t-pero-estan-moralmente-derrotados\/#article\",\"isPartOf\":{\"@id\":\"https:\/\/21panorama.com\/index.php\/2022\/04\/14\/presiona-la-4t-pero-estan-moralmente-derrotados\/\"},\"author\":{\"name\":\"admin\",\"@id\":\"https:\/\/21panorama.com\/#\/schema\/person\/1afc291b96d5792a158768324287319f\"},\"headline\":\"PRESIONA LA 4T PERO EST\u00c1N MORALMENTE DERROTADOS\",\"datePublished\":\"2022-04-15T03:08:21+00:00\",\"dateModified\":\"2022-04-15T03:08:22+00:00\",\"mainEntityOfPage\":{\"@id\":\"https:\/\/21panorama.com\/index.php\/2022\/04\/14\/presiona-la-4t-pero-estan-moralmente-derrotados\/\"},\"wordCount\":438,\"commentCount\":0,\"publisher\":{\"@id\":\"https:\/\/21panorama.com\/#organization\"},\"image\":{\"@id\":\"https:\/\/21panorama.com\/index.php\/2022\/04\/14\/presiona-la-4t-pero-estan-moralmente-derrotados\/#primaryimage\"},\"thumbnailUrl\":\"https:\/\/21panorama.com\/wp-content\/uploads\/2022\/04\/83863327-5126-4fc4-8fdb-ef08b5b84eeb.jpeg\",\"keywords\":[\"4T\"],\"articleSection\":[\"Sociedad\"],\"inLanguage\":\"es\",\"potentialAction\":[{\"@type\":\"CommentAction\",\"name\":\"Comment\",\"target\":[\"https:\/\/21panorama.com\/index.php\/2022\/04\/14\/presiona-la-4t-pero-estan-moralmente-derrotados\/#respond\"]}]},{\"@type\":\"WebPage\",\"@id\":\"https:\/\/21panorama.com\/index.php\/2022\/04\/14\/presiona-la-4t-pero-estan-moralmente-derrotados\/\",\"url\":\"https:\/\/21panorama.com\/index.php\/2022\/04\/14\/presiona-la-4t-pero-estan-moralmente-derrotados\/\",\"name\":\"PRESIONA LA 4T PERO EST\u00c1N MORALMENTE DERROTADOS - 21 Panorama\",\"isPartOf\":{\"@id\":\"https:\/\/21panorama.com\/#website\"},\"primaryImageOfPage\":{\"@id\":\"https:\/\/21panorama.com\/index.php\/2022\/04\/14\/presiona-la-4t-pero-estan-moralmente-derrotados\/#primaryimage\"},\"image\":{\"@id\":\"https:\/\/21panorama.com\/index.php\/2022\/04\/14\/presiona-la-4t-pero-estan-moralmente-derrotados\/#primaryimage\"},\"thumbnailUrl\":\"https:\/\/21panorama.com\/wp-content\/uploads\/2022\/04\/83863327-5126-4fc4-8fdb-ef08b5b84eeb.jpeg\",\"datePublished\":\"2022-04-15T03:08:21+00:00\",\"dateModified\":\"2022-04-15T03:08:22+00:00\",\"breadcrumb\":{\"@id\":\"https:\/\/21panorama.com\/index.php\/2022\/04\/14\/presiona-la-4t-pero-estan-moralmente-derrotados\/#breadcrumb\"},\"inLanguage\":\"es\",\"potentialAction\":[{\"@type\":\"ReadAction\",\"target\":[\"https:\/\/21panorama.com\/index.php\/2022\/04\/14\/presiona-la-4t-pero-estan-moralmente-derrotados\/\"]}]},{\"@type\":\"ImageObject\",\"inLanguage\":\"es\",\"@id\":\"https:\/\/21panorama.com\/index.php\/2022\/04\/14\/presiona-la-4t-pero-estan-moralmente-derrotados\/#primaryimage\",\"url\":\"https:\/\/21panorama.com\/wp-content\/uploads\/2022\/04\/83863327-5126-4fc4-8fdb-ef08b5b84eeb.jpeg\",\"contentUrl\":\"https:\/\/21panorama.com\/wp-content\/uploads\/2022\/04\/83863327-5126-4fc4-8fdb-ef08b5b84eeb.jpeg\",\"width\":1200,\"height\":750},{\"@type\":\"BreadcrumbList\",\"@id\":\"https:\/\/21panorama.com\/index.php\/2022\/04\/14\/presiona-la-4t-pero-estan-moralmente-derrotados\/#breadcrumb\",\"itemListElement\":[{\"@type\":\"ListItem\",\"position\":1,\"name\":\"Inicio\",\"item\":\"https:\/\/21panorama.com\/\"},{\"@type\":\"ListItem\",\"position\":2,\"name\":\"PRESIONA LA 4T PERO EST\u00c1N MORALMENTE DERROTADOS\"}]},{\"@type\":\"WebSite\",\"@id\":\"https:\/\/21panorama.com\/#website\",\"url\":\"https:\/\/21panorama.com\/\",\"name\":\"21 Panorama\",\"description\":\"La construcci\u00f3n de la opini\u00f3n p\u00fablica merece un mejor Panorama en este siglo 21 para alcanzar una sociedad con mayor transparencia y sin corrupci\u00f3n.\",\"publisher\":{\"@id\":\"https:\/\/21panorama.com\/#organization\"},\"potentialAction\":[{\"@type\":\"SearchAction\",\"target\":{\"@type\":\"EntryPoint\",\"urlTemplate\":\"https:\/\/21panorama.com\/?s={search_term_string}\"},\"query-input\":{\"@type\":\"PropertyValueSpecification\",\"valueRequired\":true,\"valueName\":\"search_term_string\"}}],\"inLanguage\":\"es\"},{\"@type\":\"Organization\",\"@id\":\"https:\/\/21panorama.com\/#organization\",\"name\":\"21 Panorama\",\"url\":\"https:\/\/21panorama.com\/\",\"logo\":{\"@type\":\"ImageObject\",\"inLanguage\":\"es\",\"@id\":\"https:\/\/21panorama.com\/#\/schema\/logo\/image\/\",\"url\":\"https:\/\/21panorama.com\/wp-content\/uploads\/2019\/07\/cropped-Logo-Panorama-01.jpeg\",\"contentUrl\":\"https:\/\/21panorama.com\/wp-content\/uploads\/2019\/07\/cropped-Logo-Panorama-01.jpeg\",\"width\":290,\"height\":70,\"caption\":\"21 Panorama\"},\"image\":{\"@id\":\"https:\/\/21panorama.com\/#\/schema\/logo\/image\/\"}},{\"@type\":\"Person\",\"@id\":\"https:\/\/21panorama.com\/#\/schema\/person\/1afc291b96d5792a158768324287319f\",\"name\":\"admin\",\"image\":{\"@type\":\"ImageObject\",\"inLanguage\":\"es\",\"@id\":\"https:\/\/21panorama.com\/#\/schema\/person\/image\/\",\"url\":\"https:\/\/secure.gravatar.com\/avatar\/ad365d9d9f46719215b0d042cc3df92a5a8683e09ef13d102233e5491985f0f0?s=96&d=mm&r=g\",\"contentUrl\":\"https:\/\/secure.gravatar.com\/avatar\/ad365d9d9f46719215b0d042cc3df92a5a8683e09ef13d102233e5491985f0f0?s=96&d=mm&r=g\",\"caption\":\"admin\"},\"url\":\"https:\/\/21panorama.com\/index.php\/author\/admin\/\"}]}<\/script>\n<!-- \/ Yoast SEO plugin. -->","yoast_head_json":{"title":"PRESIONA LA 4T PERO EST\u00c1N MORALMENTE DERROTADOS - 21 Panorama","robots":{"index":"index","follow":"follow","max-snippet":"max-snippet:-1","max-image-preview":"max-image-preview:large","max-video-preview":"max-video-preview:-1"},"canonical":"https:\/\/21panorama.com\/index.php\/2022\/04\/14\/presiona-la-4t-pero-estan-moralmente-derrotados\/","og_locale":"es_MX","og_type":"article","og_title":"PRESIONA LA 4T PERO EST\u00c1N MORALMENTE DERROTADOS - 21 Panorama","og_description":"Morena entr\u00f3 a un posicionamiento obsesivo resultado de la inseguridad que le dan los n\u00fameros al saberse perdidos en la votaci\u00f3n que viene sobre la reforma el\u00e9ctrica de Palacio Nacional. Est\u00e1n perdidos y exhiben a una 4T moralmente derrotada, parafraseando al macuspano.","og_url":"https:\/\/21panorama.com\/index.php\/2022\/04\/14\/presiona-la-4t-pero-estan-moralmente-derrotados\/","og_site_name":"21 Panorama","article_published_time":"2022-04-15T03:08:21+00:00","article_modified_time":"2022-04-15T03:08:22+00:00","og_image":[{"width":1200,"height":750,"url":"https:\/\/21panorama.com\/wp-content\/uploads\/2022\/04\/83863327-5126-4fc4-8fdb-ef08b5b84eeb.jpeg","type":"image\/jpeg"}],"author":"admin","twitter_card":"summary_large_image","twitter_misc":{"Escrito por":"admin","Tiempo de lectura":"2 minutos"},"schema":{"@context":"https:\/\/schema.org","@graph":[{"@type":"Article","@id":"https:\/\/21panorama.com\/index.php\/2022\/04\/14\/presiona-la-4t-pero-estan-moralmente-derrotados\/#article","isPartOf":{"@id":"https:\/\/21panorama.com\/index.php\/2022\/04\/14\/presiona-la-4t-pero-estan-moralmente-derrotados\/"},"author":{"name":"admin","@id":"https:\/\/21panorama.com\/#\/schema\/person\/1afc291b96d5792a158768324287319f"},"headline":"PRESIONA LA 4T PERO EST\u00c1N MORALMENTE DERROTADOS","datePublished":"2022-04-15T03:08:21+00:00","dateModified":"2022-04-15T03:08:22+00:00","mainEntityOfPage":{"@id":"https:\/\/21panorama.com\/index.php\/2022\/04\/14\/presiona-la-4t-pero-estan-moralmente-derrotados\/"},"wordCount":438,"commentCount":0,"publisher":{"@id":"https:\/\/21panorama.com\/#organization"},"image":{"@id":"https:\/\/21panorama.com\/index.php\/2022\/04\/14\/presiona-la-4t-pero-estan-moralmente-derrotados\/#primaryimage"},"thumbnailUrl":"https:\/\/21panorama.com\/wp-content\/uploads\/2022\/04\/83863327-5126-4fc4-8fdb-ef08b5b84eeb.jpeg","keywords":["4T"],"articleSection":["Sociedad"],"inLanguage":"es","potentialAction":[{"@type":"CommentAction","name":"Comment","target":["https:\/\/21panorama.com\/index.php\/2022\/04\/14\/presiona-la-4t-pero-estan-moralmente-derrotados\/#respond"]}]},{"@type":"WebPage","@id":"https:\/\/21panorama.com\/index.php\/2022\/04\/14\/presiona-la-4t-pero-estan-moralmente-derrotados\/","url":"https:\/\/21panorama.com\/index.php\/2022\/04\/14\/presiona-la-4t-pero-estan-moralmente-derrotados\/","name":"PRESIONA LA 4T PERO EST\u00c1N MORALMENTE DERROTADOS - 21 Panorama","isPartOf":{"@id":"https:\/\/21panorama.com\/#website"},"primaryImageOfPage":{"@id":"https:\/\/21panorama.com\/index.php\/2022\/04\/14\/presiona-la-4t-pero-estan-moralmente-derrotados\/#primaryimage"},"image":{"@id":"https:\/\/21panorama.com\/index.php\/2022\/04\/14\/presiona-la-4t-pero-estan-moralmente-derrotados\/#primaryimage"},"thumbnailUrl":"https:\/\/21panorama.com\/wp-content\/uploads\/2022\/04\/83863327-5126-4fc4-8fdb-ef08b5b84eeb.jpeg","datePublished":"2022-04-15T03:08:21+00:00","dateModified":"2022-04-15T03:08:22+00:00","breadcrumb":{"@id":"https:\/\/21panorama.com\/index.php\/2022\/04\/14\/presiona-la-4t-pero-estan-moralmente-derrotados\/#breadcrumb"},"inLanguage":"es","potentialAction":[{"@type":"ReadAction","target":["https:\/\/21panorama.com\/index.php\/2022\/04\/14\/presiona-la-4t-pero-estan-moralmente-derrotados\/"]}]},{"@type":"ImageObject","inLanguage":"es","@id":"https:\/\/21panorama.com\/index.php\/2022\/04\/14\/presiona-la-4t-pero-estan-moralmente-derrotados\/#primaryimage","url":"https:\/\/21panorama.com\/wp-content\/uploads\/2022\/04\/83863327-5126-4fc4-8fdb-ef08b5b84eeb.jpeg","contentUrl":"https:\/\/21panorama.com\/wp-content\/uploads\/2022\/04\/83863327-5126-4fc4-8fdb-ef08b5b84eeb.jpeg","width":1200,"height":750},{"@type":"BreadcrumbList","@id":"https:\/\/21panorama.com\/index.php\/2022\/04\/14\/presiona-la-4t-pero-estan-moralmente-derrotados\/#breadcrumb","itemListElement":[{"@type":"ListItem","position":1,"name":"Inicio","item":"https:\/\/21panorama.com\/"},{"@type":"ListItem","position":2,"name":"PRESIONA LA 4T PERO EST\u00c1N MORALMENTE DERROTADOS"}]},{"@type":"WebSite","@id":"https:\/\/21panorama.com\/#website","url":"https:\/\/21panorama.com\/","name":"21 Panorama","description":"La construcci\u00f3n de la opini\u00f3n p\u00fablica merece un mejor Panorama en este siglo 21 para alcanzar una sociedad con mayor transparencia y sin corrupci\u00f3n.","publisher":{"@id":"https:\/\/21panorama.com\/#organization"},"potentialAction":[{"@type":"SearchAction","target":{"@type":"EntryPoint","urlTemplate":"https:\/\/21panorama.com\/?s={search_term_string}"},"query-input":{"@type":"PropertyValueSpecification","valueRequired":true,"valueName":"search_term_string"}}],"inLanguage":"es"},{"@type":"Organization","@id":"https:\/\/21panorama.com\/#organization","name":"21 Panorama","url":"https:\/\/21panorama.com\/","logo":{"@type":"ImageObject","inLanguage":"es","@id":"https:\/\/21panorama.com\/#\/schema\/logo\/image\/","url":"https:\/\/21panorama.com\/wp-content\/uploads\/2019\/07\/cropped-Logo-Panorama-01.jpeg","contentUrl":"https:\/\/21panorama.com\/wp-content\/uploads\/2019\/07\/cropped-Logo-Panorama-01.jpeg","width":290,"height":70,"caption":"21 Panorama"},"image":{"@id":"https:\/\/21panorama.com\/#\/schema\/logo\/image\/"}},{"@type":"Person","@id":"https:\/\/21panorama.com\/#\/schema\/person\/1afc291b96d5792a158768324287319f","name":"admin","image":{"@type":"ImageObject","inLanguage":"es","@id":"https:\/\/21panorama.com\/#\/schema\/person\/image\/","url":"https:\/\/secure.gravatar.com\/avatar\/ad365d9d9f46719215b0d042cc3df92a5a8683e09ef13d102233e5491985f0f0?s=96&d=mm&r=g","contentUrl":"https:\/\/secure.gravatar.com\/avatar\/ad365d9d9f46719215b0d042cc3df92a5a8683e09ef13d102233e5491985f0f0?s=96&d=mm&r=g","caption":"admin"},"url":"https:\/\/21panorama.com\/index.php\/author\/admin\/"}]}},"_links":{"self":[{"href":"https:\/\/21panorama.com\/index.php\/wp-json\/wp\/v2\/posts\/3510","targetHints":{"allow":["GET"]}}],"collection":[{"href":"https:\/\/21panorama.com\/index.php\/wp-json\/wp\/v2\/posts"}],"about":[{"href":"https:\/\/21panorama.com\/index.php\/wp-json\/wp\/v2\/types\/post"}],"author":[{"embeddable":true,"href":"https:\/\/21panorama.com\/index.php\/wp-json\/wp\/v2\/users\/1"}],"replies":[{"embeddable":true,"href":"https:\/\/21panorama.com\/index.php\/wp-json\/wp\/v2\/comments?post=3510"}],"version-history":[{"count":1,"href":"https:\/\/21panorama.com\/index.php\/wp-json\/wp\/v2\/posts\/3510\/revisions"}],"predecessor-version":[{"id":3512,"href":"https:\/\/21panorama.com\/index.php\/wp-json\/wp\/v2\/posts\/3510\/revisions\/3512"}],"wp:featuredmedia":[{"embeddable":true,"href":"https:\/\/21panorama.com\/index.php\/wp-json\/wp\/v2\/media\/3511"}],"wp:attachment":[{"href":"https:\/\/21panorama.com\/index.php\/wp-json\/wp\/v2\/media?parent=3510"}],"wp:term":[{"taxonomy":"category","embeddable":true,"href":"https:\/\/21panorama.com\/index.php\/wp-json\/wp\/v2\/categories?post=3510"},{"taxonomy":"post_tag","embeddable":true,"href":"https:\/\/21panorama.com\/index.php\/wp-json\/wp\/v2\/tags?post=3510"}],"curies":[{"name":"wp","href":"https:\/\/api.w.org\/{rel}","templated":true}]}}