{"id":3504,"date":"2022-04-12T16:28:41","date_gmt":"2022-04-12T21:28:41","guid":{"rendered":"https:\/\/21panorama.com\/?p=3504"},"modified":"2022-04-12T16:28:42","modified_gmt":"2022-04-12T21:28:42","slug":"pri-se-mantiene-firme-contra-reforma-electrica-de-amlo","status":"publish","type":"post","link":"https:\/\/21panorama.com\/index.php\/2022\/04\/12\/pri-se-mantiene-firme-contra-reforma-electrica-de-amlo\/","title":{"rendered":"PRI SE MANTIENE FIRME CONTRA REFORMA EL\u00c9CTRICA DE AMLO"},"content":{"rendered":"\n<p>El Grupo Parlamentario del PRI est\u00e1 destinado a terminar la obra y votar\u00e1 en contra de la reforma el\u00e9ctrica presentada por el Ejecutivo Federal y de ser necesario estar\u00e1 atrincherado en la C\u00e1mara de Diputados.<\/p>\n\n\n\n<p>Los 71 legisladores priistas llegar\u00e1n el pr\u00f3ximo domingo al recinto de San L\u00e1zaro con la determinaci\u00f3n de frenar una reforma regresiva en materia energ\u00e9tica. Por el contrario se mantendr\u00e1 firme en lograr tarifas de bajo costo, limpias y acorde a tratados internacionales.<\/p>\n\n\n\n<p>En la reuni\u00f3n previa de la fracci\u00f3n parlamentaria, se dejaron escuchar los posicionamientos de nuestros diputados con reflexiones de fondo y sobre lo inconcebibles de la iniciativa del gobiernos turno.<\/p>\n\n\n\n<p>Esta es una iniciativa que regresiva en tiempo y no es acorde a los nuevos tiempos.<\/p>\n\n\n\n<p>Mientras tanto en el per\u00edmetro exterior de la C\u00e1mara de Diputados se observa ciudadanos determinados que esperan un resultado positivo porque est\u00e1n hartos del resentimiento y la venganza.<\/p>\n\n\n\n<p>En la reuni\u00f3n pri\u00edsta respaldaron al presidente nacional del PRI, Alejandro Moreno C\u00e1rdenas y al coordinador de los diputados, Rub\u00e9n Moreira.<\/p>\n\n\n\n<figure class=\"wp-block-gallery columns-2 is-cropped wp-block-gallery-1 is-layout-flex wp-block-gallery-is-layout-flex\"><ul class=\"blocks-gallery-grid\"><li class=\"blocks-gallery-item\"><figure><img decoding=\"async\" width=\"1024\" height=\"768\" src=\"https:\/\/21panorama.com\/wp-content\/uploads\/2022\/04\/a20043f2-20af-4533-8d16-981b0fe1154a.jpeg\" alt=\"\" data-id=\"3506\" data-link=\"https:\/\/21panorama.com\/?attachment_id=3506\" class=\"wp-image-3506\" srcset=\"https:\/\/21panorama.com\/wp-content\/uploads\/2022\/04\/a20043f2-20af-4533-8d16-981b0fe1154a.jpeg 1024w, https:\/\/21panorama.com\/wp-content\/uploads\/2022\/04\/a20043f2-20af-4533-8d16-981b0fe1154a-300x225.jpeg 300w, https:\/\/21panorama.com\/wp-content\/uploads\/2022\/04\/a20043f2-20af-4533-8d16-981b0fe1154a-768x576.jpeg 768w\" sizes=\"(max-width: 1024px) 100vw, 1024px\" \/><\/figure><\/li><li class=\"blocks-gallery-item\"><figure><img decoding=\"async\" width=\"1024\" height=\"646\" src=\"https:\/\/21panorama.com\/wp-content\/uploads\/2022\/04\/e65ed853-59eb-4b3c-82c5-916921734bdd-1024x646.jpeg\" alt=\"\" data-id=\"3507\" data-full-url=\"https:\/\/21panorama.com\/wp-content\/uploads\/2022\/04\/e65ed853-59eb-4b3c-82c5-916921734bdd.jpeg\" data-link=\"https:\/\/21panorama.com\/?attachment_id=3507\" class=\"wp-image-3507\" srcset=\"https:\/\/21panorama.com\/wp-content\/uploads\/2022\/04\/e65ed853-59eb-4b3c-82c5-916921734bdd-1024x646.jpeg 1024w, https:\/\/21panorama.com\/wp-content\/uploads\/2022\/04\/e65ed853-59eb-4b3c-82c5-916921734bdd-300x189.jpeg 300w, https:\/\/21panorama.com\/wp-content\/uploads\/2022\/04\/e65ed853-59eb-4b3c-82c5-916921734bdd-768x484.jpeg 768w, https:\/\/21panorama.com\/wp-content\/uploads\/2022\/04\/e65ed853-59eb-4b3c-82c5-916921734bdd.jpeg 1280w\" sizes=\"(max-width: 1024px) 100vw, 1024px\" \/><\/figure><\/li><\/ul><\/figure>\n","protected":false},"excerpt":{"rendered":"<p>El Grupo Parlamentario del PRI est\u00e1 destinado a terminar la obra y votar\u00e1 en contra de la reforma el\u00e9ctrica presentada por el Ejecutivo Federal y de ser necesario estar\u00e1 atrincherado en la C\u00e1mara de Diputados.  <\/p>\n","protected":false},"author":1,"featured_media":3505,"comment_status":"open","ping_status":"open","sticky":false,"template":"","format":"standard","meta":{"footnotes":""},"categories":[12],"tags":[33],"class_list":["post-3504","post","type-post","status-publish","format-standard","has-post-thumbnail","hentry","category-politica","tag-pri"],"yoast_head":"<!-- This site is optimized with the Yoast SEO plugin v24.9 - https:\/\/yoast.com\/wordpress\/plugins\/seo\/ -->\n<title>PRI SE MANTIENE FIRME CONTRA REFORMA EL\u00c9CTRICA DE AMLO - 21 Panorama<\/title>\n<meta name=\"robots\" content=\"index, follow, max-snippet:-1, max-image-preview:large, max-video-preview:-1\" \/>\n<link rel=\"canonical\" href=\"https:\/\/21panorama.com\/index.php\/2022\/04\/12\/pri-se-mantiene-firme-contra-reforma-electrica-de-amlo\/\" \/>\n<meta property=\"og:locale\" content=\"es_MX\" \/>\n<meta property=\"og:type\" content=\"article\" \/>\n<meta property=\"og:title\" content=\"PRI SE MANTIENE FIRME CONTRA REFORMA EL\u00c9CTRICA DE AMLO - 21 Panorama\" \/>\n<meta property=\"og:description\" content=\"El Grupo Parlamentario del PRI est\u00e1 destinado a terminar la obra y votar\u00e1 en contra de la reforma el\u00e9ctrica presentada por el Ejecutivo Federal y de ser necesario estar\u00e1 atrincherado en la C\u00e1mara de Diputados.\" \/>\n<meta property=\"og:url\" content=\"https:\/\/21panorama.com\/index.php\/2022\/04\/12\/pri-se-mantiene-firme-contra-reforma-electrica-de-amlo\/\" \/>\n<meta property=\"og:site_name\" content=\"21 Panorama\" \/>\n<meta property=\"article:published_time\" content=\"2022-04-12T21:28:41+00:00\" \/>\n<meta property=\"article:modified_time\" content=\"2022-04-12T21:28:42+00:00\" \/>\n<meta property=\"og:image\" content=\"https:\/\/21panorama.com\/wp-content\/uploads\/2022\/04\/53046555-985b-4767-946d-ea480b9c2eef.jpeg\" \/>\n\t<meta property=\"og:image:width\" content=\"960\" \/>\n\t<meta property=\"og:image:height\" content=\"817\" \/>\n\t<meta property=\"og:image:type\" content=\"image\/jpeg\" \/>\n<meta name=\"author\" content=\"admin\" \/>\n<meta name=\"twitter:card\" content=\"summary_large_image\" \/>\n<meta name=\"twitter:label1\" content=\"Escrito por\" \/>\n\t<meta name=\"twitter:data1\" content=\"admin\" \/>\n\t<meta name=\"twitter:label2\" content=\"Tiempo de lectura\" \/>\n\t<meta name=\"twitter:data2\" content=\"2 minutos\" \/>\n<script type=\"application\/ld+json\" class=\"yoast-schema-graph\">{\"@context\":\"https:\/\/schema.org\",\"@graph\":[{\"@type\":\"Article\",\"@id\":\"https:\/\/21panorama.com\/index.php\/2022\/04\/12\/pri-se-mantiene-firme-contra-reforma-electrica-de-amlo\/#article\",\"isPartOf\":{\"@id\":\"https:\/\/21panorama.com\/index.php\/2022\/04\/12\/pri-se-mantiene-firme-contra-reforma-electrica-de-amlo\/\"},\"author\":{\"name\":\"admin\",\"@id\":\"https:\/\/21panorama.com\/#\/schema\/person\/1afc291b96d5792a158768324287319f\"},\"headline\":\"PRI SE MANTIENE FIRME CONTRA REFORMA EL\u00c9CTRICA DE AMLO\",\"datePublished\":\"2022-04-12T21:28:41+00:00\",\"dateModified\":\"2022-04-12T21:28:42+00:00\",\"mainEntityOfPage\":{\"@id\":\"https:\/\/21panorama.com\/index.php\/2022\/04\/12\/pri-se-mantiene-firme-contra-reforma-electrica-de-amlo\/\"},\"wordCount\":197,\"commentCount\":0,\"publisher\":{\"@id\":\"https:\/\/21panorama.com\/#organization\"},\"image\":{\"@id\":\"https:\/\/21panorama.com\/index.php\/2022\/04\/12\/pri-se-mantiene-firme-contra-reforma-electrica-de-amlo\/#primaryimage\"},\"thumbnailUrl\":\"https:\/\/21panorama.com\/wp-content\/uploads\/2022\/04\/53046555-985b-4767-946d-ea480b9c2eef.jpeg\",\"keywords\":[\"PRI\"],\"articleSection\":[\"Politica\"],\"inLanguage\":\"es\",\"potentialAction\":[{\"@type\":\"CommentAction\",\"name\":\"Comment\",\"target\":[\"https:\/\/21panorama.com\/index.php\/2022\/04\/12\/pri-se-mantiene-firme-contra-reforma-electrica-de-amlo\/#respond\"]}]},{\"@type\":\"WebPage\",\"@id\":\"https:\/\/21panorama.com\/index.php\/2022\/04\/12\/pri-se-mantiene-firme-contra-reforma-electrica-de-amlo\/\",\"url\":\"https:\/\/21panorama.com\/index.php\/2022\/04\/12\/pri-se-mantiene-firme-contra-reforma-electrica-de-amlo\/\",\"name\":\"PRI SE MANTIENE FIRME CONTRA REFORMA EL\u00c9CTRICA DE AMLO - 21 Panorama\",\"isPartOf\":{\"@id\":\"https:\/\/21panorama.com\/#website\"},\"primaryImageOfPage\":{\"@id\":\"https:\/\/21panorama.com\/index.php\/2022\/04\/12\/pri-se-mantiene-firme-contra-reforma-electrica-de-amlo\/#primaryimage\"},\"image\":{\"@id\":\"https:\/\/21panorama.com\/index.php\/2022\/04\/12\/pri-se-mantiene-firme-contra-reforma-electrica-de-amlo\/#primaryimage\"},\"thumbnailUrl\":\"https:\/\/21panorama.com\/wp-content\/uploads\/2022\/04\/53046555-985b-4767-946d-ea480b9c2eef.jpeg\",\"datePublished\":\"2022-04-12T21:28:41+00:00\",\"dateModified\":\"2022-04-12T21:28:42+00:00\",\"breadcrumb\":{\"@id\":\"https:\/\/21panorama.com\/index.php\/2022\/04\/12\/pri-se-mantiene-firme-contra-reforma-electrica-de-amlo\/#breadcrumb\"},\"inLanguage\":\"es\",\"potentialAction\":[{\"@type\":\"ReadAction\",\"target\":[\"https:\/\/21panorama.com\/index.php\/2022\/04\/12\/pri-se-mantiene-firme-contra-reforma-electrica-de-amlo\/\"]}]},{\"@type\":\"ImageObject\",\"inLanguage\":\"es\",\"@id\":\"https:\/\/21panorama.com\/index.php\/2022\/04\/12\/pri-se-mantiene-firme-contra-reforma-electrica-de-amlo\/#primaryimage\",\"url\":\"https:\/\/21panorama.com\/wp-content\/uploads\/2022\/04\/53046555-985b-4767-946d-ea480b9c2eef.jpeg\",\"contentUrl\":\"https:\/\/21panorama.com\/wp-content\/uploads\/2022\/04\/53046555-985b-4767-946d-ea480b9c2eef.jpeg\",\"width\":960,\"height\":817},{\"@type\":\"BreadcrumbList\",\"@id\":\"https:\/\/21panorama.com\/index.php\/2022\/04\/12\/pri-se-mantiene-firme-contra-reforma-electrica-de-amlo\/#breadcrumb\",\"itemListElement\":[{\"@type\":\"ListItem\",\"position\":1,\"name\":\"Inicio\",\"item\":\"https:\/\/21panorama.com\/\"},{\"@type\":\"ListItem\",\"position\":2,\"name\":\"PRI SE MANTIENE FIRME CONTRA REFORMA EL\u00c9CTRICA DE AMLO\"}]},{\"@type\":\"WebSite\",\"@id\":\"https:\/\/21panorama.com\/#website\",\"url\":\"https:\/\/21panorama.com\/\",\"name\":\"21 Panorama\",\"description\":\"La construcci\u00f3n de la opini\u00f3n p\u00fablica merece un mejor Panorama en este siglo 21 para alcanzar una sociedad con mayor transparencia y sin corrupci\u00f3n.\",\"publisher\":{\"@id\":\"https:\/\/21panorama.com\/#organization\"},\"potentialAction\":[{\"@type\":\"SearchAction\",\"target\":{\"@type\":\"EntryPoint\",\"urlTemplate\":\"https:\/\/21panorama.com\/?s={search_term_string}\"},\"query-input\":{\"@type\":\"PropertyValueSpecification\",\"valueRequired\":true,\"valueName\":\"search_term_string\"}}],\"inLanguage\":\"es\"},{\"@type\":\"Organization\",\"@id\":\"https:\/\/21panorama.com\/#organization\",\"name\":\"21 Panorama\",\"url\":\"https:\/\/21panorama.com\/\",\"logo\":{\"@type\":\"ImageObject\",\"inLanguage\":\"es\",\"@id\":\"https:\/\/21panorama.com\/#\/schema\/logo\/image\/\",\"url\":\"https:\/\/21panorama.com\/wp-content\/uploads\/2019\/07\/cropped-Logo-Panorama-01.jpeg\",\"contentUrl\":\"https:\/\/21panorama.com\/wp-content\/uploads\/2019\/07\/cropped-Logo-Panorama-01.jpeg\",\"width\":290,\"height\":70,\"caption\":\"21 Panorama\"},\"image\":{\"@id\":\"https:\/\/21panorama.com\/#\/schema\/logo\/image\/\"}},{\"@type\":\"Person\",\"@id\":\"https:\/\/21panorama.com\/#\/schema\/person\/1afc291b96d5792a158768324287319f\",\"name\":\"admin\",\"image\":{\"@type\":\"ImageObject\",\"inLanguage\":\"es\",\"@id\":\"https:\/\/21panorama.com\/#\/schema\/person\/image\/\",\"url\":\"https:\/\/secure.gravatar.com\/avatar\/ad365d9d9f46719215b0d042cc3df92a5a8683e09ef13d102233e5491985f0f0?s=96&d=mm&r=g\",\"contentUrl\":\"https:\/\/secure.gravatar.com\/avatar\/ad365d9d9f46719215b0d042cc3df92a5a8683e09ef13d102233e5491985f0f0?s=96&d=mm&r=g\",\"caption\":\"admin\"},\"url\":\"https:\/\/21panorama.com\/index.php\/author\/admin\/\"}]}<\/script>\n<!-- \/ Yoast SEO plugin. -->","yoast_head_json":{"title":"PRI SE MANTIENE FIRME CONTRA REFORMA EL\u00c9CTRICA DE AMLO - 21 Panorama","robots":{"index":"index","follow":"follow","max-snippet":"max-snippet:-1","max-image-preview":"max-image-preview:large","max-video-preview":"max-video-preview:-1"},"canonical":"https:\/\/21panorama.com\/index.php\/2022\/04\/12\/pri-se-mantiene-firme-contra-reforma-electrica-de-amlo\/","og_locale":"es_MX","og_type":"article","og_title":"PRI SE MANTIENE FIRME CONTRA REFORMA EL\u00c9CTRICA DE AMLO - 21 Panorama","og_description":"El Grupo Parlamentario del PRI est\u00e1 destinado a terminar la obra y votar\u00e1 en contra de la reforma el\u00e9ctrica presentada por el Ejecutivo Federal y de ser necesario estar\u00e1 atrincherado en la C\u00e1mara de Diputados.","og_url":"https:\/\/21panorama.com\/index.php\/2022\/04\/12\/pri-se-mantiene-firme-contra-reforma-electrica-de-amlo\/","og_site_name":"21 Panorama","article_published_time":"2022-04-12T21:28:41+00:00","article_modified_time":"2022-04-12T21:28:42+00:00","og_image":[{"width":960,"height":817,"url":"https:\/\/21panorama.com\/wp-content\/uploads\/2022\/04\/53046555-985b-4767-946d-ea480b9c2eef.jpeg","type":"image\/jpeg"}],"author":"admin","twitter_card":"summary_large_image","twitter_misc":{"Escrito por":"admin","Tiempo de lectura":"2 minutos"},"schema":{"@context":"https:\/\/schema.org","@graph":[{"@type":"Article","@id":"https:\/\/21panorama.com\/index.php\/2022\/04\/12\/pri-se-mantiene-firme-contra-reforma-electrica-de-amlo\/#article","isPartOf":{"@id":"https:\/\/21panorama.com\/index.php\/2022\/04\/12\/pri-se-mantiene-firme-contra-reforma-electrica-de-amlo\/"},"author":{"name":"admin","@id":"https:\/\/21panorama.com\/#\/schema\/person\/1afc291b96d5792a158768324287319f"},"headline":"PRI SE MANTIENE FIRME CONTRA REFORMA EL\u00c9CTRICA DE AMLO","datePublished":"2022-04-12T21:28:41+00:00","dateModified":"2022-04-12T21:28:42+00:00","mainEntityOfPage":{"@id":"https:\/\/21panorama.com\/index.php\/2022\/04\/12\/pri-se-mantiene-firme-contra-reforma-electrica-de-amlo\/"},"wordCount":197,"commentCount":0,"publisher":{"@id":"https:\/\/21panorama.com\/#organization"},"image":{"@id":"https:\/\/21panorama.com\/index.php\/2022\/04\/12\/pri-se-mantiene-firme-contra-reforma-electrica-de-amlo\/#primaryimage"},"thumbnailUrl":"https:\/\/21panorama.com\/wp-content\/uploads\/2022\/04\/53046555-985b-4767-946d-ea480b9c2eef.jpeg","keywords":["PRI"],"articleSection":["Politica"],"inLanguage":"es","potentialAction":[{"@type":"CommentAction","name":"Comment","target":["https:\/\/21panorama.com\/index.php\/2022\/04\/12\/pri-se-mantiene-firme-contra-reforma-electrica-de-amlo\/#respond"]}]},{"@type":"WebPage","@id":"https:\/\/21panorama.com\/index.php\/2022\/04\/12\/pri-se-mantiene-firme-contra-reforma-electrica-de-amlo\/","url":"https:\/\/21panorama.com\/index.php\/2022\/04\/12\/pri-se-mantiene-firme-contra-reforma-electrica-de-amlo\/","name":"PRI SE MANTIENE FIRME CONTRA REFORMA EL\u00c9CTRICA DE AMLO - 21 Panorama","isPartOf":{"@id":"https:\/\/21panorama.com\/#website"},"primaryImageOfPage":{"@id":"https:\/\/21panorama.com\/index.php\/2022\/04\/12\/pri-se-mantiene-firme-contra-reforma-electrica-de-amlo\/#primaryimage"},"image":{"@id":"https:\/\/21panorama.com\/index.php\/2022\/04\/12\/pri-se-mantiene-firme-contra-reforma-electrica-de-amlo\/#primaryimage"},"thumbnailUrl":"https:\/\/21panorama.com\/wp-content\/uploads\/2022\/04\/53046555-985b-4767-946d-ea480b9c2eef.jpeg","datePublished":"2022-04-12T21:28:41+00:00","dateModified":"2022-04-12T21:28:42+00:00","breadcrumb":{"@id":"https:\/\/21panorama.com\/index.php\/2022\/04\/12\/pri-se-mantiene-firme-contra-reforma-electrica-de-amlo\/#breadcrumb"},"inLanguage":"es","potentialAction":[{"@type":"ReadAction","target":["https:\/\/21panorama.com\/index.php\/2022\/04\/12\/pri-se-mantiene-firme-contra-reforma-electrica-de-amlo\/"]}]},{"@type":"ImageObject","inLanguage":"es","@id":"https:\/\/21panorama.com\/index.php\/2022\/04\/12\/pri-se-mantiene-firme-contra-reforma-electrica-de-amlo\/#primaryimage","url":"https:\/\/21panorama.com\/wp-content\/uploads\/2022\/04\/53046555-985b-4767-946d-ea480b9c2eef.jpeg","contentUrl":"https:\/\/21panorama.com\/wp-content\/uploads\/2022\/04\/53046555-985b-4767-946d-ea480b9c2eef.jpeg","width":960,"height":817},{"@type":"BreadcrumbList","@id":"https:\/\/21panorama.com\/index.php\/2022\/04\/12\/pri-se-mantiene-firme-contra-reforma-electrica-de-amlo\/#breadcrumb","itemListElement":[{"@type":"ListItem","position":1,"name":"Inicio","item":"https:\/\/21panorama.com\/"},{"@type":"ListItem","position":2,"name":"PRI SE MANTIENE FIRME CONTRA REFORMA EL\u00c9CTRICA DE AMLO"}]},{"@type":"WebSite","@id":"https:\/\/21panorama.com\/#website","url":"https:\/\/21panorama.com\/","name":"21 Panorama","description":"La construcci\u00f3n de la opini\u00f3n p\u00fablica merece un mejor Panorama en este siglo 21 para alcanzar una sociedad con mayor transparencia y sin corrupci\u00f3n.","publisher":{"@id":"https:\/\/21panorama.com\/#organization"},"potentialAction":[{"@type":"SearchAction","target":{"@type":"EntryPoint","urlTemplate":"https:\/\/21panorama.com\/?s={search_term_string}"},"query-input":{"@type":"PropertyValueSpecification","valueRequired":true,"valueName":"search_term_string"}}],"inLanguage":"es"},{"@type":"Organization","@id":"https:\/\/21panorama.com\/#organization","name":"21 Panorama","url":"https:\/\/21panorama.com\/","logo":{"@type":"ImageObject","inLanguage":"es","@id":"https:\/\/21panorama.com\/#\/schema\/logo\/image\/","url":"https:\/\/21panorama.com\/wp-content\/uploads\/2019\/07\/cropped-Logo-Panorama-01.jpeg","contentUrl":"https:\/\/21panorama.com\/wp-content\/uploads\/2019\/07\/cropped-Logo-Panorama-01.jpeg","width":290,"height":70,"caption":"21 Panorama"},"image":{"@id":"https:\/\/21panorama.com\/#\/schema\/logo\/image\/"}},{"@type":"Person","@id":"https:\/\/21panorama.com\/#\/schema\/person\/1afc291b96d5792a158768324287319f","name":"admin","image":{"@type":"ImageObject","inLanguage":"es","@id":"https:\/\/21panorama.com\/#\/schema\/person\/image\/","url":"https:\/\/secure.gravatar.com\/avatar\/ad365d9d9f46719215b0d042cc3df92a5a8683e09ef13d102233e5491985f0f0?s=96&d=mm&r=g","contentUrl":"https:\/\/secure.gravatar.com\/avatar\/ad365d9d9f46719215b0d042cc3df92a5a8683e09ef13d102233e5491985f0f0?s=96&d=mm&r=g","caption":"admin"},"url":"https:\/\/21panorama.com\/index.php\/author\/admin\/"}]}},"_links":{"self":[{"href":"https:\/\/21panorama.com\/index.php\/wp-json\/wp\/v2\/posts\/3504","targetHints":{"allow":["GET"]}}],"collection":[{"href":"https:\/\/21panorama.com\/index.php\/wp-json\/wp\/v2\/posts"}],"about":[{"href":"https:\/\/21panorama.com\/index.php\/wp-json\/wp\/v2\/types\/post"}],"author":[{"embeddable":true,"href":"https:\/\/21panorama.com\/index.php\/wp-json\/wp\/v2\/users\/1"}],"replies":[{"embeddable":true,"href":"https:\/\/21panorama.com\/index.php\/wp-json\/wp\/v2\/comments?post=3504"}],"version-history":[{"count":1,"href":"https:\/\/21panorama.com\/index.php\/wp-json\/wp\/v2\/posts\/3504\/revisions"}],"predecessor-version":[{"id":3508,"href":"https:\/\/21panorama.com\/index.php\/wp-json\/wp\/v2\/posts\/3504\/revisions\/3508"}],"wp:featuredmedia":[{"embeddable":true,"href":"https:\/\/21panorama.com\/index.php\/wp-json\/wp\/v2\/media\/3505"}],"wp:attachment":[{"href":"https:\/\/21panorama.com\/index.php\/wp-json\/wp\/v2\/media?parent=3504"}],"wp:term":[{"taxonomy":"category","embeddable":true,"href":"https:\/\/21panorama.com\/index.php\/wp-json\/wp\/v2\/categories?post=3504"},{"taxonomy":"post_tag","embeddable":true,"href":"https:\/\/21panorama.com\/index.php\/wp-json\/wp\/v2\/tags?post=3504"}],"curies":[{"name":"wp","href":"https:\/\/api.w.org\/{rel}","templated":true}]}}