{"id":3489,"date":"2022-04-11T12:19:32","date_gmt":"2022-04-11T17:19:32","guid":{"rendered":"https:\/\/21panorama.com\/?p=3489"},"modified":"2022-04-11T12:19:33","modified_gmt":"2022-04-11T17:19:33","slug":"acuerdan-en-consejo-politico-bloque-de-rechazo-a-dictamen-de-reforma-electrica-de-amlo","status":"publish","type":"post","link":"https:\/\/21panorama.com\/index.php\/2022\/04\/11\/acuerdan-en-consejo-politico-bloque-de-rechazo-a-dictamen-de-reforma-electrica-de-amlo\/","title":{"rendered":"ACUERDAN EN CONSEJO POL\u00cdTICO BLOQUE DE RECHAZO A DICTAMEN DE REFORMA EL\u00c9CTRICA DE AMLO"},"content":{"rendered":"\n<p>Por unanimidad, el Consejo Pol\u00edtico Nacional del Partido Revolucionario Institucional (PRI) acord\u00f3 que se vote en contra del dictamen de iniciativa de Reforma El\u00e9ctrica que se presentar\u00e1 en el pleno de la C\u00e1mara de Diputados.<\/p>\n\n\n\n<p>V\u00eda zoom los consejeros pol\u00edticos tomaron esa resoluci\u00f3n para que los 71 diputados federales del Grupo Parlamentario en la LXV Legislatura, coordinados por Rub\u00e9n Moreira Valdez, vayan en contra de la iniciativa del Ejecutivo Federal.<\/p>\n\n\n\n<p>Los diputados federales est\u00e1n apercibidos de no faltar a la sesi\u00f3n de la pr\u00f3xima semana.<\/p>\n\n\n\n<p>Dejaron en claro que el PRI impulsar\u00e1 su propuesta para garantizar energ\u00edas limpias con la confiabilidad del sistema el\u00e9ctrico y un sistema tarifario de precios que&nbsp;solo aumentar\u00e1n&nbsp;en raz\u00f3n de la inflaci\u00f3n.<\/p>\n\n\n\n<p>El PRI se mantiene en la idea de construir una propuesta seria y firme que verdaderamente garantice que baje la energ\u00eda el\u00e9ctrica, que haya compromiso con el impulso a las energ\u00edas limpias, respeto a los compromisos internacionales que tiene M\u00e9xico, que fortalezca a la CFE, y que se apoye al sector productivo.<\/p>\n\n\n\n<p>Este lunes comenzar\u00e1 la discusi\u00f3n de la Reforma El\u00e9ctrica en las comisiones unidas de Puntos Constitucionales y de Energ\u00eda, pues se plantea que el martes se discuta en el Pleno de la C\u00e1mara de Diputados.<\/p>\n\n\n\n<figure class=\"wp-block-gallery columns-2 is-cropped wp-block-gallery-1 is-layout-flex wp-block-gallery-is-layout-flex\"><ul class=\"blocks-gallery-grid\"><li class=\"blocks-gallery-item\"><figure><img decoding=\"async\" width=\"850\" height=\"575\" src=\"https:\/\/21panorama.com\/wp-content\/uploads\/2022\/04\/04558ca8-c038-4617-859b-5528206cce38.jpeg\" alt=\"\" data-id=\"3491\" data-link=\"https:\/\/21panorama.com\/?attachment_id=3491\" class=\"wp-image-3491\" srcset=\"https:\/\/21panorama.com\/wp-content\/uploads\/2022\/04\/04558ca8-c038-4617-859b-5528206cce38.jpeg 850w, https:\/\/21panorama.com\/wp-content\/uploads\/2022\/04\/04558ca8-c038-4617-859b-5528206cce38-300x203.jpeg 300w, https:\/\/21panorama.com\/wp-content\/uploads\/2022\/04\/04558ca8-c038-4617-859b-5528206cce38-768x520.jpeg 768w\" sizes=\"(max-width: 850px) 100vw, 850px\" \/><\/figure><\/li><li class=\"blocks-gallery-item\"><figure><img decoding=\"async\" width=\"959\" height=\"640\" src=\"https:\/\/21panorama.com\/wp-content\/uploads\/2022\/04\/1e458648-da82-40c4-9426-5c2c0767ba9a.jpeg\" alt=\"\" data-id=\"3492\" data-full-url=\"https:\/\/21panorama.com\/wp-content\/uploads\/2022\/04\/1e458648-da82-40c4-9426-5c2c0767ba9a.jpeg\" data-link=\"https:\/\/21panorama.com\/?attachment_id=3492\" class=\"wp-image-3492\" srcset=\"https:\/\/21panorama.com\/wp-content\/uploads\/2022\/04\/1e458648-da82-40c4-9426-5c2c0767ba9a.jpeg 959w, https:\/\/21panorama.com\/wp-content\/uploads\/2022\/04\/1e458648-da82-40c4-9426-5c2c0767ba9a-300x200.jpeg 300w, https:\/\/21panorama.com\/wp-content\/uploads\/2022\/04\/1e458648-da82-40c4-9426-5c2c0767ba9a-768x513.jpeg 768w\" sizes=\"(max-width: 959px) 100vw, 959px\" \/><\/figure><\/li><\/ul><\/figure>\n","protected":false},"excerpt":{"rendered":"<p>Por unanimidad, el Consejo Pol\u00edtico Nacional del Partido Revolucionario Institucional (PRI) acord\u00f3 que se vote en contra del dictamen de iniciativa de Reforma El\u00e9ctrica que se presentar\u00e1 en el pleno de la C\u00e1mara de Diputados.  <\/p>\n","protected":false},"author":1,"featured_media":3490,"comment_status":"open","ping_status":"open","sticky":false,"template":"","format":"standard","meta":{"footnotes":""},"categories":[12],"tags":[187],"class_list":["post-3489","post","type-post","status-publish","format-standard","has-post-thumbnail","hentry","category-politica","tag-amlo"],"yoast_head":"<!-- This site is optimized with the Yoast SEO plugin v24.9 - https:\/\/yoast.com\/wordpress\/plugins\/seo\/ -->\n<title>ACUERDAN EN CONSEJO POL\u00cdTICO BLOQUE DE RECHAZO A DICTAMEN DE REFORMA EL\u00c9CTRICA DE AMLO - 21 Panorama<\/title>\n<meta name=\"robots\" content=\"index, follow, max-snippet:-1, max-image-preview:large, max-video-preview:-1\" \/>\n<link rel=\"canonical\" href=\"https:\/\/21panorama.com\/index.php\/2022\/04\/11\/acuerdan-en-consejo-politico-bloque-de-rechazo-a-dictamen-de-reforma-electrica-de-amlo\/\" \/>\n<meta property=\"og:locale\" content=\"es_MX\" \/>\n<meta property=\"og:type\" content=\"article\" \/>\n<meta property=\"og:title\" content=\"ACUERDAN EN CONSEJO POL\u00cdTICO BLOQUE DE RECHAZO A DICTAMEN DE REFORMA EL\u00c9CTRICA DE AMLO - 21 Panorama\" \/>\n<meta property=\"og:description\" content=\"Por unanimidad, el Consejo Pol\u00edtico Nacional del Partido Revolucionario Institucional (PRI) acord\u00f3 que se vote en contra del dictamen de iniciativa de Reforma El\u00e9ctrica que se presentar\u00e1 en el pleno de la C\u00e1mara de Diputados.\" \/>\n<meta property=\"og:url\" content=\"https:\/\/21panorama.com\/index.php\/2022\/04\/11\/acuerdan-en-consejo-politico-bloque-de-rechazo-a-dictamen-de-reforma-electrica-de-amlo\/\" \/>\n<meta property=\"og:site_name\" content=\"21 Panorama\" \/>\n<meta property=\"article:published_time\" content=\"2022-04-11T17:19:32+00:00\" \/>\n<meta property=\"article:modified_time\" content=\"2022-04-11T17:19:33+00:00\" \/>\n<meta property=\"og:image\" content=\"https:\/\/21panorama.com\/wp-content\/uploads\/2022\/04\/ef7b9629-81b2-40fa-a402-a1ca7cf90121.jpeg\" \/>\n\t<meta property=\"og:image:width\" content=\"1280\" \/>\n\t<meta property=\"og:image:height\" content=\"853\" \/>\n\t<meta property=\"og:image:type\" content=\"image\/jpeg\" \/>\n<meta name=\"author\" content=\"admin\" \/>\n<meta name=\"twitter:card\" content=\"summary_large_image\" \/>\n<meta name=\"twitter:label1\" content=\"Escrito por\" \/>\n\t<meta name=\"twitter:data1\" content=\"admin\" \/>\n\t<meta name=\"twitter:label2\" content=\"Tiempo de lectura\" \/>\n\t<meta name=\"twitter:data2\" content=\"2 minutos\" \/>\n<script type=\"application\/ld+json\" class=\"yoast-schema-graph\">{\"@context\":\"https:\/\/schema.org\",\"@graph\":[{\"@type\":\"Article\",\"@id\":\"https:\/\/21panorama.com\/index.php\/2022\/04\/11\/acuerdan-en-consejo-politico-bloque-de-rechazo-a-dictamen-de-reforma-electrica-de-amlo\/#article\",\"isPartOf\":{\"@id\":\"https:\/\/21panorama.com\/index.php\/2022\/04\/11\/acuerdan-en-consejo-politico-bloque-de-rechazo-a-dictamen-de-reforma-electrica-de-amlo\/\"},\"author\":{\"name\":\"admin\",\"@id\":\"https:\/\/21panorama.com\/#\/schema\/person\/1afc291b96d5792a158768324287319f\"},\"headline\":\"ACUERDAN EN CONSEJO POL\u00cdTICO BLOQUE DE RECHAZO A DICTAMEN DE REFORMA EL\u00c9CTRICA DE AMLO\",\"datePublished\":\"2022-04-11T17:19:32+00:00\",\"dateModified\":\"2022-04-11T17:19:33+00:00\",\"mainEntityOfPage\":{\"@id\":\"https:\/\/21panorama.com\/index.php\/2022\/04\/11\/acuerdan-en-consejo-politico-bloque-de-rechazo-a-dictamen-de-reforma-electrica-de-amlo\/\"},\"wordCount\":245,\"commentCount\":0,\"publisher\":{\"@id\":\"https:\/\/21panorama.com\/#organization\"},\"image\":{\"@id\":\"https:\/\/21panorama.com\/index.php\/2022\/04\/11\/acuerdan-en-consejo-politico-bloque-de-rechazo-a-dictamen-de-reforma-electrica-de-amlo\/#primaryimage\"},\"thumbnailUrl\":\"https:\/\/21panorama.com\/wp-content\/uploads\/2022\/04\/ef7b9629-81b2-40fa-a402-a1ca7cf90121.jpeg\",\"keywords\":[\"AMLO\"],\"articleSection\":[\"Politica\"],\"inLanguage\":\"es\",\"potentialAction\":[{\"@type\":\"CommentAction\",\"name\":\"Comment\",\"target\":[\"https:\/\/21panorama.com\/index.php\/2022\/04\/11\/acuerdan-en-consejo-politico-bloque-de-rechazo-a-dictamen-de-reforma-electrica-de-amlo\/#respond\"]}]},{\"@type\":\"WebPage\",\"@id\":\"https:\/\/21panorama.com\/index.php\/2022\/04\/11\/acuerdan-en-consejo-politico-bloque-de-rechazo-a-dictamen-de-reforma-electrica-de-amlo\/\",\"url\":\"https:\/\/21panorama.com\/index.php\/2022\/04\/11\/acuerdan-en-consejo-politico-bloque-de-rechazo-a-dictamen-de-reforma-electrica-de-amlo\/\",\"name\":\"ACUERDAN EN CONSEJO POL\u00cdTICO BLOQUE DE RECHAZO A DICTAMEN DE REFORMA EL\u00c9CTRICA DE AMLO - 21 Panorama\",\"isPartOf\":{\"@id\":\"https:\/\/21panorama.com\/#website\"},\"primaryImageOfPage\":{\"@id\":\"https:\/\/21panorama.com\/index.php\/2022\/04\/11\/acuerdan-en-consejo-politico-bloque-de-rechazo-a-dictamen-de-reforma-electrica-de-amlo\/#primaryimage\"},\"image\":{\"@id\":\"https:\/\/21panorama.com\/index.php\/2022\/04\/11\/acuerdan-en-consejo-politico-bloque-de-rechazo-a-dictamen-de-reforma-electrica-de-amlo\/#primaryimage\"},\"thumbnailUrl\":\"https:\/\/21panorama.com\/wp-content\/uploads\/2022\/04\/ef7b9629-81b2-40fa-a402-a1ca7cf90121.jpeg\",\"datePublished\":\"2022-04-11T17:19:32+00:00\",\"dateModified\":\"2022-04-11T17:19:33+00:00\",\"breadcrumb\":{\"@id\":\"https:\/\/21panorama.com\/index.php\/2022\/04\/11\/acuerdan-en-consejo-politico-bloque-de-rechazo-a-dictamen-de-reforma-electrica-de-amlo\/#breadcrumb\"},\"inLanguage\":\"es\",\"potentialAction\":[{\"@type\":\"ReadAction\",\"target\":[\"https:\/\/21panorama.com\/index.php\/2022\/04\/11\/acuerdan-en-consejo-politico-bloque-de-rechazo-a-dictamen-de-reforma-electrica-de-amlo\/\"]}]},{\"@type\":\"ImageObject\",\"inLanguage\":\"es\",\"@id\":\"https:\/\/21panorama.com\/index.php\/2022\/04\/11\/acuerdan-en-consejo-politico-bloque-de-rechazo-a-dictamen-de-reforma-electrica-de-amlo\/#primaryimage\",\"url\":\"https:\/\/21panorama.com\/wp-content\/uploads\/2022\/04\/ef7b9629-81b2-40fa-a402-a1ca7cf90121.jpeg\",\"contentUrl\":\"https:\/\/21panorama.com\/wp-content\/uploads\/2022\/04\/ef7b9629-81b2-40fa-a402-a1ca7cf90121.jpeg\",\"width\":1280,\"height\":853},{\"@type\":\"BreadcrumbList\",\"@id\":\"https:\/\/21panorama.com\/index.php\/2022\/04\/11\/acuerdan-en-consejo-politico-bloque-de-rechazo-a-dictamen-de-reforma-electrica-de-amlo\/#breadcrumb\",\"itemListElement\":[{\"@type\":\"ListItem\",\"position\":1,\"name\":\"Inicio\",\"item\":\"https:\/\/21panorama.com\/\"},{\"@type\":\"ListItem\",\"position\":2,\"name\":\"ACUERDAN EN CONSEJO POL\u00cdTICO BLOQUE DE RECHAZO A DICTAMEN DE REFORMA EL\u00c9CTRICA DE AMLO\"}]},{\"@type\":\"WebSite\",\"@id\":\"https:\/\/21panorama.com\/#website\",\"url\":\"https:\/\/21panorama.com\/\",\"name\":\"21 Panorama\",\"description\":\"La construcci\u00f3n de la opini\u00f3n p\u00fablica merece un mejor Panorama en este siglo 21 para alcanzar una sociedad con mayor transparencia y sin corrupci\u00f3n.\",\"publisher\":{\"@id\":\"https:\/\/21panorama.com\/#organization\"},\"potentialAction\":[{\"@type\":\"SearchAction\",\"target\":{\"@type\":\"EntryPoint\",\"urlTemplate\":\"https:\/\/21panorama.com\/?s={search_term_string}\"},\"query-input\":{\"@type\":\"PropertyValueSpecification\",\"valueRequired\":true,\"valueName\":\"search_term_string\"}}],\"inLanguage\":\"es\"},{\"@type\":\"Organization\",\"@id\":\"https:\/\/21panorama.com\/#organization\",\"name\":\"21 Panorama\",\"url\":\"https:\/\/21panorama.com\/\",\"logo\":{\"@type\":\"ImageObject\",\"inLanguage\":\"es\",\"@id\":\"https:\/\/21panorama.com\/#\/schema\/logo\/image\/\",\"url\":\"https:\/\/21panorama.com\/wp-content\/uploads\/2019\/07\/cropped-Logo-Panorama-01.jpeg\",\"contentUrl\":\"https:\/\/21panorama.com\/wp-content\/uploads\/2019\/07\/cropped-Logo-Panorama-01.jpeg\",\"width\":290,\"height\":70,\"caption\":\"21 Panorama\"},\"image\":{\"@id\":\"https:\/\/21panorama.com\/#\/schema\/logo\/image\/\"}},{\"@type\":\"Person\",\"@id\":\"https:\/\/21panorama.com\/#\/schema\/person\/1afc291b96d5792a158768324287319f\",\"name\":\"admin\",\"image\":{\"@type\":\"ImageObject\",\"inLanguage\":\"es\",\"@id\":\"https:\/\/21panorama.com\/#\/schema\/person\/image\/\",\"url\":\"https:\/\/secure.gravatar.com\/avatar\/ad365d9d9f46719215b0d042cc3df92a5a8683e09ef13d102233e5491985f0f0?s=96&d=mm&r=g\",\"contentUrl\":\"https:\/\/secure.gravatar.com\/avatar\/ad365d9d9f46719215b0d042cc3df92a5a8683e09ef13d102233e5491985f0f0?s=96&d=mm&r=g\",\"caption\":\"admin\"},\"url\":\"https:\/\/21panorama.com\/index.php\/author\/admin\/\"}]}<\/script>\n<!-- \/ Yoast SEO plugin. -->","yoast_head_json":{"title":"ACUERDAN EN CONSEJO POL\u00cdTICO BLOQUE DE RECHAZO A DICTAMEN DE REFORMA EL\u00c9CTRICA DE AMLO - 21 Panorama","robots":{"index":"index","follow":"follow","max-snippet":"max-snippet:-1","max-image-preview":"max-image-preview:large","max-video-preview":"max-video-preview:-1"},"canonical":"https:\/\/21panorama.com\/index.php\/2022\/04\/11\/acuerdan-en-consejo-politico-bloque-de-rechazo-a-dictamen-de-reforma-electrica-de-amlo\/","og_locale":"es_MX","og_type":"article","og_title":"ACUERDAN EN CONSEJO POL\u00cdTICO BLOQUE DE RECHAZO A DICTAMEN DE REFORMA EL\u00c9CTRICA DE AMLO - 21 Panorama","og_description":"Por unanimidad, el Consejo Pol\u00edtico Nacional del Partido Revolucionario Institucional (PRI) acord\u00f3 que se vote en contra del dictamen de iniciativa de Reforma El\u00e9ctrica que se presentar\u00e1 en el pleno de la C\u00e1mara de Diputados.","og_url":"https:\/\/21panorama.com\/index.php\/2022\/04\/11\/acuerdan-en-consejo-politico-bloque-de-rechazo-a-dictamen-de-reforma-electrica-de-amlo\/","og_site_name":"21 Panorama","article_published_time":"2022-04-11T17:19:32+00:00","article_modified_time":"2022-04-11T17:19:33+00:00","og_image":[{"width":1280,"height":853,"url":"https:\/\/21panorama.com\/wp-content\/uploads\/2022\/04\/ef7b9629-81b2-40fa-a402-a1ca7cf90121.jpeg","type":"image\/jpeg"}],"author":"admin","twitter_card":"summary_large_image","twitter_misc":{"Escrito por":"admin","Tiempo de lectura":"2 minutos"},"schema":{"@context":"https:\/\/schema.org","@graph":[{"@type":"Article","@id":"https:\/\/21panorama.com\/index.php\/2022\/04\/11\/acuerdan-en-consejo-politico-bloque-de-rechazo-a-dictamen-de-reforma-electrica-de-amlo\/#article","isPartOf":{"@id":"https:\/\/21panorama.com\/index.php\/2022\/04\/11\/acuerdan-en-consejo-politico-bloque-de-rechazo-a-dictamen-de-reforma-electrica-de-amlo\/"},"author":{"name":"admin","@id":"https:\/\/21panorama.com\/#\/schema\/person\/1afc291b96d5792a158768324287319f"},"headline":"ACUERDAN EN CONSEJO POL\u00cdTICO BLOQUE DE RECHAZO A DICTAMEN DE REFORMA EL\u00c9CTRICA DE AMLO","datePublished":"2022-04-11T17:19:32+00:00","dateModified":"2022-04-11T17:19:33+00:00","mainEntityOfPage":{"@id":"https:\/\/21panorama.com\/index.php\/2022\/04\/11\/acuerdan-en-consejo-politico-bloque-de-rechazo-a-dictamen-de-reforma-electrica-de-amlo\/"},"wordCount":245,"commentCount":0,"publisher":{"@id":"https:\/\/21panorama.com\/#organization"},"image":{"@id":"https:\/\/21panorama.com\/index.php\/2022\/04\/11\/acuerdan-en-consejo-politico-bloque-de-rechazo-a-dictamen-de-reforma-electrica-de-amlo\/#primaryimage"},"thumbnailUrl":"https:\/\/21panorama.com\/wp-content\/uploads\/2022\/04\/ef7b9629-81b2-40fa-a402-a1ca7cf90121.jpeg","keywords":["AMLO"],"articleSection":["Politica"],"inLanguage":"es","potentialAction":[{"@type":"CommentAction","name":"Comment","target":["https:\/\/21panorama.com\/index.php\/2022\/04\/11\/acuerdan-en-consejo-politico-bloque-de-rechazo-a-dictamen-de-reforma-electrica-de-amlo\/#respond"]}]},{"@type":"WebPage","@id":"https:\/\/21panorama.com\/index.php\/2022\/04\/11\/acuerdan-en-consejo-politico-bloque-de-rechazo-a-dictamen-de-reforma-electrica-de-amlo\/","url":"https:\/\/21panorama.com\/index.php\/2022\/04\/11\/acuerdan-en-consejo-politico-bloque-de-rechazo-a-dictamen-de-reforma-electrica-de-amlo\/","name":"ACUERDAN EN CONSEJO POL\u00cdTICO BLOQUE DE RECHAZO A DICTAMEN DE REFORMA EL\u00c9CTRICA DE AMLO - 21 Panorama","isPartOf":{"@id":"https:\/\/21panorama.com\/#website"},"primaryImageOfPage":{"@id":"https:\/\/21panorama.com\/index.php\/2022\/04\/11\/acuerdan-en-consejo-politico-bloque-de-rechazo-a-dictamen-de-reforma-electrica-de-amlo\/#primaryimage"},"image":{"@id":"https:\/\/21panorama.com\/index.php\/2022\/04\/11\/acuerdan-en-consejo-politico-bloque-de-rechazo-a-dictamen-de-reforma-electrica-de-amlo\/#primaryimage"},"thumbnailUrl":"https:\/\/21panorama.com\/wp-content\/uploads\/2022\/04\/ef7b9629-81b2-40fa-a402-a1ca7cf90121.jpeg","datePublished":"2022-04-11T17:19:32+00:00","dateModified":"2022-04-11T17:19:33+00:00","breadcrumb":{"@id":"https:\/\/21panorama.com\/index.php\/2022\/04\/11\/acuerdan-en-consejo-politico-bloque-de-rechazo-a-dictamen-de-reforma-electrica-de-amlo\/#breadcrumb"},"inLanguage":"es","potentialAction":[{"@type":"ReadAction","target":["https:\/\/21panorama.com\/index.php\/2022\/04\/11\/acuerdan-en-consejo-politico-bloque-de-rechazo-a-dictamen-de-reforma-electrica-de-amlo\/"]}]},{"@type":"ImageObject","inLanguage":"es","@id":"https:\/\/21panorama.com\/index.php\/2022\/04\/11\/acuerdan-en-consejo-politico-bloque-de-rechazo-a-dictamen-de-reforma-electrica-de-amlo\/#primaryimage","url":"https:\/\/21panorama.com\/wp-content\/uploads\/2022\/04\/ef7b9629-81b2-40fa-a402-a1ca7cf90121.jpeg","contentUrl":"https:\/\/21panorama.com\/wp-content\/uploads\/2022\/04\/ef7b9629-81b2-40fa-a402-a1ca7cf90121.jpeg","width":1280,"height":853},{"@type":"BreadcrumbList","@id":"https:\/\/21panorama.com\/index.php\/2022\/04\/11\/acuerdan-en-consejo-politico-bloque-de-rechazo-a-dictamen-de-reforma-electrica-de-amlo\/#breadcrumb","itemListElement":[{"@type":"ListItem","position":1,"name":"Inicio","item":"https:\/\/21panorama.com\/"},{"@type":"ListItem","position":2,"name":"ACUERDAN EN CONSEJO POL\u00cdTICO BLOQUE DE RECHAZO A DICTAMEN DE REFORMA EL\u00c9CTRICA DE AMLO"}]},{"@type":"WebSite","@id":"https:\/\/21panorama.com\/#website","url":"https:\/\/21panorama.com\/","name":"21 Panorama","description":"La construcci\u00f3n de la opini\u00f3n p\u00fablica merece un mejor Panorama en este siglo 21 para alcanzar una sociedad con mayor transparencia y sin corrupci\u00f3n.","publisher":{"@id":"https:\/\/21panorama.com\/#organization"},"potentialAction":[{"@type":"SearchAction","target":{"@type":"EntryPoint","urlTemplate":"https:\/\/21panorama.com\/?s={search_term_string}"},"query-input":{"@type":"PropertyValueSpecification","valueRequired":true,"valueName":"search_term_string"}}],"inLanguage":"es"},{"@type":"Organization","@id":"https:\/\/21panorama.com\/#organization","name":"21 Panorama","url":"https:\/\/21panorama.com\/","logo":{"@type":"ImageObject","inLanguage":"es","@id":"https:\/\/21panorama.com\/#\/schema\/logo\/image\/","url":"https:\/\/21panorama.com\/wp-content\/uploads\/2019\/07\/cropped-Logo-Panorama-01.jpeg","contentUrl":"https:\/\/21panorama.com\/wp-content\/uploads\/2019\/07\/cropped-Logo-Panorama-01.jpeg","width":290,"height":70,"caption":"21 Panorama"},"image":{"@id":"https:\/\/21panorama.com\/#\/schema\/logo\/image\/"}},{"@type":"Person","@id":"https:\/\/21panorama.com\/#\/schema\/person\/1afc291b96d5792a158768324287319f","name":"admin","image":{"@type":"ImageObject","inLanguage":"es","@id":"https:\/\/21panorama.com\/#\/schema\/person\/image\/","url":"https:\/\/secure.gravatar.com\/avatar\/ad365d9d9f46719215b0d042cc3df92a5a8683e09ef13d102233e5491985f0f0?s=96&d=mm&r=g","contentUrl":"https:\/\/secure.gravatar.com\/avatar\/ad365d9d9f46719215b0d042cc3df92a5a8683e09ef13d102233e5491985f0f0?s=96&d=mm&r=g","caption":"admin"},"url":"https:\/\/21panorama.com\/index.php\/author\/admin\/"}]}},"_links":{"self":[{"href":"https:\/\/21panorama.com\/index.php\/wp-json\/wp\/v2\/posts\/3489","targetHints":{"allow":["GET"]}}],"collection":[{"href":"https:\/\/21panorama.com\/index.php\/wp-json\/wp\/v2\/posts"}],"about":[{"href":"https:\/\/21panorama.com\/index.php\/wp-json\/wp\/v2\/types\/post"}],"author":[{"embeddable":true,"href":"https:\/\/21panorama.com\/index.php\/wp-json\/wp\/v2\/users\/1"}],"replies":[{"embeddable":true,"href":"https:\/\/21panorama.com\/index.php\/wp-json\/wp\/v2\/comments?post=3489"}],"version-history":[{"count":1,"href":"https:\/\/21panorama.com\/index.php\/wp-json\/wp\/v2\/posts\/3489\/revisions"}],"predecessor-version":[{"id":3493,"href":"https:\/\/21panorama.com\/index.php\/wp-json\/wp\/v2\/posts\/3489\/revisions\/3493"}],"wp:featuredmedia":[{"embeddable":true,"href":"https:\/\/21panorama.com\/index.php\/wp-json\/wp\/v2\/media\/3490"}],"wp:attachment":[{"href":"https:\/\/21panorama.com\/index.php\/wp-json\/wp\/v2\/media?parent=3489"}],"wp:term":[{"taxonomy":"category","embeddable":true,"href":"https:\/\/21panorama.com\/index.php\/wp-json\/wp\/v2\/categories?post=3489"},{"taxonomy":"post_tag","embeddable":true,"href":"https:\/\/21panorama.com\/index.php\/wp-json\/wp\/v2\/tags?post=3489"}],"curies":[{"name":"wp","href":"https:\/\/api.w.org\/{rel}","templated":true}]}}